{"id":5624,"date":"2026-09-03T13:02:05","date_gmt":"2026-09-03T11:02:05","guid":{"rendered":"https:\/\/kvg-bus.de\/stade\/?p=5624"},"modified":"2026-09-03T15:25:01","modified_gmt":"2026-09-03T13:25:01","slug":"linien-1043-1070-und-1072-bauarbeiten-in-oberndorf-07-09-02-10-2026","status":"publish","type":"post","link":"https:\/\/kvg-bus.de\/stade\/ru\/linien-1043-1070-und-1072-bauarbeiten-in-oberndorf-07-09-02-10-2026\/","title":{"rendered":"Linien 1043, 1070 und 1072 | Bauarbeiten in Oberndorf: 07.09. \u2013 02.10.2026"},"content":{"rendered":"<p class=\"PDq2pG_selectionAnchorContainer\" data-start=\"80\" data-end=\"261\">\u0418\u0437 <strong data-start=\"84\" data-end=\"106\">7 \u0441\u0435\u043d\u0442\u044f\u0431\u0440\u044f 2026 \u0433\u043e\u0434\u0430<\/strong> \u0434\u043e <strong data-start=\"111\" data-end=\"131\">2 \u043e\u043a\u0442\u044f\u0431\u0440\u044f 2026 \u0433\u043e\u0434\u0430<\/strong> \u0434\u043e\u0440\u043e\u0433\u0438 <strong data-start=\"149\" data-end=\"189\">Zollbaum, Bentwisch und Niederstrich<\/strong> \u0432 <strong data-start=\"193\" data-end=\"206\">Oberndorf<\/strong> \u0438\u0437-\u0437\u0430 <strong data-start=\"213\" data-end=\"235\">\u0420\u0435\u043c\u043e\u043d\u0442\u043d\u044b\u0435 \u0440\u0430\u0431\u043e\u0442\u044b<\/strong> abschnittsweise gesperrt.<\/p>\n<p data-start=\"80\" data-end=\"261\">\u041d\u0430 \u0441\u0430\u0439\u0442\u0435 \u27a1\ufe0fZu \u0440\u0430\u0437\u043c\u0435\u0449\u0435\u043d\u044b \u0440\u0430\u0441\u043f\u0438\u0441\u0430\u043d\u0438\u044f \u0441\u0442\u0440\u043e\u0438\u0442\u0435\u043b\u044c\u043d\u044b\u0445 \u0440\u0430\u0431\u043e\u0442 - \u0438\u0445 \u043c\u043e\u0436\u043d\u043e \u043d\u0430\u0439\u0442\u0438 <a href=\"https:\/\/kvg-bus.de\/stade\/%d0%ba%d1%83%d0%ba%d1%81%d1%85%d0%b0%d1%84%d0%b5%d0%bd\/%d0%bf%d0%bb%d0%b0%d0%bd%d1%8b-%d0%b2%d0%be%d0%b6%d0%b4%d0%b5%d0%bd%d0%b8%d1%8f\/\">\u0437\u0434\u0435\u0441\u044c<\/a>.<\/p>\n<h3 data-section-id=\"1uo7sdn\" data-start=\"263\" data-end=\"299\">Linie 1070 | 07.09. \u2013 13.09.2026<\/h3>\n<p data-start=\"301\" data-end=\"403\">\u041b\u0438\u043d\u0438\u044f \u043e\u0442\u043a\u043b\u043e\u043d\u044f\u0435\u0442\u0441\u044f \u043e\u0442 \u043a\u0443\u0440\u0441\u0430 \u0447\u0435\u0440\u0435\u0437 <strong data-start=\"337\" data-end=\"383\">Bentwisch, Niederstrich, Gro\u00dfes Wegf\u00e4hreis<\/strong> \u0438 <strong data-start=\"388\" data-end=\"402\">Landstra\u00dfe<\/strong>.<\/p>\n<p data-start=\"405\" data-end=\"637\">\u274c \u041e\u0441\u0442\u0430\u043d\u043e\u0432\u043a\u0438 \u201e<strong data-start=\"425\" data-end=\"448\">Oberndorf, Zehntweg<\/strong>\u201c, \u201e<strong data-start=\"452\" data-end=\"479\">Oberndorf, Hasenfleet 6<\/strong>\u201c, \u201e<strong data-start=\"483\" data-end=\"507\">Oberndorf, Moordeich<\/strong>\u201c, \u201e<strong data-start=\"511\" data-end=\"534\">Oberndorf, Zollbaum<\/strong>\u201c, \u201e<strong data-start=\"538\" data-end=\"568\">Oberndorf, Schwarzenmoor 6<\/strong>\u201c \u0438 \u201e<strong data-start=\"575\" data-end=\"607\">Oberndorf, Schwarzenmoor 10a<\/strong>\u201c \u043d\u0435 \u043c\u043e\u0436\u0435\u0442 \u0431\u044b\u0442\u044c \u0438\u0441\u043f\u043e\u043b\u044c\u0437\u043e\u0432\u0430\u043d.<\/p>\n<h3 data-section-id=\"ke38qp\" data-start=\"639\" data-end=\"675\">Linie 1070 | 14.09. \u2013 02.10.2026<\/h3>\n<p data-start=\"677\" data-end=\"731\">\u041b\u0438\u043d\u0438\u044f \u043e\u0442\u043a\u043b\u043e\u043d\u044f\u0435\u0442\u0441\u044f \u043e\u0442 \u043a\u0443\u0440\u0441\u0430 \u0447\u0435\u0440\u0435\u0437 <strong data-start=\"713\" data-end=\"730\">Schwarzenmoor<\/strong>.<\/p>\n<p data-start=\"733\" data-end=\"837\">\u274c \u041e\u0441\u0442\u0430\u043d\u043e\u0432\u043a\u0438 \u201e<strong data-start=\"753\" data-end=\"776\">Oberndorf, Zollbaum<\/strong>\u201c \u0438 \u201e<strong data-start=\"783\" data-end=\"807\">Oberndorf, Moordeich<\/strong>\u201c \u043d\u0435 \u043c\u043e\u0436\u0435\u0442 \u0431\u044b\u0442\u044c \u0438\u0441\u043f\u043e\u043b\u044c\u0437\u043e\u0432\u0430\u043d.<\/p>\n<h3 data-section-id=\"60hoax\" data-start=\"839\" data-end=\"875\">Linie 1043 | 14.09. \u2013 20.09.2026<\/h3>\n<p data-start=\"877\" data-end=\"932\">Die Linie f\u00e4hrt nicht \u00fcber die Stra\u00dfe <strong data-start=\"915\" data-end=\"931\">Niederstrich<\/strong>.<\/p>\n<p data-start=\"934\" data-end=\"1072\">\u274c \u041e\u0441\u0442\u0430\u043d\u043e\u0432\u043a\u0438 \u201e<strong data-start=\"954\" data-end=\"980\">Osten, Niederstrich 30<\/strong>\u201c, \u201e<strong data-start=\"984\" data-end=\"1009\">Osten, Niederstrich 4<\/strong>\u201c \u0438 \u201e<strong data-start=\"1016\" data-end=\"1042\">Osten, Niederstrich 13<\/strong>\u201c \u043d\u0435 \u043c\u043e\u0436\u0435\u0442 \u0431\u044b\u0442\u044c \u0438\u0441\u043f\u043e\u043b\u044c\u0437\u043e\u0432\u0430\u043d.<\/p>\n<h3 data-section-id=\"mn1rph\" data-start=\"1074\" data-end=\"1088\">Linie 1072<\/h3>\n<p data-start=\"1090\" data-end=\"1166\" data-is-last-node=\"\" data-is-only-node=\"\">\u2139\ufe0f The <strong data-start=\"1097\" data-end=\"1111\">Linie 1072<\/strong> f\u00e4hrt umlaufbedingt nach einem <strong data-start=\"1143\" data-end=\"1165\">\u0413\u0440\u0430\u0444\u0438\u043a \u0440\u0430\u0431\u043e\u0442\u044b \u043d\u0430 \u0441\u0442\u0440\u043e\u0438\u0442\u0435\u043b\u044c\u043d\u043e\u0439 \u043f\u043b\u043e\u0449\u0430\u0434\u043a\u0435<\/strong>.<\/p>","protected":false},"excerpt":{"rendered":"<p>Vom 07. September 2026 bis 02. Oktober 2026 sind die Stra\u00dfen Zollbaum, Bentwisch und Niederstrich in Oberndorf wegen Sanierungsarbeiten abschnittsweise gesperrt. \u27a1\ufe0fZu der Baustelle gibt es Baustellenfahrpl\u00e4ne &#8211; diese findest du hier. Linie 1070 | 07.09. \u2013 13.09.2026 Die Linie f\u00e4hrt eine Umleitung \u00fcber Bentwisch, Niederstrich, Gro\u00dfes Wegf\u00e4hreis und Landstra\u00dfe. \u274c Die Haltestellen \u201eOberndorf, Zehntweg\u201c, \u201eOberndorf, Hasenfleet 6\u201c, \u201eOberndorf, Moordeich\u201c, \u201eOberndorf, Zollbaum\u201c, \u201eOberndorf, Schwarzenmoor 6\u201c und \u201eOberndorf, Schwarzenmoor 10a\u201c k\u00f6nnen nicht bedient werden. Linie 1070 | 14.09. \u2013 02.10.2026 Die Linie f\u00e4hrt eine Umleitung \u00fcber Schwarzenmoor. \u274c Die Haltestellen \u201eOberndorf, Zollbaum\u201c und \u201eOberndorf, Moordeich\u201c k\u00f6nnen nicht bedient werden. Linie 1043 | 14.09. \u2013 20.09.2026 Die Linie f\u00e4hrt nicht \u00fcber die Stra\u00dfe Niederstrich. \u274c Die Haltestellen \u201eOsten, Niederstrich 30\u201c, \u201eOsten, Niederstrich 4\u201c und \u201eOsten, Niederstrich 13\u201c k\u00f6nnen nicht bedient werden. Linie 1072 \u2139\ufe0f Die Linie 1072 f\u00e4hrt umlaufbedingt nach einem Baustellenfahrplan.<\/p>","protected":false},"author":10,"featured_media":2753,"comment_status":"open","ping_status":"open","sticky":false,"template":"","format":"standard","meta":{"footnotes":""},"categories":[81,33],"tags":[],"class_list":["post-5624","post","type-post","status-publish","format-standard","has-post-thumbnail","hentry","category-cuxhaven","category-fahrplanabweichungen"],"yoast_head":"<!-- This site is optimized with the Yoast SEO plugin v28.3 - https:\/\/yoast.com\/product\/yoast-seo-wordpress\/ -->\n<title>Linien 1043, 1070 und 1072 | Bauarbeiten in Oberndorf: 07.09. \u2013 02.10.2026 - KVG Stade<\/title>\n<meta name=\"robots\" content=\"index, follow, max-snippet:-1, max-image-preview:large, max-video-preview:-1\" \/>\n<link rel=\"canonical\" href=\"https:\/\/kvg-bus.de\/stade\/linien-1043-1070-und-1072-bauarbeiten-in-oberndorf-07-09-02-10-2026\/\" \/>\n<meta property=\"og:locale\" content=\"ru_RU\" \/>\n<meta property=\"og:type\" content=\"article\" \/>\n<meta property=\"og:title\" content=\"Linien 1043, 1070 und 1072 | Bauarbeiten in Oberndorf: 07.09. \u2013 02.10.2026 - KVG Stade\" \/>\n<meta property=\"og:description\" content=\"Vom 07. September 2026 bis 02. Oktober 2026 sind die Stra\u00dfen Zollbaum, Bentwisch und Niederstrich in Oberndorf wegen Sanierungsarbeiten abschnittsweise gesperrt. \u27a1\ufe0fZu der Baustelle gibt es Baustellenfahrpl\u00e4ne &#8211; diese findest du hier. Linie 1070 | 07.09. \u2013 13.09.2026 Die Linie f\u00e4hrt eine Umleitung \u00fcber Bentwisch, Niederstrich, Gro\u00dfes Wegf\u00e4hreis und Landstra\u00dfe. \u274c Die Haltestellen \u201eOberndorf, Zehntweg\u201c, \u201eOberndorf, Hasenfleet 6\u201c, \u201eOberndorf, Moordeich\u201c, \u201eOberndorf, Zollbaum\u201c, \u201eOberndorf, Schwarzenmoor 6\u201c und \u201eOberndorf, Schwarzenmoor 10a\u201c k\u00f6nnen nicht bedient werden. Linie 1070 | 14.09. \u2013 02.10.2026 Die Linie f\u00e4hrt eine Umleitung \u00fcber Schwarzenmoor. \u274c Die Haltestellen \u201eOberndorf, Zollbaum\u201c und \u201eOberndorf, Moordeich\u201c k\u00f6nnen nicht bedient werden. Linie 1043 | 14.09. \u2013 20.09.2026 Die Linie f\u00e4hrt nicht \u00fcber die Stra\u00dfe Niederstrich. \u274c Die Haltestellen \u201eOsten, Niederstrich 30\u201c, \u201eOsten, Niederstrich 4\u201c und \u201eOsten, Niederstrich 13\u201c k\u00f6nnen nicht bedient werden. Linie 1072 \u2139\ufe0f Die Linie 1072 f\u00e4hrt umlaufbedingt nach einem Baustellenfahrplan.\" \/>\n<meta property=\"og:url\" content=\"https:\/\/kvg-bus.de\/stade\/linien-1043-1070-und-1072-bauarbeiten-in-oberndorf-07-09-02-10-2026\/\" \/>\n<meta property=\"og:site_name\" content=\"KVG Stade\" \/>\n<meta property=\"article:published_time\" content=\"2026-09-03T11:02:05+00:00\" \/>\n<meta property=\"article:modified_time\" content=\"2026-09-03T13:25:01+00:00\" \/>\n<meta property=\"og:image\" content=\"https:\/\/kvg-bus.de\/stade\/wp-content\/uploads\/sites\/14\/header-subsite_stoerungen.png\" \/>\n\t<meta property=\"og:image:width\" content=\"1920\" \/>\n\t<meta property=\"og:image:height\" content=\"640\" \/>\n\t<meta property=\"og:image:type\" content=\"image\/png\" \/>\n<meta name=\"author\" content=\"mzimmermann\" \/>\n<meta name=\"twitter:card\" content=\"summary_large_image\" \/>\n<meta name=\"twitter:label1\" content=\"\u041d\u0430\u043f\u0438\u0441\u0430\u043d\u043e \u0430\u0432\u0442\u043e\u0440\u043e\u043c\" \/>\n\t<meta name=\"twitter:data1\" content=\"mzimmermann\" \/>\n\t<meta name=\"twitter:label2\" content=\"\u041f\u0440\u0438\u043c\u0435\u0440\u043d\u043e\u0435 \u0432\u0440\u0435\u043c\u044f \u0434\u043b\u044f \u0447\u0442\u0435\u043d\u0438\u044f\" \/>\n\t<meta name=\"twitter:data2\" content=\"1 \u043c\u0438\u043d\u0443\u0442\u0430\" \/>\n<script type=\"application\/ld+json\" class=\"yoast-schema-graph\">{\"@context\":\"https:\\\/\\\/schema.org\",\"@graph\":[{\"@type\":\"Article\",\"@id\":\"https:\\\/\\\/kvg-bus.de\\\/stade\\\/linien-1043-1070-und-1072-bauarbeiten-in-oberndorf-07-09-02-10-2026\\\/#article\",\"isPartOf\":{\"@id\":\"https:\\\/\\\/kvg-bus.de\\\/stade\\\/linien-1043-1070-und-1072-bauarbeiten-in-oberndorf-07-09-02-10-2026\\\/\"},\"author\":{\"name\":\"mzimmermann\",\"@id\":\"https:\\\/\\\/kvg-bus.de\\\/stade\\\/#\\\/schema\\\/person\\\/5a5abfab092f868ec7cbe0f59e95749b\"},\"headline\":\"Linien 1043, 1070 und 1072 | Bauarbeiten in Oberndorf: 07.09. \u2013 02.10.2026\",\"datePublished\":\"2026-09-03T11:02:05+00:00\",\"dateModified\":\"2026-09-03T13:25:01+00:00\",\"mainEntityOfPage\":{\"@id\":\"https:\\\/\\\/kvg-bus.de\\\/stade\\\/linien-1043-1070-und-1072-bauarbeiten-in-oberndorf-07-09-02-10-2026\\\/\"},\"wordCount\":135,\"commentCount\":0,\"publisher\":{\"@id\":\"https:\\\/\\\/kvg-bus.de\\\/stade\\\/#organization\"},\"image\":{\"@id\":\"https:\\\/\\\/kvg-bus.de\\\/stade\\\/linien-1043-1070-und-1072-bauarbeiten-in-oberndorf-07-09-02-10-2026\\\/#primaryimage\"},\"thumbnailUrl\":\"https:\\\/\\\/kvg-bus.de\\\/stade\\\/wp-content\\\/uploads\\\/sites\\\/14\\\/header-subsite_stoerungen.png\",\"articleSection\":[\"Cuxhaven\",\"Fahrplanabweichungen\"],\"inLanguage\":\"ru-RU\",\"potentialAction\":[{\"@type\":\"CommentAction\",\"name\":\"Comment\",\"target\":[\"https:\\\/\\\/kvg-bus.de\\\/stade\\\/linien-1043-1070-und-1072-bauarbeiten-in-oberndorf-07-09-02-10-2026\\\/#respond\"]}]},{\"@type\":\"WebPage\",\"@id\":\"https:\\\/\\\/kvg-bus.de\\\/stade\\\/linien-1043-1070-und-1072-bauarbeiten-in-oberndorf-07-09-02-10-2026\\\/\",\"url\":\"https:\\\/\\\/kvg-bus.de\\\/stade\\\/linien-1043-1070-und-1072-bauarbeiten-in-oberndorf-07-09-02-10-2026\\\/\",\"name\":\"Linien 1043, 1070 und 1072 | Bauarbeiten in Oberndorf: 07.09. \u2013 02.10.2026 - KVG Stade\",\"isPartOf\":{\"@id\":\"https:\\\/\\\/kvg-bus.de\\\/stade\\\/#website\"},\"primaryImageOfPage\":{\"@id\":\"https:\\\/\\\/kvg-bus.de\\\/stade\\\/linien-1043-1070-und-1072-bauarbeiten-in-oberndorf-07-09-02-10-2026\\\/#primaryimage\"},\"image\":{\"@id\":\"https:\\\/\\\/kvg-bus.de\\\/stade\\\/linien-1043-1070-und-1072-bauarbeiten-in-oberndorf-07-09-02-10-2026\\\/#primaryimage\"},\"thumbnailUrl\":\"https:\\\/\\\/kvg-bus.de\\\/stade\\\/wp-content\\\/uploads\\\/sites\\\/14\\\/header-subsite_stoerungen.png\",\"datePublished\":\"2026-09-03T11:02:05+00:00\",\"dateModified\":\"2026-09-03T13:25:01+00:00\",\"breadcrumb\":{\"@id\":\"https:\\\/\\\/kvg-bus.de\\\/stade\\\/linien-1043-1070-und-1072-bauarbeiten-in-oberndorf-07-09-02-10-2026\\\/#breadcrumb\"},\"inLanguage\":\"ru-RU\",\"potentialAction\":[{\"@type\":\"ReadAction\",\"target\":[\"https:\\\/\\\/kvg-bus.de\\\/stade\\\/linien-1043-1070-und-1072-bauarbeiten-in-oberndorf-07-09-02-10-2026\\\/\"]}]},{\"@type\":\"ImageObject\",\"inLanguage\":\"ru-RU\",\"@id\":\"https:\\\/\\\/kvg-bus.de\\\/stade\\\/linien-1043-1070-und-1072-bauarbeiten-in-oberndorf-07-09-02-10-2026\\\/#primaryimage\",\"url\":\"https:\\\/\\\/kvg-bus.de\\\/stade\\\/wp-content\\\/uploads\\\/sites\\\/14\\\/header-subsite_stoerungen.png\",\"contentUrl\":\"https:\\\/\\\/kvg-bus.de\\\/stade\\\/wp-content\\\/uploads\\\/sites\\\/14\\\/header-subsite_stoerungen.png\",\"width\":1920,\"height\":640},{\"@type\":\"BreadcrumbList\",\"@id\":\"https:\\\/\\\/kvg-bus.de\\\/stade\\\/linien-1043-1070-und-1072-bauarbeiten-in-oberndorf-07-09-02-10-2026\\\/#breadcrumb\",\"itemListElement\":[{\"@type\":\"ListItem\",\"position\":1,\"name\":\"Startseite\",\"item\":\"https:\\\/\\\/kvg-bus.de\\\/stade\\\/\"},{\"@type\":\"ListItem\",\"position\":2,\"name\":\"Linien 1043, 1070 und 1072 | Bauarbeiten in Oberndorf: 07.09. \u2013 02.10.2026\"}]},{\"@type\":\"WebSite\",\"@id\":\"https:\\\/\\\/kvg-bus.de\\\/stade\\\/#website\",\"url\":\"https:\\\/\\\/kvg-bus.de\\\/stade\\\/\",\"name\":\"KVG Stade\",\"description\":\"\",\"publisher\":{\"@id\":\"https:\\\/\\\/kvg-bus.de\\\/stade\\\/#organization\"},\"potentialAction\":[{\"@type\":\"SearchAction\",\"target\":{\"@type\":\"EntryPoint\",\"urlTemplate\":\"https:\\\/\\\/kvg-bus.de\\\/stade\\\/?s={search_term_string}\"},\"query-input\":{\"@type\":\"PropertyValueSpecification\",\"valueRequired\":true,\"valueName\":\"search_term_string\"}}],\"inLanguage\":\"ru-RU\"},{\"@type\":\"Organization\",\"@id\":\"https:\\\/\\\/kvg-bus.de\\\/stade\\\/#organization\",\"name\":\"KVG Stade\",\"url\":\"https:\\\/\\\/kvg-bus.de\\\/stade\\\/\",\"logo\":{\"@type\":\"ImageObject\",\"inLanguage\":\"ru-RU\",\"@id\":\"https:\\\/\\\/kvg-bus.de\\\/stade\\\/#\\\/schema\\\/logo\\\/image\\\/\",\"url\":\"https:\\\/\\\/kvg-bus.de\\\/stade\\\/wp-content\\\/uploads\\\/sites\\\/14\\\/kvg_logo-1.svg\",\"contentUrl\":\"https:\\\/\\\/kvg-bus.de\\\/stade\\\/wp-content\\\/uploads\\\/sites\\\/14\\\/kvg_logo-1.svg\",\"width\":1322,\"height\":404,\"caption\":\"KVG Stade\"},\"image\":{\"@id\":\"https:\\\/\\\/kvg-bus.de\\\/stade\\\/#\\\/schema\\\/logo\\\/image\\\/\"}},{\"@type\":\"Person\",\"@id\":\"https:\\\/\\\/kvg-bus.de\\\/stade\\\/#\\\/schema\\\/person\\\/5a5abfab092f868ec7cbe0f59e95749b\",\"name\":\"mzimmermann\",\"image\":{\"@type\":\"ImageObject\",\"inLanguage\":\"ru-RU\",\"@id\":\"https:\\\/\\\/secure.gravatar.com\\\/avatar\\\/0f69d8b83e3b3e54f0b766684bb3fd6649f0081ecdbff759ed4b19e5df68d1e4?s=96&d=mm&r=g\",\"url\":\"https:\\\/\\\/secure.gravatar.com\\\/avatar\\\/0f69d8b83e3b3e54f0b766684bb3fd6649f0081ecdbff759ed4b19e5df68d1e4?s=96&d=mm&r=g\",\"contentUrl\":\"https:\\\/\\\/secure.gravatar.com\\\/avatar\\\/0f69d8b83e3b3e54f0b766684bb3fd6649f0081ecdbff759ed4b19e5df68d1e4?s=96&d=mm&r=g\",\"caption\":\"mzimmermann\"},\"url\":\"https:\\\/\\\/kvg-bus.de\\\/stade\\\/ru\\\/author\\\/mzimmermann\\\/\"}]}<\/script>\n<!-- \/ Yoast SEO plugin. -->","yoast_head_json":{"title":"Linien 1043, 1070 und 1072 | Bauarbeiten in Oberndorf: 07.09. \u2013 02.10.2026 - KVG Stade","robots":{"index":"index","follow":"follow","max-snippet":"max-snippet:-1","max-image-preview":"max-image-preview:large","max-video-preview":"max-video-preview:-1"},"canonical":"https:\/\/kvg-bus.de\/stade\/linien-1043-1070-und-1072-bauarbeiten-in-oberndorf-07-09-02-10-2026\/","og_locale":"ru_RU","og_type":"article","og_title":"Linien 1043, 1070 und 1072 | Bauarbeiten in Oberndorf: 07.09. \u2013 02.10.2026 - KVG Stade","og_description":"Vom 07. September 2026 bis 02. Oktober 2026 sind die Stra\u00dfen Zollbaum, Bentwisch und Niederstrich in Oberndorf wegen Sanierungsarbeiten abschnittsweise gesperrt. \u27a1\ufe0fZu der Baustelle gibt es Baustellenfahrpl\u00e4ne &#8211; diese findest du hier. Linie 1070 | 07.09. \u2013 13.09.2026 Die Linie f\u00e4hrt eine Umleitung \u00fcber Bentwisch, Niederstrich, Gro\u00dfes Wegf\u00e4hreis und Landstra\u00dfe. \u274c Die Haltestellen \u201eOberndorf, Zehntweg\u201c, \u201eOberndorf, Hasenfleet 6\u201c, \u201eOberndorf, Moordeich\u201c, \u201eOberndorf, Zollbaum\u201c, \u201eOberndorf, Schwarzenmoor 6\u201c und \u201eOberndorf, Schwarzenmoor 10a\u201c k\u00f6nnen nicht bedient werden. Linie 1070 | 14.09. \u2013 02.10.2026 Die Linie f\u00e4hrt eine Umleitung \u00fcber Schwarzenmoor. \u274c Die Haltestellen \u201eOberndorf, Zollbaum\u201c und \u201eOberndorf, Moordeich\u201c k\u00f6nnen nicht bedient werden. Linie 1043 | 14.09. \u2013 20.09.2026 Die Linie f\u00e4hrt nicht \u00fcber die Stra\u00dfe Niederstrich. \u274c Die Haltestellen \u201eOsten, Niederstrich 30\u201c, \u201eOsten, Niederstrich 4\u201c und \u201eOsten, Niederstrich 13\u201c k\u00f6nnen nicht bedient werden. Linie 1072 \u2139\ufe0f Die Linie 1072 f\u00e4hrt umlaufbedingt nach einem Baustellenfahrplan.","og_url":"https:\/\/kvg-bus.de\/stade\/linien-1043-1070-und-1072-bauarbeiten-in-oberndorf-07-09-02-10-2026\/","og_site_name":"KVG Stade","article_published_time":"2026-09-03T11:02:05+00:00","article_modified_time":"2026-09-03T13:25:01+00:00","og_image":[{"width":1920,"height":640,"url":"https:\/\/kvg-bus.de\/stade\/wp-content\/uploads\/sites\/14\/header-subsite_stoerungen.png","type":"image\/png"}],"author":"mzimmermann","twitter_card":"summary_large_image","twitter_misc":{"\u041d\u0430\u043f\u0438\u0441\u0430\u043d\u043e \u0430\u0432\u0442\u043e\u0440\u043e\u043c":"mzimmermann","\u041f\u0440\u0438\u043c\u0435\u0440\u043d\u043e\u0435 \u0432\u0440\u0435\u043c\u044f \u0434\u043b\u044f \u0447\u0442\u0435\u043d\u0438\u044f":"1 \u043c\u0438\u043d\u0443\u0442\u0430"},"schema":{"@context":"https:\/\/schema.org","@graph":[{"@type":"Article","@id":"https:\/\/kvg-bus.de\/stade\/linien-1043-1070-und-1072-bauarbeiten-in-oberndorf-07-09-02-10-2026\/#article","isPartOf":{"@id":"https:\/\/kvg-bus.de\/stade\/linien-1043-1070-und-1072-bauarbeiten-in-oberndorf-07-09-02-10-2026\/"},"author":{"name":"mzimmermann","@id":"https:\/\/kvg-bus.de\/stade\/#\/schema\/person\/5a5abfab092f868ec7cbe0f59e95749b"},"headline":"Linien 1043, 1070 und 1072 | Bauarbeiten in Oberndorf: 07.09. \u2013 02.10.2026","datePublished":"2026-09-03T11:02:05+00:00","dateModified":"2026-09-03T13:25:01+00:00","mainEntityOfPage":{"@id":"https:\/\/kvg-bus.de\/stade\/linien-1043-1070-und-1072-bauarbeiten-in-oberndorf-07-09-02-10-2026\/"},"wordCount":135,"commentCount":0,"publisher":{"@id":"https:\/\/kvg-bus.de\/stade\/#organization"},"image":{"@id":"https:\/\/kvg-bus.de\/stade\/linien-1043-1070-und-1072-bauarbeiten-in-oberndorf-07-09-02-10-2026\/#primaryimage"},"thumbnailUrl":"https:\/\/kvg-bus.de\/stade\/wp-content\/uploads\/sites\/14\/header-subsite_stoerungen.png","articleSection":["Cuxhaven","Fahrplanabweichungen"],"inLanguage":"ru-RU","potentialAction":[{"@type":"CommentAction","name":"Comment","target":["https:\/\/kvg-bus.de\/stade\/linien-1043-1070-und-1072-bauarbeiten-in-oberndorf-07-09-02-10-2026\/#respond"]}]},{"@type":"WebPage","@id":"https:\/\/kvg-bus.de\/stade\/linien-1043-1070-und-1072-bauarbeiten-in-oberndorf-07-09-02-10-2026\/","url":"https:\/\/kvg-bus.de\/stade\/linien-1043-1070-und-1072-bauarbeiten-in-oberndorf-07-09-02-10-2026\/","name":"Linien 1043, 1070 und 1072 | Bauarbeiten in Oberndorf: 07.09. \u2013 02.10.2026 - KVG Stade","isPartOf":{"@id":"https:\/\/kvg-bus.de\/stade\/#website"},"primaryImageOfPage":{"@id":"https:\/\/kvg-bus.de\/stade\/linien-1043-1070-und-1072-bauarbeiten-in-oberndorf-07-09-02-10-2026\/#primaryimage"},"image":{"@id":"https:\/\/kvg-bus.de\/stade\/linien-1043-1070-und-1072-bauarbeiten-in-oberndorf-07-09-02-10-2026\/#primaryimage"},"thumbnailUrl":"https:\/\/kvg-bus.de\/stade\/wp-content\/uploads\/sites\/14\/header-subsite_stoerungen.png","datePublished":"2026-09-03T11:02:05+00:00","dateModified":"2026-09-03T13:25:01+00:00","breadcrumb":{"@id":"https:\/\/kvg-bus.de\/stade\/linien-1043-1070-und-1072-bauarbeiten-in-oberndorf-07-09-02-10-2026\/#breadcrumb"},"inLanguage":"ru-RU","potentialAction":[{"@type":"ReadAction","target":["https:\/\/kvg-bus.de\/stade\/linien-1043-1070-und-1072-bauarbeiten-in-oberndorf-07-09-02-10-2026\/"]}]},{"@type":"ImageObject","inLanguage":"ru-RU","@id":"https:\/\/kvg-bus.de\/stade\/linien-1043-1070-und-1072-bauarbeiten-in-oberndorf-07-09-02-10-2026\/#primaryimage","url":"https:\/\/kvg-bus.de\/stade\/wp-content\/uploads\/sites\/14\/header-subsite_stoerungen.png","contentUrl":"https:\/\/kvg-bus.de\/stade\/wp-content\/uploads\/sites\/14\/header-subsite_stoerungen.png","width":1920,"height":640},{"@type":"BreadcrumbList","@id":"https:\/\/kvg-bus.de\/stade\/linien-1043-1070-und-1072-bauarbeiten-in-oberndorf-07-09-02-10-2026\/#breadcrumb","itemListElement":[{"@type":"ListItem","position":1,"name":"Startseite","item":"https:\/\/kvg-bus.de\/stade\/"},{"@type":"ListItem","position":2,"name":"Linien 1043, 1070 und 1072 | Bauarbeiten in Oberndorf: 07.09. \u2013 02.10.2026"}]},{"@type":"WebSite","@id":"https:\/\/kvg-bus.de\/stade\/#website","url":"https:\/\/kvg-bus.de\/stade\/","name":"KVG Stade","description":"","publisher":{"@id":"https:\/\/kvg-bus.de\/stade\/#organization"},"potentialAction":[{"@type":"SearchAction","target":{"@type":"EntryPoint","urlTemplate":"https:\/\/kvg-bus.de\/stade\/?s={search_term_string}"},"query-input":{"@type":"PropertyValueSpecification","valueRequired":true,"valueName":"search_term_string"}}],"inLanguage":"ru-RU"},{"@type":"Organization","@id":"https:\/\/kvg-bus.de\/stade\/#organization","name":"KVG Stade","url":"https:\/\/kvg-bus.de\/stade\/","logo":{"@type":"ImageObject","inLanguage":"ru-RU","@id":"https:\/\/kvg-bus.de\/stade\/#\/schema\/logo\/image\/","url":"https:\/\/kvg-bus.de\/stade\/wp-content\/uploads\/sites\/14\/kvg_logo-1.svg","contentUrl":"https:\/\/kvg-bus.de\/stade\/wp-content\/uploads\/sites\/14\/kvg_logo-1.svg","width":1322,"height":404,"caption":"KVG Stade"},"image":{"@id":"https:\/\/kvg-bus.de\/stade\/#\/schema\/logo\/image\/"}},{"@type":"Person","@id":"https:\/\/kvg-bus.de\/stade\/#\/schema\/person\/5a5abfab092f868ec7cbe0f59e95749b","name":"mzimmermann","image":{"@type":"ImageObject","inLanguage":"ru-RU","@id":"https:\/\/secure.gravatar.com\/avatar\/0f69d8b83e3b3e54f0b766684bb3fd6649f0081ecdbff759ed4b19e5df68d1e4?s=96&d=mm&r=g","url":"https:\/\/secure.gravatar.com\/avatar\/0f69d8b83e3b3e54f0b766684bb3fd6649f0081ecdbff759ed4b19e5df68d1e4?s=96&d=mm&r=g","contentUrl":"https:\/\/secure.gravatar.com\/avatar\/0f69d8b83e3b3e54f0b766684bb3fd6649f0081ecdbff759ed4b19e5df68d1e4?s=96&d=mm&r=g","caption":"mzimmermann"},"url":"https:\/\/kvg-bus.de\/stade\/ru\/author\/mzimmermann\/"}]}},"_links":{"self":[{"href":"https:\/\/kvg-bus.de\/stade\/ru\/wp-json\/wp\/v2\/posts\/5624","targetHints":{"allow":["GET"]}}],"collection":[{"href":"https:\/\/kvg-bus.de\/stade\/ru\/wp-json\/wp\/v2\/posts"}],"about":[{"href":"https:\/\/kvg-bus.de\/stade\/ru\/wp-json\/wp\/v2\/types\/post"}],"author":[{"embeddable":true,"href":"https:\/\/kvg-bus.de\/stade\/ru\/wp-json\/wp\/v2\/users\/10"}],"replies":[{"embeddable":true,"href":"https:\/\/kvg-bus.de\/stade\/ru\/wp-json\/wp\/v2\/comments?post=5624"}],"version-history":[{"count":0,"href":"https:\/\/kvg-bus.de\/stade\/ru\/wp-json\/wp\/v2\/posts\/5624\/revisions"}],"wp:attachment":[{"href":"https:\/\/kvg-bus.de\/stade\/ru\/wp-json\/wp\/v2\/media?parent=5624"}],"wp:term":[{"taxonomy":"category","embeddable":true,"href":"https:\/\/kvg-bus.de\/stade\/ru\/wp-json\/wp\/v2\/categories?post=5624"},{"taxonomy":"post_tag","embeddable":true,"href":"https:\/\/kvg-bus.de\/stade\/ru\/wp-json\/wp\/v2\/tags?post=5624"}],"curies":[{"name":"wp","href":"https:\/\/api.w.org\/{rel}","templated":true}]}}