{"id":5622,"date":"2026-09-03T12:43:24","date_gmt":"2026-09-03T10:43:24","guid":{"rendered":"https:\/\/kvg-bus.de\/stade\/?p=5622"},"modified":"2026-09-03T12:43:25","modified_gmt":"2026-09-03T10:43:25","slug":"linien-2017-2026-und-2075-sperrung-in-buetzfleth-02-09-04-09-2026","status":"publish","type":"post","link":"https:\/\/kvg-bus.de\/stade\/ru\/linien-2017-2026-und-2075-sperrung-in-buetzfleth-02-09-04-09-2026\/","title":{"rendered":"Linien 2017, 2026 und 2075 | Sperrung in B\u00fctzfleth: 02.09. \u2013 04.09.2026"},"content":{"rendered":"<p class=\"PDq2pG_selectionAnchorContainer\" data-start=\"80\" data-end=\"235\">\u0418\u0437 <strong data-start=\"84\" data-end=\"117\">02. September 2026, 11:00 Uhr<\/strong> \u0434\u043e <strong data-start=\"122\" data-end=\"144\">4 \u0441\u0435\u043d\u0442\u044f\u0431\u0440\u044f 2026 \u0433\u043e\u0434\u0430<\/strong> \u044d\u0442\u043e <strong data-start=\"153\" data-end=\"168\">Flethstra\u00dfe<\/strong> \u0432 <strong data-start=\"172\" data-end=\"185\">\u0411\u044e\u0442\u0446\u0444\u043b\u0435\u0442<\/strong> \u0438\u0437-\u0437\u0430 <strong data-start=\"196\" data-end=\"222\">Absackung einer Br\u00fccke<\/strong> notgesperrt.<\/p>\n<h3 data-section-id=\"4ql3f6\" data-start=\"237\" data-end=\"261\">Linien 2017 und 2026<\/h3>\n<p data-start=\"263\" data-end=\"461\">\u27a1\ufe0f The <strong data-start=\"270\" data-end=\"299\">Fahrt 8001 der Linie 2017<\/strong> \u0438 <strong data-start=\"310\" data-end=\"356\">Fahrten 1005, 1010 und 1018 der Linie 2026<\/strong> fahren von der Haltestelle \u201e<strong data-start=\"385\" data-end=\"410\">B\u00fctzfleth, Karkenpatt<\/strong>\u201c direkt zur Haltestelle \u201e<strong data-start=\"436\" data-end=\"459\">\u0411\u044e\u0442\u0446\u0444\u043b\u0435\u0442, \u043a\u043b\u0430\u0434\u0431\u0438\u0449\u0435<\/strong>\u201c.<\/p>\n<h3 data-section-id=\"mn2l0h\" data-start=\"463\" data-end=\"477\">Linie 2075<\/h3>\n<p data-start=\"479\" data-end=\"561\">\u27a1\ufe0f The <strong data-start=\"486\" data-end=\"500\">Fahrt 8005<\/strong> startet an der Haltestelle \u201e<strong data-start=\"529\" data-end=\"559\">B\u00fctzflethermoor, Feuerwehr<\/strong>\u201c.<\/p>\n<p data-start=\"563\" data-end=\"686\" data-is-last-node=\"\" data-is-only-node=\"\">\u27a1\ufe0f The <strong data-start=\"570\" data-end=\"619\">Fahrten 8006, 8010, 8014, 1012, 8016 und 8020<\/strong> \u0437\u0430\u043a\u0430\u043d\u0447\u0438\u0432\u0430\u044e\u0442\u0441\u044f \u0443\u0436\u0435 \u043d\u0430 \u043e\u0441\u0442\u0430\u043d\u043e\u0432\u043a\u0435 \u201e<strong data-start=\"654\" data-end=\"684\">B\u00fctzflethermoor, Feuerwehr<\/strong>\u201c.<\/p>","protected":false},"excerpt":{"rendered":"<p>Vom 02. September 2026, 11:00 Uhr bis 04. September 2026 ist die Flethstra\u00dfe in B\u00fctzfleth wegen der Absackung einer Br\u00fccke notgesperrt. Linien 2017 und 2026 \u27a1\ufe0f Die Fahrt 8001 der Linie 2017 sowie die Fahrten 1005, 1010 und 1018 der Linie 2026 fahren von der Haltestelle \u201eB\u00fctzfleth, Karkenpatt\u201c direkt zur Haltestelle \u201eB\u00fctzfleth, Friedhof\u201c. Linie 2075 \u27a1\ufe0f Die Fahrt 8005 startet an der Haltestelle \u201eB\u00fctzflethermoor, Feuerwehr\u201c. \u27a1\ufe0f Die Fahrten 8006, 8010, 8014, 1012, 8016 und 8020 enden bereits an der Haltestelle \u201eB\u00fctzflethermoor, Feuerwehr\u201c.<\/p>","protected":false},"author":10,"featured_media":2753,"comment_status":"open","ping_status":"open","sticky":false,"template":"","format":"standard","meta":{"footnotes":""},"categories":[78,33],"tags":[],"class_list":["post-5622","post","type-post","status-publish","format-standard","has-post-thumbnail","hentry","category-stade","category-fahrplanabweichungen"],"yoast_head":"<!-- This site is optimized with the Yoast SEO plugin v28.3 - https:\/\/yoast.com\/product\/yoast-seo-wordpress\/ -->\n<title>Linien 2017, 2026 und 2075 | Sperrung in B\u00fctzfleth: 02.09. \u2013 04.09.2026 - KVG Stade<\/title>\n<meta name=\"robots\" content=\"index, follow, max-snippet:-1, max-image-preview:large, max-video-preview:-1\" \/>\n<link rel=\"canonical\" href=\"https:\/\/kvg-bus.de\/stade\/linien-2017-2026-und-2075-sperrung-in-buetzfleth-02-09-04-09-2026\/\" \/>\n<meta property=\"og:locale\" content=\"ru_RU\" \/>\n<meta property=\"og:type\" content=\"article\" \/>\n<meta property=\"og:title\" content=\"Linien 2017, 2026 und 2075 | Sperrung in B\u00fctzfleth: 02.09. \u2013 04.09.2026 - KVG Stade\" \/>\n<meta property=\"og:description\" content=\"Vom 02. September 2026, 11:00 Uhr bis 04. September 2026 ist die Flethstra\u00dfe in B\u00fctzfleth wegen der Absackung einer Br\u00fccke notgesperrt. Linien 2017 und 2026 \u27a1\ufe0f Die Fahrt 8001 der Linie 2017 sowie die Fahrten 1005, 1010 und 1018 der Linie 2026 fahren von der Haltestelle \u201eB\u00fctzfleth, Karkenpatt\u201c direkt zur Haltestelle \u201eB\u00fctzfleth, Friedhof\u201c. Linie 2075 \u27a1\ufe0f Die Fahrt 8005 startet an der Haltestelle \u201eB\u00fctzflethermoor, Feuerwehr\u201c. \u27a1\ufe0f Die Fahrten 8006, 8010, 8014, 1012, 8016 und 8020 enden bereits an der Haltestelle \u201eB\u00fctzflethermoor, Feuerwehr\u201c.\" \/>\n<meta property=\"og:url\" content=\"https:\/\/kvg-bus.de\/stade\/linien-2017-2026-und-2075-sperrung-in-buetzfleth-02-09-04-09-2026\/\" \/>\n<meta property=\"og:site_name\" content=\"KVG Stade\" \/>\n<meta property=\"article:published_time\" content=\"2026-09-03T10:43:24+00:00\" \/>\n<meta property=\"article:modified_time\" content=\"2026-09-03T10:43:25+00:00\" \/>\n<meta property=\"og:image\" content=\"https:\/\/kvg-bus.de\/stade\/wp-content\/uploads\/sites\/14\/header-subsite_stoerungen.png\" \/>\n\t<meta property=\"og:image:width\" content=\"1920\" \/>\n\t<meta property=\"og:image:height\" content=\"640\" \/>\n\t<meta property=\"og:image:type\" content=\"image\/png\" \/>\n<meta name=\"author\" content=\"mzimmermann\" \/>\n<meta name=\"twitter:card\" content=\"summary_large_image\" \/>\n<meta name=\"twitter:label1\" content=\"\u041d\u0430\u043f\u0438\u0441\u0430\u043d\u043e \u0430\u0432\u0442\u043e\u0440\u043e\u043c\" \/>\n\t<meta name=\"twitter:data1\" content=\"mzimmermann\" \/>\n\t<meta name=\"twitter:label2\" content=\"\u041f\u0440\u0438\u043c\u0435\u0440\u043d\u043e\u0435 \u0432\u0440\u0435\u043c\u044f \u0434\u043b\u044f \u0447\u0442\u0435\u043d\u0438\u044f\" \/>\n\t<meta name=\"twitter:data2\" content=\"1 \u043c\u0438\u043d\u0443\u0442\u0430\" \/>\n<script type=\"application\/ld+json\" class=\"yoast-schema-graph\">{\"@context\":\"https:\\\/\\\/schema.org\",\"@graph\":[{\"@type\":\"Article\",\"@id\":\"https:\\\/\\\/kvg-bus.de\\\/stade\\\/linien-2017-2026-und-2075-sperrung-in-buetzfleth-02-09-04-09-2026\\\/#article\",\"isPartOf\":{\"@id\":\"https:\\\/\\\/kvg-bus.de\\\/stade\\\/linien-2017-2026-und-2075-sperrung-in-buetzfleth-02-09-04-09-2026\\\/\"},\"author\":{\"name\":\"mzimmermann\",\"@id\":\"https:\\\/\\\/kvg-bus.de\\\/stade\\\/#\\\/schema\\\/person\\\/5a5abfab092f868ec7cbe0f59e95749b\"},\"headline\":\"Linien 2017, 2026 und 2075 | Sperrung in B\u00fctzfleth: 02.09. \u2013 04.09.2026\",\"datePublished\":\"2026-09-03T10:43:24+00:00\",\"dateModified\":\"2026-09-03T10:43:25+00:00\",\"mainEntityOfPage\":{\"@id\":\"https:\\\/\\\/kvg-bus.de\\\/stade\\\/linien-2017-2026-und-2075-sperrung-in-buetzfleth-02-09-04-09-2026\\\/\"},\"wordCount\":77,\"commentCount\":0,\"publisher\":{\"@id\":\"https:\\\/\\\/kvg-bus.de\\\/stade\\\/#organization\"},\"image\":{\"@id\":\"https:\\\/\\\/kvg-bus.de\\\/stade\\\/linien-2017-2026-und-2075-sperrung-in-buetzfleth-02-09-04-09-2026\\\/#primaryimage\"},\"thumbnailUrl\":\"https:\\\/\\\/kvg-bus.de\\\/stade\\\/wp-content\\\/uploads\\\/sites\\\/14\\\/header-subsite_stoerungen.png\",\"articleSection\":[\"Stade\",\"Fahrplanabweichungen\"],\"inLanguage\":\"ru-RU\",\"potentialAction\":[{\"@type\":\"CommentAction\",\"name\":\"Comment\",\"target\":[\"https:\\\/\\\/kvg-bus.de\\\/stade\\\/linien-2017-2026-und-2075-sperrung-in-buetzfleth-02-09-04-09-2026\\\/#respond\"]}]},{\"@type\":\"WebPage\",\"@id\":\"https:\\\/\\\/kvg-bus.de\\\/stade\\\/linien-2017-2026-und-2075-sperrung-in-buetzfleth-02-09-04-09-2026\\\/\",\"url\":\"https:\\\/\\\/kvg-bus.de\\\/stade\\\/linien-2017-2026-und-2075-sperrung-in-buetzfleth-02-09-04-09-2026\\\/\",\"name\":\"Linien 2017, 2026 und 2075 | Sperrung in B\u00fctzfleth: 02.09. \u2013 04.09.2026 - KVG Stade\",\"isPartOf\":{\"@id\":\"https:\\\/\\\/kvg-bus.de\\\/stade\\\/#website\"},\"primaryImageOfPage\":{\"@id\":\"https:\\\/\\\/kvg-bus.de\\\/stade\\\/linien-2017-2026-und-2075-sperrung-in-buetzfleth-02-09-04-09-2026\\\/#primaryimage\"},\"image\":{\"@id\":\"https:\\\/\\\/kvg-bus.de\\\/stade\\\/linien-2017-2026-und-2075-sperrung-in-buetzfleth-02-09-04-09-2026\\\/#primaryimage\"},\"thumbnailUrl\":\"https:\\\/\\\/kvg-bus.de\\\/stade\\\/wp-content\\\/uploads\\\/sites\\\/14\\\/header-subsite_stoerungen.png\",\"datePublished\":\"2026-09-03T10:43:24+00:00\",\"dateModified\":\"2026-09-03T10:43:25+00:00\",\"breadcrumb\":{\"@id\":\"https:\\\/\\\/kvg-bus.de\\\/stade\\\/linien-2017-2026-und-2075-sperrung-in-buetzfleth-02-09-04-09-2026\\\/#breadcrumb\"},\"inLanguage\":\"ru-RU\",\"potentialAction\":[{\"@type\":\"ReadAction\",\"target\":[\"https:\\\/\\\/kvg-bus.de\\\/stade\\\/linien-2017-2026-und-2075-sperrung-in-buetzfleth-02-09-04-09-2026\\\/\"]}]},{\"@type\":\"ImageObject\",\"inLanguage\":\"ru-RU\",\"@id\":\"https:\\\/\\\/kvg-bus.de\\\/stade\\\/linien-2017-2026-und-2075-sperrung-in-buetzfleth-02-09-04-09-2026\\\/#primaryimage\",\"url\":\"https:\\\/\\\/kvg-bus.de\\\/stade\\\/wp-content\\\/uploads\\\/sites\\\/14\\\/header-subsite_stoerungen.png\",\"contentUrl\":\"https:\\\/\\\/kvg-bus.de\\\/stade\\\/wp-content\\\/uploads\\\/sites\\\/14\\\/header-subsite_stoerungen.png\",\"width\":1920,\"height\":640},{\"@type\":\"BreadcrumbList\",\"@id\":\"https:\\\/\\\/kvg-bus.de\\\/stade\\\/linien-2017-2026-und-2075-sperrung-in-buetzfleth-02-09-04-09-2026\\\/#breadcrumb\",\"itemListElement\":[{\"@type\":\"ListItem\",\"position\":1,\"name\":\"Startseite\",\"item\":\"https:\\\/\\\/kvg-bus.de\\\/stade\\\/\"},{\"@type\":\"ListItem\",\"position\":2,\"name\":\"Linien 2017, 2026 und 2075 | Sperrung in B\u00fctzfleth: 02.09. \u2013 04.09.2026\"}]},{\"@type\":\"WebSite\",\"@id\":\"https:\\\/\\\/kvg-bus.de\\\/stade\\\/#website\",\"url\":\"https:\\\/\\\/kvg-bus.de\\\/stade\\\/\",\"name\":\"KVG Stade\",\"description\":\"\",\"publisher\":{\"@id\":\"https:\\\/\\\/kvg-bus.de\\\/stade\\\/#organization\"},\"potentialAction\":[{\"@type\":\"SearchAction\",\"target\":{\"@type\":\"EntryPoint\",\"urlTemplate\":\"https:\\\/\\\/kvg-bus.de\\\/stade\\\/?s={search_term_string}\"},\"query-input\":{\"@type\":\"PropertyValueSpecification\",\"valueRequired\":true,\"valueName\":\"search_term_string\"}}],\"inLanguage\":\"ru-RU\"},{\"@type\":\"Organization\",\"@id\":\"https:\\\/\\\/kvg-bus.de\\\/stade\\\/#organization\",\"name\":\"KVG Stade\",\"url\":\"https:\\\/\\\/kvg-bus.de\\\/stade\\\/\",\"logo\":{\"@type\":\"ImageObject\",\"inLanguage\":\"ru-RU\",\"@id\":\"https:\\\/\\\/kvg-bus.de\\\/stade\\\/#\\\/schema\\\/logo\\\/image\\\/\",\"url\":\"https:\\\/\\\/kvg-bus.de\\\/stade\\\/wp-content\\\/uploads\\\/sites\\\/14\\\/kvg_logo-1.svg\",\"contentUrl\":\"https:\\\/\\\/kvg-bus.de\\\/stade\\\/wp-content\\\/uploads\\\/sites\\\/14\\\/kvg_logo-1.svg\",\"width\":1322,\"height\":404,\"caption\":\"KVG Stade\"},\"image\":{\"@id\":\"https:\\\/\\\/kvg-bus.de\\\/stade\\\/#\\\/schema\\\/logo\\\/image\\\/\"}},{\"@type\":\"Person\",\"@id\":\"https:\\\/\\\/kvg-bus.de\\\/stade\\\/#\\\/schema\\\/person\\\/5a5abfab092f868ec7cbe0f59e95749b\",\"name\":\"mzimmermann\",\"image\":{\"@type\":\"ImageObject\",\"inLanguage\":\"ru-RU\",\"@id\":\"https:\\\/\\\/secure.gravatar.com\\\/avatar\\\/0f69d8b83e3b3e54f0b766684bb3fd6649f0081ecdbff759ed4b19e5df68d1e4?s=96&d=mm&r=g\",\"url\":\"https:\\\/\\\/secure.gravatar.com\\\/avatar\\\/0f69d8b83e3b3e54f0b766684bb3fd6649f0081ecdbff759ed4b19e5df68d1e4?s=96&d=mm&r=g\",\"contentUrl\":\"https:\\\/\\\/secure.gravatar.com\\\/avatar\\\/0f69d8b83e3b3e54f0b766684bb3fd6649f0081ecdbff759ed4b19e5df68d1e4?s=96&d=mm&r=g\",\"caption\":\"mzimmermann\"},\"url\":\"https:\\\/\\\/kvg-bus.de\\\/stade\\\/ru\\\/author\\\/mzimmermann\\\/\"}]}<\/script>\n<!-- \/ Yoast SEO plugin. -->","yoast_head_json":{"title":"Linien 2017, 2026 und 2075 | Sperrung in B\u00fctzfleth: 02.09. \u2013 04.09.2026 - KVG Stade","robots":{"index":"index","follow":"follow","max-snippet":"max-snippet:-1","max-image-preview":"max-image-preview:large","max-video-preview":"max-video-preview:-1"},"canonical":"https:\/\/kvg-bus.de\/stade\/linien-2017-2026-und-2075-sperrung-in-buetzfleth-02-09-04-09-2026\/","og_locale":"ru_RU","og_type":"article","og_title":"Linien 2017, 2026 und 2075 | Sperrung in B\u00fctzfleth: 02.09. \u2013 04.09.2026 - KVG Stade","og_description":"Vom 02. September 2026, 11:00 Uhr bis 04. September 2026 ist die Flethstra\u00dfe in B\u00fctzfleth wegen der Absackung einer Br\u00fccke notgesperrt. Linien 2017 und 2026 \u27a1\ufe0f Die Fahrt 8001 der Linie 2017 sowie die Fahrten 1005, 1010 und 1018 der Linie 2026 fahren von der Haltestelle \u201eB\u00fctzfleth, Karkenpatt\u201c direkt zur Haltestelle \u201eB\u00fctzfleth, Friedhof\u201c. Linie 2075 \u27a1\ufe0f Die Fahrt 8005 startet an der Haltestelle \u201eB\u00fctzflethermoor, Feuerwehr\u201c. \u27a1\ufe0f Die Fahrten 8006, 8010, 8014, 1012, 8016 und 8020 enden bereits an der Haltestelle \u201eB\u00fctzflethermoor, Feuerwehr\u201c.","og_url":"https:\/\/kvg-bus.de\/stade\/linien-2017-2026-und-2075-sperrung-in-buetzfleth-02-09-04-09-2026\/","og_site_name":"KVG Stade","article_published_time":"2026-09-03T10:43:24+00:00","article_modified_time":"2026-09-03T10:43:25+00:00","og_image":[{"width":1920,"height":640,"url":"https:\/\/kvg-bus.de\/stade\/wp-content\/uploads\/sites\/14\/header-subsite_stoerungen.png","type":"image\/png"}],"author":"mzimmermann","twitter_card":"summary_large_image","twitter_misc":{"\u041d\u0430\u043f\u0438\u0441\u0430\u043d\u043e \u0430\u0432\u0442\u043e\u0440\u043e\u043c":"mzimmermann","\u041f\u0440\u0438\u043c\u0435\u0440\u043d\u043e\u0435 \u0432\u0440\u0435\u043c\u044f \u0434\u043b\u044f \u0447\u0442\u0435\u043d\u0438\u044f":"1 \u043c\u0438\u043d\u0443\u0442\u0430"},"schema":{"@context":"https:\/\/schema.org","@graph":[{"@type":"Article","@id":"https:\/\/kvg-bus.de\/stade\/linien-2017-2026-und-2075-sperrung-in-buetzfleth-02-09-04-09-2026\/#article","isPartOf":{"@id":"https:\/\/kvg-bus.de\/stade\/linien-2017-2026-und-2075-sperrung-in-buetzfleth-02-09-04-09-2026\/"},"author":{"name":"mzimmermann","@id":"https:\/\/kvg-bus.de\/stade\/#\/schema\/person\/5a5abfab092f868ec7cbe0f59e95749b"},"headline":"Linien 2017, 2026 und 2075 | Sperrung in B\u00fctzfleth: 02.09. \u2013 04.09.2026","datePublished":"2026-09-03T10:43:24+00:00","dateModified":"2026-09-03T10:43:25+00:00","mainEntityOfPage":{"@id":"https:\/\/kvg-bus.de\/stade\/linien-2017-2026-und-2075-sperrung-in-buetzfleth-02-09-04-09-2026\/"},"wordCount":77,"commentCount":0,"publisher":{"@id":"https:\/\/kvg-bus.de\/stade\/#organization"},"image":{"@id":"https:\/\/kvg-bus.de\/stade\/linien-2017-2026-und-2075-sperrung-in-buetzfleth-02-09-04-09-2026\/#primaryimage"},"thumbnailUrl":"https:\/\/kvg-bus.de\/stade\/wp-content\/uploads\/sites\/14\/header-subsite_stoerungen.png","articleSection":["Stade","Fahrplanabweichungen"],"inLanguage":"ru-RU","potentialAction":[{"@type":"CommentAction","name":"Comment","target":["https:\/\/kvg-bus.de\/stade\/linien-2017-2026-und-2075-sperrung-in-buetzfleth-02-09-04-09-2026\/#respond"]}]},{"@type":"WebPage","@id":"https:\/\/kvg-bus.de\/stade\/linien-2017-2026-und-2075-sperrung-in-buetzfleth-02-09-04-09-2026\/","url":"https:\/\/kvg-bus.de\/stade\/linien-2017-2026-und-2075-sperrung-in-buetzfleth-02-09-04-09-2026\/","name":"Linien 2017, 2026 und 2075 | Sperrung in B\u00fctzfleth: 02.09. \u2013 04.09.2026 - KVG Stade","isPartOf":{"@id":"https:\/\/kvg-bus.de\/stade\/#website"},"primaryImageOfPage":{"@id":"https:\/\/kvg-bus.de\/stade\/linien-2017-2026-und-2075-sperrung-in-buetzfleth-02-09-04-09-2026\/#primaryimage"},"image":{"@id":"https:\/\/kvg-bus.de\/stade\/linien-2017-2026-und-2075-sperrung-in-buetzfleth-02-09-04-09-2026\/#primaryimage"},"thumbnailUrl":"https:\/\/kvg-bus.de\/stade\/wp-content\/uploads\/sites\/14\/header-subsite_stoerungen.png","datePublished":"2026-09-03T10:43:24+00:00","dateModified":"2026-09-03T10:43:25+00:00","breadcrumb":{"@id":"https:\/\/kvg-bus.de\/stade\/linien-2017-2026-und-2075-sperrung-in-buetzfleth-02-09-04-09-2026\/#breadcrumb"},"inLanguage":"ru-RU","potentialAction":[{"@type":"ReadAction","target":["https:\/\/kvg-bus.de\/stade\/linien-2017-2026-und-2075-sperrung-in-buetzfleth-02-09-04-09-2026\/"]}]},{"@type":"ImageObject","inLanguage":"ru-RU","@id":"https:\/\/kvg-bus.de\/stade\/linien-2017-2026-und-2075-sperrung-in-buetzfleth-02-09-04-09-2026\/#primaryimage","url":"https:\/\/kvg-bus.de\/stade\/wp-content\/uploads\/sites\/14\/header-subsite_stoerungen.png","contentUrl":"https:\/\/kvg-bus.de\/stade\/wp-content\/uploads\/sites\/14\/header-subsite_stoerungen.png","width":1920,"height":640},{"@type":"BreadcrumbList","@id":"https:\/\/kvg-bus.de\/stade\/linien-2017-2026-und-2075-sperrung-in-buetzfleth-02-09-04-09-2026\/#breadcrumb","itemListElement":[{"@type":"ListItem","position":1,"name":"Startseite","item":"https:\/\/kvg-bus.de\/stade\/"},{"@type":"ListItem","position":2,"name":"Linien 2017, 2026 und 2075 | Sperrung in B\u00fctzfleth: 02.09. \u2013 04.09.2026"}]},{"@type":"WebSite","@id":"https:\/\/kvg-bus.de\/stade\/#website","url":"https:\/\/kvg-bus.de\/stade\/","name":"KVG Stade","description":"","publisher":{"@id":"https:\/\/kvg-bus.de\/stade\/#organization"},"potentialAction":[{"@type":"SearchAction","target":{"@type":"EntryPoint","urlTemplate":"https:\/\/kvg-bus.de\/stade\/?s={search_term_string}"},"query-input":{"@type":"PropertyValueSpecification","valueRequired":true,"valueName":"search_term_string"}}],"inLanguage":"ru-RU"},{"@type":"Organization","@id":"https:\/\/kvg-bus.de\/stade\/#organization","name":"KVG Stade","url":"https:\/\/kvg-bus.de\/stade\/","logo":{"@type":"ImageObject","inLanguage":"ru-RU","@id":"https:\/\/kvg-bus.de\/stade\/#\/schema\/logo\/image\/","url":"https:\/\/kvg-bus.de\/stade\/wp-content\/uploads\/sites\/14\/kvg_logo-1.svg","contentUrl":"https:\/\/kvg-bus.de\/stade\/wp-content\/uploads\/sites\/14\/kvg_logo-1.svg","width":1322,"height":404,"caption":"KVG Stade"},"image":{"@id":"https:\/\/kvg-bus.de\/stade\/#\/schema\/logo\/image\/"}},{"@type":"Person","@id":"https:\/\/kvg-bus.de\/stade\/#\/schema\/person\/5a5abfab092f868ec7cbe0f59e95749b","name":"mzimmermann","image":{"@type":"ImageObject","inLanguage":"ru-RU","@id":"https:\/\/secure.gravatar.com\/avatar\/0f69d8b83e3b3e54f0b766684bb3fd6649f0081ecdbff759ed4b19e5df68d1e4?s=96&d=mm&r=g","url":"https:\/\/secure.gravatar.com\/avatar\/0f69d8b83e3b3e54f0b766684bb3fd6649f0081ecdbff759ed4b19e5df68d1e4?s=96&d=mm&r=g","contentUrl":"https:\/\/secure.gravatar.com\/avatar\/0f69d8b83e3b3e54f0b766684bb3fd6649f0081ecdbff759ed4b19e5df68d1e4?s=96&d=mm&r=g","caption":"mzimmermann"},"url":"https:\/\/kvg-bus.de\/stade\/ru\/author\/mzimmermann\/"}]}},"_links":{"self":[{"href":"https:\/\/kvg-bus.de\/stade\/ru\/wp-json\/wp\/v2\/posts\/5622","targetHints":{"allow":["GET"]}}],"collection":[{"href":"https:\/\/kvg-bus.de\/stade\/ru\/wp-json\/wp\/v2\/posts"}],"about":[{"href":"https:\/\/kvg-bus.de\/stade\/ru\/wp-json\/wp\/v2\/types\/post"}],"author":[{"embeddable":true,"href":"https:\/\/kvg-bus.de\/stade\/ru\/wp-json\/wp\/v2\/users\/10"}],"replies":[{"embeddable":true,"href":"https:\/\/kvg-bus.de\/stade\/ru\/wp-json\/wp\/v2\/comments?post=5622"}],"version-history":[{"count":0,"href":"https:\/\/kvg-bus.de\/stade\/ru\/wp-json\/wp\/v2\/posts\/5622\/revisions"}],"wp:attachment":[{"href":"https:\/\/kvg-bus.de\/stade\/ru\/wp-json\/wp\/v2\/media?parent=5622"}],"wp:term":[{"taxonomy":"category","embeddable":true,"href":"https:\/\/kvg-bus.de\/stade\/ru\/wp-json\/wp\/v2\/categories?post=5622"},{"taxonomy":"post_tag","embeddable":true,"href":"https:\/\/kvg-bus.de\/stade\/ru\/wp-json\/wp\/v2\/tags?post=5622"}],"curies":[{"name":"wp","href":"https:\/\/api.w.org\/{rel}","templated":true}]}}