{"id":5560,"date":"2026-09-01T15:38:28","date_gmt":"2026-09-01T13:38:28","guid":{"rendered":"https:\/\/kvg-bus.de\/stade\/?p=5560"},"modified":"2026-09-01T15:38:29","modified_gmt":"2026-09-01T13:38:29","slug":"linie-2007-bauarbeiten-in-stade-wiepenkathen-02-09-23-09-2026","status":"publish","type":"post","link":"https:\/\/kvg-bus.de\/stade\/ru\/linie-2007-bauarbeiten-in-stade-wiepenkathen-02-09-23-09-2026\/","title":{"rendered":"\u041b\u0438\u043d\u0438\u044f 2007 | \u0421\u0442\u0440\u043e\u0438\u0442\u0435\u043b\u044c\u043d\u044b\u0435 \u0440\u0430\u0431\u043e\u0442\u044b \u0432 \u0428\u0442\u0430\u0434\u0435-\u0412\u0438\u043f\u0435\u043d\u043a\u0430\u0442\u0435\u043d\u0435: 02.09 \u2013 23.09.2026"},"content":{"rendered":"<p class=\"PDq2pG_selectionAnchorContainer\" data-start=\"73\" data-end=\"278\">\u0418\u0437 <strong data-start=\"77\" data-end=\"99\">02. September 2026<\/strong> \u0434\u043e <strong data-start=\"104\" data-end=\"126\">23 \u0441\u0435\u043d\u0442\u044f\u0431\u0440\u044f 2026 \u0433\u043e\u0434\u0430<\/strong> \u044d\u0442\u043e <strong data-start=\"135\" data-end=\"148\">Ohle Ring<\/strong> \u0432 <strong data-start=\"152\" data-end=\"174\">\u0428\u0442\u0430\u0434\u0435-\u0412\u0438\u043f\u0435\u043d\u043a\u0430\u0442\u0435\u043d<\/strong> \u0438\u0437-\u0437\u0430 <strong data-start=\"181\" data-end=\"200\">Tiefbauarbeiten<\/strong> \u0437\u0430\u043a\u0440\u044b\u0442 \u0441 \u043e\u0434\u043d\u043e\u0439 \u0441\u0442\u043e\u0440\u043e\u043d\u044b \u0438 <strong data-start=\"229\" data-end=\"264\">\u0423\u043b\u0438\u0446\u0430 \u0441 \u043e\u0434\u043d\u043e\u0441\u0442\u043e\u0440\u043e\u043d\u043d\u0438\u043c \u0434\u0432\u0438\u0436\u0435\u043d\u0438\u0435\u043c \u0432 \u044e\u0436\u043d\u043e\u043c \u043d\u0430\u043f\u0440\u0430\u0432\u043b\u0435\u043d\u0438\u0438<\/strong> \u0443\u0441\u0442\u0430\u043d\u043e\u0432\u0438\u0442\u044c.<\/p>\n<p data-start=\"280\" data-end=\"370\">\u0421\u0430\u0439\u0442 <strong data-start=\"284\" data-end=\"298\">\u041b\u0438\u043d\u0438\u044f 2007<\/strong> f\u00e4hrt deshalb die Runde \u00fcber den <strong data-start=\"332\" data-end=\"369\">Ohle Ring gegen den Uhrzeigersinn<\/strong>.<\/p>\n<p data-start=\"372\" data-end=\"446\">\u274c \u0410\u0432\u0442\u043e\u0431\u0443\u0441\u043d\u0430\u044f \u043e\u0441\u0442\u0430\u043d\u043e\u0432\u043a\u0430 \u201e<strong data-start=\"391\" data-end=\"418\">Wiepenkathen, Ohle Kamp<\/strong>\u201c \u043d\u0435 \u043c\u043e\u0436\u0435\u0442 \u0431\u044b\u0442\u044c \u0438\u0441\u043f\u043e\u043b\u044c\u0437\u043e\u0432\u0430\u043d.<\/p>\n<p data-start=\"448\" data-end=\"531\" data-is-last-node=\"\" data-is-only-node=\"\">\u2705 \u041e\u0434\u043d\u0430 <strong data-start=\"455\" data-end=\"530\">Ersatzhaltestelle befindet sich im Ohle Ring auf H\u00f6he der Hausnummer 17<\/strong>.<\/p>","protected":false},"excerpt":{"rendered":"<p>\u0421 2 \u0441\u0435\u043d\u0442\u044f\u0431\u0440\u044f 2026 \u0433\u043e\u0434\u0430 \u043f\u043e 23 \u0441\u0435\u043d\u0442\u044f\u0431\u0440\u044f 2026 \u0433\u043e\u0434\u0430 \u0443\u043b\u0438\u0446\u0430 \u041e\u043b\u0435-\u0420\u0438\u043d\u0433 \u0432 \u0421\u0442\u0430\u0434\u0435-\u0412\u0438\u043f\u0435\u043d\u043a\u0430\u0442\u0435\u043d\u0435 \u0431\u0443\u0434\u0435\u0442 \u0447\u0430\u0441\u0442\u0438\u0447\u043d\u043e \u043f\u0435\u0440\u0435\u043a\u0440\u044b\u0442\u0430 \u0438\u0437-\u0437\u0430 \u0437\u0435\u043c\u043b\u044f\u043d\u044b\u0445 \u0440\u0430\u0431\u043e\u0442 \u0438 \u043e\u0440\u0433\u0430\u043d\u0438\u0437\u043e\u0432\u0430\u043d\u0430 \u043a\u0430\u043a \u043e\u0434\u043d\u043e\u0441\u0442\u043e\u0440\u043e\u043d\u043d\u044f\u044f \u0443\u043b\u0438\u0446\u0430 \u0432 \u044e\u0436\u043d\u043e\u043c \u043d\u0430\u043f\u0440\u0430\u0432\u043b\u0435\u043d\u0438\u0438. \u0412 \u0441\u0432\u044f\u0437\u0438 \u0441 \u044d\u0442\u0438\u043c \u043c\u0430\u0440\u0448\u0440\u0443\u0442 \u2116 2007 \u0431\u0443\u0434\u0435\u0442 \u0434\u0432\u0438\u0433\u0430\u0442\u044c\u0441\u044f \u043f\u043e \u043a\u0440\u0443\u0433\u0443 \u043f\u043e \u0443\u043b\u0438\u0446\u0435 \u201e\u041e\u043b\u0435-\u0420\u0438\u043d\u0433\u201c \u043f\u0440\u043e\u0442\u0438\u0432 \u0447\u0430\u0441\u043e\u0432\u043e\u0439 \u0441\u0442\u0440\u0435\u043b\u043a\u0438. \u274c \u041e\u0441\u0442\u0430\u043d\u043e\u0432\u043a\u0430 \u00ab\u0412\u0438\u043f\u0435\u043d\u043a\u0430\u0442\u0435\u043d, \u041e\u043b\u0435-\u041a\u0430\u043c\u043f\u00bb \u043d\u0435 \u0431\u0443\u0434\u0435\u0442 \u043e\u0431\u0441\u043b\u0443\u0436\u0438\u0432\u0430\u0442\u044c\u0441\u044f. \u2705 \u0412\u0440\u0435\u043c\u0435\u043d\u043d\u0430\u044f \u043e\u0441\u0442\u0430\u043d\u043e\u0432\u043a\u0430 \u0440\u0430\u0441\u043f\u043e\u043b\u043e\u0436\u0435\u043d\u0430 \u043d\u0430 \u0443\u043b\u0438\u0446\u0435 \u00ab\u041e\u043b\u0435-\u0420\u0438\u043d\u0433\u00bb \u043d\u0430 \u0443\u0440\u043e\u0432\u043d\u0435 \u0434\u043e\u043c\u0430 \u2116 17.<\/p>","protected":false},"author":10,"featured_media":2753,"comment_status":"open","ping_status":"open","sticky":false,"template":"","format":"standard","meta":{"footnotes":""},"categories":[78,33],"tags":[],"class_list":["post-5560","post","type-post","status-publish","format-standard","has-post-thumbnail","hentry","category-stade","category-fahrplanabweichungen"],"yoast_head":"<!-- This site is optimized with the Yoast SEO plugin v28.3 - https:\/\/yoast.com\/product\/yoast-seo-wordpress\/ -->\n<title>Linie 2007 | Bauarbeiten in Stade-Wiepenkathen: 02.09. \u2013 23.09.2026 - KVG Stade<\/title>\n<meta name=\"robots\" content=\"index, follow, max-snippet:-1, max-image-preview:large, max-video-preview:-1\" \/>\n<link rel=\"canonical\" href=\"https:\/\/kvg-bus.de\/stade\/linie-2007-bauarbeiten-in-stade-wiepenkathen-02-09-23-09-2026\/\" \/>\n<meta property=\"og:locale\" content=\"ru_RU\" \/>\n<meta property=\"og:type\" content=\"article\" \/>\n<meta property=\"og:title\" content=\"Linie 2007 | Bauarbeiten in Stade-Wiepenkathen: 02.09. \u2013 23.09.2026 - KVG Stade\" \/>\n<meta property=\"og:description\" content=\"Vom 02. September 2026 bis 23. September 2026 ist der Ohle Ring in Stade-Wiepenkathen wegen Tiefbauarbeiten halbseitig gesperrt und als Einbahnstra\u00dfe in Richtung S\u00fcden eingerichtet. Die Linie 2007 f\u00e4hrt deshalb die Runde \u00fcber den Ohle Ring gegen den Uhrzeigersinn. \u274c Die Haltestelle \u201eWiepenkathen, Ohle Kamp\u201c kann nicht bedient werden. \u2705 Eine Ersatzhaltestelle befindet sich im Ohle Ring auf H\u00f6he der Hausnummer 17.\" \/>\n<meta property=\"og:url\" content=\"https:\/\/kvg-bus.de\/stade\/linie-2007-bauarbeiten-in-stade-wiepenkathen-02-09-23-09-2026\/\" \/>\n<meta property=\"og:site_name\" content=\"KVG Stade\" \/>\n<meta property=\"article:published_time\" content=\"2026-09-01T13:38:28+00:00\" \/>\n<meta property=\"article:modified_time\" content=\"2026-09-01T13:38:29+00:00\" \/>\n<meta property=\"og:image\" content=\"https:\/\/kvg-bus.de\/stade\/wp-content\/uploads\/sites\/14\/header-subsite_stoerungen.png\" \/>\n\t<meta property=\"og:image:width\" content=\"1920\" \/>\n\t<meta property=\"og:image:height\" content=\"640\" \/>\n\t<meta property=\"og:image:type\" content=\"image\/png\" \/>\n<meta name=\"author\" content=\"mzimmermann\" \/>\n<meta name=\"twitter:card\" content=\"summary_large_image\" \/>\n<meta name=\"twitter:label1\" content=\"\u041d\u0430\u043f\u0438\u0441\u0430\u043d\u043e \u0430\u0432\u0442\u043e\u0440\u043e\u043c\" \/>\n\t<meta name=\"twitter:data1\" content=\"mzimmermann\" \/>\n\t<meta name=\"twitter:label2\" content=\"\u041f\u0440\u0438\u043c\u0435\u0440\u043d\u043e\u0435 \u0432\u0440\u0435\u043c\u044f \u0434\u043b\u044f \u0447\u0442\u0435\u043d\u0438\u044f\" \/>\n\t<meta name=\"twitter:data2\" content=\"1 \u043c\u0438\u043d\u0443\u0442\u0430\" \/>\n<script type=\"application\/ld+json\" class=\"yoast-schema-graph\">{\"@context\":\"https:\\\/\\\/schema.org\",\"@graph\":[{\"@type\":\"Article\",\"@id\":\"https:\\\/\\\/kvg-bus.de\\\/stade\\\/linie-2007-bauarbeiten-in-stade-wiepenkathen-02-09-23-09-2026\\\/#article\",\"isPartOf\":{\"@id\":\"https:\\\/\\\/kvg-bus.de\\\/stade\\\/linie-2007-bauarbeiten-in-stade-wiepenkathen-02-09-23-09-2026\\\/\"},\"author\":{\"name\":\"mzimmermann\",\"@id\":\"https:\\\/\\\/kvg-bus.de\\\/stade\\\/#\\\/schema\\\/person\\\/5a5abfab092f868ec7cbe0f59e95749b\"},\"headline\":\"Linie 2007 | Bauarbeiten in Stade-Wiepenkathen: 02.09. \u2013 23.09.2026\",\"datePublished\":\"2026-09-01T13:38:28+00:00\",\"dateModified\":\"2026-09-01T13:38:29+00:00\",\"mainEntityOfPage\":{\"@id\":\"https:\\\/\\\/kvg-bus.de\\\/stade\\\/linie-2007-bauarbeiten-in-stade-wiepenkathen-02-09-23-09-2026\\\/\"},\"wordCount\":64,\"commentCount\":0,\"publisher\":{\"@id\":\"https:\\\/\\\/kvg-bus.de\\\/stade\\\/#organization\"},\"image\":{\"@id\":\"https:\\\/\\\/kvg-bus.de\\\/stade\\\/linie-2007-bauarbeiten-in-stade-wiepenkathen-02-09-23-09-2026\\\/#primaryimage\"},\"thumbnailUrl\":\"https:\\\/\\\/kvg-bus.de\\\/stade\\\/wp-content\\\/uploads\\\/sites\\\/14\\\/header-subsite_stoerungen.png\",\"articleSection\":[\"Stade\",\"Fahrplanabweichungen\"],\"inLanguage\":\"ru-RU\",\"potentialAction\":[{\"@type\":\"CommentAction\",\"name\":\"Comment\",\"target\":[\"https:\\\/\\\/kvg-bus.de\\\/stade\\\/linie-2007-bauarbeiten-in-stade-wiepenkathen-02-09-23-09-2026\\\/#respond\"]}]},{\"@type\":\"WebPage\",\"@id\":\"https:\\\/\\\/kvg-bus.de\\\/stade\\\/linie-2007-bauarbeiten-in-stade-wiepenkathen-02-09-23-09-2026\\\/\",\"url\":\"https:\\\/\\\/kvg-bus.de\\\/stade\\\/linie-2007-bauarbeiten-in-stade-wiepenkathen-02-09-23-09-2026\\\/\",\"name\":\"Linie 2007 | Bauarbeiten in Stade-Wiepenkathen: 02.09. \u2013 23.09.2026 - KVG Stade\",\"isPartOf\":{\"@id\":\"https:\\\/\\\/kvg-bus.de\\\/stade\\\/#website\"},\"primaryImageOfPage\":{\"@id\":\"https:\\\/\\\/kvg-bus.de\\\/stade\\\/linie-2007-bauarbeiten-in-stade-wiepenkathen-02-09-23-09-2026\\\/#primaryimage\"},\"image\":{\"@id\":\"https:\\\/\\\/kvg-bus.de\\\/stade\\\/linie-2007-bauarbeiten-in-stade-wiepenkathen-02-09-23-09-2026\\\/#primaryimage\"},\"thumbnailUrl\":\"https:\\\/\\\/kvg-bus.de\\\/stade\\\/wp-content\\\/uploads\\\/sites\\\/14\\\/header-subsite_stoerungen.png\",\"datePublished\":\"2026-09-01T13:38:28+00:00\",\"dateModified\":\"2026-09-01T13:38:29+00:00\",\"breadcrumb\":{\"@id\":\"https:\\\/\\\/kvg-bus.de\\\/stade\\\/linie-2007-bauarbeiten-in-stade-wiepenkathen-02-09-23-09-2026\\\/#breadcrumb\"},\"inLanguage\":\"ru-RU\",\"potentialAction\":[{\"@type\":\"ReadAction\",\"target\":[\"https:\\\/\\\/kvg-bus.de\\\/stade\\\/linie-2007-bauarbeiten-in-stade-wiepenkathen-02-09-23-09-2026\\\/\"]}]},{\"@type\":\"ImageObject\",\"inLanguage\":\"ru-RU\",\"@id\":\"https:\\\/\\\/kvg-bus.de\\\/stade\\\/linie-2007-bauarbeiten-in-stade-wiepenkathen-02-09-23-09-2026\\\/#primaryimage\",\"url\":\"https:\\\/\\\/kvg-bus.de\\\/stade\\\/wp-content\\\/uploads\\\/sites\\\/14\\\/header-subsite_stoerungen.png\",\"contentUrl\":\"https:\\\/\\\/kvg-bus.de\\\/stade\\\/wp-content\\\/uploads\\\/sites\\\/14\\\/header-subsite_stoerungen.png\",\"width\":1920,\"height\":640},{\"@type\":\"BreadcrumbList\",\"@id\":\"https:\\\/\\\/kvg-bus.de\\\/stade\\\/linie-2007-bauarbeiten-in-stade-wiepenkathen-02-09-23-09-2026\\\/#breadcrumb\",\"itemListElement\":[{\"@type\":\"ListItem\",\"position\":1,\"name\":\"Startseite\",\"item\":\"https:\\\/\\\/kvg-bus.de\\\/stade\\\/\"},{\"@type\":\"ListItem\",\"position\":2,\"name\":\"Linie 2007 | Bauarbeiten in Stade-Wiepenkathen: 02.09. \u2013 23.09.2026\"}]},{\"@type\":\"WebSite\",\"@id\":\"https:\\\/\\\/kvg-bus.de\\\/stade\\\/#website\",\"url\":\"https:\\\/\\\/kvg-bus.de\\\/stade\\\/\",\"name\":\"KVG Stade\",\"description\":\"\",\"publisher\":{\"@id\":\"https:\\\/\\\/kvg-bus.de\\\/stade\\\/#organization\"},\"potentialAction\":[{\"@type\":\"SearchAction\",\"target\":{\"@type\":\"EntryPoint\",\"urlTemplate\":\"https:\\\/\\\/kvg-bus.de\\\/stade\\\/?s={search_term_string}\"},\"query-input\":{\"@type\":\"PropertyValueSpecification\",\"valueRequired\":true,\"valueName\":\"search_term_string\"}}],\"inLanguage\":\"ru-RU\"},{\"@type\":\"Organization\",\"@id\":\"https:\\\/\\\/kvg-bus.de\\\/stade\\\/#organization\",\"name\":\"KVG Stade\",\"url\":\"https:\\\/\\\/kvg-bus.de\\\/stade\\\/\",\"logo\":{\"@type\":\"ImageObject\",\"inLanguage\":\"ru-RU\",\"@id\":\"https:\\\/\\\/kvg-bus.de\\\/stade\\\/#\\\/schema\\\/logo\\\/image\\\/\",\"url\":\"https:\\\/\\\/kvg-bus.de\\\/stade\\\/wp-content\\\/uploads\\\/sites\\\/14\\\/kvg_logo-1.svg\",\"contentUrl\":\"https:\\\/\\\/kvg-bus.de\\\/stade\\\/wp-content\\\/uploads\\\/sites\\\/14\\\/kvg_logo-1.svg\",\"width\":1322,\"height\":404,\"caption\":\"KVG Stade\"},\"image\":{\"@id\":\"https:\\\/\\\/kvg-bus.de\\\/stade\\\/#\\\/schema\\\/logo\\\/image\\\/\"}},{\"@type\":\"Person\",\"@id\":\"https:\\\/\\\/kvg-bus.de\\\/stade\\\/#\\\/schema\\\/person\\\/5a5abfab092f868ec7cbe0f59e95749b\",\"name\":\"mzimmermann\",\"image\":{\"@type\":\"ImageObject\",\"inLanguage\":\"ru-RU\",\"@id\":\"https:\\\/\\\/secure.gravatar.com\\\/avatar\\\/0f69d8b83e3b3e54f0b766684bb3fd6649f0081ecdbff759ed4b19e5df68d1e4?s=96&d=mm&r=g\",\"url\":\"https:\\\/\\\/secure.gravatar.com\\\/avatar\\\/0f69d8b83e3b3e54f0b766684bb3fd6649f0081ecdbff759ed4b19e5df68d1e4?s=96&d=mm&r=g\",\"contentUrl\":\"https:\\\/\\\/secure.gravatar.com\\\/avatar\\\/0f69d8b83e3b3e54f0b766684bb3fd6649f0081ecdbff759ed4b19e5df68d1e4?s=96&d=mm&r=g\",\"caption\":\"mzimmermann\"},\"url\":\"https:\\\/\\\/kvg-bus.de\\\/stade\\\/ru\\\/author\\\/mzimmermann\\\/\"}]}<\/script>\n<!-- \/ Yoast SEO plugin. -->","yoast_head_json":{"title":"Linie 2007 | Bauarbeiten in Stade-Wiepenkathen: 02.09. \u2013 23.09.2026 - KVG Stade","robots":{"index":"index","follow":"follow","max-snippet":"max-snippet:-1","max-image-preview":"max-image-preview:large","max-video-preview":"max-video-preview:-1"},"canonical":"https:\/\/kvg-bus.de\/stade\/linie-2007-bauarbeiten-in-stade-wiepenkathen-02-09-23-09-2026\/","og_locale":"ru_RU","og_type":"article","og_title":"Linie 2007 | Bauarbeiten in Stade-Wiepenkathen: 02.09. \u2013 23.09.2026 - KVG Stade","og_description":"Vom 02. September 2026 bis 23. September 2026 ist der Ohle Ring in Stade-Wiepenkathen wegen Tiefbauarbeiten halbseitig gesperrt und als Einbahnstra\u00dfe in Richtung S\u00fcden eingerichtet. Die Linie 2007 f\u00e4hrt deshalb die Runde \u00fcber den Ohle Ring gegen den Uhrzeigersinn. \u274c Die Haltestelle \u201eWiepenkathen, Ohle Kamp\u201c kann nicht bedient werden. \u2705 Eine Ersatzhaltestelle befindet sich im Ohle Ring auf H\u00f6he der Hausnummer 17.","og_url":"https:\/\/kvg-bus.de\/stade\/linie-2007-bauarbeiten-in-stade-wiepenkathen-02-09-23-09-2026\/","og_site_name":"KVG Stade","article_published_time":"2026-09-01T13:38:28+00:00","article_modified_time":"2026-09-01T13:38:29+00:00","og_image":[{"width":1920,"height":640,"url":"https:\/\/kvg-bus.de\/stade\/wp-content\/uploads\/sites\/14\/header-subsite_stoerungen.png","type":"image\/png"}],"author":"mzimmermann","twitter_card":"summary_large_image","twitter_misc":{"\u041d\u0430\u043f\u0438\u0441\u0430\u043d\u043e \u0430\u0432\u0442\u043e\u0440\u043e\u043c":"mzimmermann","\u041f\u0440\u0438\u043c\u0435\u0440\u043d\u043e\u0435 \u0432\u0440\u0435\u043c\u044f \u0434\u043b\u044f \u0447\u0442\u0435\u043d\u0438\u044f":"1 \u043c\u0438\u043d\u0443\u0442\u0430"},"schema":{"@context":"https:\/\/schema.org","@graph":[{"@type":"Article","@id":"https:\/\/kvg-bus.de\/stade\/linie-2007-bauarbeiten-in-stade-wiepenkathen-02-09-23-09-2026\/#article","isPartOf":{"@id":"https:\/\/kvg-bus.de\/stade\/linie-2007-bauarbeiten-in-stade-wiepenkathen-02-09-23-09-2026\/"},"author":{"name":"mzimmermann","@id":"https:\/\/kvg-bus.de\/stade\/#\/schema\/person\/5a5abfab092f868ec7cbe0f59e95749b"},"headline":"Linie 2007 | Bauarbeiten in Stade-Wiepenkathen: 02.09. \u2013 23.09.2026","datePublished":"2026-09-01T13:38:28+00:00","dateModified":"2026-09-01T13:38:29+00:00","mainEntityOfPage":{"@id":"https:\/\/kvg-bus.de\/stade\/linie-2007-bauarbeiten-in-stade-wiepenkathen-02-09-23-09-2026\/"},"wordCount":64,"commentCount":0,"publisher":{"@id":"https:\/\/kvg-bus.de\/stade\/#organization"},"image":{"@id":"https:\/\/kvg-bus.de\/stade\/linie-2007-bauarbeiten-in-stade-wiepenkathen-02-09-23-09-2026\/#primaryimage"},"thumbnailUrl":"https:\/\/kvg-bus.de\/stade\/wp-content\/uploads\/sites\/14\/header-subsite_stoerungen.png","articleSection":["Stade","Fahrplanabweichungen"],"inLanguage":"ru-RU","potentialAction":[{"@type":"CommentAction","name":"Comment","target":["https:\/\/kvg-bus.de\/stade\/linie-2007-bauarbeiten-in-stade-wiepenkathen-02-09-23-09-2026\/#respond"]}]},{"@type":"WebPage","@id":"https:\/\/kvg-bus.de\/stade\/linie-2007-bauarbeiten-in-stade-wiepenkathen-02-09-23-09-2026\/","url":"https:\/\/kvg-bus.de\/stade\/linie-2007-bauarbeiten-in-stade-wiepenkathen-02-09-23-09-2026\/","name":"Linie 2007 | Bauarbeiten in Stade-Wiepenkathen: 02.09. \u2013 23.09.2026 - KVG Stade","isPartOf":{"@id":"https:\/\/kvg-bus.de\/stade\/#website"},"primaryImageOfPage":{"@id":"https:\/\/kvg-bus.de\/stade\/linie-2007-bauarbeiten-in-stade-wiepenkathen-02-09-23-09-2026\/#primaryimage"},"image":{"@id":"https:\/\/kvg-bus.de\/stade\/linie-2007-bauarbeiten-in-stade-wiepenkathen-02-09-23-09-2026\/#primaryimage"},"thumbnailUrl":"https:\/\/kvg-bus.de\/stade\/wp-content\/uploads\/sites\/14\/header-subsite_stoerungen.png","datePublished":"2026-09-01T13:38:28+00:00","dateModified":"2026-09-01T13:38:29+00:00","breadcrumb":{"@id":"https:\/\/kvg-bus.de\/stade\/linie-2007-bauarbeiten-in-stade-wiepenkathen-02-09-23-09-2026\/#breadcrumb"},"inLanguage":"ru-RU","potentialAction":[{"@type":"ReadAction","target":["https:\/\/kvg-bus.de\/stade\/linie-2007-bauarbeiten-in-stade-wiepenkathen-02-09-23-09-2026\/"]}]},{"@type":"ImageObject","inLanguage":"ru-RU","@id":"https:\/\/kvg-bus.de\/stade\/linie-2007-bauarbeiten-in-stade-wiepenkathen-02-09-23-09-2026\/#primaryimage","url":"https:\/\/kvg-bus.de\/stade\/wp-content\/uploads\/sites\/14\/header-subsite_stoerungen.png","contentUrl":"https:\/\/kvg-bus.de\/stade\/wp-content\/uploads\/sites\/14\/header-subsite_stoerungen.png","width":1920,"height":640},{"@type":"BreadcrumbList","@id":"https:\/\/kvg-bus.de\/stade\/linie-2007-bauarbeiten-in-stade-wiepenkathen-02-09-23-09-2026\/#breadcrumb","itemListElement":[{"@type":"ListItem","position":1,"name":"Startseite","item":"https:\/\/kvg-bus.de\/stade\/"},{"@type":"ListItem","position":2,"name":"Linie 2007 | Bauarbeiten in Stade-Wiepenkathen: 02.09. \u2013 23.09.2026"}]},{"@type":"WebSite","@id":"https:\/\/kvg-bus.de\/stade\/#website","url":"https:\/\/kvg-bus.de\/stade\/","name":"KVG Stade","description":"","publisher":{"@id":"https:\/\/kvg-bus.de\/stade\/#organization"},"potentialAction":[{"@type":"SearchAction","target":{"@type":"EntryPoint","urlTemplate":"https:\/\/kvg-bus.de\/stade\/?s={search_term_string}"},"query-input":{"@type":"PropertyValueSpecification","valueRequired":true,"valueName":"search_term_string"}}],"inLanguage":"ru-RU"},{"@type":"Organization","@id":"https:\/\/kvg-bus.de\/stade\/#organization","name":"KVG Stade","url":"https:\/\/kvg-bus.de\/stade\/","logo":{"@type":"ImageObject","inLanguage":"ru-RU","@id":"https:\/\/kvg-bus.de\/stade\/#\/schema\/logo\/image\/","url":"https:\/\/kvg-bus.de\/stade\/wp-content\/uploads\/sites\/14\/kvg_logo-1.svg","contentUrl":"https:\/\/kvg-bus.de\/stade\/wp-content\/uploads\/sites\/14\/kvg_logo-1.svg","width":1322,"height":404,"caption":"KVG Stade"},"image":{"@id":"https:\/\/kvg-bus.de\/stade\/#\/schema\/logo\/image\/"}},{"@type":"Person","@id":"https:\/\/kvg-bus.de\/stade\/#\/schema\/person\/5a5abfab092f868ec7cbe0f59e95749b","name":"mzimmermann","image":{"@type":"ImageObject","inLanguage":"ru-RU","@id":"https:\/\/secure.gravatar.com\/avatar\/0f69d8b83e3b3e54f0b766684bb3fd6649f0081ecdbff759ed4b19e5df68d1e4?s=96&d=mm&r=g","url":"https:\/\/secure.gravatar.com\/avatar\/0f69d8b83e3b3e54f0b766684bb3fd6649f0081ecdbff759ed4b19e5df68d1e4?s=96&d=mm&r=g","contentUrl":"https:\/\/secure.gravatar.com\/avatar\/0f69d8b83e3b3e54f0b766684bb3fd6649f0081ecdbff759ed4b19e5df68d1e4?s=96&d=mm&r=g","caption":"mzimmermann"},"url":"https:\/\/kvg-bus.de\/stade\/ru\/author\/mzimmermann\/"}]}},"_links":{"self":[{"href":"https:\/\/kvg-bus.de\/stade\/ru\/wp-json\/wp\/v2\/posts\/5560","targetHints":{"allow":["GET"]}}],"collection":[{"href":"https:\/\/kvg-bus.de\/stade\/ru\/wp-json\/wp\/v2\/posts"}],"about":[{"href":"https:\/\/kvg-bus.de\/stade\/ru\/wp-json\/wp\/v2\/types\/post"}],"author":[{"embeddable":true,"href":"https:\/\/kvg-bus.de\/stade\/ru\/wp-json\/wp\/v2\/users\/10"}],"replies":[{"embeddable":true,"href":"https:\/\/kvg-bus.de\/stade\/ru\/wp-json\/wp\/v2\/comments?post=5560"}],"version-history":[{"count":0,"href":"https:\/\/kvg-bus.de\/stade\/ru\/wp-json\/wp\/v2\/posts\/5560\/revisions"}],"wp:attachment":[{"href":"https:\/\/kvg-bus.de\/stade\/ru\/wp-json\/wp\/v2\/media?parent=5560"}],"wp:term":[{"taxonomy":"category","embeddable":true,"href":"https:\/\/kvg-bus.de\/stade\/ru\/wp-json\/wp\/v2\/categories?post=5560"},{"taxonomy":"post_tag","embeddable":true,"href":"https:\/\/kvg-bus.de\/stade\/ru\/wp-json\/wp\/v2\/tags?post=5560"}],"curies":[{"name":"wp","href":"https:\/\/api.w.org\/{rel}","templated":true}]}}