{"id":5563,"date":"2026-09-01T16:12:06","date_gmt":"2026-09-01T14:12:06","guid":{"rendered":"https:\/\/kvg-bus.de\/stade\/?p=5563"},"modified":"2026-09-01T16:12:06","modified_gmt":"2026-09-01T14:12:06","slug":"linien-1002-1004-1007-1008-1010-1014-1023-1024-und-1027-veranstaltung-in-cuxhaven-04-09-06-09-2026","status":"publish","type":"post","link":"https:\/\/kvg-bus.de\/stade\/pl\/linien-1002-1004-1007-1008-1010-1014-1023-1024-und-1027-veranstaltung-in-cuxhaven-04-09-06-09-2026\/","title":{"rendered":"Linie 1002, 1004, 1007, 1008, 1010, 1014, 1023, 1024 i 1027 | Impreza w Cuxhaven: 04.09. \u2013 06.09.2026"},"content":{"rendered":"<p class=\"PDq2pG_selectionAnchorContainer\" data-start=\"117\" data-end=\"304\">Od <strong data-start=\"121\" data-end=\"154\">04. September 2026, 17:00 Uhr<\/strong> do <strong data-start=\"159\" data-end=\"192\">06. September 2026, 23:00 Uhr<\/strong> s\u0105 <strong data-start=\"202\" data-end=\"217\">Droga grobl\u0105<\/strong>, <strong data-start=\"219\" data-end=\"234\">Rohdestra\u00dfe<\/strong> i <strong data-start=\"239\" data-end=\"253\">Poststrasse<\/strong> w <strong data-start=\"257\" data-end=\"269\">Cuxhaven<\/strong> z powodu <strong data-start=\"280\" data-end=\"294\">Buttfestes<\/strong> zablokowane.<\/p>\n<p data-start=\"306\" data-end=\"485\">The <strong data-start=\"310\" data-end=\"376\">Linien 1002, 1004, 1007, 1008, 1010, 1014, 1023, 1024 und 1027<\/strong> w zwi\u0105zku z tym objazd przez <strong data-start=\"416\" data-end=\"441\">Konrad-Adenauer-Allee<\/strong> und teilweise \u00fcber die <strong data-start=\"465\" data-end=\"484\">Abendrothstra\u00dfe<\/strong>.<\/p>\n<p data-start=\"487\" data-end=\"633\">Przystanki<br data-start=\"505\" data-end=\"508\" \/>\u201e<strong data-start=\"509\" data-end=\"537\">Cuxhaven, Schleusenpriel<\/strong>\u201c,<br data-start=\"539\" data-end=\"542\" \/>\u201e<strong data-start=\"543\" data-end=\"564\">Cuxhaven, Centrum<\/strong>\u201c i<br data-start=\"569\" data-end=\"572\" \/>\u201e<strong data-start=\"573\" data-end=\"601\">Cuxhaven, Miejska Kasa Oszcz\u0119dno\u015bci<\/strong>\u201c<br data-start=\"602\" data-end=\"605\" \/>nie mog\u0105 by\u0107 obs\u0142ugiwane.<\/p>\n<p data-start=\"635\" data-end=\"817\" data-is-last-node=\"\" data-is-only-node=\"\">Pasa\u017cerowie proszeni s\u0105 o przej\u015bcie na przystanki.<br data-start=\"681\" data-end=\"684\" \/>\u201e<strong data-start=\"685\" data-end=\"716\">Cuxhaven, Karl-Olfers-Platz<\/strong>\u201c,<br data-start=\"718\" data-end=\"721\" \/>\u201e<strong data-start=\"722\" data-end=\"763\">Cuxhaven, Vanneter Platz Schulzentrum<\/strong>\u201c i<br data-start=\"768\" data-end=\"771\" \/>\u201e<strong data-start=\"772\" data-end=\"811\">Cuxhaven, Abendrothstra\u00dfe\/Feuerwehr<\/strong>\u201c z.<\/p>","protected":false},"excerpt":{"rendered":"<p>Vom 04. September 2026, 17:00 Uhr bis 06. September 2026, 23:00 Uhr sind die Deichstra\u00dfe, Rohdestra\u00dfe und Poststra\u00dfe in Cuxhaven wegen des Buttfestes gesperrt. Die Linien 1002, 1004, 1007, 1008, 1010, 1014, 1023, 1024 und 1027 fahren deshalb eine Umleitung \u00fcber die Konrad-Adenauer-Allee und teilweise \u00fcber die Abendrothstra\u00dfe. \u274c Die Haltestellen\u201eCuxhaven, Schleusenpriel\u201c,\u201eCuxhaven, Centrum\u201c und\u201eCuxhaven, Stadtsparkasse\u201ck\u00f6nnen nicht bedient werden. \u2705 Fahrg\u00e4ste weichen bitte auf die Haltestellen\u201eCuxhaven, Karl-Olfers-Platz\u201c,\u201eCuxhaven, Vanneter Platz Schulzentrum\u201c und\u201eCuxhaven, Abendrothstra\u00dfe\/Feuerwehr\u201c aus.<\/p>","protected":false},"author":10,"featured_media":2753,"comment_status":"open","ping_status":"open","sticky":false,"template":"","format":"standard","meta":{"footnotes":""},"categories":[81,33],"tags":[],"class_list":["post-5563","post","type-post","status-publish","format-standard","has-post-thumbnail","hentry","category-cuxhaven","category-fahrplanabweichungen"],"yoast_head":"<!-- This site is optimized with the Yoast SEO plugin v28.3 - https:\/\/yoast.com\/product\/yoast-seo-wordpress\/ -->\n<title>Linien 1002, 1004, 1007, 1008, 1010, 1014, 1023, 1024 und 1027 | Veranstaltung in Cuxhaven: 04.09. \u2013 06.09.2026 - KVG Stade<\/title>\n<meta name=\"robots\" content=\"index, follow, max-snippet:-1, max-image-preview:large, max-video-preview:-1\" \/>\n<link rel=\"canonical\" href=\"https:\/\/kvg-bus.de\/stade\/linien-1002-1004-1007-1008-1010-1014-1023-1024-und-1027-veranstaltung-in-cuxhaven-04-09-06-09-2026\/\" \/>\n<meta property=\"og:locale\" content=\"pl_PL\" \/>\n<meta property=\"og:type\" content=\"article\" \/>\n<meta property=\"og:title\" content=\"Linien 1002, 1004, 1007, 1008, 1010, 1014, 1023, 1024 und 1027 | Veranstaltung in Cuxhaven: 04.09. \u2013 06.09.2026 - KVG Stade\" \/>\n<meta property=\"og:description\" content=\"Vom 04. September 2026, 17:00 Uhr bis 06. September 2026, 23:00 Uhr sind die Deichstra\u00dfe, Rohdestra\u00dfe und Poststra\u00dfe in Cuxhaven wegen des Buttfestes gesperrt. Die Linien 1002, 1004, 1007, 1008, 1010, 1014, 1023, 1024 und 1027 fahren deshalb eine Umleitung \u00fcber die Konrad-Adenauer-Allee und teilweise \u00fcber die Abendrothstra\u00dfe. \u274c Die Haltestellen\u201eCuxhaven, Schleusenpriel\u201c,\u201eCuxhaven, Centrum\u201c und\u201eCuxhaven, Stadtsparkasse\u201ck\u00f6nnen nicht bedient werden. \u2705 Fahrg\u00e4ste weichen bitte auf die Haltestellen\u201eCuxhaven, Karl-Olfers-Platz\u201c,\u201eCuxhaven, Vanneter Platz Schulzentrum\u201c und\u201eCuxhaven, Abendrothstra\u00dfe\/Feuerwehr\u201c aus.\" \/>\n<meta property=\"og:url\" content=\"https:\/\/kvg-bus.de\/stade\/linien-1002-1004-1007-1008-1010-1014-1023-1024-und-1027-veranstaltung-in-cuxhaven-04-09-06-09-2026\/\" \/>\n<meta property=\"og:site_name\" content=\"KVG Stade\" \/>\n<meta property=\"article:published_time\" content=\"2026-09-01T14:12:06+00:00\" \/>\n<meta property=\"og:image\" content=\"https:\/\/kvg-bus.de\/stade\/wp-content\/uploads\/sites\/14\/header-subsite_stoerungen.png\" \/>\n\t<meta property=\"og:image:width\" content=\"1920\" \/>\n\t<meta property=\"og:image:height\" content=\"640\" \/>\n\t<meta property=\"og:image:type\" content=\"image\/png\" \/>\n<meta name=\"author\" content=\"mzimmermann\" \/>\n<meta name=\"twitter:card\" content=\"summary_large_image\" \/>\n<meta name=\"twitter:label1\" content=\"Napisane przez\" \/>\n\t<meta name=\"twitter:data1\" content=\"mzimmermann\" \/>\n\t<meta name=\"twitter:label2\" content=\"Szacowany czas czytania\" \/>\n\t<meta name=\"twitter:data2\" content=\"1 minuta\" \/>\n<script type=\"application\/ld+json\" class=\"yoast-schema-graph\">{\"@context\":\"https:\\\/\\\/schema.org\",\"@graph\":[{\"@type\":\"Article\",\"@id\":\"https:\\\/\\\/kvg-bus.de\\\/stade\\\/linien-1002-1004-1007-1008-1010-1014-1023-1024-und-1027-veranstaltung-in-cuxhaven-04-09-06-09-2026\\\/#article\",\"isPartOf\":{\"@id\":\"https:\\\/\\\/kvg-bus.de\\\/stade\\\/linien-1002-1004-1007-1008-1010-1014-1023-1024-und-1027-veranstaltung-in-cuxhaven-04-09-06-09-2026\\\/\"},\"author\":{\"name\":\"mzimmermann\",\"@id\":\"https:\\\/\\\/kvg-bus.de\\\/stade\\\/#\\\/schema\\\/person\\\/5a5abfab092f868ec7cbe0f59e95749b\"},\"headline\":\"Linien 1002, 1004, 1007, 1008, 1010, 1014, 1023, 1024 und 1027 | Veranstaltung in Cuxhaven: 04.09. \u2013 06.09.2026\",\"datePublished\":\"2026-09-01T14:12:06+00:00\",\"mainEntityOfPage\":{\"@id\":\"https:\\\/\\\/kvg-bus.de\\\/stade\\\/linien-1002-1004-1007-1008-1010-1014-1023-1024-und-1027-veranstaltung-in-cuxhaven-04-09-06-09-2026\\\/\"},\"wordCount\":77,\"commentCount\":0,\"publisher\":{\"@id\":\"https:\\\/\\\/kvg-bus.de\\\/stade\\\/#organization\"},\"image\":{\"@id\":\"https:\\\/\\\/kvg-bus.de\\\/stade\\\/linien-1002-1004-1007-1008-1010-1014-1023-1024-und-1027-veranstaltung-in-cuxhaven-04-09-06-09-2026\\\/#primaryimage\"},\"thumbnailUrl\":\"https:\\\/\\\/kvg-bus.de\\\/stade\\\/wp-content\\\/uploads\\\/sites\\\/14\\\/header-subsite_stoerungen.png\",\"articleSection\":[\"Cuxhaven\",\"Fahrplanabweichungen\"],\"inLanguage\":\"pl-PL\",\"potentialAction\":[{\"@type\":\"CommentAction\",\"name\":\"Comment\",\"target\":[\"https:\\\/\\\/kvg-bus.de\\\/stade\\\/linien-1002-1004-1007-1008-1010-1014-1023-1024-und-1027-veranstaltung-in-cuxhaven-04-09-06-09-2026\\\/#respond\"]}]},{\"@type\":\"WebPage\",\"@id\":\"https:\\\/\\\/kvg-bus.de\\\/stade\\\/linien-1002-1004-1007-1008-1010-1014-1023-1024-und-1027-veranstaltung-in-cuxhaven-04-09-06-09-2026\\\/\",\"url\":\"https:\\\/\\\/kvg-bus.de\\\/stade\\\/linien-1002-1004-1007-1008-1010-1014-1023-1024-und-1027-veranstaltung-in-cuxhaven-04-09-06-09-2026\\\/\",\"name\":\"Linien 1002, 1004, 1007, 1008, 1010, 1014, 1023, 1024 und 1027 | Veranstaltung in Cuxhaven: 04.09. \u2013 06.09.2026 - KVG Stade\",\"isPartOf\":{\"@id\":\"https:\\\/\\\/kvg-bus.de\\\/stade\\\/#website\"},\"primaryImageOfPage\":{\"@id\":\"https:\\\/\\\/kvg-bus.de\\\/stade\\\/linien-1002-1004-1007-1008-1010-1014-1023-1024-und-1027-veranstaltung-in-cuxhaven-04-09-06-09-2026\\\/#primaryimage\"},\"image\":{\"@id\":\"https:\\\/\\\/kvg-bus.de\\\/stade\\\/linien-1002-1004-1007-1008-1010-1014-1023-1024-und-1027-veranstaltung-in-cuxhaven-04-09-06-09-2026\\\/#primaryimage\"},\"thumbnailUrl\":\"https:\\\/\\\/kvg-bus.de\\\/stade\\\/wp-content\\\/uploads\\\/sites\\\/14\\\/header-subsite_stoerungen.png\",\"datePublished\":\"2026-09-01T14:12:06+00:00\",\"breadcrumb\":{\"@id\":\"https:\\\/\\\/kvg-bus.de\\\/stade\\\/linien-1002-1004-1007-1008-1010-1014-1023-1024-und-1027-veranstaltung-in-cuxhaven-04-09-06-09-2026\\\/#breadcrumb\"},\"inLanguage\":\"pl-PL\",\"potentialAction\":[{\"@type\":\"ReadAction\",\"target\":[\"https:\\\/\\\/kvg-bus.de\\\/stade\\\/linien-1002-1004-1007-1008-1010-1014-1023-1024-und-1027-veranstaltung-in-cuxhaven-04-09-06-09-2026\\\/\"]}]},{\"@type\":\"ImageObject\",\"inLanguage\":\"pl-PL\",\"@id\":\"https:\\\/\\\/kvg-bus.de\\\/stade\\\/linien-1002-1004-1007-1008-1010-1014-1023-1024-und-1027-veranstaltung-in-cuxhaven-04-09-06-09-2026\\\/#primaryimage\",\"url\":\"https:\\\/\\\/kvg-bus.de\\\/stade\\\/wp-content\\\/uploads\\\/sites\\\/14\\\/header-subsite_stoerungen.png\",\"contentUrl\":\"https:\\\/\\\/kvg-bus.de\\\/stade\\\/wp-content\\\/uploads\\\/sites\\\/14\\\/header-subsite_stoerungen.png\",\"width\":1920,\"height\":640},{\"@type\":\"BreadcrumbList\",\"@id\":\"https:\\\/\\\/kvg-bus.de\\\/stade\\\/linien-1002-1004-1007-1008-1010-1014-1023-1024-und-1027-veranstaltung-in-cuxhaven-04-09-06-09-2026\\\/#breadcrumb\",\"itemListElement\":[{\"@type\":\"ListItem\",\"position\":1,\"name\":\"Startseite\",\"item\":\"https:\\\/\\\/kvg-bus.de\\\/stade\\\/\"},{\"@type\":\"ListItem\",\"position\":2,\"name\":\"Linien 1002, 1004, 1007, 1008, 1010, 1014, 1023, 1024 und 1027 | Veranstaltung in Cuxhaven: 04.09. \u2013 06.09.2026\"}]},{\"@type\":\"WebSite\",\"@id\":\"https:\\\/\\\/kvg-bus.de\\\/stade\\\/#website\",\"url\":\"https:\\\/\\\/kvg-bus.de\\\/stade\\\/\",\"name\":\"KVG Stade\",\"description\":\"\",\"publisher\":{\"@id\":\"https:\\\/\\\/kvg-bus.de\\\/stade\\\/#organization\"},\"potentialAction\":[{\"@type\":\"SearchAction\",\"target\":{\"@type\":\"EntryPoint\",\"urlTemplate\":\"https:\\\/\\\/kvg-bus.de\\\/stade\\\/?s={search_term_string}\"},\"query-input\":{\"@type\":\"PropertyValueSpecification\",\"valueRequired\":true,\"valueName\":\"search_term_string\"}}],\"inLanguage\":\"pl-PL\"},{\"@type\":\"Organization\",\"@id\":\"https:\\\/\\\/kvg-bus.de\\\/stade\\\/#organization\",\"name\":\"KVG Stade\",\"url\":\"https:\\\/\\\/kvg-bus.de\\\/stade\\\/\",\"logo\":{\"@type\":\"ImageObject\",\"inLanguage\":\"pl-PL\",\"@id\":\"https:\\\/\\\/kvg-bus.de\\\/stade\\\/#\\\/schema\\\/logo\\\/image\\\/\",\"url\":\"https:\\\/\\\/kvg-bus.de\\\/stade\\\/wp-content\\\/uploads\\\/sites\\\/14\\\/kvg_logo-1.svg\",\"contentUrl\":\"https:\\\/\\\/kvg-bus.de\\\/stade\\\/wp-content\\\/uploads\\\/sites\\\/14\\\/kvg_logo-1.svg\",\"width\":1322,\"height\":404,\"caption\":\"KVG Stade\"},\"image\":{\"@id\":\"https:\\\/\\\/kvg-bus.de\\\/stade\\\/#\\\/schema\\\/logo\\\/image\\\/\"}},{\"@type\":\"Person\",\"@id\":\"https:\\\/\\\/kvg-bus.de\\\/stade\\\/#\\\/schema\\\/person\\\/5a5abfab092f868ec7cbe0f59e95749b\",\"name\":\"mzimmermann\",\"image\":{\"@type\":\"ImageObject\",\"inLanguage\":\"pl-PL\",\"@id\":\"https:\\\/\\\/secure.gravatar.com\\\/avatar\\\/0f69d8b83e3b3e54f0b766684bb3fd6649f0081ecdbff759ed4b19e5df68d1e4?s=96&d=mm&r=g\",\"url\":\"https:\\\/\\\/secure.gravatar.com\\\/avatar\\\/0f69d8b83e3b3e54f0b766684bb3fd6649f0081ecdbff759ed4b19e5df68d1e4?s=96&d=mm&r=g\",\"contentUrl\":\"https:\\\/\\\/secure.gravatar.com\\\/avatar\\\/0f69d8b83e3b3e54f0b766684bb3fd6649f0081ecdbff759ed4b19e5df68d1e4?s=96&d=mm&r=g\",\"caption\":\"mzimmermann\"},\"url\":\"https:\\\/\\\/kvg-bus.de\\\/stade\\\/pl\\\/author\\\/mzimmermann\\\/\"}]}<\/script>\n<!-- \/ Yoast SEO plugin. -->","yoast_head_json":{"title":"Linien 1002, 1004, 1007, 1008, 1010, 1014, 1023, 1024 und 1027 | Veranstaltung in Cuxhaven: 04.09. \u2013 06.09.2026 - KVG Stade","robots":{"index":"index","follow":"follow","max-snippet":"max-snippet:-1","max-image-preview":"max-image-preview:large","max-video-preview":"max-video-preview:-1"},"canonical":"https:\/\/kvg-bus.de\/stade\/linien-1002-1004-1007-1008-1010-1014-1023-1024-und-1027-veranstaltung-in-cuxhaven-04-09-06-09-2026\/","og_locale":"pl_PL","og_type":"article","og_title":"Linien 1002, 1004, 1007, 1008, 1010, 1014, 1023, 1024 und 1027 | Veranstaltung in Cuxhaven: 04.09. \u2013 06.09.2026 - KVG Stade","og_description":"Vom 04. September 2026, 17:00 Uhr bis 06. September 2026, 23:00 Uhr sind die Deichstra\u00dfe, Rohdestra\u00dfe und Poststra\u00dfe in Cuxhaven wegen des Buttfestes gesperrt. Die Linien 1002, 1004, 1007, 1008, 1010, 1014, 1023, 1024 und 1027 fahren deshalb eine Umleitung \u00fcber die Konrad-Adenauer-Allee und teilweise \u00fcber die Abendrothstra\u00dfe. \u274c Die Haltestellen\u201eCuxhaven, Schleusenpriel\u201c,\u201eCuxhaven, Centrum\u201c und\u201eCuxhaven, Stadtsparkasse\u201ck\u00f6nnen nicht bedient werden. \u2705 Fahrg\u00e4ste weichen bitte auf die Haltestellen\u201eCuxhaven, Karl-Olfers-Platz\u201c,\u201eCuxhaven, Vanneter Platz Schulzentrum\u201c und\u201eCuxhaven, Abendrothstra\u00dfe\/Feuerwehr\u201c aus.","og_url":"https:\/\/kvg-bus.de\/stade\/linien-1002-1004-1007-1008-1010-1014-1023-1024-und-1027-veranstaltung-in-cuxhaven-04-09-06-09-2026\/","og_site_name":"KVG Stade","article_published_time":"2026-09-01T14:12:06+00:00","og_image":[{"width":1920,"height":640,"url":"https:\/\/kvg-bus.de\/stade\/wp-content\/uploads\/sites\/14\/header-subsite_stoerungen.png","type":"image\/png"}],"author":"mzimmermann","twitter_card":"summary_large_image","twitter_misc":{"Napisane przez":"mzimmermann","Szacowany czas czytania":"1 minuta"},"schema":{"@context":"https:\/\/schema.org","@graph":[{"@type":"Article","@id":"https:\/\/kvg-bus.de\/stade\/linien-1002-1004-1007-1008-1010-1014-1023-1024-und-1027-veranstaltung-in-cuxhaven-04-09-06-09-2026\/#article","isPartOf":{"@id":"https:\/\/kvg-bus.de\/stade\/linien-1002-1004-1007-1008-1010-1014-1023-1024-und-1027-veranstaltung-in-cuxhaven-04-09-06-09-2026\/"},"author":{"name":"mzimmermann","@id":"https:\/\/kvg-bus.de\/stade\/#\/schema\/person\/5a5abfab092f868ec7cbe0f59e95749b"},"headline":"Linien 1002, 1004, 1007, 1008, 1010, 1014, 1023, 1024 und 1027 | Veranstaltung in Cuxhaven: 04.09. \u2013 06.09.2026","datePublished":"2026-09-01T14:12:06+00:00","mainEntityOfPage":{"@id":"https:\/\/kvg-bus.de\/stade\/linien-1002-1004-1007-1008-1010-1014-1023-1024-und-1027-veranstaltung-in-cuxhaven-04-09-06-09-2026\/"},"wordCount":77,"commentCount":0,"publisher":{"@id":"https:\/\/kvg-bus.de\/stade\/#organization"},"image":{"@id":"https:\/\/kvg-bus.de\/stade\/linien-1002-1004-1007-1008-1010-1014-1023-1024-und-1027-veranstaltung-in-cuxhaven-04-09-06-09-2026\/#primaryimage"},"thumbnailUrl":"https:\/\/kvg-bus.de\/stade\/wp-content\/uploads\/sites\/14\/header-subsite_stoerungen.png","articleSection":["Cuxhaven","Fahrplanabweichungen"],"inLanguage":"pl-PL","potentialAction":[{"@type":"CommentAction","name":"Comment","target":["https:\/\/kvg-bus.de\/stade\/linien-1002-1004-1007-1008-1010-1014-1023-1024-und-1027-veranstaltung-in-cuxhaven-04-09-06-09-2026\/#respond"]}]},{"@type":"WebPage","@id":"https:\/\/kvg-bus.de\/stade\/linien-1002-1004-1007-1008-1010-1014-1023-1024-und-1027-veranstaltung-in-cuxhaven-04-09-06-09-2026\/","url":"https:\/\/kvg-bus.de\/stade\/linien-1002-1004-1007-1008-1010-1014-1023-1024-und-1027-veranstaltung-in-cuxhaven-04-09-06-09-2026\/","name":"Linien 1002, 1004, 1007, 1008, 1010, 1014, 1023, 1024 und 1027 | Veranstaltung in Cuxhaven: 04.09. \u2013 06.09.2026 - KVG Stade","isPartOf":{"@id":"https:\/\/kvg-bus.de\/stade\/#website"},"primaryImageOfPage":{"@id":"https:\/\/kvg-bus.de\/stade\/linien-1002-1004-1007-1008-1010-1014-1023-1024-und-1027-veranstaltung-in-cuxhaven-04-09-06-09-2026\/#primaryimage"},"image":{"@id":"https:\/\/kvg-bus.de\/stade\/linien-1002-1004-1007-1008-1010-1014-1023-1024-und-1027-veranstaltung-in-cuxhaven-04-09-06-09-2026\/#primaryimage"},"thumbnailUrl":"https:\/\/kvg-bus.de\/stade\/wp-content\/uploads\/sites\/14\/header-subsite_stoerungen.png","datePublished":"2026-09-01T14:12:06+00:00","breadcrumb":{"@id":"https:\/\/kvg-bus.de\/stade\/linien-1002-1004-1007-1008-1010-1014-1023-1024-und-1027-veranstaltung-in-cuxhaven-04-09-06-09-2026\/#breadcrumb"},"inLanguage":"pl-PL","potentialAction":[{"@type":"ReadAction","target":["https:\/\/kvg-bus.de\/stade\/linien-1002-1004-1007-1008-1010-1014-1023-1024-und-1027-veranstaltung-in-cuxhaven-04-09-06-09-2026\/"]}]},{"@type":"ImageObject","inLanguage":"pl-PL","@id":"https:\/\/kvg-bus.de\/stade\/linien-1002-1004-1007-1008-1010-1014-1023-1024-und-1027-veranstaltung-in-cuxhaven-04-09-06-09-2026\/#primaryimage","url":"https:\/\/kvg-bus.de\/stade\/wp-content\/uploads\/sites\/14\/header-subsite_stoerungen.png","contentUrl":"https:\/\/kvg-bus.de\/stade\/wp-content\/uploads\/sites\/14\/header-subsite_stoerungen.png","width":1920,"height":640},{"@type":"BreadcrumbList","@id":"https:\/\/kvg-bus.de\/stade\/linien-1002-1004-1007-1008-1010-1014-1023-1024-und-1027-veranstaltung-in-cuxhaven-04-09-06-09-2026\/#breadcrumb","itemListElement":[{"@type":"ListItem","position":1,"name":"Startseite","item":"https:\/\/kvg-bus.de\/stade\/"},{"@type":"ListItem","position":2,"name":"Linien 1002, 1004, 1007, 1008, 1010, 1014, 1023, 1024 und 1027 | Veranstaltung in Cuxhaven: 04.09. \u2013 06.09.2026"}]},{"@type":"WebSite","@id":"https:\/\/kvg-bus.de\/stade\/#website","url":"https:\/\/kvg-bus.de\/stade\/","name":"KVG Stade","description":"","publisher":{"@id":"https:\/\/kvg-bus.de\/stade\/#organization"},"potentialAction":[{"@type":"SearchAction","target":{"@type":"EntryPoint","urlTemplate":"https:\/\/kvg-bus.de\/stade\/?s={search_term_string}"},"query-input":{"@type":"PropertyValueSpecification","valueRequired":true,"valueName":"search_term_string"}}],"inLanguage":"pl-PL"},{"@type":"Organization","@id":"https:\/\/kvg-bus.de\/stade\/#organization","name":"KVG Stade","url":"https:\/\/kvg-bus.de\/stade\/","logo":{"@type":"ImageObject","inLanguage":"pl-PL","@id":"https:\/\/kvg-bus.de\/stade\/#\/schema\/logo\/image\/","url":"https:\/\/kvg-bus.de\/stade\/wp-content\/uploads\/sites\/14\/kvg_logo-1.svg","contentUrl":"https:\/\/kvg-bus.de\/stade\/wp-content\/uploads\/sites\/14\/kvg_logo-1.svg","width":1322,"height":404,"caption":"KVG Stade"},"image":{"@id":"https:\/\/kvg-bus.de\/stade\/#\/schema\/logo\/image\/"}},{"@type":"Person","@id":"https:\/\/kvg-bus.de\/stade\/#\/schema\/person\/5a5abfab092f868ec7cbe0f59e95749b","name":"mzimmermann","image":{"@type":"ImageObject","inLanguage":"pl-PL","@id":"https:\/\/secure.gravatar.com\/avatar\/0f69d8b83e3b3e54f0b766684bb3fd6649f0081ecdbff759ed4b19e5df68d1e4?s=96&d=mm&r=g","url":"https:\/\/secure.gravatar.com\/avatar\/0f69d8b83e3b3e54f0b766684bb3fd6649f0081ecdbff759ed4b19e5df68d1e4?s=96&d=mm&r=g","contentUrl":"https:\/\/secure.gravatar.com\/avatar\/0f69d8b83e3b3e54f0b766684bb3fd6649f0081ecdbff759ed4b19e5df68d1e4?s=96&d=mm&r=g","caption":"mzimmermann"},"url":"https:\/\/kvg-bus.de\/stade\/pl\/author\/mzimmermann\/"}]}},"_links":{"self":[{"href":"https:\/\/kvg-bus.de\/stade\/pl\/wp-json\/wp\/v2\/posts\/5563","targetHints":{"allow":["GET"]}}],"collection":[{"href":"https:\/\/kvg-bus.de\/stade\/pl\/wp-json\/wp\/v2\/posts"}],"about":[{"href":"https:\/\/kvg-bus.de\/stade\/pl\/wp-json\/wp\/v2\/types\/post"}],"author":[{"embeddable":true,"href":"https:\/\/kvg-bus.de\/stade\/pl\/wp-json\/wp\/v2\/users\/10"}],"replies":[{"embeddable":true,"href":"https:\/\/kvg-bus.de\/stade\/pl\/wp-json\/wp\/v2\/comments?post=5563"}],"version-history":[{"count":0,"href":"https:\/\/kvg-bus.de\/stade\/pl\/wp-json\/wp\/v2\/posts\/5563\/revisions"}],"wp:attachment":[{"href":"https:\/\/kvg-bus.de\/stade\/pl\/wp-json\/wp\/v2\/media?parent=5563"}],"wp:term":[{"taxonomy":"category","embeddable":true,"href":"https:\/\/kvg-bus.de\/stade\/pl\/wp-json\/wp\/v2\/categories?post=5563"},{"taxonomy":"post_tag","embeddable":true,"href":"https:\/\/kvg-bus.de\/stade\/pl\/wp-json\/wp\/v2\/tags?post=5563"}],"curies":[{"name":"wp","href":"https:\/\/api.w.org\/{rel}","templated":true}]}}