{"id":4667,"date":"2026-04-30T15:50:53","date_gmt":"2026-04-30T13:50:53","guid":{"rendered":"https:\/\/kvg-bus.de\/stade\/?p=4667"},"modified":"2026-04-30T15:50:53","modified_gmt":"2026-04-30T13:50:53","slug":"linie-575-576-i-577-prace-budowlane-w-bremerhaven-04-05-28-08-2026","status":"publish","type":"post","link":"https:\/\/kvg-bus.de\/stade\/pl\/linien-575-576-und-577-bauarbeiten-in-bremerhaven-04-05-28-08-2026\/","title":{"rendered":"Linie 575, 576 i 577 | Prace budowlane w Bremerhaven: 04.05. - 28.08.2026 r."},"content":{"rendered":"<p>Od poniedzia\u0142ku 4 maja do prawdopodobnie 28 sierpnia 2026 r. metro kolejowe w Schiffdorfer Chaussee w Bremerhaven w pobli\u017cu g\u0142\u00f3wnego dworca kolejowego b\u0119dzie zamkni\u0119te z powodu prac budowlanych. Linie autobusowe 575, 576 i 577 pojad\u0105 objazdem i nie b\u0119d\u0105 mog\u0142y obs\u0142ugiwa\u0107 przystank\u00f3w \u201eBremerhaven, B\u00fcrgerpark\u201c i \u201eBremerhaven, SZ Carl von Ossietzky\u201c. Przystanek autobusowy \u201eBremerhaven, Hauptbahnhof\u201c b\u0119dzie s\u0142u\u017cy\u0142 jako przystanek zast\u0119pczy.<\/p>","protected":false},"excerpt":{"rendered":"<p>Od poniedzia\u0142ku 4 maja do prawdopodobnie 28 sierpnia 2026 r. metro kolejowe w Schiffdorfer Chaussee w Bremerhaven w pobli\u017cu g\u0142\u00f3wnego dworca kolejowego b\u0119dzie zamkni\u0119te z powodu prac budowlanych. Linie autobusowe 575, 576 i 577 pojad\u0105 objazdem i nie b\u0119d\u0105 mog\u0142y obs\u0142ugiwa\u0107 przystank\u00f3w \u201eBremerhaven, B\u00fcrgerpark\u201c i \u201eBremerhaven, SZ Carl von Ossietzky\u201c. Przystanek autobusowy \u201eBremerhaven, Hauptbahnhof\u201c b\u0119dzie s\u0142u\u017cy\u0142 jako przystanek zast\u0119pczy.<\/p>","protected":false},"author":9,"featured_media":2753,"comment_status":"open","ping_status":"open","sticky":false,"template":"","format":"standard","meta":{"footnotes":""},"categories":[81,33],"tags":[],"class_list":["post-4667","post","type-post","status-publish","format-standard","has-post-thumbnail","hentry","category-cuxhaven","category-fahrplanabweichungen"],"yoast_head":"<!-- This site is optimized with the Yoast SEO plugin v27.4 - https:\/\/yoast.com\/product\/yoast-seo-wordpress\/ -->\n<title>Linien 575, 576 und 577 | Bauarbeiten in Bremerhaven: 04.05. - 28.08.2026 - KVG Stade<\/title>\n<meta name=\"robots\" content=\"index, follow, max-snippet:-1, max-image-preview:large, max-video-preview:-1\" \/>\n<link rel=\"canonical\" href=\"https:\/\/kvg-bus.de\/stade\/linie-575-576-i-577-prace-budowlane-w-bremerhaven-04-05-28-08-2026\/\" \/>\n<meta property=\"og:locale\" content=\"pl_PL\" \/>\n<meta property=\"og:type\" content=\"article\" \/>\n<meta property=\"og:title\" content=\"Linien 575, 576 und 577 | Bauarbeiten in Bremerhaven: 04.05. - 28.08.2026 - KVG Stade\" \/>\n<meta property=\"og:description\" content=\"Ab Montag, 04. Mai bis voraussichtlich 28. August 2026 ist die Bahnunterf\u00fchrung in der Schiffdorfer Chaussee in Bremerhaven in der N\u00e4he des Hauptbahnhofs aufgrund von Bauarbeiten gesperrt. Die Buslinien 575, 576 und 577 fahren eine Umleitung und k\u00f6nnen die Haltestellen &#8222;Bremerhaven, B\u00fcrgerpark&#8220; und &#8222;Bremerhaven, SZ Carl von Ossietzky&#8220; nicht bedienen. Als Ersatz dient die Haltestelle &#8222;Bremerhaven, Hauptbahnhof&#8220;.\" \/>\n<meta property=\"og:url\" content=\"https:\/\/kvg-bus.de\/stade\/linie-575-576-i-577-prace-budowlane-w-bremerhaven-04-05-28-08-2026\/\" \/>\n<meta property=\"og:site_name\" content=\"KVG Stade\" \/>\n<meta property=\"article:published_time\" content=\"2026-04-30T13:50:53+00:00\" \/>\n<meta property=\"og:image\" content=\"https:\/\/kvg-bus.de\/stade\/wp-content\/uploads\/sites\/14\/header-subsite_stoerungen.png\" \/>\n\t<meta property=\"og:image:width\" content=\"1920\" \/>\n\t<meta property=\"og:image:height\" content=\"640\" \/>\n\t<meta property=\"og:image:type\" content=\"image\/png\" \/>\n<meta name=\"author\" content=\"cwacker\" \/>\n<meta name=\"twitter:card\" content=\"summary_large_image\" \/>\n<meta name=\"twitter:label1\" content=\"Napisane przez\" \/>\n\t<meta name=\"twitter:data1\" content=\"cwacker\" \/>\n\t<meta name=\"twitter:label2\" content=\"Szacowany czas czytania\" \/>\n\t<meta name=\"twitter:data2\" content=\"1 minuta\" \/>\n<script type=\"application\/ld+json\" class=\"yoast-schema-graph\">{\"@context\":\"https:\\\/\\\/schema.org\",\"@graph\":[{\"@type\":\"Article\",\"@id\":\"https:\\\/\\\/kvg-bus.de\\\/stade\\\/linien-575-576-und-577-bauarbeiten-in-bremerhaven-04-05-28-08-2026\\\/#article\",\"isPartOf\":{\"@id\":\"https:\\\/\\\/kvg-bus.de\\\/stade\\\/linien-575-576-und-577-bauarbeiten-in-bremerhaven-04-05-28-08-2026\\\/\"},\"author\":{\"name\":\"cwacker\",\"@id\":\"https:\\\/\\\/kvg-bus.de\\\/stade\\\/#\\\/schema\\\/person\\\/21163faae47361c2f192d02daf80c70b\"},\"headline\":\"Linien 575, 576 und 577 | Bauarbeiten in Bremerhaven: 04.05. &#8211; 28.08.2026\",\"datePublished\":\"2026-04-30T13:50:53+00:00\",\"mainEntityOfPage\":{\"@id\":\"https:\\\/\\\/kvg-bus.de\\\/stade\\\/linien-575-576-und-577-bauarbeiten-in-bremerhaven-04-05-28-08-2026\\\/\"},\"wordCount\":61,\"commentCount\":0,\"publisher\":{\"@id\":\"https:\\\/\\\/kvg-bus.de\\\/stade\\\/#organization\"},\"image\":{\"@id\":\"https:\\\/\\\/kvg-bus.de\\\/stade\\\/linien-575-576-und-577-bauarbeiten-in-bremerhaven-04-05-28-08-2026\\\/#primaryimage\"},\"thumbnailUrl\":\"https:\\\/\\\/kvg-bus.de\\\/stade\\\/wp-content\\\/uploads\\\/sites\\\/14\\\/header-subsite_stoerungen.png\",\"articleSection\":[\"Cuxhaven\",\"Fahrplanabweichungen\"],\"inLanguage\":\"pl-PL\",\"potentialAction\":[{\"@type\":\"CommentAction\",\"name\":\"Comment\",\"target\":[\"https:\\\/\\\/kvg-bus.de\\\/stade\\\/linien-575-576-und-577-bauarbeiten-in-bremerhaven-04-05-28-08-2026\\\/#respond\"]}]},{\"@type\":\"WebPage\",\"@id\":\"https:\\\/\\\/kvg-bus.de\\\/stade\\\/linien-575-576-und-577-bauarbeiten-in-bremerhaven-04-05-28-08-2026\\\/\",\"url\":\"https:\\\/\\\/kvg-bus.de\\\/stade\\\/linien-575-576-und-577-bauarbeiten-in-bremerhaven-04-05-28-08-2026\\\/\",\"name\":\"Linien 575, 576 und 577 | Bauarbeiten in Bremerhaven: 04.05. - 28.08.2026 - KVG Stade\",\"isPartOf\":{\"@id\":\"https:\\\/\\\/kvg-bus.de\\\/stade\\\/#website\"},\"primaryImageOfPage\":{\"@id\":\"https:\\\/\\\/kvg-bus.de\\\/stade\\\/linien-575-576-und-577-bauarbeiten-in-bremerhaven-04-05-28-08-2026\\\/#primaryimage\"},\"image\":{\"@id\":\"https:\\\/\\\/kvg-bus.de\\\/stade\\\/linien-575-576-und-577-bauarbeiten-in-bremerhaven-04-05-28-08-2026\\\/#primaryimage\"},\"thumbnailUrl\":\"https:\\\/\\\/kvg-bus.de\\\/stade\\\/wp-content\\\/uploads\\\/sites\\\/14\\\/header-subsite_stoerungen.png\",\"datePublished\":\"2026-04-30T13:50:53+00:00\",\"breadcrumb\":{\"@id\":\"https:\\\/\\\/kvg-bus.de\\\/stade\\\/linien-575-576-und-577-bauarbeiten-in-bremerhaven-04-05-28-08-2026\\\/#breadcrumb\"},\"inLanguage\":\"pl-PL\",\"potentialAction\":[{\"@type\":\"ReadAction\",\"target\":[\"https:\\\/\\\/kvg-bus.de\\\/stade\\\/linien-575-576-und-577-bauarbeiten-in-bremerhaven-04-05-28-08-2026\\\/\"]}]},{\"@type\":\"ImageObject\",\"inLanguage\":\"pl-PL\",\"@id\":\"https:\\\/\\\/kvg-bus.de\\\/stade\\\/linien-575-576-und-577-bauarbeiten-in-bremerhaven-04-05-28-08-2026\\\/#primaryimage\",\"url\":\"https:\\\/\\\/kvg-bus.de\\\/stade\\\/wp-content\\\/uploads\\\/sites\\\/14\\\/header-subsite_stoerungen.png\",\"contentUrl\":\"https:\\\/\\\/kvg-bus.de\\\/stade\\\/wp-content\\\/uploads\\\/sites\\\/14\\\/header-subsite_stoerungen.png\",\"width\":1920,\"height\":640},{\"@type\":\"BreadcrumbList\",\"@id\":\"https:\\\/\\\/kvg-bus.de\\\/stade\\\/linien-575-576-und-577-bauarbeiten-in-bremerhaven-04-05-28-08-2026\\\/#breadcrumb\",\"itemListElement\":[{\"@type\":\"ListItem\",\"position\":1,\"name\":\"Startseite\",\"item\":\"https:\\\/\\\/kvg-bus.de\\\/stade\\\/\"},{\"@type\":\"ListItem\",\"position\":2,\"name\":\"Linien 575, 576 und 577 | Bauarbeiten in Bremerhaven: 04.05. &#8211; 28.08.2026\"}]},{\"@type\":\"WebSite\",\"@id\":\"https:\\\/\\\/kvg-bus.de\\\/stade\\\/#website\",\"url\":\"https:\\\/\\\/kvg-bus.de\\\/stade\\\/\",\"name\":\"KVG Stade\",\"description\":\"\",\"publisher\":{\"@id\":\"https:\\\/\\\/kvg-bus.de\\\/stade\\\/#organization\"},\"potentialAction\":[{\"@type\":\"SearchAction\",\"target\":{\"@type\":\"EntryPoint\",\"urlTemplate\":\"https:\\\/\\\/kvg-bus.de\\\/stade\\\/?s={search_term_string}\"},\"query-input\":{\"@type\":\"PropertyValueSpecification\",\"valueRequired\":true,\"valueName\":\"search_term_string\"}}],\"inLanguage\":\"pl-PL\"},{\"@type\":\"Organization\",\"@id\":\"https:\\\/\\\/kvg-bus.de\\\/stade\\\/#organization\",\"name\":\"KVG Stade\",\"url\":\"https:\\\/\\\/kvg-bus.de\\\/stade\\\/\",\"logo\":{\"@type\":\"ImageObject\",\"inLanguage\":\"pl-PL\",\"@id\":\"https:\\\/\\\/kvg-bus.de\\\/stade\\\/#\\\/schema\\\/logo\\\/image\\\/\",\"url\":\"https:\\\/\\\/kvg-bus.de\\\/stade\\\/wp-content\\\/uploads\\\/sites\\\/14\\\/kvg_logo-1.svg\",\"contentUrl\":\"https:\\\/\\\/kvg-bus.de\\\/stade\\\/wp-content\\\/uploads\\\/sites\\\/14\\\/kvg_logo-1.svg\",\"width\":1322,\"height\":404,\"caption\":\"KVG Stade\"},\"image\":{\"@id\":\"https:\\\/\\\/kvg-bus.de\\\/stade\\\/#\\\/schema\\\/logo\\\/image\\\/\"}},{\"@type\":\"Person\",\"@id\":\"https:\\\/\\\/kvg-bus.de\\\/stade\\\/#\\\/schema\\\/person\\\/21163faae47361c2f192d02daf80c70b\",\"name\":\"cwacker\",\"image\":{\"@type\":\"ImageObject\",\"inLanguage\":\"pl-PL\",\"@id\":\"https:\\\/\\\/secure.gravatar.com\\\/avatar\\\/40318dede2f7e5f74c99b749d1e16f53f2a0a37c33849d4206760eda50623d44?s=96&d=mm&r=g\",\"url\":\"https:\\\/\\\/secure.gravatar.com\\\/avatar\\\/40318dede2f7e5f74c99b749d1e16f53f2a0a37c33849d4206760eda50623d44?s=96&d=mm&r=g\",\"contentUrl\":\"https:\\\/\\\/secure.gravatar.com\\\/avatar\\\/40318dede2f7e5f74c99b749d1e16f53f2a0a37c33849d4206760eda50623d44?s=96&d=mm&r=g\",\"caption\":\"cwacker\"},\"url\":\"https:\\\/\\\/kvg-bus.de\\\/stade\\\/pl\\\/author\\\/cwacker\\\/\"}]}<\/script>\n<!-- \/ Yoast SEO plugin. -->","yoast_head_json":{"title":"Linien 575, 576 und 577 | Bauarbeiten in Bremerhaven: 04.05. - 28.08.2026 - KVG Stade","robots":{"index":"index","follow":"follow","max-snippet":"max-snippet:-1","max-image-preview":"max-image-preview:large","max-video-preview":"max-video-preview:-1"},"canonical":"https:\/\/kvg-bus.de\/stade\/linie-575-576-i-577-prace-budowlane-w-bremerhaven-04-05-28-08-2026\/","og_locale":"pl_PL","og_type":"article","og_title":"Linien 575, 576 und 577 | Bauarbeiten in Bremerhaven: 04.05. - 28.08.2026 - KVG Stade","og_description":"Ab Montag, 04. Mai bis voraussichtlich 28. August 2026 ist die Bahnunterf\u00fchrung in der Schiffdorfer Chaussee in Bremerhaven in der N\u00e4he des Hauptbahnhofs aufgrund von Bauarbeiten gesperrt. Die Buslinien 575, 576 und 577 fahren eine Umleitung und k\u00f6nnen die Haltestellen &#8222;Bremerhaven, B\u00fcrgerpark&#8220; und &#8222;Bremerhaven, SZ Carl von Ossietzky&#8220; nicht bedienen. Als Ersatz dient die Haltestelle &#8222;Bremerhaven, Hauptbahnhof&#8220;.","og_url":"https:\/\/kvg-bus.de\/stade\/linie-575-576-i-577-prace-budowlane-w-bremerhaven-04-05-28-08-2026\/","og_site_name":"KVG Stade","article_published_time":"2026-04-30T13:50:53+00:00","og_image":[{"width":1920,"height":640,"url":"https:\/\/kvg-bus.de\/stade\/wp-content\/uploads\/sites\/14\/header-subsite_stoerungen.png","type":"image\/png"}],"author":"cwacker","twitter_card":"summary_large_image","twitter_misc":{"Napisane przez":"cwacker","Szacowany czas czytania":"1 minuta"},"schema":{"@context":"https:\/\/schema.org","@graph":[{"@type":"Article","@id":"https:\/\/kvg-bus.de\/stade\/linien-575-576-und-577-bauarbeiten-in-bremerhaven-04-05-28-08-2026\/#article","isPartOf":{"@id":"https:\/\/kvg-bus.de\/stade\/linien-575-576-und-577-bauarbeiten-in-bremerhaven-04-05-28-08-2026\/"},"author":{"name":"cwacker","@id":"https:\/\/kvg-bus.de\/stade\/#\/schema\/person\/21163faae47361c2f192d02daf80c70b"},"headline":"Linien 575, 576 und 577 | Bauarbeiten in Bremerhaven: 04.05. &#8211; 28.08.2026","datePublished":"2026-04-30T13:50:53+00:00","mainEntityOfPage":{"@id":"https:\/\/kvg-bus.de\/stade\/linien-575-576-und-577-bauarbeiten-in-bremerhaven-04-05-28-08-2026\/"},"wordCount":61,"commentCount":0,"publisher":{"@id":"https:\/\/kvg-bus.de\/stade\/#organization"},"image":{"@id":"https:\/\/kvg-bus.de\/stade\/linien-575-576-und-577-bauarbeiten-in-bremerhaven-04-05-28-08-2026\/#primaryimage"},"thumbnailUrl":"https:\/\/kvg-bus.de\/stade\/wp-content\/uploads\/sites\/14\/header-subsite_stoerungen.png","articleSection":["Cuxhaven","Fahrplanabweichungen"],"inLanguage":"pl-PL","potentialAction":[{"@type":"CommentAction","name":"Comment","target":["https:\/\/kvg-bus.de\/stade\/linien-575-576-und-577-bauarbeiten-in-bremerhaven-04-05-28-08-2026\/#respond"]}]},{"@type":"WebPage","@id":"https:\/\/kvg-bus.de\/stade\/linien-575-576-und-577-bauarbeiten-in-bremerhaven-04-05-28-08-2026\/","url":"https:\/\/kvg-bus.de\/stade\/linien-575-576-und-577-bauarbeiten-in-bremerhaven-04-05-28-08-2026\/","name":"Linien 575, 576 und 577 | Bauarbeiten in Bremerhaven: 04.05. - 28.08.2026 - KVG Stade","isPartOf":{"@id":"https:\/\/kvg-bus.de\/stade\/#website"},"primaryImageOfPage":{"@id":"https:\/\/kvg-bus.de\/stade\/linien-575-576-und-577-bauarbeiten-in-bremerhaven-04-05-28-08-2026\/#primaryimage"},"image":{"@id":"https:\/\/kvg-bus.de\/stade\/linien-575-576-und-577-bauarbeiten-in-bremerhaven-04-05-28-08-2026\/#primaryimage"},"thumbnailUrl":"https:\/\/kvg-bus.de\/stade\/wp-content\/uploads\/sites\/14\/header-subsite_stoerungen.png","datePublished":"2026-04-30T13:50:53+00:00","breadcrumb":{"@id":"https:\/\/kvg-bus.de\/stade\/linien-575-576-und-577-bauarbeiten-in-bremerhaven-04-05-28-08-2026\/#breadcrumb"},"inLanguage":"pl-PL","potentialAction":[{"@type":"ReadAction","target":["https:\/\/kvg-bus.de\/stade\/linien-575-576-und-577-bauarbeiten-in-bremerhaven-04-05-28-08-2026\/"]}]},{"@type":"ImageObject","inLanguage":"pl-PL","@id":"https:\/\/kvg-bus.de\/stade\/linien-575-576-und-577-bauarbeiten-in-bremerhaven-04-05-28-08-2026\/#primaryimage","url":"https:\/\/kvg-bus.de\/stade\/wp-content\/uploads\/sites\/14\/header-subsite_stoerungen.png","contentUrl":"https:\/\/kvg-bus.de\/stade\/wp-content\/uploads\/sites\/14\/header-subsite_stoerungen.png","width":1920,"height":640},{"@type":"BreadcrumbList","@id":"https:\/\/kvg-bus.de\/stade\/linien-575-576-und-577-bauarbeiten-in-bremerhaven-04-05-28-08-2026\/#breadcrumb","itemListElement":[{"@type":"ListItem","position":1,"name":"Startseite","item":"https:\/\/kvg-bus.de\/stade\/"},{"@type":"ListItem","position":2,"name":"Linien 575, 576 und 577 | Bauarbeiten in Bremerhaven: 04.05. &#8211; 28.08.2026"}]},{"@type":"WebSite","@id":"https:\/\/kvg-bus.de\/stade\/#website","url":"https:\/\/kvg-bus.de\/stade\/","name":"KVG Stade","description":"","publisher":{"@id":"https:\/\/kvg-bus.de\/stade\/#organization"},"potentialAction":[{"@type":"SearchAction","target":{"@type":"EntryPoint","urlTemplate":"https:\/\/kvg-bus.de\/stade\/?s={search_term_string}"},"query-input":{"@type":"PropertyValueSpecification","valueRequired":true,"valueName":"search_term_string"}}],"inLanguage":"pl-PL"},{"@type":"Organization","@id":"https:\/\/kvg-bus.de\/stade\/#organization","name":"KVG Stade","url":"https:\/\/kvg-bus.de\/stade\/","logo":{"@type":"ImageObject","inLanguage":"pl-PL","@id":"https:\/\/kvg-bus.de\/stade\/#\/schema\/logo\/image\/","url":"https:\/\/kvg-bus.de\/stade\/wp-content\/uploads\/sites\/14\/kvg_logo-1.svg","contentUrl":"https:\/\/kvg-bus.de\/stade\/wp-content\/uploads\/sites\/14\/kvg_logo-1.svg","width":1322,"height":404,"caption":"KVG Stade"},"image":{"@id":"https:\/\/kvg-bus.de\/stade\/#\/schema\/logo\/image\/"}},{"@type":"Person","@id":"https:\/\/kvg-bus.de\/stade\/#\/schema\/person\/21163faae47361c2f192d02daf80c70b","name":"cwacker","image":{"@type":"ImageObject","inLanguage":"pl-PL","@id":"https:\/\/secure.gravatar.com\/avatar\/40318dede2f7e5f74c99b749d1e16f53f2a0a37c33849d4206760eda50623d44?s=96&d=mm&r=g","url":"https:\/\/secure.gravatar.com\/avatar\/40318dede2f7e5f74c99b749d1e16f53f2a0a37c33849d4206760eda50623d44?s=96&d=mm&r=g","contentUrl":"https:\/\/secure.gravatar.com\/avatar\/40318dede2f7e5f74c99b749d1e16f53f2a0a37c33849d4206760eda50623d44?s=96&d=mm&r=g","caption":"cwacker"},"url":"https:\/\/kvg-bus.de\/stade\/pl\/author\/cwacker\/"}]}},"_links":{"self":[{"href":"https:\/\/kvg-bus.de\/stade\/pl\/wp-json\/wp\/v2\/posts\/4667","targetHints":{"allow":["GET"]}}],"collection":[{"href":"https:\/\/kvg-bus.de\/stade\/pl\/wp-json\/wp\/v2\/posts"}],"about":[{"href":"https:\/\/kvg-bus.de\/stade\/pl\/wp-json\/wp\/v2\/types\/post"}],"author":[{"embeddable":true,"href":"https:\/\/kvg-bus.de\/stade\/pl\/wp-json\/wp\/v2\/users\/9"}],"replies":[{"embeddable":true,"href":"https:\/\/kvg-bus.de\/stade\/pl\/wp-json\/wp\/v2\/comments?post=4667"}],"version-history":[{"count":0,"href":"https:\/\/kvg-bus.de\/stade\/pl\/wp-json\/wp\/v2\/posts\/4667\/revisions"}],"wp:featuredmedia":[{"embeddable":true,"href":"https:\/\/kvg-bus.de\/stade\/pl\/wp-json\/wp\/v2\/media\/2753"}],"wp:attachment":[{"href":"https:\/\/kvg-bus.de\/stade\/pl\/wp-json\/wp\/v2\/media?parent=4667"}],"wp:term":[{"taxonomy":"category","embeddable":true,"href":"https:\/\/kvg-bus.de\/stade\/pl\/wp-json\/wp\/v2\/categories?post=4667"},{"taxonomy":"post_tag","embeddable":true,"href":"https:\/\/kvg-bus.de\/stade\/pl\/wp-json\/wp\/v2\/tags?post=4667"}],"curies":[{"name":"wp","href":"https:\/\/api.w.org\/{rel}","templated":true}]}}