{"id":5625,"date":"2026-09-03T13:09:46","date_gmt":"2026-09-03T11:09:46","guid":{"rendered":"https:\/\/kvg-bus.de\/stade\/?p=5625"},"modified":"2026-09-03T13:09:47","modified_gmt":"2026-09-03T11:09:47","slug":"linien-2103-und-2725-bauarbeiten-in-buxtehude-heitmannshausen-08-09-2026","status":"publish","type":"post","link":"https:\/\/kvg-bus.de\/stade\/es\/linien-2103-und-2725-bauarbeiten-in-buxtehude-heitmannshausen-08-09-2026\/","title":{"rendered":"L\u00edneas 2103 y 2725 | Obras en Buxtehude-Heitmannshausen: 8 de septiembre de 2026"},"content":{"rendered":"<p class=\"PDq2pG_selectionAnchorContainer\" data-start=\"81\" data-end=\"213\">En <strong data-start=\"84\" data-end=\"106\">08. September 2026<\/strong> es el camino <strong data-start=\"122\" data-end=\"141\">Heitmannshausen<\/strong> en <strong data-start=\"145\" data-end=\"174\">Buxtehude-Heitmannshausen<\/strong> debido a <strong data-start=\"181\" data-end=\"203\">Obras de construcci\u00f3n de carreteras<\/strong> bloqueado.<\/p>\n<h3 data-section-id=\"mn2lq9\" data-start=\"215\" data-end=\"229\">L\u00ednea 2103<\/h3>\n<p data-start=\"231\" data-end=\"347\">La l\u00ednea se desv\u00eda por <strong data-start=\"267\" data-end=\"328\">Gildestra\u00dfe, Stader Stra\u00dfe, Cuxhavener Stra\u00dfe, G\u00fcner Wald<\/strong> y <strong data-start=\"333\" data-end=\"346\">En la pista<\/strong>.<\/p>\n<p data-start=\"349\" data-end=\"646\">\u274c Las paradas \u201e<strong data-start=\"369\" data-end=\"402\">Buxtehude, estaci\u00f3n de ferrocarril (explanada)<\/strong>\u201c, \u201e<strong data-start=\"406\" data-end=\"436\">Buxtehude, Giselbertstra\u00dfe<\/strong>\u201c, \u201e<strong data-start=\"440\" data-end=\"465\">Buxtehude, K\u00f6nigsdamm<\/strong>\u201c, \u201e<strong data-start=\"469\" data-end=\"501\">Heitmannshausen, estaci\u00f3n transformadora<\/strong>\u201c, \u201e<strong data-start=\"505\" data-end=\"538\">Heitmannshausen, Zum Heidberg<\/strong>\u201c, \u201e<strong data-start=\"542\" data-end=\"581\">Heitmannshausen, Heitmannshausen 94<\/strong>\u201c y \u201e<strong data-start=\"588\" data-end=\"616\">Neukloster, S Neukloster<\/strong>\u201c no puede funcionar.<\/p>\n<p data-start=\"648\" data-end=\"833\">\u2705 Pasajeros por favor cambien a las paradas \u201e<strong data-start=\"696\" data-end=\"725\">Neukloster, Jorker Stra\u00dfe<\/strong>\u201c, \u201e<strong data-start=\"729\" data-end=\"754\">Neukloster, Am Gleise<\/strong>\u201c, \u201e<strong data-start=\"758\" data-end=\"786\">Heitmannshausen, Ilskamp<\/strong>\u201c y \u201e<strong data-start=\"793\" data-end=\"827\">Buxtehude, estaci\u00f3n de ferrocarril de Buxtehude (sur)<\/strong>\u201c de.<\/p>\n<h3 data-section-id=\"mn2ngj\" data-start=\"835\" data-end=\"849\">L\u00ednea 2725<\/h3>\n<p data-start=\"851\" data-end=\"944\">La l\u00ednea se desv\u00eda por <strong data-start=\"887\" data-end=\"917\">Gildestra\u00dfe, Stader Stra\u00dfe<\/strong> y <strong data-start=\"922\" data-end=\"943\">Cuxhavener Stra\u00dfe<\/strong>.<\/p>\n<p data-start=\"946\" data-end=\"1174\">\u274c Las paradas \u201e<strong data-start=\"966\" data-end=\"999\">Buxtehude, estaci\u00f3n de ferrocarril (explanada)<\/strong>\u201c, \u201e<strong data-start=\"1003\" data-end=\"1028\">Buxtehude, K\u00f6nigsdamm<\/strong>\u201c, \u201e<strong data-start=\"1032\" data-end=\"1065\">Heitmannshausen, Zum Heidberg<\/strong>\u201c, \u201e<strong data-start=\"1069\" data-end=\"1108\">Heitmannshausen, Heitmannshausen 94<\/strong>\u201c y \u201e<strong data-start=\"1115\" data-end=\"1144\">Neukloster, Jorker Stra\u00dfe<\/strong>\u201c no puede funcionar.<\/p>\n<p data-start=\"1176\" data-end=\"1294\" data-is-last-node=\"\" data-is-only-node=\"\">\u2705 Pasajeros por favor cambien a las paradas \u201e<strong data-start=\"1224\" data-end=\"1252\">Neukloster, mercado de Pentecost\u00e9s<\/strong>\u201c y \u201e<strong data-start=\"1259\" data-end=\"1288\">Buxtehude, estaci\u00f3n de tren (norte)<\/strong>\u201c de.<\/p>","protected":false},"excerpt":{"rendered":"<p>El 8 de septiembre de 2026, la calle Heitmannshausen, en Buxtehude-Heitmannshausen, permanecer\u00e1 cerrada al tr\u00e1fico debido a obras viales. L\u00ednea 2103: la l\u00ednea seguir\u00e1 un desv\u00edo por las calles Gildestra\u00dfe, Stader Stra\u00dfe, Cuxhavener Stra\u00dfe, G\u00fcner Wald y Am Gleise. \u274c Las paradas \u201eBuxtehude, Bahnhof (plaza de la estaci\u00f3n)\u201c, \u201eBuxtehude, Giselbertstra\u00dfe\u201c, \u201eBuxtehude, K\u00f6nigsdamm\u201c, \u201eHeitmannshausen, Umspannwerk\u201c, \u201eHeitmannshausen, Zum Heidberg\u201c, \u201eHeitmannshausen, Heitmannshausen 94\u201c y \u201eNeukloster, S Neukloster\u201c no se pueden atender. \u2705 Se ruega a los pasajeros que utilicen las paradas \u201eNeukloster, Jorker Stra\u00dfe\u201c, \u201eNeukloster, Am Gleise\u201c, \u201eHeitmannshausen, Ilskamp\u201c y \u201eBuxtehude, Bf. Buxtehude (S\u00fcd)\u201c. L\u00ednea 2725: La l\u00ednea realiza un desv\u00edo por las calles Gildestra\u00dfe, Stader Stra\u00dfe y Cuxhavener Stra\u00dfe. \u274c No se prestar\u00e1 servicio en las paradas \u201eBuxtehude, Bahnhof (Vorplatz)\u201c, \u201eBuxtehude, K\u00f6nigsdamm\u201c, \u201eHeitmannshausen, Zum Heidberg\u201c, \u201eHeitmannshausen, Heitmannshausen 94\u201c y \u201eNeukloster, Jorker Stra\u00dfe\u201c no se pueden atender. \u2705 Se ruega a los pasajeros que utilicen las paradas \u201eNeukloster, Pfingstmarkt\u201c y \u201eBuxtehude, Bahnhof (Nord)\u201c.<\/p>","protected":false},"author":10,"featured_media":2753,"comment_status":"open","ping_status":"open","sticky":false,"template":"","format":"standard","meta":{"footnotes":""},"categories":[78,33],"tags":[],"class_list":["post-5625","post","type-post","status-publish","format-standard","has-post-thumbnail","hentry","category-stade","category-fahrplanabweichungen"],"yoast_head":"<!-- This site is optimized with the Yoast SEO plugin v28.3 - https:\/\/yoast.com\/product\/yoast-seo-wordpress\/ -->\n<title>Linien 2103 und 2725 | Bauarbeiten in Buxtehude-Heitmannshausen: 08.09.2026 - KVG Stade<\/title>\n<meta name=\"robots\" content=\"index, follow, max-snippet:-1, max-image-preview:large, max-video-preview:-1\" \/>\n<link rel=\"canonical\" href=\"https:\/\/kvg-bus.de\/stade\/linien-2103-und-2725-bauarbeiten-in-buxtehude-heitmannshausen-08-09-2026\/\" \/>\n<meta property=\"og:locale\" content=\"es_ES\" \/>\n<meta property=\"og:type\" content=\"article\" \/>\n<meta property=\"og:title\" content=\"Linien 2103 und 2725 | Bauarbeiten in Buxtehude-Heitmannshausen: 08.09.2026 - KVG Stade\" \/>\n<meta property=\"og:description\" content=\"Am 08. September 2026 ist die Stra\u00dfe Heitmannshausen in Buxtehude-Heitmannshausen wegen Stra\u00dfenbauarbeiten gesperrt. Linie 2103 Die Linie f\u00e4hrt eine Umleitung \u00fcber Gildestra\u00dfe, Stader Stra\u00dfe, Cuxhavener Stra\u00dfe, G\u00fcner Wald und Am Gleise. \u274c Die Haltestellen \u201eBuxtehude, Bahnhof (Vorplatz)\u201c, \u201eBuxtehude, Giselbertstra\u00dfe\u201c, \u201eBuxtehude, K\u00f6nigsdamm\u201c, \u201eHeitmannshausen, Umspannwerk\u201c, \u201eHeitmannshausen, Zum Heidberg\u201c, \u201eHeitmannshausen, Heitmannshausen 94\u201c und \u201eNeukloster, S Neukloster\u201c k\u00f6nnen nicht bedient werden. \u2705 Fahrg\u00e4ste weichen bitte auf die Haltestellen \u201eNeukloster, Jorker Stra\u00dfe\u201c, \u201eNeukloster, Am Gleise\u201c, \u201eHeitmannshausen, Ilskamp\u201c und \u201eBuxtehude, Bf. Buxtehude (S\u00fcd)\u201c aus. Linie 2725 Die Linie f\u00e4hrt eine Umleitung \u00fcber Gildestra\u00dfe, Stader Stra\u00dfe und Cuxhavener Stra\u00dfe. \u274c Die Haltestellen \u201eBuxtehude, Bahnhof (Vorplatz)\u201c, \u201eBuxtehude, K\u00f6nigsdamm\u201c, \u201eHeitmannshausen, Zum Heidberg\u201c, \u201eHeitmannshausen, Heitmannshausen 94\u201c und \u201eNeukloster, Jorker Stra\u00dfe\u201c k\u00f6nnen nicht bedient werden. \u2705 Fahrg\u00e4ste weichen bitte auf die Haltestellen \u201eNeukloster, Pfingstmarkt\u201c und \u201eBuxtehude, Bahnhof (Nord)\u201c aus.\" \/>\n<meta property=\"og:url\" content=\"https:\/\/kvg-bus.de\/stade\/linien-2103-und-2725-bauarbeiten-in-buxtehude-heitmannshausen-08-09-2026\/\" \/>\n<meta property=\"og:site_name\" content=\"KVG Stade\" \/>\n<meta property=\"article:published_time\" content=\"2026-09-03T11:09:46+00:00\" \/>\n<meta property=\"article:modified_time\" content=\"2026-09-03T11:09:47+00:00\" \/>\n<meta property=\"og:image\" content=\"https:\/\/kvg-bus.de\/stade\/wp-content\/uploads\/sites\/14\/header-subsite_stoerungen.png\" \/>\n\t<meta property=\"og:image:width\" content=\"1920\" \/>\n\t<meta property=\"og:image:height\" content=\"640\" \/>\n\t<meta property=\"og:image:type\" content=\"image\/png\" \/>\n<meta name=\"author\" content=\"mzimmermann\" \/>\n<meta name=\"twitter:card\" content=\"summary_large_image\" \/>\n<meta name=\"twitter:label1\" content=\"Escrito por\" \/>\n\t<meta name=\"twitter:data1\" content=\"mzimmermann\" \/>\n\t<meta name=\"twitter:label2\" content=\"Tiempo de lectura\" \/>\n\t<meta name=\"twitter:data2\" content=\"1 minuto\" \/>\n<script type=\"application\/ld+json\" class=\"yoast-schema-graph\">{\"@context\":\"https:\\\/\\\/schema.org\",\"@graph\":[{\"@type\":\"Article\",\"@id\":\"https:\\\/\\\/kvg-bus.de\\\/stade\\\/linien-2103-und-2725-bauarbeiten-in-buxtehude-heitmannshausen-08-09-2026\\\/#article\",\"isPartOf\":{\"@id\":\"https:\\\/\\\/kvg-bus.de\\\/stade\\\/linien-2103-und-2725-bauarbeiten-in-buxtehude-heitmannshausen-08-09-2026\\\/\"},\"author\":{\"name\":\"mzimmermann\",\"@id\":\"https:\\\/\\\/kvg-bus.de\\\/stade\\\/#\\\/schema\\\/person\\\/5a5abfab092f868ec7cbe0f59e95749b\"},\"headline\":\"Linien 2103 und 2725 | Bauarbeiten in Buxtehude-Heitmannshausen: 08.09.2026\",\"datePublished\":\"2026-09-03T11:09:46+00:00\",\"dateModified\":\"2026-09-03T11:09:47+00:00\",\"mainEntityOfPage\":{\"@id\":\"https:\\\/\\\/kvg-bus.de\\\/stade\\\/linien-2103-und-2725-bauarbeiten-in-buxtehude-heitmannshausen-08-09-2026\\\/\"},\"wordCount\":148,\"commentCount\":0,\"publisher\":{\"@id\":\"https:\\\/\\\/kvg-bus.de\\\/stade\\\/#organization\"},\"image\":{\"@id\":\"https:\\\/\\\/kvg-bus.de\\\/stade\\\/linien-2103-und-2725-bauarbeiten-in-buxtehude-heitmannshausen-08-09-2026\\\/#primaryimage\"},\"thumbnailUrl\":\"https:\\\/\\\/kvg-bus.de\\\/stade\\\/wp-content\\\/uploads\\\/sites\\\/14\\\/header-subsite_stoerungen.png\",\"articleSection\":[\"Stade\",\"Fahrplanabweichungen\"],\"inLanguage\":\"es\",\"potentialAction\":[{\"@type\":\"CommentAction\",\"name\":\"Comment\",\"target\":[\"https:\\\/\\\/kvg-bus.de\\\/stade\\\/linien-2103-und-2725-bauarbeiten-in-buxtehude-heitmannshausen-08-09-2026\\\/#respond\"]}]},{\"@type\":\"WebPage\",\"@id\":\"https:\\\/\\\/kvg-bus.de\\\/stade\\\/linien-2103-und-2725-bauarbeiten-in-buxtehude-heitmannshausen-08-09-2026\\\/\",\"url\":\"https:\\\/\\\/kvg-bus.de\\\/stade\\\/linien-2103-und-2725-bauarbeiten-in-buxtehude-heitmannshausen-08-09-2026\\\/\",\"name\":\"Linien 2103 und 2725 | Bauarbeiten in Buxtehude-Heitmannshausen: 08.09.2026 - KVG Stade\",\"isPartOf\":{\"@id\":\"https:\\\/\\\/kvg-bus.de\\\/stade\\\/#website\"},\"primaryImageOfPage\":{\"@id\":\"https:\\\/\\\/kvg-bus.de\\\/stade\\\/linien-2103-und-2725-bauarbeiten-in-buxtehude-heitmannshausen-08-09-2026\\\/#primaryimage\"},\"image\":{\"@id\":\"https:\\\/\\\/kvg-bus.de\\\/stade\\\/linien-2103-und-2725-bauarbeiten-in-buxtehude-heitmannshausen-08-09-2026\\\/#primaryimage\"},\"thumbnailUrl\":\"https:\\\/\\\/kvg-bus.de\\\/stade\\\/wp-content\\\/uploads\\\/sites\\\/14\\\/header-subsite_stoerungen.png\",\"datePublished\":\"2026-09-03T11:09:46+00:00\",\"dateModified\":\"2026-09-03T11:09:47+00:00\",\"breadcrumb\":{\"@id\":\"https:\\\/\\\/kvg-bus.de\\\/stade\\\/linien-2103-und-2725-bauarbeiten-in-buxtehude-heitmannshausen-08-09-2026\\\/#breadcrumb\"},\"inLanguage\":\"es\",\"potentialAction\":[{\"@type\":\"ReadAction\",\"target\":[\"https:\\\/\\\/kvg-bus.de\\\/stade\\\/linien-2103-und-2725-bauarbeiten-in-buxtehude-heitmannshausen-08-09-2026\\\/\"]}]},{\"@type\":\"ImageObject\",\"inLanguage\":\"es\",\"@id\":\"https:\\\/\\\/kvg-bus.de\\\/stade\\\/linien-2103-und-2725-bauarbeiten-in-buxtehude-heitmannshausen-08-09-2026\\\/#primaryimage\",\"url\":\"https:\\\/\\\/kvg-bus.de\\\/stade\\\/wp-content\\\/uploads\\\/sites\\\/14\\\/header-subsite_stoerungen.png\",\"contentUrl\":\"https:\\\/\\\/kvg-bus.de\\\/stade\\\/wp-content\\\/uploads\\\/sites\\\/14\\\/header-subsite_stoerungen.png\",\"width\":1920,\"height\":640},{\"@type\":\"BreadcrumbList\",\"@id\":\"https:\\\/\\\/kvg-bus.de\\\/stade\\\/linien-2103-und-2725-bauarbeiten-in-buxtehude-heitmannshausen-08-09-2026\\\/#breadcrumb\",\"itemListElement\":[{\"@type\":\"ListItem\",\"position\":1,\"name\":\"Startseite\",\"item\":\"https:\\\/\\\/kvg-bus.de\\\/stade\\\/\"},{\"@type\":\"ListItem\",\"position\":2,\"name\":\"Linien 2103 und 2725 | Bauarbeiten in Buxtehude-Heitmannshausen: 08.09.2026\"}]},{\"@type\":\"WebSite\",\"@id\":\"https:\\\/\\\/kvg-bus.de\\\/stade\\\/#website\",\"url\":\"https:\\\/\\\/kvg-bus.de\\\/stade\\\/\",\"name\":\"KVG Stade\",\"description\":\"\",\"publisher\":{\"@id\":\"https:\\\/\\\/kvg-bus.de\\\/stade\\\/#organization\"},\"potentialAction\":[{\"@type\":\"SearchAction\",\"target\":{\"@type\":\"EntryPoint\",\"urlTemplate\":\"https:\\\/\\\/kvg-bus.de\\\/stade\\\/?s={search_term_string}\"},\"query-input\":{\"@type\":\"PropertyValueSpecification\",\"valueRequired\":true,\"valueName\":\"search_term_string\"}}],\"inLanguage\":\"es\"},{\"@type\":\"Organization\",\"@id\":\"https:\\\/\\\/kvg-bus.de\\\/stade\\\/#organization\",\"name\":\"KVG Stade\",\"url\":\"https:\\\/\\\/kvg-bus.de\\\/stade\\\/\",\"logo\":{\"@type\":\"ImageObject\",\"inLanguage\":\"es\",\"@id\":\"https:\\\/\\\/kvg-bus.de\\\/stade\\\/#\\\/schema\\\/logo\\\/image\\\/\",\"url\":\"https:\\\/\\\/kvg-bus.de\\\/stade\\\/wp-content\\\/uploads\\\/sites\\\/14\\\/kvg_logo-1.svg\",\"contentUrl\":\"https:\\\/\\\/kvg-bus.de\\\/stade\\\/wp-content\\\/uploads\\\/sites\\\/14\\\/kvg_logo-1.svg\",\"width\":1322,\"height\":404,\"caption\":\"KVG Stade\"},\"image\":{\"@id\":\"https:\\\/\\\/kvg-bus.de\\\/stade\\\/#\\\/schema\\\/logo\\\/image\\\/\"}},{\"@type\":\"Person\",\"@id\":\"https:\\\/\\\/kvg-bus.de\\\/stade\\\/#\\\/schema\\\/person\\\/5a5abfab092f868ec7cbe0f59e95749b\",\"name\":\"mzimmermann\",\"image\":{\"@type\":\"ImageObject\",\"inLanguage\":\"es\",\"@id\":\"https:\\\/\\\/secure.gravatar.com\\\/avatar\\\/0f69d8b83e3b3e54f0b766684bb3fd6649f0081ecdbff759ed4b19e5df68d1e4?s=96&d=mm&r=g\",\"url\":\"https:\\\/\\\/secure.gravatar.com\\\/avatar\\\/0f69d8b83e3b3e54f0b766684bb3fd6649f0081ecdbff759ed4b19e5df68d1e4?s=96&d=mm&r=g\",\"contentUrl\":\"https:\\\/\\\/secure.gravatar.com\\\/avatar\\\/0f69d8b83e3b3e54f0b766684bb3fd6649f0081ecdbff759ed4b19e5df68d1e4?s=96&d=mm&r=g\",\"caption\":\"mzimmermann\"},\"url\":\"https:\\\/\\\/kvg-bus.de\\\/stade\\\/es\\\/author\\\/mzimmermann\\\/\"}]}<\/script>\n<!-- \/ Yoast SEO plugin. -->","yoast_head_json":{"title":"Linien 2103 und 2725 | Bauarbeiten in Buxtehude-Heitmannshausen: 08.09.2026 - KVG Stade","robots":{"index":"index","follow":"follow","max-snippet":"max-snippet:-1","max-image-preview":"max-image-preview:large","max-video-preview":"max-video-preview:-1"},"canonical":"https:\/\/kvg-bus.de\/stade\/linien-2103-und-2725-bauarbeiten-in-buxtehude-heitmannshausen-08-09-2026\/","og_locale":"es_ES","og_type":"article","og_title":"Linien 2103 und 2725 | Bauarbeiten in Buxtehude-Heitmannshausen: 08.09.2026 - KVG Stade","og_description":"Am 08. September 2026 ist die Stra\u00dfe Heitmannshausen in Buxtehude-Heitmannshausen wegen Stra\u00dfenbauarbeiten gesperrt. Linie 2103 Die Linie f\u00e4hrt eine Umleitung \u00fcber Gildestra\u00dfe, Stader Stra\u00dfe, Cuxhavener Stra\u00dfe, G\u00fcner Wald und Am Gleise. \u274c Die Haltestellen \u201eBuxtehude, Bahnhof (Vorplatz)\u201c, \u201eBuxtehude, Giselbertstra\u00dfe\u201c, \u201eBuxtehude, K\u00f6nigsdamm\u201c, \u201eHeitmannshausen, Umspannwerk\u201c, \u201eHeitmannshausen, Zum Heidberg\u201c, \u201eHeitmannshausen, Heitmannshausen 94\u201c und \u201eNeukloster, S Neukloster\u201c k\u00f6nnen nicht bedient werden. \u2705 Fahrg\u00e4ste weichen bitte auf die Haltestellen \u201eNeukloster, Jorker Stra\u00dfe\u201c, \u201eNeukloster, Am Gleise\u201c, \u201eHeitmannshausen, Ilskamp\u201c und \u201eBuxtehude, Bf. Buxtehude (S\u00fcd)\u201c aus. Linie 2725 Die Linie f\u00e4hrt eine Umleitung \u00fcber Gildestra\u00dfe, Stader Stra\u00dfe und Cuxhavener Stra\u00dfe. \u274c Die Haltestellen \u201eBuxtehude, Bahnhof (Vorplatz)\u201c, \u201eBuxtehude, K\u00f6nigsdamm\u201c, \u201eHeitmannshausen, Zum Heidberg\u201c, \u201eHeitmannshausen, Heitmannshausen 94\u201c und \u201eNeukloster, Jorker Stra\u00dfe\u201c k\u00f6nnen nicht bedient werden. \u2705 Fahrg\u00e4ste weichen bitte auf die Haltestellen \u201eNeukloster, Pfingstmarkt\u201c und \u201eBuxtehude, Bahnhof (Nord)\u201c aus.","og_url":"https:\/\/kvg-bus.de\/stade\/linien-2103-und-2725-bauarbeiten-in-buxtehude-heitmannshausen-08-09-2026\/","og_site_name":"KVG Stade","article_published_time":"2026-09-03T11:09:46+00:00","article_modified_time":"2026-09-03T11:09:47+00:00","og_image":[{"width":1920,"height":640,"url":"https:\/\/kvg-bus.de\/stade\/wp-content\/uploads\/sites\/14\/header-subsite_stoerungen.png","type":"image\/png"}],"author":"mzimmermann","twitter_card":"summary_large_image","twitter_misc":{"Escrito por":"mzimmermann","Tiempo de lectura":"1 minuto"},"schema":{"@context":"https:\/\/schema.org","@graph":[{"@type":"Article","@id":"https:\/\/kvg-bus.de\/stade\/linien-2103-und-2725-bauarbeiten-in-buxtehude-heitmannshausen-08-09-2026\/#article","isPartOf":{"@id":"https:\/\/kvg-bus.de\/stade\/linien-2103-und-2725-bauarbeiten-in-buxtehude-heitmannshausen-08-09-2026\/"},"author":{"name":"mzimmermann","@id":"https:\/\/kvg-bus.de\/stade\/#\/schema\/person\/5a5abfab092f868ec7cbe0f59e95749b"},"headline":"Linien 2103 und 2725 | Bauarbeiten in Buxtehude-Heitmannshausen: 08.09.2026","datePublished":"2026-09-03T11:09:46+00:00","dateModified":"2026-09-03T11:09:47+00:00","mainEntityOfPage":{"@id":"https:\/\/kvg-bus.de\/stade\/linien-2103-und-2725-bauarbeiten-in-buxtehude-heitmannshausen-08-09-2026\/"},"wordCount":148,"commentCount":0,"publisher":{"@id":"https:\/\/kvg-bus.de\/stade\/#organization"},"image":{"@id":"https:\/\/kvg-bus.de\/stade\/linien-2103-und-2725-bauarbeiten-in-buxtehude-heitmannshausen-08-09-2026\/#primaryimage"},"thumbnailUrl":"https:\/\/kvg-bus.de\/stade\/wp-content\/uploads\/sites\/14\/header-subsite_stoerungen.png","articleSection":["Stade","Fahrplanabweichungen"],"inLanguage":"es","potentialAction":[{"@type":"CommentAction","name":"Comment","target":["https:\/\/kvg-bus.de\/stade\/linien-2103-und-2725-bauarbeiten-in-buxtehude-heitmannshausen-08-09-2026\/#respond"]}]},{"@type":"WebPage","@id":"https:\/\/kvg-bus.de\/stade\/linien-2103-und-2725-bauarbeiten-in-buxtehude-heitmannshausen-08-09-2026\/","url":"https:\/\/kvg-bus.de\/stade\/linien-2103-und-2725-bauarbeiten-in-buxtehude-heitmannshausen-08-09-2026\/","name":"Linien 2103 und 2725 | Bauarbeiten in Buxtehude-Heitmannshausen: 08.09.2026 - KVG Stade","isPartOf":{"@id":"https:\/\/kvg-bus.de\/stade\/#website"},"primaryImageOfPage":{"@id":"https:\/\/kvg-bus.de\/stade\/linien-2103-und-2725-bauarbeiten-in-buxtehude-heitmannshausen-08-09-2026\/#primaryimage"},"image":{"@id":"https:\/\/kvg-bus.de\/stade\/linien-2103-und-2725-bauarbeiten-in-buxtehude-heitmannshausen-08-09-2026\/#primaryimage"},"thumbnailUrl":"https:\/\/kvg-bus.de\/stade\/wp-content\/uploads\/sites\/14\/header-subsite_stoerungen.png","datePublished":"2026-09-03T11:09:46+00:00","dateModified":"2026-09-03T11:09:47+00:00","breadcrumb":{"@id":"https:\/\/kvg-bus.de\/stade\/linien-2103-und-2725-bauarbeiten-in-buxtehude-heitmannshausen-08-09-2026\/#breadcrumb"},"inLanguage":"es","potentialAction":[{"@type":"ReadAction","target":["https:\/\/kvg-bus.de\/stade\/linien-2103-und-2725-bauarbeiten-in-buxtehude-heitmannshausen-08-09-2026\/"]}]},{"@type":"ImageObject","inLanguage":"es","@id":"https:\/\/kvg-bus.de\/stade\/linien-2103-und-2725-bauarbeiten-in-buxtehude-heitmannshausen-08-09-2026\/#primaryimage","url":"https:\/\/kvg-bus.de\/stade\/wp-content\/uploads\/sites\/14\/header-subsite_stoerungen.png","contentUrl":"https:\/\/kvg-bus.de\/stade\/wp-content\/uploads\/sites\/14\/header-subsite_stoerungen.png","width":1920,"height":640},{"@type":"BreadcrumbList","@id":"https:\/\/kvg-bus.de\/stade\/linien-2103-und-2725-bauarbeiten-in-buxtehude-heitmannshausen-08-09-2026\/#breadcrumb","itemListElement":[{"@type":"ListItem","position":1,"name":"Startseite","item":"https:\/\/kvg-bus.de\/stade\/"},{"@type":"ListItem","position":2,"name":"Linien 2103 und 2725 | Bauarbeiten in Buxtehude-Heitmannshausen: 08.09.2026"}]},{"@type":"WebSite","@id":"https:\/\/kvg-bus.de\/stade\/#website","url":"https:\/\/kvg-bus.de\/stade\/","name":"KVG Stade","description":"","publisher":{"@id":"https:\/\/kvg-bus.de\/stade\/#organization"},"potentialAction":[{"@type":"SearchAction","target":{"@type":"EntryPoint","urlTemplate":"https:\/\/kvg-bus.de\/stade\/?s={search_term_string}"},"query-input":{"@type":"PropertyValueSpecification","valueRequired":true,"valueName":"search_term_string"}}],"inLanguage":"es"},{"@type":"Organization","@id":"https:\/\/kvg-bus.de\/stade\/#organization","name":"KVG Stade","url":"https:\/\/kvg-bus.de\/stade\/","logo":{"@type":"ImageObject","inLanguage":"es","@id":"https:\/\/kvg-bus.de\/stade\/#\/schema\/logo\/image\/","url":"https:\/\/kvg-bus.de\/stade\/wp-content\/uploads\/sites\/14\/kvg_logo-1.svg","contentUrl":"https:\/\/kvg-bus.de\/stade\/wp-content\/uploads\/sites\/14\/kvg_logo-1.svg","width":1322,"height":404,"caption":"KVG Stade"},"image":{"@id":"https:\/\/kvg-bus.de\/stade\/#\/schema\/logo\/image\/"}},{"@type":"Person","@id":"https:\/\/kvg-bus.de\/stade\/#\/schema\/person\/5a5abfab092f868ec7cbe0f59e95749b","name":"mzimmermann","image":{"@type":"ImageObject","inLanguage":"es","@id":"https:\/\/secure.gravatar.com\/avatar\/0f69d8b83e3b3e54f0b766684bb3fd6649f0081ecdbff759ed4b19e5df68d1e4?s=96&d=mm&r=g","url":"https:\/\/secure.gravatar.com\/avatar\/0f69d8b83e3b3e54f0b766684bb3fd6649f0081ecdbff759ed4b19e5df68d1e4?s=96&d=mm&r=g","contentUrl":"https:\/\/secure.gravatar.com\/avatar\/0f69d8b83e3b3e54f0b766684bb3fd6649f0081ecdbff759ed4b19e5df68d1e4?s=96&d=mm&r=g","caption":"mzimmermann"},"url":"https:\/\/kvg-bus.de\/stade\/es\/author\/mzimmermann\/"}]}},"_links":{"self":[{"href":"https:\/\/kvg-bus.de\/stade\/es\/wp-json\/wp\/v2\/posts\/5625","targetHints":{"allow":["GET"]}}],"collection":[{"href":"https:\/\/kvg-bus.de\/stade\/es\/wp-json\/wp\/v2\/posts"}],"about":[{"href":"https:\/\/kvg-bus.de\/stade\/es\/wp-json\/wp\/v2\/types\/post"}],"author":[{"embeddable":true,"href":"https:\/\/kvg-bus.de\/stade\/es\/wp-json\/wp\/v2\/users\/10"}],"replies":[{"embeddable":true,"href":"https:\/\/kvg-bus.de\/stade\/es\/wp-json\/wp\/v2\/comments?post=5625"}],"version-history":[{"count":0,"href":"https:\/\/kvg-bus.de\/stade\/es\/wp-json\/wp\/v2\/posts\/5625\/revisions"}],"wp:attachment":[{"href":"https:\/\/kvg-bus.de\/stade\/es\/wp-json\/wp\/v2\/media?parent=5625"}],"wp:term":[{"taxonomy":"category","embeddable":true,"href":"https:\/\/kvg-bus.de\/stade\/es\/wp-json\/wp\/v2\/categories?post=5625"},{"taxonomy":"post_tag","embeddable":true,"href":"https:\/\/kvg-bus.de\/stade\/es\/wp-json\/wp\/v2\/tags?post=5625"}],"curies":[{"name":"wp","href":"https:\/\/api.w.org\/{rel}","templated":true}]}}