{"id":5624,"date":"2026-09-03T13:02:05","date_gmt":"2026-09-03T11:02:05","guid":{"rendered":"https:\/\/kvg-bus.de\/stade\/?p=5624"},"modified":"2026-09-03T15:25:01","modified_gmt":"2026-09-03T13:25:01","slug":"lineas-1043-1070-y-1072-obras-en-oberndorf-07-09-02-10-2026","status":"publish","type":"post","link":"https:\/\/kvg-bus.de\/stade\/es\/linien-1043-1070-und-1072-bauarbeiten-in-oberndorf-07-09-02-10-2026\/","title":{"rendered":"L\u00edneas 1043, 1070 y 1072 | Obras en Oberndorf: del 7 de septiembre al 2 de octubre de 2026"},"content":{"rendered":"<p class=\"PDq2pG_selectionAnchorContainer\" data-start=\"80\" data-end=\"261\">Desde el <strong data-start=\"84\" data-end=\"106\">7 de septiembre de 2026<\/strong> hasta <strong data-start=\"111\" data-end=\"131\">2 de octubre de 2026<\/strong> son las carreteras <strong data-start=\"149\" data-end=\"189\">Zollbaum, Bentwisch y Niederstrich<\/strong> en <strong data-start=\"193\" data-end=\"206\">Oberndorf<\/strong> debido a <strong data-start=\"213\" data-end=\"235\">Obras de reforma<\/strong> cerrado por tramos.<\/p>\n<p data-start=\"80\" data-end=\"261\">\u27a1\ufe0fZu de la obra hay horarios de obras - puede encontrarlos <a href=\"https:\/\/kvg-bus.de\/cuxhaven\/es\/planes-de-conduccion\/\">aqu\u00ed<\/a>.<\/p>\n<h3 data-section-id=\"1uo7sdn\" data-start=\"263\" data-end=\"299\">L\u00ednea 1070 | 7-13 de septiembre de 2026<\/h3>\n<p data-start=\"301\" data-end=\"403\">La l\u00ednea se desv\u00eda por <strong data-start=\"337\" data-end=\"383\">Bentwisch, Niederstrich, Gro\u00dfes Wegf\u00e4hreis<\/strong> y <strong data-start=\"388\" data-end=\"402\">Carretera comarcal<\/strong>.<\/p>\n<p data-start=\"405\" data-end=\"637\">\u274c Las paradas \u201e<strong data-start=\"425\" data-end=\"448\">Oberndorf, Zehntweg<\/strong>\u201c, \u201e<strong data-start=\"452\" data-end=\"479\">Oberndorf, Hasenfleet 6<\/strong>\u201c, \u201e<strong data-start=\"483\" data-end=\"507\">Oberndorf, Moordeich<\/strong>\u201c, \u201e<strong data-start=\"511\" data-end=\"534\">Oberndorf, Zollbaum<\/strong>\u201c, \u201e<strong data-start=\"538\" data-end=\"568\">Oberndorf, Schwarzenmoor 6<\/strong>\u201c y \u201e<strong data-start=\"575\" data-end=\"607\">Oberndorf, Schwarzenmoor 10a<\/strong>\u201c no puede funcionar.<\/p>\n<h3 data-section-id=\"ke38qp\" data-start=\"639\" data-end=\"675\">L\u00ednea 1070 | 14 de septiembre \u2013 2 de octubre de 2026<\/h3>\n<p data-start=\"677\" data-end=\"731\">La l\u00ednea se desv\u00eda por <strong data-start=\"713\" data-end=\"730\">Schwarzenmoor<\/strong>.<\/p>\n<p data-start=\"733\" data-end=\"837\">\u274c Las paradas \u201e<strong data-start=\"753\" data-end=\"776\">Oberndorf, Zollbaum<\/strong>\u201c y \u201e<strong data-start=\"783\" data-end=\"807\">Oberndorf, Moordeich<\/strong>\u201c no puede funcionar.<\/p>\n<h3 data-section-id=\"60hoax\" data-start=\"839\" data-end=\"875\">L\u00ednea 1043 | 14-20 de septiembre de 2026<\/h3>\n<p data-start=\"877\" data-end=\"932\">La l\u00ednea no cruza la calle <strong data-start=\"915\" data-end=\"931\">Conclusi\u00f3n<\/strong>.<\/p>\n<p data-start=\"934\" data-end=\"1072\">\u274c Las paradas \u201e<strong data-start=\"954\" data-end=\"980\">Este, l\u00ednea inferior 30<\/strong>\u201c, \u201e<strong data-start=\"984\" data-end=\"1009\">Este, l\u00ednea inferior 4<\/strong>\u201c y \u201e<strong data-start=\"1016\" data-end=\"1042\">Este, Niederstrich 13<\/strong>\u201c no puede funcionar.<\/p>\n<h3 data-section-id=\"mn1rph\" data-start=\"1074\" data-end=\"1088\">L\u00ednea 1072<\/h3>\n<p data-start=\"1090\" data-end=\"1166\" data-is-last-node=\"\" data-is-only-node=\"\">\u2139\ufe0f El <strong data-start=\"1097\" data-end=\"1111\">L\u00ednea 1072<\/strong> circula, debido a las circunstancias, tras un <strong data-start=\"1143\" data-end=\"1165\">Horario de las obras<\/strong>.<\/p>","protected":false},"excerpt":{"rendered":"<p>Del 7 de septiembre de 2026 al 2 de octubre de 2026, las calles Zollbaum, Bentwisch y Niederstrich de Oberndorf permanecer\u00e1n cerradas por tramos debido a obras de rehabilitaci\u00f3n. \u27a1\ufe0fHay horarios especiales para la zona de obras; puedes consultarlos aqu\u00ed. L\u00ednea 1070 | 7-13 de septiembre de 2026 La l\u00ednea circular\u00e1 por un desv\u00edo a trav\u00e9s de Bentwisch, Niederstrich, Gro\u00dfes Wegf\u00e4hreis y Landstra\u00dfe. \u274c No se podr\u00e1 prestar servicio en las paradas \u201eOberndorf, Zehntweg\u201c, \u201eOberndorf, Hasenfleet 6\u201c, \u201eOberndorf, Moordeich\u201c, \u201eOberndorf, Zollbaum\u201c, \u201eOberndorf, Schwarzenmoor 6\u201c y \u201eOberndorf, Schwarzenmoor 10a\u201c no se podr\u00e1n utilizar. L\u00ednea 1070 | 14\/09 \u2013 02\/10\/2026 La l\u00ednea realiza un desv\u00edo por Schwarzenmoor. \u274c No se podr\u00e1 parar en las paradas \u201eOberndorf, Zollbaum\u201c y \u201eOberndorf, Moordeich\u201c. L\u00ednea 1043 | 14 de septiembre \u2013 20 de septiembre de 2026 La l\u00ednea no circular\u00e1 por la calle Niederstrich. \u274c No se podr\u00e1 parar en las paradas \u201eOsten, Niederstrich 30\u201c, \u201eOsten, Niederstrich 4\u201c y \u201eOsten, Niederstrich 13\u201c. L\u00ednea 1072 \u2139\ufe0f Debido a un desv\u00edo, la l\u00ednea 1072 circula seg\u00fan un horario especial por obras.<\/p>","protected":false},"author":10,"featured_media":2753,"comment_status":"open","ping_status":"open","sticky":false,"template":"","format":"standard","meta":{"footnotes":""},"categories":[81,33],"tags":[],"class_list":["post-5624","post","type-post","status-publish","format-standard","has-post-thumbnail","hentry","category-cuxhaven","category-fahrplanabweichungen"],"yoast_head":"<!-- This site is optimized with the Yoast SEO plugin v28.3 - https:\/\/yoast.com\/product\/yoast-seo-wordpress\/ -->\n<title>Linien 1043, 1070 und 1072 | Bauarbeiten in Oberndorf: 07.09. \u2013 02.10.2026 - KVG Stade<\/title>\n<meta name=\"robots\" content=\"index, follow, max-snippet:-1, max-image-preview:large, max-video-preview:-1\" \/>\n<link rel=\"canonical\" href=\"https:\/\/kvg-bus.de\/stade\/lineas-1043-1070-y-1072-obras-en-oberndorf-07-09-02-10-2026\/\" \/>\n<meta property=\"og:locale\" content=\"es_ES\" \/>\n<meta property=\"og:type\" content=\"article\" \/>\n<meta property=\"og:title\" content=\"Linien 1043, 1070 und 1072 | Bauarbeiten in Oberndorf: 07.09. \u2013 02.10.2026 - KVG Stade\" \/>\n<meta property=\"og:description\" content=\"Vom 07. September 2026 bis 02. Oktober 2026 sind die Stra\u00dfen Zollbaum, Bentwisch und Niederstrich in Oberndorf wegen Sanierungsarbeiten abschnittsweise gesperrt. \u27a1\ufe0fZu der Baustelle gibt es Baustellenfahrpl\u00e4ne &#8211; diese findest du hier. Linie 1070 | 07.09. \u2013 13.09.2026 Die Linie f\u00e4hrt eine Umleitung \u00fcber Bentwisch, Niederstrich, Gro\u00dfes Wegf\u00e4hreis und Landstra\u00dfe. \u274c Die Haltestellen \u201eOberndorf, Zehntweg\u201c, \u201eOberndorf, Hasenfleet 6\u201c, \u201eOberndorf, Moordeich\u201c, \u201eOberndorf, Zollbaum\u201c, \u201eOberndorf, Schwarzenmoor 6\u201c und \u201eOberndorf, Schwarzenmoor 10a\u201c k\u00f6nnen nicht bedient werden. Linie 1070 | 14.09. \u2013 02.10.2026 Die Linie f\u00e4hrt eine Umleitung \u00fcber Schwarzenmoor. \u274c Die Haltestellen \u201eOberndorf, Zollbaum\u201c und \u201eOberndorf, Moordeich\u201c k\u00f6nnen nicht bedient werden. Linie 1043 | 14.09. \u2013 20.09.2026 Die Linie f\u00e4hrt nicht \u00fcber die Stra\u00dfe Niederstrich. \u274c Die Haltestellen \u201eOsten, Niederstrich 30\u201c, \u201eOsten, Niederstrich 4\u201c und \u201eOsten, Niederstrich 13\u201c k\u00f6nnen nicht bedient werden. Linie 1072 \u2139\ufe0f Die Linie 1072 f\u00e4hrt umlaufbedingt nach einem Baustellenfahrplan.\" \/>\n<meta property=\"og:url\" content=\"https:\/\/kvg-bus.de\/stade\/lineas-1043-1070-y-1072-obras-en-oberndorf-07-09-02-10-2026\/\" \/>\n<meta property=\"og:site_name\" content=\"KVG Stade\" \/>\n<meta property=\"article:published_time\" content=\"2026-09-03T11:02:05+00:00\" \/>\n<meta property=\"article:modified_time\" content=\"2026-09-03T13:25:01+00:00\" \/>\n<meta property=\"og:image\" content=\"https:\/\/kvg-bus.de\/stade\/wp-content\/uploads\/sites\/14\/header-subsite_stoerungen.png\" \/>\n\t<meta property=\"og:image:width\" content=\"1920\" \/>\n\t<meta property=\"og:image:height\" content=\"640\" \/>\n\t<meta property=\"og:image:type\" content=\"image\/png\" \/>\n<meta name=\"author\" content=\"mzimmermann\" \/>\n<meta name=\"twitter:card\" content=\"summary_large_image\" \/>\n<meta name=\"twitter:label1\" content=\"Escrito por\" \/>\n\t<meta name=\"twitter:data1\" content=\"mzimmermann\" \/>\n\t<meta name=\"twitter:label2\" content=\"Tiempo de lectura\" \/>\n\t<meta name=\"twitter:data2\" content=\"1 minuto\" \/>\n<script type=\"application\/ld+json\" class=\"yoast-schema-graph\">{\"@context\":\"https:\\\/\\\/schema.org\",\"@graph\":[{\"@type\":\"Article\",\"@id\":\"https:\\\/\\\/kvg-bus.de\\\/stade\\\/linien-1043-1070-und-1072-bauarbeiten-in-oberndorf-07-09-02-10-2026\\\/#article\",\"isPartOf\":{\"@id\":\"https:\\\/\\\/kvg-bus.de\\\/stade\\\/linien-1043-1070-und-1072-bauarbeiten-in-oberndorf-07-09-02-10-2026\\\/\"},\"author\":{\"name\":\"mzimmermann\",\"@id\":\"https:\\\/\\\/kvg-bus.de\\\/stade\\\/#\\\/schema\\\/person\\\/5a5abfab092f868ec7cbe0f59e95749b\"},\"headline\":\"Linien 1043, 1070 und 1072 | Bauarbeiten in Oberndorf: 07.09. \u2013 02.10.2026\",\"datePublished\":\"2026-09-03T11:02:05+00:00\",\"dateModified\":\"2026-09-03T13:25:01+00:00\",\"mainEntityOfPage\":{\"@id\":\"https:\\\/\\\/kvg-bus.de\\\/stade\\\/linien-1043-1070-und-1072-bauarbeiten-in-oberndorf-07-09-02-10-2026\\\/\"},\"wordCount\":135,\"commentCount\":0,\"publisher\":{\"@id\":\"https:\\\/\\\/kvg-bus.de\\\/stade\\\/#organization\"},\"image\":{\"@id\":\"https:\\\/\\\/kvg-bus.de\\\/stade\\\/linien-1043-1070-und-1072-bauarbeiten-in-oberndorf-07-09-02-10-2026\\\/#primaryimage\"},\"thumbnailUrl\":\"https:\\\/\\\/kvg-bus.de\\\/stade\\\/wp-content\\\/uploads\\\/sites\\\/14\\\/header-subsite_stoerungen.png\",\"articleSection\":[\"Cuxhaven\",\"Fahrplanabweichungen\"],\"inLanguage\":\"es\",\"potentialAction\":[{\"@type\":\"CommentAction\",\"name\":\"Comment\",\"target\":[\"https:\\\/\\\/kvg-bus.de\\\/stade\\\/linien-1043-1070-und-1072-bauarbeiten-in-oberndorf-07-09-02-10-2026\\\/#respond\"]}]},{\"@type\":\"WebPage\",\"@id\":\"https:\\\/\\\/kvg-bus.de\\\/stade\\\/linien-1043-1070-und-1072-bauarbeiten-in-oberndorf-07-09-02-10-2026\\\/\",\"url\":\"https:\\\/\\\/kvg-bus.de\\\/stade\\\/linien-1043-1070-und-1072-bauarbeiten-in-oberndorf-07-09-02-10-2026\\\/\",\"name\":\"Linien 1043, 1070 und 1072 | Bauarbeiten in Oberndorf: 07.09. \u2013 02.10.2026 - KVG Stade\",\"isPartOf\":{\"@id\":\"https:\\\/\\\/kvg-bus.de\\\/stade\\\/#website\"},\"primaryImageOfPage\":{\"@id\":\"https:\\\/\\\/kvg-bus.de\\\/stade\\\/linien-1043-1070-und-1072-bauarbeiten-in-oberndorf-07-09-02-10-2026\\\/#primaryimage\"},\"image\":{\"@id\":\"https:\\\/\\\/kvg-bus.de\\\/stade\\\/linien-1043-1070-und-1072-bauarbeiten-in-oberndorf-07-09-02-10-2026\\\/#primaryimage\"},\"thumbnailUrl\":\"https:\\\/\\\/kvg-bus.de\\\/stade\\\/wp-content\\\/uploads\\\/sites\\\/14\\\/header-subsite_stoerungen.png\",\"datePublished\":\"2026-09-03T11:02:05+00:00\",\"dateModified\":\"2026-09-03T13:25:01+00:00\",\"breadcrumb\":{\"@id\":\"https:\\\/\\\/kvg-bus.de\\\/stade\\\/linien-1043-1070-und-1072-bauarbeiten-in-oberndorf-07-09-02-10-2026\\\/#breadcrumb\"},\"inLanguage\":\"es\",\"potentialAction\":[{\"@type\":\"ReadAction\",\"target\":[\"https:\\\/\\\/kvg-bus.de\\\/stade\\\/linien-1043-1070-und-1072-bauarbeiten-in-oberndorf-07-09-02-10-2026\\\/\"]}]},{\"@type\":\"ImageObject\",\"inLanguage\":\"es\",\"@id\":\"https:\\\/\\\/kvg-bus.de\\\/stade\\\/linien-1043-1070-und-1072-bauarbeiten-in-oberndorf-07-09-02-10-2026\\\/#primaryimage\",\"url\":\"https:\\\/\\\/kvg-bus.de\\\/stade\\\/wp-content\\\/uploads\\\/sites\\\/14\\\/header-subsite_stoerungen.png\",\"contentUrl\":\"https:\\\/\\\/kvg-bus.de\\\/stade\\\/wp-content\\\/uploads\\\/sites\\\/14\\\/header-subsite_stoerungen.png\",\"width\":1920,\"height\":640},{\"@type\":\"BreadcrumbList\",\"@id\":\"https:\\\/\\\/kvg-bus.de\\\/stade\\\/linien-1043-1070-und-1072-bauarbeiten-in-oberndorf-07-09-02-10-2026\\\/#breadcrumb\",\"itemListElement\":[{\"@type\":\"ListItem\",\"position\":1,\"name\":\"Startseite\",\"item\":\"https:\\\/\\\/kvg-bus.de\\\/stade\\\/\"},{\"@type\":\"ListItem\",\"position\":2,\"name\":\"Linien 1043, 1070 und 1072 | Bauarbeiten in Oberndorf: 07.09. \u2013 02.10.2026\"}]},{\"@type\":\"WebSite\",\"@id\":\"https:\\\/\\\/kvg-bus.de\\\/stade\\\/#website\",\"url\":\"https:\\\/\\\/kvg-bus.de\\\/stade\\\/\",\"name\":\"KVG Stade\",\"description\":\"\",\"publisher\":{\"@id\":\"https:\\\/\\\/kvg-bus.de\\\/stade\\\/#organization\"},\"potentialAction\":[{\"@type\":\"SearchAction\",\"target\":{\"@type\":\"EntryPoint\",\"urlTemplate\":\"https:\\\/\\\/kvg-bus.de\\\/stade\\\/?s={search_term_string}\"},\"query-input\":{\"@type\":\"PropertyValueSpecification\",\"valueRequired\":true,\"valueName\":\"search_term_string\"}}],\"inLanguage\":\"es\"},{\"@type\":\"Organization\",\"@id\":\"https:\\\/\\\/kvg-bus.de\\\/stade\\\/#organization\",\"name\":\"KVG Stade\",\"url\":\"https:\\\/\\\/kvg-bus.de\\\/stade\\\/\",\"logo\":{\"@type\":\"ImageObject\",\"inLanguage\":\"es\",\"@id\":\"https:\\\/\\\/kvg-bus.de\\\/stade\\\/#\\\/schema\\\/logo\\\/image\\\/\",\"url\":\"https:\\\/\\\/kvg-bus.de\\\/stade\\\/wp-content\\\/uploads\\\/sites\\\/14\\\/kvg_logo-1.svg\",\"contentUrl\":\"https:\\\/\\\/kvg-bus.de\\\/stade\\\/wp-content\\\/uploads\\\/sites\\\/14\\\/kvg_logo-1.svg\",\"width\":1322,\"height\":404,\"caption\":\"KVG Stade\"},\"image\":{\"@id\":\"https:\\\/\\\/kvg-bus.de\\\/stade\\\/#\\\/schema\\\/logo\\\/image\\\/\"}},{\"@type\":\"Person\",\"@id\":\"https:\\\/\\\/kvg-bus.de\\\/stade\\\/#\\\/schema\\\/person\\\/5a5abfab092f868ec7cbe0f59e95749b\",\"name\":\"mzimmermann\",\"image\":{\"@type\":\"ImageObject\",\"inLanguage\":\"es\",\"@id\":\"https:\\\/\\\/secure.gravatar.com\\\/avatar\\\/0f69d8b83e3b3e54f0b766684bb3fd6649f0081ecdbff759ed4b19e5df68d1e4?s=96&d=mm&r=g\",\"url\":\"https:\\\/\\\/secure.gravatar.com\\\/avatar\\\/0f69d8b83e3b3e54f0b766684bb3fd6649f0081ecdbff759ed4b19e5df68d1e4?s=96&d=mm&r=g\",\"contentUrl\":\"https:\\\/\\\/secure.gravatar.com\\\/avatar\\\/0f69d8b83e3b3e54f0b766684bb3fd6649f0081ecdbff759ed4b19e5df68d1e4?s=96&d=mm&r=g\",\"caption\":\"mzimmermann\"},\"url\":\"https:\\\/\\\/kvg-bus.de\\\/stade\\\/es\\\/author\\\/mzimmermann\\\/\"}]}<\/script>\n<!-- \/ Yoast SEO plugin. -->","yoast_head_json":{"title":"L\u00edneas 1043, 1070 y 1072 | Obras en Oberndorf: del 7 de septiembre al 2 de octubre de 2026 - KVG Stade","robots":{"index":"index","follow":"follow","max-snippet":"max-snippet:-1","max-image-preview":"max-image-preview:large","max-video-preview":"max-video-preview:-1"},"canonical":"https:\/\/kvg-bus.de\/stade\/lineas-1043-1070-y-1072-obras-en-oberndorf-07-09-02-10-2026\/","og_locale":"es_ES","og_type":"article","og_title":"Linien 1043, 1070 und 1072 | Bauarbeiten in Oberndorf: 07.09. \u2013 02.10.2026 - KVG Stade","og_description":"Vom 07. September 2026 bis 02. Oktober 2026 sind die Stra\u00dfen Zollbaum, Bentwisch und Niederstrich in Oberndorf wegen Sanierungsarbeiten abschnittsweise gesperrt. \u27a1\ufe0fZu der Baustelle gibt es Baustellenfahrpl\u00e4ne &#8211; diese findest du hier. Linie 1070 | 07.09. \u2013 13.09.2026 Die Linie f\u00e4hrt eine Umleitung \u00fcber Bentwisch, Niederstrich, Gro\u00dfes Wegf\u00e4hreis und Landstra\u00dfe. \u274c Die Haltestellen \u201eOberndorf, Zehntweg\u201c, \u201eOberndorf, Hasenfleet 6\u201c, \u201eOberndorf, Moordeich\u201c, \u201eOberndorf, Zollbaum\u201c, \u201eOberndorf, Schwarzenmoor 6\u201c und \u201eOberndorf, Schwarzenmoor 10a\u201c k\u00f6nnen nicht bedient werden. Linie 1070 | 14.09. \u2013 02.10.2026 Die Linie f\u00e4hrt eine Umleitung \u00fcber Schwarzenmoor. \u274c Die Haltestellen \u201eOberndorf, Zollbaum\u201c und \u201eOberndorf, Moordeich\u201c k\u00f6nnen nicht bedient werden. Linie 1043 | 14.09. \u2013 20.09.2026 Die Linie f\u00e4hrt nicht \u00fcber die Stra\u00dfe Niederstrich. \u274c Die Haltestellen \u201eOsten, Niederstrich 30\u201c, \u201eOsten, Niederstrich 4\u201c und \u201eOsten, Niederstrich 13\u201c k\u00f6nnen nicht bedient werden. Linie 1072 \u2139\ufe0f Die Linie 1072 f\u00e4hrt umlaufbedingt nach einem Baustellenfahrplan.","og_url":"https:\/\/kvg-bus.de\/stade\/lineas-1043-1070-y-1072-obras-en-oberndorf-07-09-02-10-2026\/","og_site_name":"KVG Stade","article_published_time":"2026-09-03T11:02:05+00:00","article_modified_time":"2026-09-03T13:25:01+00:00","og_image":[{"width":1920,"height":640,"url":"https:\/\/kvg-bus.de\/stade\/wp-content\/uploads\/sites\/14\/header-subsite_stoerungen.png","type":"image\/png"}],"author":"mzimmermann","twitter_card":"summary_large_image","twitter_misc":{"Escrito por":"mzimmermann","Tiempo de lectura":"1 minuto"},"schema":{"@context":"https:\/\/schema.org","@graph":[{"@type":"Article","@id":"https:\/\/kvg-bus.de\/stade\/linien-1043-1070-und-1072-bauarbeiten-in-oberndorf-07-09-02-10-2026\/#article","isPartOf":{"@id":"https:\/\/kvg-bus.de\/stade\/linien-1043-1070-und-1072-bauarbeiten-in-oberndorf-07-09-02-10-2026\/"},"author":{"name":"mzimmermann","@id":"https:\/\/kvg-bus.de\/stade\/#\/schema\/person\/5a5abfab092f868ec7cbe0f59e95749b"},"headline":"Linien 1043, 1070 und 1072 | Bauarbeiten in Oberndorf: 07.09. \u2013 02.10.2026","datePublished":"2026-09-03T11:02:05+00:00","dateModified":"2026-09-03T13:25:01+00:00","mainEntityOfPage":{"@id":"https:\/\/kvg-bus.de\/stade\/linien-1043-1070-und-1072-bauarbeiten-in-oberndorf-07-09-02-10-2026\/"},"wordCount":135,"commentCount":0,"publisher":{"@id":"https:\/\/kvg-bus.de\/stade\/#organization"},"image":{"@id":"https:\/\/kvg-bus.de\/stade\/linien-1043-1070-und-1072-bauarbeiten-in-oberndorf-07-09-02-10-2026\/#primaryimage"},"thumbnailUrl":"https:\/\/kvg-bus.de\/stade\/wp-content\/uploads\/sites\/14\/header-subsite_stoerungen.png","articleSection":["Cuxhaven","Fahrplanabweichungen"],"inLanguage":"es","potentialAction":[{"@type":"CommentAction","name":"Comment","target":["https:\/\/kvg-bus.de\/stade\/linien-1043-1070-und-1072-bauarbeiten-in-oberndorf-07-09-02-10-2026\/#respond"]}]},{"@type":"WebPage","@id":"https:\/\/kvg-bus.de\/stade\/linien-1043-1070-und-1072-bauarbeiten-in-oberndorf-07-09-02-10-2026\/","url":"https:\/\/kvg-bus.de\/stade\/linien-1043-1070-und-1072-bauarbeiten-in-oberndorf-07-09-02-10-2026\/","name":"L\u00edneas 1043, 1070 y 1072 | Obras en Oberndorf: del 7 de septiembre al 2 de octubre de 2026 - KVG Stade","isPartOf":{"@id":"https:\/\/kvg-bus.de\/stade\/#website"},"primaryImageOfPage":{"@id":"https:\/\/kvg-bus.de\/stade\/linien-1043-1070-und-1072-bauarbeiten-in-oberndorf-07-09-02-10-2026\/#primaryimage"},"image":{"@id":"https:\/\/kvg-bus.de\/stade\/linien-1043-1070-und-1072-bauarbeiten-in-oberndorf-07-09-02-10-2026\/#primaryimage"},"thumbnailUrl":"https:\/\/kvg-bus.de\/stade\/wp-content\/uploads\/sites\/14\/header-subsite_stoerungen.png","datePublished":"2026-09-03T11:02:05+00:00","dateModified":"2026-09-03T13:25:01+00:00","breadcrumb":{"@id":"https:\/\/kvg-bus.de\/stade\/linien-1043-1070-und-1072-bauarbeiten-in-oberndorf-07-09-02-10-2026\/#breadcrumb"},"inLanguage":"es","potentialAction":[{"@type":"ReadAction","target":["https:\/\/kvg-bus.de\/stade\/linien-1043-1070-und-1072-bauarbeiten-in-oberndorf-07-09-02-10-2026\/"]}]},{"@type":"ImageObject","inLanguage":"es","@id":"https:\/\/kvg-bus.de\/stade\/linien-1043-1070-und-1072-bauarbeiten-in-oberndorf-07-09-02-10-2026\/#primaryimage","url":"https:\/\/kvg-bus.de\/stade\/wp-content\/uploads\/sites\/14\/header-subsite_stoerungen.png","contentUrl":"https:\/\/kvg-bus.de\/stade\/wp-content\/uploads\/sites\/14\/header-subsite_stoerungen.png","width":1920,"height":640},{"@type":"BreadcrumbList","@id":"https:\/\/kvg-bus.de\/stade\/linien-1043-1070-und-1072-bauarbeiten-in-oberndorf-07-09-02-10-2026\/#breadcrumb","itemListElement":[{"@type":"ListItem","position":1,"name":"Startseite","item":"https:\/\/kvg-bus.de\/stade\/"},{"@type":"ListItem","position":2,"name":"Linien 1043, 1070 und 1072 | Bauarbeiten in Oberndorf: 07.09. \u2013 02.10.2026"}]},{"@type":"WebSite","@id":"https:\/\/kvg-bus.de\/stade\/#website","url":"https:\/\/kvg-bus.de\/stade\/","name":"KVG Stade","description":"","publisher":{"@id":"https:\/\/kvg-bus.de\/stade\/#organization"},"potentialAction":[{"@type":"SearchAction","target":{"@type":"EntryPoint","urlTemplate":"https:\/\/kvg-bus.de\/stade\/?s={search_term_string}"},"query-input":{"@type":"PropertyValueSpecification","valueRequired":true,"valueName":"search_term_string"}}],"inLanguage":"es"},{"@type":"Organization","@id":"https:\/\/kvg-bus.de\/stade\/#organization","name":"KVG Stade","url":"https:\/\/kvg-bus.de\/stade\/","logo":{"@type":"ImageObject","inLanguage":"es","@id":"https:\/\/kvg-bus.de\/stade\/#\/schema\/logo\/image\/","url":"https:\/\/kvg-bus.de\/stade\/wp-content\/uploads\/sites\/14\/kvg_logo-1.svg","contentUrl":"https:\/\/kvg-bus.de\/stade\/wp-content\/uploads\/sites\/14\/kvg_logo-1.svg","width":1322,"height":404,"caption":"KVG Stade"},"image":{"@id":"https:\/\/kvg-bus.de\/stade\/#\/schema\/logo\/image\/"}},{"@type":"Person","@id":"https:\/\/kvg-bus.de\/stade\/#\/schema\/person\/5a5abfab092f868ec7cbe0f59e95749b","name":"mzimmermann","image":{"@type":"ImageObject","inLanguage":"es","@id":"https:\/\/secure.gravatar.com\/avatar\/0f69d8b83e3b3e54f0b766684bb3fd6649f0081ecdbff759ed4b19e5df68d1e4?s=96&d=mm&r=g","url":"https:\/\/secure.gravatar.com\/avatar\/0f69d8b83e3b3e54f0b766684bb3fd6649f0081ecdbff759ed4b19e5df68d1e4?s=96&d=mm&r=g","contentUrl":"https:\/\/secure.gravatar.com\/avatar\/0f69d8b83e3b3e54f0b766684bb3fd6649f0081ecdbff759ed4b19e5df68d1e4?s=96&d=mm&r=g","caption":"mzimmermann"},"url":"https:\/\/kvg-bus.de\/stade\/es\/author\/mzimmermann\/"}]}},"_links":{"self":[{"href":"https:\/\/kvg-bus.de\/stade\/es\/wp-json\/wp\/v2\/posts\/5624","targetHints":{"allow":["GET"]}}],"collection":[{"href":"https:\/\/kvg-bus.de\/stade\/es\/wp-json\/wp\/v2\/posts"}],"about":[{"href":"https:\/\/kvg-bus.de\/stade\/es\/wp-json\/wp\/v2\/types\/post"}],"author":[{"embeddable":true,"href":"https:\/\/kvg-bus.de\/stade\/es\/wp-json\/wp\/v2\/users\/10"}],"replies":[{"embeddable":true,"href":"https:\/\/kvg-bus.de\/stade\/es\/wp-json\/wp\/v2\/comments?post=5624"}],"version-history":[{"count":0,"href":"https:\/\/kvg-bus.de\/stade\/es\/wp-json\/wp\/v2\/posts\/5624\/revisions"}],"wp:attachment":[{"href":"https:\/\/kvg-bus.de\/stade\/es\/wp-json\/wp\/v2\/media?parent=5624"}],"wp:term":[{"taxonomy":"category","embeddable":true,"href":"https:\/\/kvg-bus.de\/stade\/es\/wp-json\/wp\/v2\/categories?post=5624"},{"taxonomy":"post_tag","embeddable":true,"href":"https:\/\/kvg-bus.de\/stade\/es\/wp-json\/wp\/v2\/tags?post=5624"}],"curies":[{"name":"wp","href":"https:\/\/api.w.org\/{rel}","templated":true}]}}