{"id":5560,"date":"2026-09-01T15:38:28","date_gmt":"2026-09-01T13:38:28","guid":{"rendered":"https:\/\/kvg-bus.de\/stade\/?p=5560"},"modified":"2026-09-01T15:38:29","modified_gmt":"2026-09-01T13:38:29","slug":"linie-2007-bauarbeiten-in-stade-wiepenkathen-02-09-23-09-2026","status":"publish","type":"post","link":"https:\/\/kvg-bus.de\/stade\/en\/linie-2007-bauarbeiten-in-stade-wiepenkathen-02-09-23-09-2026\/","title":{"rendered":"Line 2007 | Engineering works in Stade-Wiepenkathen: 2 September \u2013 23 September 2026"},"content":{"rendered":"<p class=\"PDq2pG_selectionAnchorContainer\" data-start=\"73\" data-end=\"278\">From the <strong data-start=\"77\" data-end=\"99\">02. September 2026<\/strong> until <strong data-start=\"104\" data-end=\"126\">23 September 2026<\/strong> is the <strong data-start=\"135\" data-end=\"148\">Ohle Ring<\/strong> in <strong data-start=\"152\" data-end=\"174\">Stade-Wiepenkathen<\/strong> because of <strong data-start=\"181\" data-end=\"200\">Tiefbauarbeiten<\/strong> is closed on one side and <strong data-start=\"229\" data-end=\"264\">One-way street in a southerly direction<\/strong> set up.<\/p>\n<p data-start=\"280\" data-end=\"370\">The <strong data-start=\"284\" data-end=\"298\">Line 2007<\/strong> f\u00e4hrt deshalb die Runde \u00fcber den <strong data-start=\"332\" data-end=\"369\">Ohle Ring gegen den Uhrzeigersinn<\/strong>.<\/p>\n<p data-start=\"372\" data-end=\"446\">\u274c The bus stop \u201e<strong data-start=\"391\" data-end=\"418\">Wiepenkathen, Ohle Kamp<\/strong>\u201c cannot be operated.<\/p>\n<p data-start=\"448\" data-end=\"531\" data-is-last-node=\"\" data-is-only-node=\"\">\u2705 One <strong data-start=\"455\" data-end=\"530\">Ersatzhaltestelle befindet sich im Ohle Ring auf H\u00f6he der Hausnummer 17<\/strong>.<\/p>","protected":false},"excerpt":{"rendered":"<p>Vom 02. September 2026 bis 23. September 2026 ist der Ohle Ring in Stade-Wiepenkathen wegen Tiefbauarbeiten halbseitig gesperrt und als Einbahnstra\u00dfe in Richtung S\u00fcden eingerichtet. Die Linie 2007 f\u00e4hrt deshalb die Runde \u00fcber den Ohle Ring gegen den Uhrzeigersinn. \u274c Die Haltestelle \u201eWiepenkathen, Ohle Kamp\u201c kann nicht bedient werden. \u2705 Eine Ersatzhaltestelle befindet sich im Ohle Ring auf H\u00f6he der Hausnummer 17.<\/p>","protected":false},"author":10,"featured_media":2753,"comment_status":"open","ping_status":"open","sticky":false,"template":"","format":"standard","meta":{"footnotes":""},"categories":[78,33],"tags":[],"class_list":["post-5560","post","type-post","status-publish","format-standard","has-post-thumbnail","hentry","category-stade","category-fahrplanabweichungen"],"yoast_head":"<!-- This site is optimized with the Yoast SEO plugin v28.3 - https:\/\/yoast.com\/product\/yoast-seo-wordpress\/ -->\n<title>Linie 2007 | Bauarbeiten in Stade-Wiepenkathen: 02.09. \u2013 23.09.2026 - KVG Stade<\/title>\n<meta name=\"robots\" content=\"index, follow, max-snippet:-1, max-image-preview:large, max-video-preview:-1\" \/>\n<link rel=\"canonical\" href=\"https:\/\/kvg-bus.de\/stade\/linie-2007-bauarbeiten-in-stade-wiepenkathen-02-09-23-09-2026\/\" \/>\n<meta property=\"og:locale\" content=\"en_GB\" \/>\n<meta property=\"og:type\" content=\"article\" \/>\n<meta property=\"og:title\" content=\"Linie 2007 | Bauarbeiten in Stade-Wiepenkathen: 02.09. \u2013 23.09.2026 - KVG Stade\" \/>\n<meta property=\"og:description\" content=\"Vom 02. September 2026 bis 23. September 2026 ist der Ohle Ring in Stade-Wiepenkathen wegen Tiefbauarbeiten halbseitig gesperrt und als Einbahnstra\u00dfe in Richtung S\u00fcden eingerichtet. Die Linie 2007 f\u00e4hrt deshalb die Runde \u00fcber den Ohle Ring gegen den Uhrzeigersinn. \u274c Die Haltestelle \u201eWiepenkathen, Ohle Kamp\u201c kann nicht bedient werden. \u2705 Eine Ersatzhaltestelle befindet sich im Ohle Ring auf H\u00f6he der Hausnummer 17.\" \/>\n<meta property=\"og:url\" content=\"https:\/\/kvg-bus.de\/stade\/linie-2007-bauarbeiten-in-stade-wiepenkathen-02-09-23-09-2026\/\" \/>\n<meta property=\"og:site_name\" content=\"KVG Stade\" \/>\n<meta property=\"article:published_time\" content=\"2026-09-01T13:38:28+00:00\" \/>\n<meta property=\"article:modified_time\" content=\"2026-09-01T13:38:29+00:00\" \/>\n<meta property=\"og:image\" content=\"https:\/\/kvg-bus.de\/stade\/wp-content\/uploads\/sites\/14\/header-subsite_stoerungen.png\" \/>\n\t<meta property=\"og:image:width\" content=\"1920\" \/>\n\t<meta property=\"og:image:height\" content=\"640\" \/>\n\t<meta property=\"og:image:type\" content=\"image\/png\" \/>\n<meta name=\"author\" content=\"mzimmermann\" \/>\n<meta name=\"twitter:card\" content=\"summary_large_image\" \/>\n<meta name=\"twitter:label1\" content=\"Written by\" \/>\n\t<meta name=\"twitter:data1\" content=\"mzimmermann\" \/>\n\t<meta name=\"twitter:label2\" content=\"Estimated reading time\" \/>\n\t<meta name=\"twitter:data2\" content=\"1 minute\" \/>\n<script type=\"application\/ld+json\" class=\"yoast-schema-graph\">{\"@context\":\"https:\\\/\\\/schema.org\",\"@graph\":[{\"@type\":\"Article\",\"@id\":\"https:\\\/\\\/kvg-bus.de\\\/stade\\\/linie-2007-bauarbeiten-in-stade-wiepenkathen-02-09-23-09-2026\\\/#article\",\"isPartOf\":{\"@id\":\"https:\\\/\\\/kvg-bus.de\\\/stade\\\/linie-2007-bauarbeiten-in-stade-wiepenkathen-02-09-23-09-2026\\\/\"},\"author\":{\"name\":\"mzimmermann\",\"@id\":\"https:\\\/\\\/kvg-bus.de\\\/stade\\\/#\\\/schema\\\/person\\\/5a5abfab092f868ec7cbe0f59e95749b\"},\"headline\":\"Linie 2007 | Bauarbeiten in Stade-Wiepenkathen: 02.09. \u2013 23.09.2026\",\"datePublished\":\"2026-09-01T13:38:28+00:00\",\"dateModified\":\"2026-09-01T13:38:29+00:00\",\"mainEntityOfPage\":{\"@id\":\"https:\\\/\\\/kvg-bus.de\\\/stade\\\/linie-2007-bauarbeiten-in-stade-wiepenkathen-02-09-23-09-2026\\\/\"},\"wordCount\":64,\"commentCount\":0,\"publisher\":{\"@id\":\"https:\\\/\\\/kvg-bus.de\\\/stade\\\/#organization\"},\"image\":{\"@id\":\"https:\\\/\\\/kvg-bus.de\\\/stade\\\/linie-2007-bauarbeiten-in-stade-wiepenkathen-02-09-23-09-2026\\\/#primaryimage\"},\"thumbnailUrl\":\"https:\\\/\\\/kvg-bus.de\\\/stade\\\/wp-content\\\/uploads\\\/sites\\\/14\\\/header-subsite_stoerungen.png\",\"articleSection\":[\"Stade\",\"Fahrplanabweichungen\"],\"inLanguage\":\"en-GB\",\"potentialAction\":[{\"@type\":\"CommentAction\",\"name\":\"Comment\",\"target\":[\"https:\\\/\\\/kvg-bus.de\\\/stade\\\/linie-2007-bauarbeiten-in-stade-wiepenkathen-02-09-23-09-2026\\\/#respond\"]}]},{\"@type\":\"WebPage\",\"@id\":\"https:\\\/\\\/kvg-bus.de\\\/stade\\\/linie-2007-bauarbeiten-in-stade-wiepenkathen-02-09-23-09-2026\\\/\",\"url\":\"https:\\\/\\\/kvg-bus.de\\\/stade\\\/linie-2007-bauarbeiten-in-stade-wiepenkathen-02-09-23-09-2026\\\/\",\"name\":\"Linie 2007 | Bauarbeiten in Stade-Wiepenkathen: 02.09. \u2013 23.09.2026 - KVG Stade\",\"isPartOf\":{\"@id\":\"https:\\\/\\\/kvg-bus.de\\\/stade\\\/#website\"},\"primaryImageOfPage\":{\"@id\":\"https:\\\/\\\/kvg-bus.de\\\/stade\\\/linie-2007-bauarbeiten-in-stade-wiepenkathen-02-09-23-09-2026\\\/#primaryimage\"},\"image\":{\"@id\":\"https:\\\/\\\/kvg-bus.de\\\/stade\\\/linie-2007-bauarbeiten-in-stade-wiepenkathen-02-09-23-09-2026\\\/#primaryimage\"},\"thumbnailUrl\":\"https:\\\/\\\/kvg-bus.de\\\/stade\\\/wp-content\\\/uploads\\\/sites\\\/14\\\/header-subsite_stoerungen.png\",\"datePublished\":\"2026-09-01T13:38:28+00:00\",\"dateModified\":\"2026-09-01T13:38:29+00:00\",\"breadcrumb\":{\"@id\":\"https:\\\/\\\/kvg-bus.de\\\/stade\\\/linie-2007-bauarbeiten-in-stade-wiepenkathen-02-09-23-09-2026\\\/#breadcrumb\"},\"inLanguage\":\"en-GB\",\"potentialAction\":[{\"@type\":\"ReadAction\",\"target\":[\"https:\\\/\\\/kvg-bus.de\\\/stade\\\/linie-2007-bauarbeiten-in-stade-wiepenkathen-02-09-23-09-2026\\\/\"]}]},{\"@type\":\"ImageObject\",\"inLanguage\":\"en-GB\",\"@id\":\"https:\\\/\\\/kvg-bus.de\\\/stade\\\/linie-2007-bauarbeiten-in-stade-wiepenkathen-02-09-23-09-2026\\\/#primaryimage\",\"url\":\"https:\\\/\\\/kvg-bus.de\\\/stade\\\/wp-content\\\/uploads\\\/sites\\\/14\\\/header-subsite_stoerungen.png\",\"contentUrl\":\"https:\\\/\\\/kvg-bus.de\\\/stade\\\/wp-content\\\/uploads\\\/sites\\\/14\\\/header-subsite_stoerungen.png\",\"width\":1920,\"height\":640},{\"@type\":\"BreadcrumbList\",\"@id\":\"https:\\\/\\\/kvg-bus.de\\\/stade\\\/linie-2007-bauarbeiten-in-stade-wiepenkathen-02-09-23-09-2026\\\/#breadcrumb\",\"itemListElement\":[{\"@type\":\"ListItem\",\"position\":1,\"name\":\"Startseite\",\"item\":\"https:\\\/\\\/kvg-bus.de\\\/stade\\\/\"},{\"@type\":\"ListItem\",\"position\":2,\"name\":\"Linie 2007 | Bauarbeiten in Stade-Wiepenkathen: 02.09. \u2013 23.09.2026\"}]},{\"@type\":\"WebSite\",\"@id\":\"https:\\\/\\\/kvg-bus.de\\\/stade\\\/#website\",\"url\":\"https:\\\/\\\/kvg-bus.de\\\/stade\\\/\",\"name\":\"KVG Stade\",\"description\":\"\",\"publisher\":{\"@id\":\"https:\\\/\\\/kvg-bus.de\\\/stade\\\/#organization\"},\"potentialAction\":[{\"@type\":\"SearchAction\",\"target\":{\"@type\":\"EntryPoint\",\"urlTemplate\":\"https:\\\/\\\/kvg-bus.de\\\/stade\\\/?s={search_term_string}\"},\"query-input\":{\"@type\":\"PropertyValueSpecification\",\"valueRequired\":true,\"valueName\":\"search_term_string\"}}],\"inLanguage\":\"en-GB\"},{\"@type\":\"Organization\",\"@id\":\"https:\\\/\\\/kvg-bus.de\\\/stade\\\/#organization\",\"name\":\"KVG Stade\",\"url\":\"https:\\\/\\\/kvg-bus.de\\\/stade\\\/\",\"logo\":{\"@type\":\"ImageObject\",\"inLanguage\":\"en-GB\",\"@id\":\"https:\\\/\\\/kvg-bus.de\\\/stade\\\/#\\\/schema\\\/logo\\\/image\\\/\",\"url\":\"https:\\\/\\\/kvg-bus.de\\\/stade\\\/wp-content\\\/uploads\\\/sites\\\/14\\\/kvg_logo-1.svg\",\"contentUrl\":\"https:\\\/\\\/kvg-bus.de\\\/stade\\\/wp-content\\\/uploads\\\/sites\\\/14\\\/kvg_logo-1.svg\",\"width\":1322,\"height\":404,\"caption\":\"KVG Stade\"},\"image\":{\"@id\":\"https:\\\/\\\/kvg-bus.de\\\/stade\\\/#\\\/schema\\\/logo\\\/image\\\/\"}},{\"@type\":\"Person\",\"@id\":\"https:\\\/\\\/kvg-bus.de\\\/stade\\\/#\\\/schema\\\/person\\\/5a5abfab092f868ec7cbe0f59e95749b\",\"name\":\"mzimmermann\",\"image\":{\"@type\":\"ImageObject\",\"inLanguage\":\"en-GB\",\"@id\":\"https:\\\/\\\/secure.gravatar.com\\\/avatar\\\/0f69d8b83e3b3e54f0b766684bb3fd6649f0081ecdbff759ed4b19e5df68d1e4?s=96&d=mm&r=g\",\"url\":\"https:\\\/\\\/secure.gravatar.com\\\/avatar\\\/0f69d8b83e3b3e54f0b766684bb3fd6649f0081ecdbff759ed4b19e5df68d1e4?s=96&d=mm&r=g\",\"contentUrl\":\"https:\\\/\\\/secure.gravatar.com\\\/avatar\\\/0f69d8b83e3b3e54f0b766684bb3fd6649f0081ecdbff759ed4b19e5df68d1e4?s=96&d=mm&r=g\",\"caption\":\"mzimmermann\"},\"url\":\"https:\\\/\\\/kvg-bus.de\\\/stade\\\/en\\\/author\\\/mzimmermann\\\/\"}]}<\/script>\n<!-- \/ Yoast SEO plugin. -->","yoast_head_json":{"title":"Linie 2007 | Bauarbeiten in Stade-Wiepenkathen: 02.09. \u2013 23.09.2026 - KVG Stade","robots":{"index":"index","follow":"follow","max-snippet":"max-snippet:-1","max-image-preview":"max-image-preview:large","max-video-preview":"max-video-preview:-1"},"canonical":"https:\/\/kvg-bus.de\/stade\/linie-2007-bauarbeiten-in-stade-wiepenkathen-02-09-23-09-2026\/","og_locale":"en_GB","og_type":"article","og_title":"Linie 2007 | Bauarbeiten in Stade-Wiepenkathen: 02.09. \u2013 23.09.2026 - KVG Stade","og_description":"Vom 02. September 2026 bis 23. September 2026 ist der Ohle Ring in Stade-Wiepenkathen wegen Tiefbauarbeiten halbseitig gesperrt und als Einbahnstra\u00dfe in Richtung S\u00fcden eingerichtet. Die Linie 2007 f\u00e4hrt deshalb die Runde \u00fcber den Ohle Ring gegen den Uhrzeigersinn. \u274c Die Haltestelle \u201eWiepenkathen, Ohle Kamp\u201c kann nicht bedient werden. \u2705 Eine Ersatzhaltestelle befindet sich im Ohle Ring auf H\u00f6he der Hausnummer 17.","og_url":"https:\/\/kvg-bus.de\/stade\/linie-2007-bauarbeiten-in-stade-wiepenkathen-02-09-23-09-2026\/","og_site_name":"KVG Stade","article_published_time":"2026-09-01T13:38:28+00:00","article_modified_time":"2026-09-01T13:38:29+00:00","og_image":[{"width":1920,"height":640,"url":"https:\/\/kvg-bus.de\/stade\/wp-content\/uploads\/sites\/14\/header-subsite_stoerungen.png","type":"image\/png"}],"author":"mzimmermann","twitter_card":"summary_large_image","twitter_misc":{"Written by":"mzimmermann","Estimated reading time":"1 minute"},"schema":{"@context":"https:\/\/schema.org","@graph":[{"@type":"Article","@id":"https:\/\/kvg-bus.de\/stade\/linie-2007-bauarbeiten-in-stade-wiepenkathen-02-09-23-09-2026\/#article","isPartOf":{"@id":"https:\/\/kvg-bus.de\/stade\/linie-2007-bauarbeiten-in-stade-wiepenkathen-02-09-23-09-2026\/"},"author":{"name":"mzimmermann","@id":"https:\/\/kvg-bus.de\/stade\/#\/schema\/person\/5a5abfab092f868ec7cbe0f59e95749b"},"headline":"Linie 2007 | Bauarbeiten in Stade-Wiepenkathen: 02.09. \u2013 23.09.2026","datePublished":"2026-09-01T13:38:28+00:00","dateModified":"2026-09-01T13:38:29+00:00","mainEntityOfPage":{"@id":"https:\/\/kvg-bus.de\/stade\/linie-2007-bauarbeiten-in-stade-wiepenkathen-02-09-23-09-2026\/"},"wordCount":64,"commentCount":0,"publisher":{"@id":"https:\/\/kvg-bus.de\/stade\/#organization"},"image":{"@id":"https:\/\/kvg-bus.de\/stade\/linie-2007-bauarbeiten-in-stade-wiepenkathen-02-09-23-09-2026\/#primaryimage"},"thumbnailUrl":"https:\/\/kvg-bus.de\/stade\/wp-content\/uploads\/sites\/14\/header-subsite_stoerungen.png","articleSection":["Stade","Fahrplanabweichungen"],"inLanguage":"en-GB","potentialAction":[{"@type":"CommentAction","name":"Comment","target":["https:\/\/kvg-bus.de\/stade\/linie-2007-bauarbeiten-in-stade-wiepenkathen-02-09-23-09-2026\/#respond"]}]},{"@type":"WebPage","@id":"https:\/\/kvg-bus.de\/stade\/linie-2007-bauarbeiten-in-stade-wiepenkathen-02-09-23-09-2026\/","url":"https:\/\/kvg-bus.de\/stade\/linie-2007-bauarbeiten-in-stade-wiepenkathen-02-09-23-09-2026\/","name":"Linie 2007 | Bauarbeiten in Stade-Wiepenkathen: 02.09. \u2013 23.09.2026 - KVG Stade","isPartOf":{"@id":"https:\/\/kvg-bus.de\/stade\/#website"},"primaryImageOfPage":{"@id":"https:\/\/kvg-bus.de\/stade\/linie-2007-bauarbeiten-in-stade-wiepenkathen-02-09-23-09-2026\/#primaryimage"},"image":{"@id":"https:\/\/kvg-bus.de\/stade\/linie-2007-bauarbeiten-in-stade-wiepenkathen-02-09-23-09-2026\/#primaryimage"},"thumbnailUrl":"https:\/\/kvg-bus.de\/stade\/wp-content\/uploads\/sites\/14\/header-subsite_stoerungen.png","datePublished":"2026-09-01T13:38:28+00:00","dateModified":"2026-09-01T13:38:29+00:00","breadcrumb":{"@id":"https:\/\/kvg-bus.de\/stade\/linie-2007-bauarbeiten-in-stade-wiepenkathen-02-09-23-09-2026\/#breadcrumb"},"inLanguage":"en-GB","potentialAction":[{"@type":"ReadAction","target":["https:\/\/kvg-bus.de\/stade\/linie-2007-bauarbeiten-in-stade-wiepenkathen-02-09-23-09-2026\/"]}]},{"@type":"ImageObject","inLanguage":"en-GB","@id":"https:\/\/kvg-bus.de\/stade\/linie-2007-bauarbeiten-in-stade-wiepenkathen-02-09-23-09-2026\/#primaryimage","url":"https:\/\/kvg-bus.de\/stade\/wp-content\/uploads\/sites\/14\/header-subsite_stoerungen.png","contentUrl":"https:\/\/kvg-bus.de\/stade\/wp-content\/uploads\/sites\/14\/header-subsite_stoerungen.png","width":1920,"height":640},{"@type":"BreadcrumbList","@id":"https:\/\/kvg-bus.de\/stade\/linie-2007-bauarbeiten-in-stade-wiepenkathen-02-09-23-09-2026\/#breadcrumb","itemListElement":[{"@type":"ListItem","position":1,"name":"Startseite","item":"https:\/\/kvg-bus.de\/stade\/"},{"@type":"ListItem","position":2,"name":"Linie 2007 | Bauarbeiten in Stade-Wiepenkathen: 02.09. \u2013 23.09.2026"}]},{"@type":"WebSite","@id":"https:\/\/kvg-bus.de\/stade\/#website","url":"https:\/\/kvg-bus.de\/stade\/","name":"KVG Stade","description":"","publisher":{"@id":"https:\/\/kvg-bus.de\/stade\/#organization"},"potentialAction":[{"@type":"SearchAction","target":{"@type":"EntryPoint","urlTemplate":"https:\/\/kvg-bus.de\/stade\/?s={search_term_string}"},"query-input":{"@type":"PropertyValueSpecification","valueRequired":true,"valueName":"search_term_string"}}],"inLanguage":"en-GB"},{"@type":"Organization","@id":"https:\/\/kvg-bus.de\/stade\/#organization","name":"KVG Stade","url":"https:\/\/kvg-bus.de\/stade\/","logo":{"@type":"ImageObject","inLanguage":"en-GB","@id":"https:\/\/kvg-bus.de\/stade\/#\/schema\/logo\/image\/","url":"https:\/\/kvg-bus.de\/stade\/wp-content\/uploads\/sites\/14\/kvg_logo-1.svg","contentUrl":"https:\/\/kvg-bus.de\/stade\/wp-content\/uploads\/sites\/14\/kvg_logo-1.svg","width":1322,"height":404,"caption":"KVG Stade"},"image":{"@id":"https:\/\/kvg-bus.de\/stade\/#\/schema\/logo\/image\/"}},{"@type":"Person","@id":"https:\/\/kvg-bus.de\/stade\/#\/schema\/person\/5a5abfab092f868ec7cbe0f59e95749b","name":"mzimmermann","image":{"@type":"ImageObject","inLanguage":"en-GB","@id":"https:\/\/secure.gravatar.com\/avatar\/0f69d8b83e3b3e54f0b766684bb3fd6649f0081ecdbff759ed4b19e5df68d1e4?s=96&d=mm&r=g","url":"https:\/\/secure.gravatar.com\/avatar\/0f69d8b83e3b3e54f0b766684bb3fd6649f0081ecdbff759ed4b19e5df68d1e4?s=96&d=mm&r=g","contentUrl":"https:\/\/secure.gravatar.com\/avatar\/0f69d8b83e3b3e54f0b766684bb3fd6649f0081ecdbff759ed4b19e5df68d1e4?s=96&d=mm&r=g","caption":"mzimmermann"},"url":"https:\/\/kvg-bus.de\/stade\/en\/author\/mzimmermann\/"}]}},"_links":{"self":[{"href":"https:\/\/kvg-bus.de\/stade\/en\/wp-json\/wp\/v2\/posts\/5560","targetHints":{"allow":["GET"]}}],"collection":[{"href":"https:\/\/kvg-bus.de\/stade\/en\/wp-json\/wp\/v2\/posts"}],"about":[{"href":"https:\/\/kvg-bus.de\/stade\/en\/wp-json\/wp\/v2\/types\/post"}],"author":[{"embeddable":true,"href":"https:\/\/kvg-bus.de\/stade\/en\/wp-json\/wp\/v2\/users\/10"}],"replies":[{"embeddable":true,"href":"https:\/\/kvg-bus.de\/stade\/en\/wp-json\/wp\/v2\/comments?post=5560"}],"version-history":[{"count":0,"href":"https:\/\/kvg-bus.de\/stade\/en\/wp-json\/wp\/v2\/posts\/5560\/revisions"}],"wp:attachment":[{"href":"https:\/\/kvg-bus.de\/stade\/en\/wp-json\/wp\/v2\/media?parent=5560"}],"wp:term":[{"taxonomy":"category","embeddable":true,"href":"https:\/\/kvg-bus.de\/stade\/en\/wp-json\/wp\/v2\/categories?post=5560"},{"taxonomy":"post_tag","embeddable":true,"href":"https:\/\/kvg-bus.de\/stade\/en\/wp-json\/wp\/v2\/tags?post=5560"}],"curies":[{"name":"wp","href":"https:\/\/api.w.org\/{rel}","templated":true}]}}