{"id":5623,"date":"2026-09-03T12:51:29","date_gmt":"2026-09-03T10:51:29","guid":{"rendered":"https:\/\/kvg-bus.de\/stade\/?p=5623"},"modified":"2026-09-03T12:51:30","modified_gmt":"2026-09-03T10:51:30","slug":"linien-2038-und-2114-bauarbeiten-in-buxtehude-eilendorf-07-09-2026","status":"publish","type":"post","link":"https:\/\/kvg-bus.de\/stade\/cs\/linien-2038-und-2114-bauarbeiten-in-buxtehude-eilendorf-07-09-2026\/","title":{"rendered":"Linien 2038 und 2114 | Bauarbeiten in Buxtehude-Eilendorf: 07.09.2026"},"content":{"rendered":"<p class=\"PDq2pG_selectionAnchorContainer\" data-start=\"75\" data-end=\"230\">Na adrese <strong data-start=\"78\" data-end=\"100\">7. z\u00e1\u0159\u00ed 2026<\/strong> je <strong data-start=\"109\" data-end=\"128\">Eilendorfer Weg<\/strong> na adrese <strong data-start=\"132\" data-end=\"155\">Buxtehude-Eilendorf<\/strong> z <strong data-start=\"160\" data-end=\"187\">13:00 Uhr bis 18:00 Uhr<\/strong> kv\u016fli <strong data-start=\"194\" data-end=\"220\">Asfaltov\u00e1n\u00ed<\/strong> uzam\u010deno.<\/p>\n<h3 data-section-id=\"mn2kx4\" data-start=\"232\" data-end=\"246\">Linka 2038<\/h3>\n<p data-start=\"248\" data-end=\"323\">Na str\u00e1nk\u00e1ch <strong data-start=\"252\" data-end=\"266\">Linka 2038<\/strong> f\u00e4hrt eine Umleitung \u00fcber die <strong data-start=\"297\" data-end=\"322\">Moisburger Landstra\u00dfe<\/strong>.<\/p>\n<p data-start=\"325\" data-end=\"484\">\u274c Zast\u00e1vky<br data-start=\"343\" data-end=\"346\" \/>\u201e<strong data-start=\"347\" data-end=\"372\">Eilendorf, Hohe Berge<\/strong>\u201c,<br data-start=\"374\" data-end=\"377\" \/>\u201e<strong data-start=\"378\" data-end=\"413\">Eilendorf, Altklosterbergstra\u00dfe<\/strong>\u201c a<br data-start=\"418\" data-end=\"421\" \/>\u201e<strong data-start=\"422\" data-end=\"452\">Eilendorf, Eilendorfer Weg<\/strong>\u201c<br data-start=\"453\" data-end=\"456\" \/>nelze doru\u010dit.<\/p>\n<p data-start=\"486\" data-end=\"612\">\u2705 Jeden <strong data-start=\"493\" data-end=\"514\">N\u00e1hradn\u00ed zast\u00e1vka<\/strong> befindet sich in der <strong data-start=\"536\" data-end=\"561\">Moisburger Landstra\u00dfe<\/strong> na \u00farovni k\u0159i\u017eovatky s <strong data-start=\"592\" data-end=\"611\">Eilendorfer Weg<\/strong>.<\/p>\n<h3 data-section-id=\"mn2lt3\" data-start=\"614\" data-end=\"628\">Linie 2114<\/h3>\n<p data-start=\"630\" data-end=\"910\">Na str\u00e1nk\u00e1ch <strong data-start=\"634\" data-end=\"648\">Linie 2114<\/strong> f\u00e4hrt eine Umleitung \u00fcber die <strong data-start=\"679\" data-end=\"704\">Moisburger Landstra\u00dfe<\/strong> a <strong data-start=\"709\" data-end=\"723\">Hohe Berge<\/strong>. Anschlie\u00dfend f\u00e4hrt sie gegen den Uhrzeigersinn \u00fcber <strong data-start=\"777\" data-end=\"801\">Altklosterbergstra\u00dfe<\/strong>, <strong data-start=\"803\" data-end=\"818\">Olenhoffweg<\/strong> a <strong data-start=\"823\" data-end=\"844\">Klosterfeldstra\u00dfe<\/strong> und \u00fcber <strong data-start=\"854\" data-end=\"868\">Hohe Berge<\/strong> zur\u00fcck in Richtung Moisburger Landstra\u00dfe.<\/p>\n<p data-start=\"912\" data-end=\"989\">\u274c Autobusov\u00e1 zast\u00e1vka \u201e<strong data-start=\"931\" data-end=\"961\">Eilendorf, Eilendorfer Weg<\/strong>\u201c nelze provozovat.<\/p>\n<p data-start=\"991\" data-end=\"1119\" data-is-last-node=\"\" data-is-only-node=\"\">\u2705 Jeden <strong data-start=\"998\" data-end=\"1019\">N\u00e1hradn\u00ed zast\u00e1vka<\/strong> befindet sich in der <strong data-start=\"1041\" data-end=\"1065\">Altklosterbergstra\u00dfe<\/strong> in der N\u00e4he der Kreuzung mit dem <strong data-start=\"1099\" data-end=\"1118\">Eilendorfer Weg<\/strong>.<\/p>","protected":false},"excerpt":{"rendered":"<p>Am 07. September 2026 ist der Eilendorfer Weg in Buxtehude-Eilendorf von 13:00 Uhr bis 18:00 Uhr wegen Asphaltierungsarbeiten gesperrt. Linie 2038 Die Linie 2038 f\u00e4hrt eine Umleitung \u00fcber die Moisburger Landstra\u00dfe. \u274c Die Haltestellen\u201eEilendorf, Hohe Berge\u201c,\u201eEilendorf, Altklosterbergstra\u00dfe\u201c und\u201eEilendorf, Eilendorfer Weg\u201ck\u00f6nnen nicht bedient werden. \u2705 Eine Ersatzhaltestelle befindet sich in der Moisburger Landstra\u00dfe auf H\u00f6he der Kreuzung mit dem Eilendorfer Weg. Linie 2114 Die Linie 2114 f\u00e4hrt eine Umleitung \u00fcber die Moisburger Landstra\u00dfe und Hohe Berge. Anschlie\u00dfend f\u00e4hrt sie gegen den Uhrzeigersinn \u00fcber Altklosterbergstra\u00dfe, Olenhoffweg und Klosterfeldstra\u00dfe und \u00fcber Hohe Berge zur\u00fcck in Richtung Moisburger Landstra\u00dfe. \u274c Die Haltestelle \u201eEilendorf, Eilendorfer Weg\u201c kann nicht bedient werden. \u2705 Eine Ersatzhaltestelle befindet sich in der Altklosterbergstra\u00dfe in der N\u00e4he der Kreuzung mit dem Eilendorfer Weg.<\/p>","protected":false},"author":10,"featured_media":2753,"comment_status":"open","ping_status":"open","sticky":false,"template":"","format":"standard","meta":{"footnotes":""},"categories":[78,33],"tags":[],"class_list":["post-5623","post","type-post","status-publish","format-standard","has-post-thumbnail","hentry","category-stade","category-fahrplanabweichungen"],"yoast_head":"<!-- This site is optimized with the Yoast SEO plugin v28.3 - https:\/\/yoast.com\/product\/yoast-seo-wordpress\/ -->\n<title>Linien 2038 und 2114 | Bauarbeiten in Buxtehude-Eilendorf: 07.09.2026 - KVG Stade<\/title>\n<meta name=\"robots\" content=\"index, follow, max-snippet:-1, max-image-preview:large, max-video-preview:-1\" \/>\n<link rel=\"canonical\" href=\"https:\/\/kvg-bus.de\/stade\/linien-2038-und-2114-bauarbeiten-in-buxtehude-eilendorf-07-09-2026\/\" \/>\n<meta property=\"og:locale\" content=\"cs_CZ\" \/>\n<meta property=\"og:type\" content=\"article\" \/>\n<meta property=\"og:title\" content=\"Linien 2038 und 2114 | Bauarbeiten in Buxtehude-Eilendorf: 07.09.2026 - KVG Stade\" \/>\n<meta property=\"og:description\" content=\"Am 07. September 2026 ist der Eilendorfer Weg in Buxtehude-Eilendorf von 13:00 Uhr bis 18:00 Uhr wegen Asphaltierungsarbeiten gesperrt. Linie 2038 Die Linie 2038 f\u00e4hrt eine Umleitung \u00fcber die Moisburger Landstra\u00dfe. \u274c Die Haltestellen\u201eEilendorf, Hohe Berge\u201c,\u201eEilendorf, Altklosterbergstra\u00dfe\u201c und\u201eEilendorf, Eilendorfer Weg\u201ck\u00f6nnen nicht bedient werden. \u2705 Eine Ersatzhaltestelle befindet sich in der Moisburger Landstra\u00dfe auf H\u00f6he der Kreuzung mit dem Eilendorfer Weg. Linie 2114 Die Linie 2114 f\u00e4hrt eine Umleitung \u00fcber die Moisburger Landstra\u00dfe und Hohe Berge. Anschlie\u00dfend f\u00e4hrt sie gegen den Uhrzeigersinn \u00fcber Altklosterbergstra\u00dfe, Olenhoffweg und Klosterfeldstra\u00dfe und \u00fcber Hohe Berge zur\u00fcck in Richtung Moisburger Landstra\u00dfe. \u274c Die Haltestelle \u201eEilendorf, Eilendorfer Weg\u201c kann nicht bedient werden. \u2705 Eine Ersatzhaltestelle befindet sich in der Altklosterbergstra\u00dfe in der N\u00e4he der Kreuzung mit dem Eilendorfer Weg.\" \/>\n<meta property=\"og:url\" content=\"https:\/\/kvg-bus.de\/stade\/linien-2038-und-2114-bauarbeiten-in-buxtehude-eilendorf-07-09-2026\/\" \/>\n<meta property=\"og:site_name\" content=\"KVG Stade\" \/>\n<meta property=\"article:published_time\" content=\"2026-09-03T10:51:29+00:00\" \/>\n<meta property=\"article:modified_time\" content=\"2026-09-03T10:51:30+00:00\" \/>\n<meta property=\"og:image\" content=\"https:\/\/kvg-bus.de\/stade\/wp-content\/uploads\/sites\/14\/header-subsite_stoerungen.png\" \/>\n\t<meta property=\"og:image:width\" content=\"1920\" \/>\n\t<meta property=\"og:image:height\" content=\"640\" \/>\n\t<meta property=\"og:image:type\" content=\"image\/png\" \/>\n<meta name=\"author\" content=\"mzimmermann\" \/>\n<meta name=\"twitter:card\" content=\"summary_large_image\" \/>\n<meta name=\"twitter:label1\" content=\"Napsal(a)\" \/>\n\t<meta name=\"twitter:data1\" content=\"mzimmermann\" \/>\n\t<meta name=\"twitter:label2\" content=\"Odhadovan\u00e1 doba \u010dten\u00ed\" \/>\n\t<meta name=\"twitter:data2\" content=\"1 minuta\" \/>\n<script type=\"application\/ld+json\" class=\"yoast-schema-graph\">{\"@context\":\"https:\\\/\\\/schema.org\",\"@graph\":[{\"@type\":\"Article\",\"@id\":\"https:\\\/\\\/kvg-bus.de\\\/stade\\\/linien-2038-und-2114-bauarbeiten-in-buxtehude-eilendorf-07-09-2026\\\/#article\",\"isPartOf\":{\"@id\":\"https:\\\/\\\/kvg-bus.de\\\/stade\\\/linien-2038-und-2114-bauarbeiten-in-buxtehude-eilendorf-07-09-2026\\\/\"},\"author\":{\"name\":\"mzimmermann\",\"@id\":\"https:\\\/\\\/kvg-bus.de\\\/stade\\\/#\\\/schema\\\/person\\\/5a5abfab092f868ec7cbe0f59e95749b\"},\"headline\":\"Linien 2038 und 2114 | Bauarbeiten in Buxtehude-Eilendorf: 07.09.2026\",\"datePublished\":\"2026-09-03T10:51:29+00:00\",\"dateModified\":\"2026-09-03T10:51:30+00:00\",\"mainEntityOfPage\":{\"@id\":\"https:\\\/\\\/kvg-bus.de\\\/stade\\\/linien-2038-und-2114-bauarbeiten-in-buxtehude-eilendorf-07-09-2026\\\/\"},\"wordCount\":139,\"commentCount\":0,\"publisher\":{\"@id\":\"https:\\\/\\\/kvg-bus.de\\\/stade\\\/#organization\"},\"image\":{\"@id\":\"https:\\\/\\\/kvg-bus.de\\\/stade\\\/linien-2038-und-2114-bauarbeiten-in-buxtehude-eilendorf-07-09-2026\\\/#primaryimage\"},\"thumbnailUrl\":\"https:\\\/\\\/kvg-bus.de\\\/stade\\\/wp-content\\\/uploads\\\/sites\\\/14\\\/header-subsite_stoerungen.png\",\"articleSection\":[\"Stade\",\"Fahrplanabweichungen\"],\"inLanguage\":\"cs\",\"potentialAction\":[{\"@type\":\"CommentAction\",\"name\":\"Comment\",\"target\":[\"https:\\\/\\\/kvg-bus.de\\\/stade\\\/linien-2038-und-2114-bauarbeiten-in-buxtehude-eilendorf-07-09-2026\\\/#respond\"]}]},{\"@type\":\"WebPage\",\"@id\":\"https:\\\/\\\/kvg-bus.de\\\/stade\\\/linien-2038-und-2114-bauarbeiten-in-buxtehude-eilendorf-07-09-2026\\\/\",\"url\":\"https:\\\/\\\/kvg-bus.de\\\/stade\\\/linien-2038-und-2114-bauarbeiten-in-buxtehude-eilendorf-07-09-2026\\\/\",\"name\":\"Linien 2038 und 2114 | Bauarbeiten in Buxtehude-Eilendorf: 07.09.2026 - KVG Stade\",\"isPartOf\":{\"@id\":\"https:\\\/\\\/kvg-bus.de\\\/stade\\\/#website\"},\"primaryImageOfPage\":{\"@id\":\"https:\\\/\\\/kvg-bus.de\\\/stade\\\/linien-2038-und-2114-bauarbeiten-in-buxtehude-eilendorf-07-09-2026\\\/#primaryimage\"},\"image\":{\"@id\":\"https:\\\/\\\/kvg-bus.de\\\/stade\\\/linien-2038-und-2114-bauarbeiten-in-buxtehude-eilendorf-07-09-2026\\\/#primaryimage\"},\"thumbnailUrl\":\"https:\\\/\\\/kvg-bus.de\\\/stade\\\/wp-content\\\/uploads\\\/sites\\\/14\\\/header-subsite_stoerungen.png\",\"datePublished\":\"2026-09-03T10:51:29+00:00\",\"dateModified\":\"2026-09-03T10:51:30+00:00\",\"breadcrumb\":{\"@id\":\"https:\\\/\\\/kvg-bus.de\\\/stade\\\/linien-2038-und-2114-bauarbeiten-in-buxtehude-eilendorf-07-09-2026\\\/#breadcrumb\"},\"inLanguage\":\"cs\",\"potentialAction\":[{\"@type\":\"ReadAction\",\"target\":[\"https:\\\/\\\/kvg-bus.de\\\/stade\\\/linien-2038-und-2114-bauarbeiten-in-buxtehude-eilendorf-07-09-2026\\\/\"]}]},{\"@type\":\"ImageObject\",\"inLanguage\":\"cs\",\"@id\":\"https:\\\/\\\/kvg-bus.de\\\/stade\\\/linien-2038-und-2114-bauarbeiten-in-buxtehude-eilendorf-07-09-2026\\\/#primaryimage\",\"url\":\"https:\\\/\\\/kvg-bus.de\\\/stade\\\/wp-content\\\/uploads\\\/sites\\\/14\\\/header-subsite_stoerungen.png\",\"contentUrl\":\"https:\\\/\\\/kvg-bus.de\\\/stade\\\/wp-content\\\/uploads\\\/sites\\\/14\\\/header-subsite_stoerungen.png\",\"width\":1920,\"height\":640},{\"@type\":\"BreadcrumbList\",\"@id\":\"https:\\\/\\\/kvg-bus.de\\\/stade\\\/linien-2038-und-2114-bauarbeiten-in-buxtehude-eilendorf-07-09-2026\\\/#breadcrumb\",\"itemListElement\":[{\"@type\":\"ListItem\",\"position\":1,\"name\":\"Startseite\",\"item\":\"https:\\\/\\\/kvg-bus.de\\\/stade\\\/\"},{\"@type\":\"ListItem\",\"position\":2,\"name\":\"Linien 2038 und 2114 | Bauarbeiten in Buxtehude-Eilendorf: 07.09.2026\"}]},{\"@type\":\"WebSite\",\"@id\":\"https:\\\/\\\/kvg-bus.de\\\/stade\\\/#website\",\"url\":\"https:\\\/\\\/kvg-bus.de\\\/stade\\\/\",\"name\":\"KVG Stade\",\"description\":\"\",\"publisher\":{\"@id\":\"https:\\\/\\\/kvg-bus.de\\\/stade\\\/#organization\"},\"potentialAction\":[{\"@type\":\"SearchAction\",\"target\":{\"@type\":\"EntryPoint\",\"urlTemplate\":\"https:\\\/\\\/kvg-bus.de\\\/stade\\\/?s={search_term_string}\"},\"query-input\":{\"@type\":\"PropertyValueSpecification\",\"valueRequired\":true,\"valueName\":\"search_term_string\"}}],\"inLanguage\":\"cs\"},{\"@type\":\"Organization\",\"@id\":\"https:\\\/\\\/kvg-bus.de\\\/stade\\\/#organization\",\"name\":\"KVG Stade\",\"url\":\"https:\\\/\\\/kvg-bus.de\\\/stade\\\/\",\"logo\":{\"@type\":\"ImageObject\",\"inLanguage\":\"cs\",\"@id\":\"https:\\\/\\\/kvg-bus.de\\\/stade\\\/#\\\/schema\\\/logo\\\/image\\\/\",\"url\":\"https:\\\/\\\/kvg-bus.de\\\/stade\\\/wp-content\\\/uploads\\\/sites\\\/14\\\/kvg_logo-1.svg\",\"contentUrl\":\"https:\\\/\\\/kvg-bus.de\\\/stade\\\/wp-content\\\/uploads\\\/sites\\\/14\\\/kvg_logo-1.svg\",\"width\":1322,\"height\":404,\"caption\":\"KVG Stade\"},\"image\":{\"@id\":\"https:\\\/\\\/kvg-bus.de\\\/stade\\\/#\\\/schema\\\/logo\\\/image\\\/\"}},{\"@type\":\"Person\",\"@id\":\"https:\\\/\\\/kvg-bus.de\\\/stade\\\/#\\\/schema\\\/person\\\/5a5abfab092f868ec7cbe0f59e95749b\",\"name\":\"mzimmermann\",\"image\":{\"@type\":\"ImageObject\",\"inLanguage\":\"cs\",\"@id\":\"https:\\\/\\\/secure.gravatar.com\\\/avatar\\\/0f69d8b83e3b3e54f0b766684bb3fd6649f0081ecdbff759ed4b19e5df68d1e4?s=96&d=mm&r=g\",\"url\":\"https:\\\/\\\/secure.gravatar.com\\\/avatar\\\/0f69d8b83e3b3e54f0b766684bb3fd6649f0081ecdbff759ed4b19e5df68d1e4?s=96&d=mm&r=g\",\"contentUrl\":\"https:\\\/\\\/secure.gravatar.com\\\/avatar\\\/0f69d8b83e3b3e54f0b766684bb3fd6649f0081ecdbff759ed4b19e5df68d1e4?s=96&d=mm&r=g\",\"caption\":\"mzimmermann\"},\"url\":\"https:\\\/\\\/kvg-bus.de\\\/stade\\\/cs\\\/author\\\/mzimmermann\\\/\"}]}<\/script>\n<!-- \/ Yoast SEO plugin. -->","yoast_head_json":{"title":"Linien 2038 und 2114 | Bauarbeiten in Buxtehude-Eilendorf: 07.09.2026 - KVG Stade","robots":{"index":"index","follow":"follow","max-snippet":"max-snippet:-1","max-image-preview":"max-image-preview:large","max-video-preview":"max-video-preview:-1"},"canonical":"https:\/\/kvg-bus.de\/stade\/linien-2038-und-2114-bauarbeiten-in-buxtehude-eilendorf-07-09-2026\/","og_locale":"cs_CZ","og_type":"article","og_title":"Linien 2038 und 2114 | Bauarbeiten in Buxtehude-Eilendorf: 07.09.2026 - KVG Stade","og_description":"Am 07. September 2026 ist der Eilendorfer Weg in Buxtehude-Eilendorf von 13:00 Uhr bis 18:00 Uhr wegen Asphaltierungsarbeiten gesperrt. Linie 2038 Die Linie 2038 f\u00e4hrt eine Umleitung \u00fcber die Moisburger Landstra\u00dfe. \u274c Die Haltestellen\u201eEilendorf, Hohe Berge\u201c,\u201eEilendorf, Altklosterbergstra\u00dfe\u201c und\u201eEilendorf, Eilendorfer Weg\u201ck\u00f6nnen nicht bedient werden. \u2705 Eine Ersatzhaltestelle befindet sich in der Moisburger Landstra\u00dfe auf H\u00f6he der Kreuzung mit dem Eilendorfer Weg. Linie 2114 Die Linie 2114 f\u00e4hrt eine Umleitung \u00fcber die Moisburger Landstra\u00dfe und Hohe Berge. Anschlie\u00dfend f\u00e4hrt sie gegen den Uhrzeigersinn \u00fcber Altklosterbergstra\u00dfe, Olenhoffweg und Klosterfeldstra\u00dfe und \u00fcber Hohe Berge zur\u00fcck in Richtung Moisburger Landstra\u00dfe. \u274c Die Haltestelle \u201eEilendorf, Eilendorfer Weg\u201c kann nicht bedient werden. \u2705 Eine Ersatzhaltestelle befindet sich in der Altklosterbergstra\u00dfe in der N\u00e4he der Kreuzung mit dem Eilendorfer Weg.","og_url":"https:\/\/kvg-bus.de\/stade\/linien-2038-und-2114-bauarbeiten-in-buxtehude-eilendorf-07-09-2026\/","og_site_name":"KVG Stade","article_published_time":"2026-09-03T10:51:29+00:00","article_modified_time":"2026-09-03T10:51:30+00:00","og_image":[{"width":1920,"height":640,"url":"https:\/\/kvg-bus.de\/stade\/wp-content\/uploads\/sites\/14\/header-subsite_stoerungen.png","type":"image\/png"}],"author":"mzimmermann","twitter_card":"summary_large_image","twitter_misc":{"Napsal(a)":"mzimmermann","Odhadovan\u00e1 doba \u010dten\u00ed":"1 minuta"},"schema":{"@context":"https:\/\/schema.org","@graph":[{"@type":"Article","@id":"https:\/\/kvg-bus.de\/stade\/linien-2038-und-2114-bauarbeiten-in-buxtehude-eilendorf-07-09-2026\/#article","isPartOf":{"@id":"https:\/\/kvg-bus.de\/stade\/linien-2038-und-2114-bauarbeiten-in-buxtehude-eilendorf-07-09-2026\/"},"author":{"name":"mzimmermann","@id":"https:\/\/kvg-bus.de\/stade\/#\/schema\/person\/5a5abfab092f868ec7cbe0f59e95749b"},"headline":"Linien 2038 und 2114 | Bauarbeiten in Buxtehude-Eilendorf: 07.09.2026","datePublished":"2026-09-03T10:51:29+00:00","dateModified":"2026-09-03T10:51:30+00:00","mainEntityOfPage":{"@id":"https:\/\/kvg-bus.de\/stade\/linien-2038-und-2114-bauarbeiten-in-buxtehude-eilendorf-07-09-2026\/"},"wordCount":139,"commentCount":0,"publisher":{"@id":"https:\/\/kvg-bus.de\/stade\/#organization"},"image":{"@id":"https:\/\/kvg-bus.de\/stade\/linien-2038-und-2114-bauarbeiten-in-buxtehude-eilendorf-07-09-2026\/#primaryimage"},"thumbnailUrl":"https:\/\/kvg-bus.de\/stade\/wp-content\/uploads\/sites\/14\/header-subsite_stoerungen.png","articleSection":["Stade","Fahrplanabweichungen"],"inLanguage":"cs","potentialAction":[{"@type":"CommentAction","name":"Comment","target":["https:\/\/kvg-bus.de\/stade\/linien-2038-und-2114-bauarbeiten-in-buxtehude-eilendorf-07-09-2026\/#respond"]}]},{"@type":"WebPage","@id":"https:\/\/kvg-bus.de\/stade\/linien-2038-und-2114-bauarbeiten-in-buxtehude-eilendorf-07-09-2026\/","url":"https:\/\/kvg-bus.de\/stade\/linien-2038-und-2114-bauarbeiten-in-buxtehude-eilendorf-07-09-2026\/","name":"Linien 2038 und 2114 | Bauarbeiten in Buxtehude-Eilendorf: 07.09.2026 - KVG Stade","isPartOf":{"@id":"https:\/\/kvg-bus.de\/stade\/#website"},"primaryImageOfPage":{"@id":"https:\/\/kvg-bus.de\/stade\/linien-2038-und-2114-bauarbeiten-in-buxtehude-eilendorf-07-09-2026\/#primaryimage"},"image":{"@id":"https:\/\/kvg-bus.de\/stade\/linien-2038-und-2114-bauarbeiten-in-buxtehude-eilendorf-07-09-2026\/#primaryimage"},"thumbnailUrl":"https:\/\/kvg-bus.de\/stade\/wp-content\/uploads\/sites\/14\/header-subsite_stoerungen.png","datePublished":"2026-09-03T10:51:29+00:00","dateModified":"2026-09-03T10:51:30+00:00","breadcrumb":{"@id":"https:\/\/kvg-bus.de\/stade\/linien-2038-und-2114-bauarbeiten-in-buxtehude-eilendorf-07-09-2026\/#breadcrumb"},"inLanguage":"cs","potentialAction":[{"@type":"ReadAction","target":["https:\/\/kvg-bus.de\/stade\/linien-2038-und-2114-bauarbeiten-in-buxtehude-eilendorf-07-09-2026\/"]}]},{"@type":"ImageObject","inLanguage":"cs","@id":"https:\/\/kvg-bus.de\/stade\/linien-2038-und-2114-bauarbeiten-in-buxtehude-eilendorf-07-09-2026\/#primaryimage","url":"https:\/\/kvg-bus.de\/stade\/wp-content\/uploads\/sites\/14\/header-subsite_stoerungen.png","contentUrl":"https:\/\/kvg-bus.de\/stade\/wp-content\/uploads\/sites\/14\/header-subsite_stoerungen.png","width":1920,"height":640},{"@type":"BreadcrumbList","@id":"https:\/\/kvg-bus.de\/stade\/linien-2038-und-2114-bauarbeiten-in-buxtehude-eilendorf-07-09-2026\/#breadcrumb","itemListElement":[{"@type":"ListItem","position":1,"name":"Startseite","item":"https:\/\/kvg-bus.de\/stade\/"},{"@type":"ListItem","position":2,"name":"Linien 2038 und 2114 | Bauarbeiten in Buxtehude-Eilendorf: 07.09.2026"}]},{"@type":"WebSite","@id":"https:\/\/kvg-bus.de\/stade\/#website","url":"https:\/\/kvg-bus.de\/stade\/","name":"KVG Stade","description":"","publisher":{"@id":"https:\/\/kvg-bus.de\/stade\/#organization"},"potentialAction":[{"@type":"SearchAction","target":{"@type":"EntryPoint","urlTemplate":"https:\/\/kvg-bus.de\/stade\/?s={search_term_string}"},"query-input":{"@type":"PropertyValueSpecification","valueRequired":true,"valueName":"search_term_string"}}],"inLanguage":"cs"},{"@type":"Organization","@id":"https:\/\/kvg-bus.de\/stade\/#organization","name":"KVG Stade","url":"https:\/\/kvg-bus.de\/stade\/","logo":{"@type":"ImageObject","inLanguage":"cs","@id":"https:\/\/kvg-bus.de\/stade\/#\/schema\/logo\/image\/","url":"https:\/\/kvg-bus.de\/stade\/wp-content\/uploads\/sites\/14\/kvg_logo-1.svg","contentUrl":"https:\/\/kvg-bus.de\/stade\/wp-content\/uploads\/sites\/14\/kvg_logo-1.svg","width":1322,"height":404,"caption":"KVG Stade"},"image":{"@id":"https:\/\/kvg-bus.de\/stade\/#\/schema\/logo\/image\/"}},{"@type":"Person","@id":"https:\/\/kvg-bus.de\/stade\/#\/schema\/person\/5a5abfab092f868ec7cbe0f59e95749b","name":"mzimmermann","image":{"@type":"ImageObject","inLanguage":"cs","@id":"https:\/\/secure.gravatar.com\/avatar\/0f69d8b83e3b3e54f0b766684bb3fd6649f0081ecdbff759ed4b19e5df68d1e4?s=96&d=mm&r=g","url":"https:\/\/secure.gravatar.com\/avatar\/0f69d8b83e3b3e54f0b766684bb3fd6649f0081ecdbff759ed4b19e5df68d1e4?s=96&d=mm&r=g","contentUrl":"https:\/\/secure.gravatar.com\/avatar\/0f69d8b83e3b3e54f0b766684bb3fd6649f0081ecdbff759ed4b19e5df68d1e4?s=96&d=mm&r=g","caption":"mzimmermann"},"url":"https:\/\/kvg-bus.de\/stade\/cs\/author\/mzimmermann\/"}]}},"_links":{"self":[{"href":"https:\/\/kvg-bus.de\/stade\/cs\/wp-json\/wp\/v2\/posts\/5623","targetHints":{"allow":["GET"]}}],"collection":[{"href":"https:\/\/kvg-bus.de\/stade\/cs\/wp-json\/wp\/v2\/posts"}],"about":[{"href":"https:\/\/kvg-bus.de\/stade\/cs\/wp-json\/wp\/v2\/types\/post"}],"author":[{"embeddable":true,"href":"https:\/\/kvg-bus.de\/stade\/cs\/wp-json\/wp\/v2\/users\/10"}],"replies":[{"embeddable":true,"href":"https:\/\/kvg-bus.de\/stade\/cs\/wp-json\/wp\/v2\/comments?post=5623"}],"version-history":[{"count":0,"href":"https:\/\/kvg-bus.de\/stade\/cs\/wp-json\/wp\/v2\/posts\/5623\/revisions"}],"wp:attachment":[{"href":"https:\/\/kvg-bus.de\/stade\/cs\/wp-json\/wp\/v2\/media?parent=5623"}],"wp:term":[{"taxonomy":"category","embeddable":true,"href":"https:\/\/kvg-bus.de\/stade\/cs\/wp-json\/wp\/v2\/categories?post=5623"},{"taxonomy":"post_tag","embeddable":true,"href":"https:\/\/kvg-bus.de\/stade\/cs\/wp-json\/wp\/v2\/tags?post=5623"}],"curies":[{"name":"wp","href":"https:\/\/api.w.org\/{rel}","templated":true}]}}