{"id":345,"date":"2026-03-20T10:06:51","date_gmt":"2026-03-20T09:06:51","guid":{"rendered":"https:\/\/kvg-bus.de\/linien-100-101-102-104-105-106-110-111-112-und-156-bauarbeiten-in-schneverdingen-23-03-15-07-2026-3\/"},"modified":"2026-04-24T12:39:54","modified_gmt":"2026-04-24T10:39:54","slug":"%d0%bb%d0%b8%d0%bd%d0%b8%d0%b8-100-101-102-104-105-106-110-111-112-%d0%b8-156-%d1%81%d1%82%d1%80%d0%be%d0%b8%d1%82%d0%b5%d0%bb%d1%8c%d0%bd%d1%8b%d0%b5-%d1%80%d0%b0%d0%b1%d0%be%d1%82%d1%8b-%d0%b2","status":"publish","type":"post","link":"https:\/\/kvg-bus.de\/ru\/linien-100-101-102-104-105-106-110-111-112-und-156-bauarbeiten-in-schneverdingen-23-03-15-07-2026-3\/","title":{"rendered":"\u041b\u0438\u043d\u0438\u0438 2040, 2043, 2044, 2720 \u0438 2726 | \u0421\u0442\u0440\u043e\u0438\u0442\u0435\u043b\u044c\u043d\u044b\u0435 \u0440\u0430\u0431\u043e\u0442\u044b \u0432 \u0425\u0438\u043d\u0442\u0435\u0440\u0431\u0440\u0430\u043a\u0435: 24.03. - 31.08.2026"},"content":{"rendered":"<p data-start=\"84\" data-end=\"255\">\u0418\u0437 <strong data-start=\"88\" data-end=\"105\">24 \u043c\u0430\u0440\u0442\u0430 2026 \u0433\u043e\u0434\u0430<\/strong> \u0434\u043e <strong data-start=\"110\" data-end=\"129\">31 \u0430\u0432\u0433\u0443\u0441\u0442\u0430 2026 \u0433\u043e\u0434\u0430<\/strong> \u043f\u0440\u043e\u0438\u0441\u0445\u043e\u0434\u044f\u0442 \u043d\u0430 <strong data-start=\"140\" data-end=\"153\">\u041a\u0438\u043b\u044c \u0441 \u0434\u0430\u043c\u0431\u043e\u0439<\/strong> \u0432 <strong data-start=\"157\" data-end=\"172\">Backbrack<\/strong> \u043d\u0430 \u0432\u044b\u0441\u043e\u0442\u0435 \u043e\u0441\u0442\u0430\u043d\u043e\u0432\u043a\u0438 \u201e<strong data-start=\"199\" data-end=\"229\">\u0425\u0438\u043d\u0442\u0435\u0440\u0431\u0440\u0430\u043a, \u0425\u0438\u043d\u0442\u0435\u0440\u0431\u0440\u0430\u043a 7<\/strong>\u201c <strong data-start=\"231\" data-end=\"246\">\u0421\u0442\u0440\u043e\u0438\u0442\u0435\u043b\u044c\u043d\u044b\u0435 \u0440\u0430\u0431\u043e\u0442\u044b<\/strong> \u0432\u043c\u0435\u0441\u0442\u043e \u044d\u0442\u043e\u0433\u043e.<\/p>\n<p data-start=\"84\" data-end=\"255\">Die Linien 2720 und 2726 erhalten aufgrund von Stau der zu Verz\u00f6gerungen f\u00fchrt Baustellenfahrpl\u00e4ne. Diese findet du <a href=\"https:\/\/kvg-bus.de\/%d1%81%d1%82%d0%b0%d0%b4%d0%b8%d0%be%d0%bd\/%d0%bf%d0%bb%d0%b0%d0%bd%d1%8b-%d0%b2%d0%be%d0%b6%d0%b4%d0%b5%d0%bd%d0%b8%d1%8f\/\">\u0437\u0434\u0435\u0441\u044c<\/a>.<\/p>\n<p data-start=\"257\" data-end=\"378\">\u27a1\ufe0f \u0410\u0432\u0442\u043e\u0431\u0443\u0441\u043d\u0430\u044f \u043e\u0441\u0442\u0430\u043d\u043e\u0432\u043a\u0430 \u201e<strong data-start=\"277\" data-end=\"307\">\u0425\u0438\u043d\u0442\u0435\u0440\u0431\u0440\u0430\u043a, \u0425\u0438\u043d\u0442\u0435\u0440\u0431\u0440\u0430\u043a 7<\/strong>\u201c \u043d\u0435 \u043c\u043e\u0436\u0435\u0442 \u0431\u044b\u0442\u044c \u0438\u0441\u043f\u043e\u043b\u044c\u0437\u043e\u0432\u0430\u043d \u0432 \u0442\u0435\u0447\u0435\u043d\u0438\u0435 \u044d\u0442\u043e\u0433\u043e \u0432\u0440\u0435\u043c\u0435\u043d\u0438.<br data-start=\"350\" data-end=\"353\" \/>\u041f\u043e\u0436\u0430\u043b\u0443\u0439\u0441\u0442\u0430, \u0438\u0441\u043f\u043e\u043b\u044c\u0437\u0443\u0439\u0442\u0435 \u0432\u043c\u0435\u0441\u0442\u043e \u044d\u0442\u043e\u0433\u043e:<\/p>\n<ul data-start=\"379\" data-end=\"525\">\n<li data-section-id=\"1vlvudr\" data-start=\"379\" data-end=\"452\">\n<p data-start=\"381\" data-end=\"452\">\u0432 \u043d\u0430\u043f\u0440\u0430\u0432\u043b\u0435\u043d\u0438\u0438 <strong data-start=\"393\" data-end=\"402\">\u041a\u0440\u0430\u043d\u0446<\/strong> \u0441\u0430\u0439\u0442 <strong data-start=\"407\" data-end=\"450\">\u0417\u0430\u043c\u0435\u043d\u0430 \u043e\u0441\u0442\u0430\u043d\u043e\u0432\u043a\u0438 \u043f\u0440\u0438\u043c\u0435\u0440\u043d\u043e \u0432 150 \u043c\u0435\u0442\u0440\u0430\u0445 \u043a \u0432\u043e\u0441\u0442\u043e\u043a\u0443<\/strong><\/p>\n<\/li>\n<li data-section-id=\"6fi3gc\" data-start=\"453\" data-end=\"525\">\n<p data-start=\"455\" data-end=\"525\">\u0432 \u043d\u0430\u043f\u0440\u0430\u0432\u043b\u0435\u043d\u0438\u0438 <strong data-start=\"467\" data-end=\"475\">\u0419\u043e\u0440\u043a<\/strong> \u043e\u0441\u0442\u0430\u043d\u043e\u0432\u043a\u0430 \u201e<strong data-start=\"493\" data-end=\"522\">\u0425\u0438\u043d\u0442\u0435\u0440\u0431\u0440\u0430\u043a, \u0412\u0435\u043b\u043b\u0435\u043d\u0448\u0442\u0440\u0430\u0441\u0441\u0435<\/strong>\u201c<\/p>\n<\/li>\n<\/ul>","protected":false},"excerpt":{"rendered":"<p>\u0421 24 \u043c\u0430\u0440\u0442\u0430 2026 \u0433\u043e\u0434\u0430 \u043f\u043e 31 \u0430\u0432\u0433\u0443\u0441\u0442\u0430 2026 \u0433\u043e\u0434\u0430 \u0431\u0443\u0434\u0443\u0442 \u043f\u0440\u043e\u0432\u043e\u0434\u0438\u0442\u044c\u0441\u044f \u0441\u0442\u0440\u043e\u0438\u0442\u0435\u043b\u044c\u043d\u044b\u0435 \u0440\u0430\u0431\u043e\u0442\u044b \u043d\u0430 \u0414\u0430\u0439\u0445\u0437\u0438\u043b\u0435 \u0432 \u0425\u0438\u043d\u0442\u0435\u0440\u0431\u0440\u0430\u043a\u0435 \u043d\u0430 \u043e\u0441\u0442\u0430\u043d\u043e\u0432\u043a\u0435 \u201e\u0425\u0438\u043d\u0442\u0435\u0440\u0431\u0440\u0430\u043a, \u0425\u0438\u043d\u0442\u0435\u0440\u0431\u0440\u0430\u043a 7\u201c. \u041d\u0430 \u043b\u0438\u043d\u0438\u044f\u0445 2720 \u0438 2726 \u0431\u0443\u0434\u0435\u0442 \u0434\u0435\u0439\u0441\u0442\u0432\u043e\u0432\u0430\u0442\u044c \u0440\u0430\u0441\u043f\u0438\u0441\u0430\u043d\u0438\u0435 \u0434\u0432\u0438\u0436\u0435\u043d\u0438\u044f \u043f\u043e \u0441\u0442\u0440\u043e\u0438\u0442\u0435\u043b\u044c\u043d\u044b\u043c \u043f\u043b\u043e\u0449\u0430\u0434\u043a\u0430\u043c \u0438\u0437-\u0437\u0430 \u043f\u0435\u0440\u0435\u0433\u0440\u0443\u0436\u0435\u043d\u043d\u043e\u0441\u0442\u0438, \u043f\u0440\u0438\u0432\u043e\u0434\u044f\u0449\u0435\u0439 \u043a \u0437\u0430\u0434\u0435\u0440\u0436\u043a\u0430\u043c. \u0412\u044b \u043c\u043e\u0436\u0435\u0442\u0435 \u043d\u0430\u0439\u0442\u0438 \u0438\u0445 \u0437\u0434\u0435\u0441\u044c. \u27a1\ufe0f \u041e\u0441\u0442\u0430\u043d\u043e\u0432\u043a\u0430 \u201eHinterbrack, Hinterbrack 7\u201c \u0432 \u044d\u0442\u043e \u0432\u0440\u0435\u043c\u044f \u043d\u0435 \u043e\u0431\u0441\u043b\u0443\u0436\u0438\u0432\u0430\u0435\u0442\u0441\u044f, \u0438\u0441\u043f\u043e\u043b\u044c\u0437\u0443\u0439\u0442\u0435 \u0432\u043c\u0435\u0441\u0442\u043e \u043d\u0435\u0435: \u0432 \u043d\u0430\u043f\u0440\u0430\u0432\u043b\u0435\u043d\u0438\u0438 \u041a\u0440\u0430\u043d\u0446\u0430 - \u0437\u0430\u043f\u0430\u0441\u043d\u0443\u044e \u043e\u0441\u0442\u0430\u043d\u043e\u0432\u043a\u0443 \u043f\u0440\u0438\u043c\u0435\u0440\u043d\u043e \u0432 150 \u043c\u0435\u0442\u0440\u0430\u0445 \u043a \u0432\u043e\u0441\u0442\u043e\u043a\u0443, \u0432 \u043d\u0430\u043f\u0440\u0430\u0432\u043b\u0435\u043d\u0438\u0438 \u0419\u043e\u0440\u043a\u0430 - \u043e\u0441\u0442\u0430\u043d\u043e\u0432\u043a\u0443 \u201eHinterbrack, Wellenstra\u00dfe\u201c.\u201c<\/p>","protected":false},"author":10,"featured_media":0,"comment_status":"open","ping_status":"open","sticky":false,"template":"","format":"standard","meta":{"footnotes":""},"categories":[17,21],"tags":[],"class_list":["post-345","post","type-post","status-publish","format-standard","hentry","category-fahrplanabweichungen","category-stade"],"yoast_head":"<!-- This site is optimized with the Yoast SEO plugin v27.4 - https:\/\/yoast.com\/product\/yoast-seo-wordpress\/ -->\n<title>Linien 2040, 2043, 2044, 2720 und 2726 | Bauarbeiten in Hinterbrack: 24.03. \u2013 31.08.2026 - KVG Bus Portalseite<\/title>\n<meta name=\"robots\" content=\"index, follow, max-snippet:-1, max-image-preview:large, max-video-preview:-1\" \/>\n<link rel=\"canonical\" href=\"https:\/\/kvg-bus.de\/ru\/\u043b\u0438\u043d\u0438\u0438-100-101-102-104-105-106-110-111-112-\u0438-156-\u0441\u0442\u0440\u043e\u0438\u0442\u0435\u043b\u044c\u043d\u044b\u0435-\u0440\u0430\u0431\u043e\u0442\u044b-\u0432\/\" \/>\n<meta property=\"og:locale\" content=\"ru_RU\" \/>\n<meta property=\"og:type\" content=\"article\" \/>\n<meta property=\"og:title\" content=\"Linien 2040, 2043, 2044, 2720 und 2726 | Bauarbeiten in Hinterbrack: 24.03. \u2013 31.08.2026 - KVG Bus Portalseite\" \/>\n<meta property=\"og:description\" content=\"Vom 24. M\u00e4rz 2026 bis 31. August 2026 finden am Deichsiel in Hinterbrack auf H\u00f6he der Haltestelle \u201eHinterbrack, Hinterbrack 7\u201c Bauarbeiten statt. Die Linien 2720 und 2726 erhalten aufgrund von Stau der zu Verz\u00f6gerungen f\u00fchrt Baustellenfahrpl\u00e4ne. Diese findet du hier. \u27a1\ufe0f Die Haltestelle \u201eHinterbrack, Hinterbrack 7\u201c kann in dieser Zeit nicht bedient werden.Bitte nutz stattdessen: in Richtung Cranz die Ersatzhaltestelle ca. 150 Meter \u00f6stlich in Richtung Jork die Haltestelle \u201eHinterbrack, Wellenstra\u00dfe\u201c\" \/>\n<meta property=\"og:url\" content=\"https:\/\/kvg-bus.de\/ru\/\u043b\u0438\u043d\u0438\u0438-100-101-102-104-105-106-110-111-112-\u0438-156-\u0441\u0442\u0440\u043e\u0438\u0442\u0435\u043b\u044c\u043d\u044b\u0435-\u0440\u0430\u0431\u043e\u0442\u044b-\u0432\/\" \/>\n<meta property=\"og:site_name\" content=\"KVG Bus Portalseite\" \/>\n<meta property=\"article:published_time\" content=\"2026-03-20T09:06:51+00:00\" \/>\n<meta property=\"article:modified_time\" content=\"2026-04-24T10:39:54+00:00\" \/>\n<meta name=\"author\" content=\"mzimmermann\" \/>\n<meta name=\"twitter:card\" content=\"summary_large_image\" \/>\n<meta name=\"twitter:label1\" content=\"\u041d\u0430\u043f\u0438\u0441\u0430\u043d\u043e \u0430\u0432\u0442\u043e\u0440\u043e\u043c\" \/>\n\t<meta name=\"twitter:data1\" content=\"mzimmermann\" \/>\n<script type=\"application\/ld+json\" class=\"yoast-schema-graph\">{\"@context\":\"https:\\\/\\\/schema.org\",\"@graph\":[{\"@type\":\"Article\",\"@id\":\"https:\\\/\\\/kvg-bus.de\\\/linien-100-101-102-104-105-106-110-111-112-und-156-bauarbeiten-in-schneverdingen-23-03-15-07-2026-3\\\/#article\",\"isPartOf\":{\"@id\":\"https:\\\/\\\/kvg-bus.de\\\/linien-100-101-102-104-105-106-110-111-112-und-156-bauarbeiten-in-schneverdingen-23-03-15-07-2026-3\\\/\"},\"author\":{\"name\":\"mzimmermann\",\"@id\":\"https:\\\/\\\/kvg-bus.de\\\/#\\\/schema\\\/person\\\/5a5abfab092f868ec7cbe0f59e95749b\"},\"headline\":\"Linien 2040, 2043, 2044, 2720 und 2726 | Bauarbeiten in Hinterbrack: 24.03. \u2013 31.08.2026\",\"datePublished\":\"2026-03-20T09:06:51+00:00\",\"dateModified\":\"2026-04-24T10:39:54+00:00\",\"mainEntityOfPage\":{\"@id\":\"https:\\\/\\\/kvg-bus.de\\\/linien-100-101-102-104-105-106-110-111-112-und-156-bauarbeiten-in-schneverdingen-23-03-15-07-2026-3\\\/\"},\"wordCount\":75,\"commentCount\":0,\"publisher\":{\"@id\":\"https:\\\/\\\/kvg-bus.de\\\/#organization\"},\"articleSection\":[\"Fahrplanabweichungen\",\"Stade\"],\"inLanguage\":\"ru-RU\",\"potentialAction\":[{\"@type\":\"CommentAction\",\"name\":\"Comment\",\"target\":[\"https:\\\/\\\/kvg-bus.de\\\/linien-100-101-102-104-105-106-110-111-112-und-156-bauarbeiten-in-schneverdingen-23-03-15-07-2026-3\\\/#respond\"]}]},{\"@type\":\"WebPage\",\"@id\":\"https:\\\/\\\/kvg-bus.de\\\/linien-100-101-102-104-105-106-110-111-112-und-156-bauarbeiten-in-schneverdingen-23-03-15-07-2026-3\\\/\",\"url\":\"https:\\\/\\\/kvg-bus.de\\\/linien-100-101-102-104-105-106-110-111-112-und-156-bauarbeiten-in-schneverdingen-23-03-15-07-2026-3\\\/\",\"name\":\"Linien 2040, 2043, 2044, 2720 und 2726 | Bauarbeiten in Hinterbrack: 24.03. \u2013 31.08.2026 - KVG Bus Portalseite\",\"isPartOf\":{\"@id\":\"https:\\\/\\\/kvg-bus.de\\\/#website\"},\"datePublished\":\"2026-03-20T09:06:51+00:00\",\"dateModified\":\"2026-04-24T10:39:54+00:00\",\"breadcrumb\":{\"@id\":\"https:\\\/\\\/kvg-bus.de\\\/linien-100-101-102-104-105-106-110-111-112-und-156-bauarbeiten-in-schneverdingen-23-03-15-07-2026-3\\\/#breadcrumb\"},\"inLanguage\":\"ru-RU\",\"potentialAction\":[{\"@type\":\"ReadAction\",\"target\":[\"https:\\\/\\\/kvg-bus.de\\\/linien-100-101-102-104-105-106-110-111-112-und-156-bauarbeiten-in-schneverdingen-23-03-15-07-2026-3\\\/\"]}]},{\"@type\":\"BreadcrumbList\",\"@id\":\"https:\\\/\\\/kvg-bus.de\\\/linien-100-101-102-104-105-106-110-111-112-und-156-bauarbeiten-in-schneverdingen-23-03-15-07-2026-3\\\/#breadcrumb\",\"itemListElement\":[{\"@type\":\"ListItem\",\"position\":1,\"name\":\"Startseite\",\"item\":\"https:\\\/\\\/kvg-bus.de\\\/\"},{\"@type\":\"ListItem\",\"position\":2,\"name\":\"Linien 2040, 2043 und 2044 | Bauarbeiten in Hinterbrack: 24.03. \u2013 31.08.2026\"}]},{\"@type\":\"WebSite\",\"@id\":\"https:\\\/\\\/kvg-bus.de\\\/#website\",\"url\":\"https:\\\/\\\/kvg-bus.de\\\/\",\"name\":\"KVG Bus Portalseite\",\"description\":\"\",\"publisher\":{\"@id\":\"https:\\\/\\\/kvg-bus.de\\\/#organization\"},\"potentialAction\":[{\"@type\":\"SearchAction\",\"target\":{\"@type\":\"EntryPoint\",\"urlTemplate\":\"https:\\\/\\\/kvg-bus.de\\\/?s={search_term_string}\"},\"query-input\":{\"@type\":\"PropertyValueSpecification\",\"valueRequired\":true,\"valueName\":\"search_term_string\"}}],\"inLanguage\":\"ru-RU\"},{\"@type\":\"Organization\",\"@id\":\"https:\\\/\\\/kvg-bus.de\\\/#organization\",\"name\":\"KVG Bus Portalseite\",\"url\":\"https:\\\/\\\/kvg-bus.de\\\/\",\"logo\":{\"@type\":\"ImageObject\",\"inLanguage\":\"ru-RU\",\"@id\":\"https:\\\/\\\/kvg-bus.de\\\/#\\\/schema\\\/logo\\\/image\\\/\",\"url\":\"https:\\\/\\\/kvg-bus.de\\\/wp-content\\\/uploads\\\/sites\\\/14\\\/kvg_logo-1.svg\",\"contentUrl\":\"https:\\\/\\\/kvg-bus.de\\\/wp-content\\\/uploads\\\/sites\\\/14\\\/kvg_logo-1.svg\",\"caption\":\"KVG Bus Portalseite\"},\"image\":{\"@id\":\"https:\\\/\\\/kvg-bus.de\\\/#\\\/schema\\\/logo\\\/image\\\/\"}},{\"@type\":\"Person\",\"@id\":\"https:\\\/\\\/kvg-bus.de\\\/#\\\/schema\\\/person\\\/5a5abfab092f868ec7cbe0f59e95749b\",\"name\":\"mzimmermann\",\"image\":{\"@type\":\"ImageObject\",\"inLanguage\":\"ru-RU\",\"@id\":\"https:\\\/\\\/secure.gravatar.com\\\/avatar\\\/0f69d8b83e3b3e54f0b766684bb3fd6649f0081ecdbff759ed4b19e5df68d1e4?s=96&d=mm&r=g\",\"url\":\"https:\\\/\\\/secure.gravatar.com\\\/avatar\\\/0f69d8b83e3b3e54f0b766684bb3fd6649f0081ecdbff759ed4b19e5df68d1e4?s=96&d=mm&r=g\",\"contentUrl\":\"https:\\\/\\\/secure.gravatar.com\\\/avatar\\\/0f69d8b83e3b3e54f0b766684bb3fd6649f0081ecdbff759ed4b19e5df68d1e4?s=96&d=mm&r=g\",\"caption\":\"mzimmermann\"},\"url\":\"https:\\\/\\\/kvg-bus.de\\\/ru\\\/author\\\/mzimmermann\\\/\"}]}<\/script>\n<!-- \/ Yoast SEO plugin. -->","yoast_head_json":{"title":"Linien 2040, 2043, 2044, 2720 und 2726 | Bauarbeiten in Hinterbrack: 24.03. \u2013 31.08.2026 - KVG Bus Portalseite","robots":{"index":"index","follow":"follow","max-snippet":"max-snippet:-1","max-image-preview":"max-image-preview:large","max-video-preview":"max-video-preview:-1"},"canonical":"https:\/\/kvg-bus.de\/ru\/\u043b\u0438\u043d\u0438\u0438-100-101-102-104-105-106-110-111-112-\u0438-156-\u0441\u0442\u0440\u043e\u0438\u0442\u0435\u043b\u044c\u043d\u044b\u0435-\u0440\u0430\u0431\u043e\u0442\u044b-\u0432\/","og_locale":"ru_RU","og_type":"article","og_title":"Linien 2040, 2043, 2044, 2720 und 2726 | Bauarbeiten in Hinterbrack: 24.03. \u2013 31.08.2026 - KVG Bus Portalseite","og_description":"Vom 24. M\u00e4rz 2026 bis 31. August 2026 finden am Deichsiel in Hinterbrack auf H\u00f6he der Haltestelle \u201eHinterbrack, Hinterbrack 7\u201c Bauarbeiten statt. Die Linien 2720 und 2726 erhalten aufgrund von Stau der zu Verz\u00f6gerungen f\u00fchrt Baustellenfahrpl\u00e4ne. Diese findet du hier. \u27a1\ufe0f Die Haltestelle \u201eHinterbrack, Hinterbrack 7\u201c kann in dieser Zeit nicht bedient werden.Bitte nutz stattdessen: in Richtung Cranz die Ersatzhaltestelle ca. 150 Meter \u00f6stlich in Richtung Jork die Haltestelle \u201eHinterbrack, Wellenstra\u00dfe\u201c","og_url":"https:\/\/kvg-bus.de\/ru\/\u043b\u0438\u043d\u0438\u0438-100-101-102-104-105-106-110-111-112-\u0438-156-\u0441\u0442\u0440\u043e\u0438\u0442\u0435\u043b\u044c\u043d\u044b\u0435-\u0440\u0430\u0431\u043e\u0442\u044b-\u0432\/","og_site_name":"KVG Bus Portalseite","article_published_time":"2026-03-20T09:06:51+00:00","article_modified_time":"2026-04-24T10:39:54+00:00","author":"mzimmermann","twitter_card":"summary_large_image","twitter_misc":{"\u041d\u0430\u043f\u0438\u0441\u0430\u043d\u043e \u0430\u0432\u0442\u043e\u0440\u043e\u043c":"mzimmermann"},"schema":{"@context":"https:\/\/schema.org","@graph":[{"@type":"Article","@id":"https:\/\/kvg-bus.de\/linien-100-101-102-104-105-106-110-111-112-und-156-bauarbeiten-in-schneverdingen-23-03-15-07-2026-3\/#article","isPartOf":{"@id":"https:\/\/kvg-bus.de\/linien-100-101-102-104-105-106-110-111-112-und-156-bauarbeiten-in-schneverdingen-23-03-15-07-2026-3\/"},"author":{"name":"mzimmermann","@id":"https:\/\/kvg-bus.de\/#\/schema\/person\/5a5abfab092f868ec7cbe0f59e95749b"},"headline":"Linien 2040, 2043, 2044, 2720 und 2726 | Bauarbeiten in Hinterbrack: 24.03. \u2013 31.08.2026","datePublished":"2026-03-20T09:06:51+00:00","dateModified":"2026-04-24T10:39:54+00:00","mainEntityOfPage":{"@id":"https:\/\/kvg-bus.de\/linien-100-101-102-104-105-106-110-111-112-und-156-bauarbeiten-in-schneverdingen-23-03-15-07-2026-3\/"},"wordCount":75,"commentCount":0,"publisher":{"@id":"https:\/\/kvg-bus.de\/#organization"},"articleSection":["Fahrplanabweichungen","Stade"],"inLanguage":"ru-RU","potentialAction":[{"@type":"CommentAction","name":"Comment","target":["https:\/\/kvg-bus.de\/linien-100-101-102-104-105-106-110-111-112-und-156-bauarbeiten-in-schneverdingen-23-03-15-07-2026-3\/#respond"]}]},{"@type":"WebPage","@id":"https:\/\/kvg-bus.de\/linien-100-101-102-104-105-106-110-111-112-und-156-bauarbeiten-in-schneverdingen-23-03-15-07-2026-3\/","url":"https:\/\/kvg-bus.de\/linien-100-101-102-104-105-106-110-111-112-und-156-bauarbeiten-in-schneverdingen-23-03-15-07-2026-3\/","name":"Linien 2040, 2043, 2044, 2720 und 2726 | Bauarbeiten in Hinterbrack: 24.03. \u2013 31.08.2026 - KVG Bus Portalseite","isPartOf":{"@id":"https:\/\/kvg-bus.de\/#website"},"datePublished":"2026-03-20T09:06:51+00:00","dateModified":"2026-04-24T10:39:54+00:00","breadcrumb":{"@id":"https:\/\/kvg-bus.de\/linien-100-101-102-104-105-106-110-111-112-und-156-bauarbeiten-in-schneverdingen-23-03-15-07-2026-3\/#breadcrumb"},"inLanguage":"ru-RU","potentialAction":[{"@type":"ReadAction","target":["https:\/\/kvg-bus.de\/linien-100-101-102-104-105-106-110-111-112-und-156-bauarbeiten-in-schneverdingen-23-03-15-07-2026-3\/"]}]},{"@type":"BreadcrumbList","@id":"https:\/\/kvg-bus.de\/linien-100-101-102-104-105-106-110-111-112-und-156-bauarbeiten-in-schneverdingen-23-03-15-07-2026-3\/#breadcrumb","itemListElement":[{"@type":"ListItem","position":1,"name":"Startseite","item":"https:\/\/kvg-bus.de\/"},{"@type":"ListItem","position":2,"name":"Linien 2040, 2043 und 2044 | Bauarbeiten in Hinterbrack: 24.03. \u2013 31.08.2026"}]},{"@type":"WebSite","@id":"https:\/\/kvg-bus.de\/#website","url":"https:\/\/kvg-bus.de\/","name":"\u0421\u0442\u0440\u0430\u043d\u0438\u0446\u0430 \u043f\u043e\u0440\u0442\u0430\u043b\u0430 KVG Bus","description":"","publisher":{"@id":"https:\/\/kvg-bus.de\/#organization"},"potentialAction":[{"@type":"SearchAction","target":{"@type":"EntryPoint","urlTemplate":"https:\/\/kvg-bus.de\/?s={search_term_string}"},"query-input":{"@type":"PropertyValueSpecification","valueRequired":true,"valueName":"search_term_string"}}],"inLanguage":"ru-RU"},{"@type":"Organization","@id":"https:\/\/kvg-bus.de\/#organization","name":"\u0421\u0442\u0440\u0430\u043d\u0438\u0446\u0430 \u043f\u043e\u0440\u0442\u0430\u043b\u0430 KVG Bus","url":"https:\/\/kvg-bus.de\/","logo":{"@type":"ImageObject","inLanguage":"ru-RU","@id":"https:\/\/kvg-bus.de\/#\/schema\/logo\/image\/","url":"https:\/\/kvg-bus.de\/wp-content\/uploads\/sites\/14\/kvg_logo-1.svg","contentUrl":"https:\/\/kvg-bus.de\/wp-content\/uploads\/sites\/14\/kvg_logo-1.svg","caption":"KVG Bus Portalseite"},"image":{"@id":"https:\/\/kvg-bus.de\/#\/schema\/logo\/image\/"}},{"@type":"Person","@id":"https:\/\/kvg-bus.de\/#\/schema\/person\/5a5abfab092f868ec7cbe0f59e95749b","name":"mzimmermann","image":{"@type":"ImageObject","inLanguage":"ru-RU","@id":"https:\/\/secure.gravatar.com\/avatar\/0f69d8b83e3b3e54f0b766684bb3fd6649f0081ecdbff759ed4b19e5df68d1e4?s=96&d=mm&r=g","url":"https:\/\/secure.gravatar.com\/avatar\/0f69d8b83e3b3e54f0b766684bb3fd6649f0081ecdbff759ed4b19e5df68d1e4?s=96&d=mm&r=g","contentUrl":"https:\/\/secure.gravatar.com\/avatar\/0f69d8b83e3b3e54f0b766684bb3fd6649f0081ecdbff759ed4b19e5df68d1e4?s=96&d=mm&r=g","caption":"mzimmermann"},"url":"https:\/\/kvg-bus.de\/ru\/author\/mzimmermann\/"}]}},"_links":{"self":[{"href":"https:\/\/kvg-bus.de\/ru\/wp-json\/wp\/v2\/posts\/345","targetHints":{"allow":["GET"]}}],"collection":[{"href":"https:\/\/kvg-bus.de\/ru\/wp-json\/wp\/v2\/posts"}],"about":[{"href":"https:\/\/kvg-bus.de\/ru\/wp-json\/wp\/v2\/types\/post"}],"author":[{"embeddable":true,"href":"https:\/\/kvg-bus.de\/ru\/wp-json\/wp\/v2\/users\/10"}],"replies":[{"embeddable":true,"href":"https:\/\/kvg-bus.de\/ru\/wp-json\/wp\/v2\/comments?post=345"}],"version-history":[{"count":0,"href":"https:\/\/kvg-bus.de\/ru\/wp-json\/wp\/v2\/posts\/345\/revisions"}],"wp:attachment":[{"href":"https:\/\/kvg-bus.de\/ru\/wp-json\/wp\/v2\/media?parent=345"}],"wp:term":[{"taxonomy":"category","embeddable":true,"href":"https:\/\/kvg-bus.de\/ru\/wp-json\/wp\/v2\/categories?post=345"},{"taxonomy":"post_tag","embeddable":true,"href":"https:\/\/kvg-bus.de\/ru\/wp-json\/wp\/v2\/tags?post=345"}],"curies":[{"name":"wp","href":"https:\/\/api.w.org\/{rel}","templated":true}]}}