{"id":329,"date":"2026-03-06T09:48:18","date_gmt":"2026-03-06T08:48:18","guid":{"rendered":"https:\/\/kvg-bus.de\/linien-2051-2052-und-2054-bauarbeiten-in-hollern-twielenfleth-16-03-26-06-2026-4\/"},"modified":"2026-03-06T09:48:18","modified_gmt":"2026-03-06T08:48:18","slug":"%d0%bb%d0%b8%d0%bd%d0%b8%d0%b8-2051-2052-%d0%b8-2054-%d1%81%d1%82%d1%80%d0%be%d0%b8%d1%82%d0%b5%d0%bb%d1%8c%d0%bd%d1%8b%d0%b5-%d1%80%d0%b0%d0%b1%d0%be%d1%82%d1%8b-%d0%b2-%d1%85%d0%be%d0%bb%d0%bb%d0%b5-6","status":"publish","type":"post","link":"https:\/\/kvg-bus.de\/ru\/linien-2051-2052-und-2054-bauarbeiten-in-hollern-twielenfleth-16-03-26-06-2026-4\/","title":{"rendered":"\u041b\u0438\u043d\u0438\u0438 2017, 2026 \u0438 2075 | \u0421\u0442\u0440\u043e\u0438\u0442\u0435\u043b\u044c\u043d\u044b\u0435 \u0440\u0430\u0431\u043e\u0442\u044b \u0432 \u0411\u044e\u0442\u0446\u0444\u043b\u0435\u0442\u0435: 08.04.2026 - 08.04.2028"},"content":{"rendered":"<p data-start=\"86\" data-end=\"214\">\u0418\u0437 <strong data-start=\"90\" data-end=\"108\">08 \u0430\u043f\u0440\u0435\u043b\u044f 2026 \u0433\u043e\u0434\u0430<\/strong> \u0434\u043e <strong data-start=\"113\" data-end=\"131\">08 \u0430\u043f\u0440\u0435\u043b\u044f 2028 \u0433\u043e\u0434\u0430<\/strong> \u044d\u0442\u043e <strong data-start=\"140\" data-end=\"152\">Flethweg<\/strong> \u0432 <strong data-start=\"156\" data-end=\"169\">\u0411\u044e\u0442\u0446\u0444\u043b\u0435\u0442<\/strong> \u0438\u0437-\u0437\u0430 <strong data-start=\"176\" data-end=\"191\">\u0421\u0442\u0440\u043e\u0438\u0442\u0435\u043b\u044c\u043d\u044b\u0435 \u0440\u0430\u0431\u043e\u0442\u044b<\/strong> \u0437\u0430\u043a\u0440\u044b\u0442 \u0441 \u043e\u0434\u043d\u043e\u0439 \u0441\u0442\u043e\u0440\u043e\u043d\u044b.<\/p>\n<p data-start=\"216\" data-end=\"363\">\u0421\u0430\u0439\u0442 <strong data-start=\"220\" data-end=\"250\">\u041b\u0438\u043d\u0438\u0438 2017, 2026 \u0438 2075 \u0433\u0433.<\/strong> \u043f\u043e\u044d\u0442\u043e\u043c\u0443 \u043c\u043e\u0436\u043d\u043e \u0438\u0441\u043f\u043e\u043b\u044c\u0437\u043e\u0432\u0430\u0442\u044c \u043e\u0441\u0442\u0430\u043d\u043e\u0432\u043a\u0443 \u201e<strong data-start=\"283\" data-end=\"306\">\u0411\u044e\u0442\u0446\u0444\u043b\u0435\u0442, \u043a\u043b\u0430\u0434\u0431\u0438\u0449\u0435<\/strong>\u201c (\u0441\u0443\u0449\u0435\u0441\u0442\u0432\u0443\u0435\u0442 \u0442\u043e\u043b\u044c\u043a\u043e \u0432 \u043d\u0430\u043f\u0440\u0430\u0432\u043b\u0435\u043d\u0438\u0438 <strong data-start=\"325\" data-end=\"344\">\u041e\u0431\u0441\u0442\u043c\u0430\u0440\u0448\u0435\u043d\u0432\u0435\u0433<\/strong>) \u043d\u0435 \u0440\u0430\u0431\u043e\u0442\u0430\u044e\u0442.<\/p>\n<p data-start=\"365\" data-end=\"597\" data-is-last-node=\"\" data-is-only-node=\"\">\u27a1\ufe0f \u0410\u0432\u0442\u043e\u0431\u0443\u0441\u043d\u0430\u044f \u043e\u0441\u0442\u0430\u043d\u043e\u0432\u043a\u0430 \u201e<strong data-start=\"385\" data-end=\"408\">\u0411\u044e\u0442\u0446\u0444\u043b\u0435\u0442, \u043a\u043b\u0430\u0434\u0431\u0438\u0449\u0435<\/strong>\u201c \u043d\u0435 \u043c\u043e\u0436\u0435\u0442 \u0431\u044b\u0442\u044c \u0438\u0441\u043f\u043e\u043b\u044c\u0437\u043e\u0432\u0430\u043d \u0432 \u0442\u0435\u0447\u0435\u043d\u0438\u0435 \u044d\u0442\u043e\u0433\u043e \u0432\u0440\u0435\u043c\u0435\u043d\u0438.<br data-start=\"451\" data-end=\"454\" \/>\u041f\u043e\u0436\u0430\u043b\u0443\u0439\u0441\u0442\u0430, \u0438\u0441\u043f\u043e\u043b\u044c\u0437\u0443\u0439\u0442\u0435 <strong data-start=\"481\" data-end=\"522\" data-is-only-node=\"\">\u0417\u0430\u043c\u0435\u043d\u0430 \u043e\u0441\u0442\u0430\u043d\u043e\u0432\u043a\u0438 \u043d\u0430 \u0424\u043b\u0435\u0442\u0448\u0442\u0440\u0430\u0441\u0441\u0435<\/strong>, \u0432 \u043d\u0430\u043f\u0440\u0430\u0432\u043b\u0435\u043d\u0438\u0438 \u0434\u0432\u0438\u0436\u0435\u043d\u0438\u044f \u0437\u0430 \u0441\u043b\u0435\u0434\u0443\u044e\u0449\u0438\u043c \u043f\u043e\u0432\u043e\u0440\u043e\u0442\u043e\u043c \u043d\u0430 \u0432\u044b\u0441\u043e\u0442\u0435 <strong data-start=\"580\" data-end=\"596\">\u0414\u043e\u043c \u043d\u043e\u043c\u0435\u0440 7<\/strong>.<\/p>","protected":false},"excerpt":{"rendered":"<p>\u0421 8 \u0430\u043f\u0440\u0435\u043b\u044f 2026 \u0433\u043e\u0434\u0430 \u043f\u043e 8 \u0430\u043f\u0440\u0435\u043b\u044f 2028 \u0433\u043e\u0434\u0430 \u0424\u043b\u0435\u0442\u0432\u0435\u0433 \u0432 \u0411\u044e\u0442\u0446\u0444\u043b\u0435\u0442\u0435 \u0431\u0443\u0434\u0435\u0442 \u0437\u0430\u043a\u0440\u044b\u0442 \u0441 \u043e\u0434\u043d\u043e\u0439 \u0441\u0442\u043e\u0440\u043e\u043d\u044b \u0432 \u0441\u0432\u044f\u0437\u0438 \u0441\u043e \u0441\u0442\u0440\u043e\u0438\u0442\u0435\u043b\u044c\u043d\u044b\u043c\u0438 \u0440\u0430\u0431\u043e\u0442\u0430\u043c\u0438. \u041f\u043e\u044d\u0442\u043e\u043c\u0443 \u043b\u0438\u043d\u0438\u0438 2017, 2026 \u0438 2075 \u043d\u0435 \u0441\u043c\u043e\u0433\u0443\u0442 \u043e\u0431\u0441\u043b\u0443\u0436\u0438\u0432\u0430\u0442\u044c \u043e\u0441\u0442\u0430\u043d\u043e\u0432\u043a\u0443 \u201eB\u00fctzfleth, Friedhof\u201c (\u0441\u0443\u0449\u0435\u0441\u0442\u0432\u0443\u0435\u0442 \u0442\u043e\u043b\u044c\u043a\u043e \u0432 \u043d\u0430\u043f\u0440\u0430\u0432\u043b\u0435\u043d\u0438\u0438 Obstmarschenweg). \u27a1\ufe0f \u041e\u0441\u0442\u0430\u043d\u043e\u0432\u043a\u0430 \u201eB\u00fctzfleth, Friedhof\u201c \u043d\u0435 \u043c\u043e\u0436\u0435\u0442 \u043e\u0431\u0441\u043b\u0443\u0436\u0438\u0432\u0430\u0442\u044c\u0441\u044f \u0432 \u044d\u0442\u043e \u0432\u0440\u0435\u043c\u044f, \u043f\u043e\u0436\u0430\u043b\u0443\u0439\u0441\u0442\u0430, \u0438\u0441\u043f\u043e\u043b\u044c\u0437\u0443\u0439\u0442\u0435 \u0430\u043b\u044c\u0442\u0435\u0440\u043d\u0430\u0442\u0438\u0432\u043d\u0443\u044e \u043e\u0441\u0442\u0430\u043d\u043e\u0432\u043a\u0443 \u043d\u0430 Flethstra\u00dfe, \u0432 \u043d\u0430\u043f\u0440\u0430\u0432\u043b\u0435\u043d\u0438\u0438 \u0434\u0432\u0438\u0436\u0435\u043d\u0438\u044f \u0437\u0430 \u0441\u043b\u0435\u0434\u0443\u044e\u0449\u0438\u043c \u043f\u043e\u0432\u043e\u0440\u043e\u0442\u043e\u043c \u0443 \u0434\u043e\u043c\u0430 \u2116 7.<\/p>","protected":false},"author":10,"featured_media":0,"comment_status":"open","ping_status":"open","sticky":false,"template":"","format":"standard","meta":{"footnotes":""},"categories":[17,21],"tags":[],"class_list":["post-329","post","type-post","status-publish","format-standard","hentry","category-fahrplanabweichungen","category-stade"],"yoast_head":"<!-- This site is optimized with the Yoast SEO plugin v27.4 - https:\/\/yoast.com\/product\/yoast-seo-wordpress\/ -->\n<title>Linien 2017, 2026 und 2075 | Bauarbeiten in B\u00fctzfleth: 08.04.2026 \u2013 08.04.2028 - KVG Bus Portalseite<\/title>\n<meta name=\"robots\" content=\"index, follow, max-snippet:-1, max-image-preview:large, max-video-preview:-1\" \/>\n<link rel=\"canonical\" href=\"https:\/\/kvg-bus.de\/ru\/\u043b\u0438\u043d\u0438\u0438-2051-2052-\u0438-2054-\u0441\u0442\u0440\u043e\u0438\u0442\u0435\u043b\u044c\u043d\u044b\u0435-\u0440\u0430\u0431\u043e\u0442\u044b-\u0432-\u0445\u043e\u043b\u043b\u0435-6\/\" \/>\n<meta property=\"og:locale\" content=\"ru_RU\" \/>\n<meta property=\"og:type\" content=\"article\" \/>\n<meta property=\"og:title\" content=\"Linien 2017, 2026 und 2075 | Bauarbeiten in B\u00fctzfleth: 08.04.2026 \u2013 08.04.2028 - KVG Bus Portalseite\" \/>\n<meta property=\"og:description\" content=\"Vom 08. April 2026 bis 08. April 2028 ist der Flethweg in B\u00fctzfleth wegen Bauarbeiten halbseitig gesperrt. Die Linien 2017, 2026 und 2075 k\u00f6nnen deshalb die Haltestelle \u201eB\u00fctzfleth, Friedhof\u201c (besteht nur in Richtung Obstmarschenweg) nicht bedienen. \u27a1\ufe0f Die Haltestelle \u201eB\u00fctzfleth, Friedhof\u201c kann in dieser Zeit nicht bedient werden.Bitte nutz stattdessen die Ersatzhaltestelle auf der Flethstra\u00dfe, in Fahrtrichtung hinter der n\u00e4chsten Kurve auf H\u00f6he der Hausnummer 7.\" \/>\n<meta property=\"og:url\" content=\"https:\/\/kvg-bus.de\/ru\/\u043b\u0438\u043d\u0438\u0438-2051-2052-\u0438-2054-\u0441\u0442\u0440\u043e\u0438\u0442\u0435\u043b\u044c\u043d\u044b\u0435-\u0440\u0430\u0431\u043e\u0442\u044b-\u0432-\u0445\u043e\u043b\u043b\u0435-6\/\" \/>\n<meta property=\"og:site_name\" content=\"KVG Bus Portalseite\" \/>\n<meta property=\"article:published_time\" content=\"2026-03-06T08:48:18+00:00\" \/>\n<meta name=\"author\" content=\"mzimmermann\" \/>\n<meta name=\"twitter:card\" content=\"summary_large_image\" \/>\n<meta name=\"twitter:label1\" content=\"\u041d\u0430\u043f\u0438\u0441\u0430\u043d\u043e \u0430\u0432\u0442\u043e\u0440\u043e\u043c\" \/>\n\t<meta name=\"twitter:data1\" content=\"mzimmermann\" \/>\n<script type=\"application\/ld+json\" class=\"yoast-schema-graph\">{\"@context\":\"https:\\\/\\\/schema.org\",\"@graph\":[{\"@type\":\"Article\",\"@id\":\"https:\\\/\\\/kvg-bus.de\\\/linien-2051-2052-und-2054-bauarbeiten-in-hollern-twielenfleth-16-03-26-06-2026-4\\\/#article\",\"isPartOf\":{\"@id\":\"https:\\\/\\\/kvg-bus.de\\\/linien-2051-2052-und-2054-bauarbeiten-in-hollern-twielenfleth-16-03-26-06-2026-4\\\/\"},\"author\":{\"name\":\"mzimmermann\",\"@id\":\"https:\\\/\\\/kvg-bus.de\\\/#\\\/schema\\\/person\\\/5a5abfab092f868ec7cbe0f59e95749b\"},\"headline\":\"Linien 2017, 2026 und 2075 | Bauarbeiten in B\u00fctzfleth: 08.04.2026 \u2013 08.04.2028\",\"datePublished\":\"2026-03-06T08:48:18+00:00\",\"mainEntityOfPage\":{\"@id\":\"https:\\\/\\\/kvg-bus.de\\\/linien-2051-2052-und-2054-bauarbeiten-in-hollern-twielenfleth-16-03-26-06-2026-4\\\/\"},\"wordCount\":73,\"commentCount\":0,\"publisher\":{\"@id\":\"https:\\\/\\\/kvg-bus.de\\\/#organization\"},\"articleSection\":[\"Fahrplanabweichungen\",\"Stade\"],\"inLanguage\":\"ru-RU\",\"potentialAction\":[{\"@type\":\"CommentAction\",\"name\":\"Comment\",\"target\":[\"https:\\\/\\\/kvg-bus.de\\\/linien-2051-2052-und-2054-bauarbeiten-in-hollern-twielenfleth-16-03-26-06-2026-4\\\/#respond\"]}]},{\"@type\":\"WebPage\",\"@id\":\"https:\\\/\\\/kvg-bus.de\\\/linien-2051-2052-und-2054-bauarbeiten-in-hollern-twielenfleth-16-03-26-06-2026-4\\\/\",\"url\":\"https:\\\/\\\/kvg-bus.de\\\/linien-2051-2052-und-2054-bauarbeiten-in-hollern-twielenfleth-16-03-26-06-2026-4\\\/\",\"name\":\"Linien 2017, 2026 und 2075 | Bauarbeiten in B\u00fctzfleth: 08.04.2026 \u2013 08.04.2028 - KVG Bus Portalseite\",\"isPartOf\":{\"@id\":\"https:\\\/\\\/kvg-bus.de\\\/#website\"},\"datePublished\":\"2026-03-06T08:48:18+00:00\",\"breadcrumb\":{\"@id\":\"https:\\\/\\\/kvg-bus.de\\\/linien-2051-2052-und-2054-bauarbeiten-in-hollern-twielenfleth-16-03-26-06-2026-4\\\/#breadcrumb\"},\"inLanguage\":\"ru-RU\",\"potentialAction\":[{\"@type\":\"ReadAction\",\"target\":[\"https:\\\/\\\/kvg-bus.de\\\/linien-2051-2052-und-2054-bauarbeiten-in-hollern-twielenfleth-16-03-26-06-2026-4\\\/\"]}]},{\"@type\":\"BreadcrumbList\",\"@id\":\"https:\\\/\\\/kvg-bus.de\\\/linien-2051-2052-und-2054-bauarbeiten-in-hollern-twielenfleth-16-03-26-06-2026-4\\\/#breadcrumb\",\"itemListElement\":[{\"@type\":\"ListItem\",\"position\":1,\"name\":\"Startseite\",\"item\":\"https:\\\/\\\/kvg-bus.de\\\/\"},{\"@type\":\"ListItem\",\"position\":2,\"name\":\"Linien 2017, 2026 und 2075 | Bauarbeiten in B\u00fctzfleth: 08.04.2026 \u2013 08.04.2028\"}]},{\"@type\":\"WebSite\",\"@id\":\"https:\\\/\\\/kvg-bus.de\\\/#website\",\"url\":\"https:\\\/\\\/kvg-bus.de\\\/\",\"name\":\"KVG Bus Portalseite\",\"description\":\"\",\"publisher\":{\"@id\":\"https:\\\/\\\/kvg-bus.de\\\/#organization\"},\"potentialAction\":[{\"@type\":\"SearchAction\",\"target\":{\"@type\":\"EntryPoint\",\"urlTemplate\":\"https:\\\/\\\/kvg-bus.de\\\/?s={search_term_string}\"},\"query-input\":{\"@type\":\"PropertyValueSpecification\",\"valueRequired\":true,\"valueName\":\"search_term_string\"}}],\"inLanguage\":\"ru-RU\"},{\"@type\":\"Organization\",\"@id\":\"https:\\\/\\\/kvg-bus.de\\\/#organization\",\"name\":\"KVG Bus Portalseite\",\"url\":\"https:\\\/\\\/kvg-bus.de\\\/\",\"logo\":{\"@type\":\"ImageObject\",\"inLanguage\":\"ru-RU\",\"@id\":\"https:\\\/\\\/kvg-bus.de\\\/#\\\/schema\\\/logo\\\/image\\\/\",\"url\":\"https:\\\/\\\/kvg-bus.de\\\/wp-content\\\/uploads\\\/sites\\\/14\\\/kvg_logo-1.svg\",\"contentUrl\":\"https:\\\/\\\/kvg-bus.de\\\/wp-content\\\/uploads\\\/sites\\\/14\\\/kvg_logo-1.svg\",\"caption\":\"KVG Bus Portalseite\"},\"image\":{\"@id\":\"https:\\\/\\\/kvg-bus.de\\\/#\\\/schema\\\/logo\\\/image\\\/\"}},{\"@type\":\"Person\",\"@id\":\"https:\\\/\\\/kvg-bus.de\\\/#\\\/schema\\\/person\\\/5a5abfab092f868ec7cbe0f59e95749b\",\"name\":\"mzimmermann\",\"image\":{\"@type\":\"ImageObject\",\"inLanguage\":\"ru-RU\",\"@id\":\"https:\\\/\\\/secure.gravatar.com\\\/avatar\\\/0f69d8b83e3b3e54f0b766684bb3fd6649f0081ecdbff759ed4b19e5df68d1e4?s=96&d=mm&r=g\",\"url\":\"https:\\\/\\\/secure.gravatar.com\\\/avatar\\\/0f69d8b83e3b3e54f0b766684bb3fd6649f0081ecdbff759ed4b19e5df68d1e4?s=96&d=mm&r=g\",\"contentUrl\":\"https:\\\/\\\/secure.gravatar.com\\\/avatar\\\/0f69d8b83e3b3e54f0b766684bb3fd6649f0081ecdbff759ed4b19e5df68d1e4?s=96&d=mm&r=g\",\"caption\":\"mzimmermann\"},\"url\":\"https:\\\/\\\/kvg-bus.de\\\/ru\\\/author\\\/mzimmermann\\\/\"}]}<\/script>\n<!-- \/ Yoast SEO plugin. -->","yoast_head_json":{"title":"\u041b\u0438\u043d\u0438\u0438 2017, 2026 \u0438 2075 | \u0421\u0442\u0440\u043e\u0438\u0442\u0435\u043b\u044c\u043d\u044b\u0435 \u0440\u0430\u0431\u043e\u0442\u044b \u0432 \u0411\u044e\u0442\u0446\u0444\u043b\u0435\u0442\u0435: 08.04.2026 - 08.04.2028 - \u0421\u0442\u0440\u0430\u043d\u0438\u0446\u0430 \u0430\u0432\u0442\u043e\u0431\u0443\u0441\u043d\u043e\u0433\u043e \u043f\u043e\u0440\u0442\u0430\u043b\u0430 KVG","robots":{"index":"index","follow":"follow","max-snippet":"max-snippet:-1","max-image-preview":"max-image-preview:large","max-video-preview":"max-video-preview:-1"},"canonical":"https:\/\/kvg-bus.de\/ru\/\u043b\u0438\u043d\u0438\u0438-2051-2052-\u0438-2054-\u0441\u0442\u0440\u043e\u0438\u0442\u0435\u043b\u044c\u043d\u044b\u0435-\u0440\u0430\u0431\u043e\u0442\u044b-\u0432-\u0445\u043e\u043b\u043b\u0435-6\/","og_locale":"ru_RU","og_type":"article","og_title":"Linien 2017, 2026 und 2075 | Bauarbeiten in B\u00fctzfleth: 08.04.2026 \u2013 08.04.2028 - KVG Bus Portalseite","og_description":"Vom 08. April 2026 bis 08. April 2028 ist der Flethweg in B\u00fctzfleth wegen Bauarbeiten halbseitig gesperrt. Die Linien 2017, 2026 und 2075 k\u00f6nnen deshalb die Haltestelle \u201eB\u00fctzfleth, Friedhof\u201c (besteht nur in Richtung Obstmarschenweg) nicht bedienen. \u27a1\ufe0f Die Haltestelle \u201eB\u00fctzfleth, Friedhof\u201c kann in dieser Zeit nicht bedient werden.Bitte nutz stattdessen die Ersatzhaltestelle auf der Flethstra\u00dfe, in Fahrtrichtung hinter der n\u00e4chsten Kurve auf H\u00f6he der Hausnummer 7.","og_url":"https:\/\/kvg-bus.de\/ru\/\u043b\u0438\u043d\u0438\u0438-2051-2052-\u0438-2054-\u0441\u0442\u0440\u043e\u0438\u0442\u0435\u043b\u044c\u043d\u044b\u0435-\u0440\u0430\u0431\u043e\u0442\u044b-\u0432-\u0445\u043e\u043b\u043b\u0435-6\/","og_site_name":"KVG Bus Portalseite","article_published_time":"2026-03-06T08:48:18+00:00","author":"mzimmermann","twitter_card":"summary_large_image","twitter_misc":{"\u041d\u0430\u043f\u0438\u0441\u0430\u043d\u043e \u0430\u0432\u0442\u043e\u0440\u043e\u043c":"mzimmermann"},"schema":{"@context":"https:\/\/schema.org","@graph":[{"@type":"Article","@id":"https:\/\/kvg-bus.de\/linien-2051-2052-und-2054-bauarbeiten-in-hollern-twielenfleth-16-03-26-06-2026-4\/#article","isPartOf":{"@id":"https:\/\/kvg-bus.de\/linien-2051-2052-und-2054-bauarbeiten-in-hollern-twielenfleth-16-03-26-06-2026-4\/"},"author":{"name":"mzimmermann","@id":"https:\/\/kvg-bus.de\/#\/schema\/person\/5a5abfab092f868ec7cbe0f59e95749b"},"headline":"Linien 2017, 2026 und 2075 | Bauarbeiten in B\u00fctzfleth: 08.04.2026 \u2013 08.04.2028","datePublished":"2026-03-06T08:48:18+00:00","mainEntityOfPage":{"@id":"https:\/\/kvg-bus.de\/linien-2051-2052-und-2054-bauarbeiten-in-hollern-twielenfleth-16-03-26-06-2026-4\/"},"wordCount":73,"commentCount":0,"publisher":{"@id":"https:\/\/kvg-bus.de\/#organization"},"articleSection":["Fahrplanabweichungen","Stade"],"inLanguage":"ru-RU","potentialAction":[{"@type":"CommentAction","name":"Comment","target":["https:\/\/kvg-bus.de\/linien-2051-2052-und-2054-bauarbeiten-in-hollern-twielenfleth-16-03-26-06-2026-4\/#respond"]}]},{"@type":"WebPage","@id":"https:\/\/kvg-bus.de\/linien-2051-2052-und-2054-bauarbeiten-in-hollern-twielenfleth-16-03-26-06-2026-4\/","url":"https:\/\/kvg-bus.de\/linien-2051-2052-und-2054-bauarbeiten-in-hollern-twielenfleth-16-03-26-06-2026-4\/","name":"\u041b\u0438\u043d\u0438\u0438 2017, 2026 \u0438 2075 | \u0421\u0442\u0440\u043e\u0438\u0442\u0435\u043b\u044c\u043d\u044b\u0435 \u0440\u0430\u0431\u043e\u0442\u044b \u0432 \u0411\u044e\u0442\u0446\u0444\u043b\u0435\u0442\u0435: 08.04.2026 - 08.04.2028 - \u0421\u0442\u0440\u0430\u043d\u0438\u0446\u0430 \u0430\u0432\u0442\u043e\u0431\u0443\u0441\u043d\u043e\u0433\u043e \u043f\u043e\u0440\u0442\u0430\u043b\u0430 KVG","isPartOf":{"@id":"https:\/\/kvg-bus.de\/#website"},"datePublished":"2026-03-06T08:48:18+00:00","breadcrumb":{"@id":"https:\/\/kvg-bus.de\/linien-2051-2052-und-2054-bauarbeiten-in-hollern-twielenfleth-16-03-26-06-2026-4\/#breadcrumb"},"inLanguage":"ru-RU","potentialAction":[{"@type":"ReadAction","target":["https:\/\/kvg-bus.de\/linien-2051-2052-und-2054-bauarbeiten-in-hollern-twielenfleth-16-03-26-06-2026-4\/"]}]},{"@type":"BreadcrumbList","@id":"https:\/\/kvg-bus.de\/linien-2051-2052-und-2054-bauarbeiten-in-hollern-twielenfleth-16-03-26-06-2026-4\/#breadcrumb","itemListElement":[{"@type":"ListItem","position":1,"name":"Startseite","item":"https:\/\/kvg-bus.de\/"},{"@type":"ListItem","position":2,"name":"Linien 2017, 2026 und 2075 | Bauarbeiten in B\u00fctzfleth: 08.04.2026 \u2013 08.04.2028"}]},{"@type":"WebSite","@id":"https:\/\/kvg-bus.de\/#website","url":"https:\/\/kvg-bus.de\/","name":"\u0421\u0442\u0440\u0430\u043d\u0438\u0446\u0430 \u043f\u043e\u0440\u0442\u0430\u043b\u0430 KVG Bus","description":"","publisher":{"@id":"https:\/\/kvg-bus.de\/#organization"},"potentialAction":[{"@type":"SearchAction","target":{"@type":"EntryPoint","urlTemplate":"https:\/\/kvg-bus.de\/?s={search_term_string}"},"query-input":{"@type":"PropertyValueSpecification","valueRequired":true,"valueName":"search_term_string"}}],"inLanguage":"ru-RU"},{"@type":"Organization","@id":"https:\/\/kvg-bus.de\/#organization","name":"\u0421\u0442\u0440\u0430\u043d\u0438\u0446\u0430 \u043f\u043e\u0440\u0442\u0430\u043b\u0430 KVG Bus","url":"https:\/\/kvg-bus.de\/","logo":{"@type":"ImageObject","inLanguage":"ru-RU","@id":"https:\/\/kvg-bus.de\/#\/schema\/logo\/image\/","url":"https:\/\/kvg-bus.de\/wp-content\/uploads\/sites\/14\/kvg_logo-1.svg","contentUrl":"https:\/\/kvg-bus.de\/wp-content\/uploads\/sites\/14\/kvg_logo-1.svg","caption":"KVG Bus Portalseite"},"image":{"@id":"https:\/\/kvg-bus.de\/#\/schema\/logo\/image\/"}},{"@type":"Person","@id":"https:\/\/kvg-bus.de\/#\/schema\/person\/5a5abfab092f868ec7cbe0f59e95749b","name":"mzimmermann","image":{"@type":"ImageObject","inLanguage":"ru-RU","@id":"https:\/\/secure.gravatar.com\/avatar\/0f69d8b83e3b3e54f0b766684bb3fd6649f0081ecdbff759ed4b19e5df68d1e4?s=96&d=mm&r=g","url":"https:\/\/secure.gravatar.com\/avatar\/0f69d8b83e3b3e54f0b766684bb3fd6649f0081ecdbff759ed4b19e5df68d1e4?s=96&d=mm&r=g","contentUrl":"https:\/\/secure.gravatar.com\/avatar\/0f69d8b83e3b3e54f0b766684bb3fd6649f0081ecdbff759ed4b19e5df68d1e4?s=96&d=mm&r=g","caption":"mzimmermann"},"url":"https:\/\/kvg-bus.de\/ru\/author\/mzimmermann\/"}]}},"_links":{"self":[{"href":"https:\/\/kvg-bus.de\/ru\/wp-json\/wp\/v2\/posts\/329","targetHints":{"allow":["GET"]}}],"collection":[{"href":"https:\/\/kvg-bus.de\/ru\/wp-json\/wp\/v2\/posts"}],"about":[{"href":"https:\/\/kvg-bus.de\/ru\/wp-json\/wp\/v2\/types\/post"}],"author":[{"embeddable":true,"href":"https:\/\/kvg-bus.de\/ru\/wp-json\/wp\/v2\/users\/10"}],"replies":[{"embeddable":true,"href":"https:\/\/kvg-bus.de\/ru\/wp-json\/wp\/v2\/comments?post=329"}],"version-history":[{"count":0,"href":"https:\/\/kvg-bus.de\/ru\/wp-json\/wp\/v2\/posts\/329\/revisions"}],"wp:attachment":[{"href":"https:\/\/kvg-bus.de\/ru\/wp-json\/wp\/v2\/media?parent=329"}],"wp:term":[{"taxonomy":"category","embeddable":true,"href":"https:\/\/kvg-bus.de\/ru\/wp-json\/wp\/v2\/categories?post=329"},{"taxonomy":"post_tag","embeddable":true,"href":"https:\/\/kvg-bus.de\/ru\/wp-json\/wp\/v2\/tags?post=329"}],"curies":[{"name":"wp","href":"https:\/\/api.w.org\/{rel}","templated":true}]}}