{"id":284,"date":"2025-11-27T13:50:59","date_gmt":"2025-11-27T12:50:59","guid":{"rendered":"https:\/\/kvg-bus.de\/linie-2007-bauarbeiten-in-stade-14-12-2025-31-07-2027\/"},"modified":"2025-11-27T13:50:59","modified_gmt":"2025-11-27T12:50:59","slug":"linia-2007-prace-budowlane-w-stade-14-12-2025-31-07-2027","status":"publish","type":"post","link":"https:\/\/kvg-bus.de\/pl\/linie-2007-bauarbeiten-in-stade-14-12-2025-31-07-2027\/","title":{"rendered":"Linia 2007 | Prace budowlane w Stade: 14.12.2025 - 31.07.2027"},"content":{"rendered":"<p>Od 4 lipca 2025 r. Harburger Stra\u00dfe w Stade jest zamkni\u0119ta z jednej strony w obszarze mostu nad lini\u0105 kolejow\u0105 w kierunku Bremerv\u00f6rde.<br \/>\nPrzebiegaj\u0105ce tam linie mog\u0105 nadal omija\u0107 plac budowy.<\/p>\n<p>Za okres od <strong>14 grudnia 2025 r. do 31 lipca 2027 r. <\/strong>zastosowanie ma rozk\u0142ad jazdy obowi\u0105zuj\u0105cy na placu budowy, kt\u00f3ry przewiduje wyd\u0142u\u017cenie czasu podr\u00f3\u017cy. Mo\u017cna go znale\u017a\u0107 <a href=\"https:\/\/kvg-bus.de\/stade\/pl\/plany-jazdy\/\">tutaj<\/a>.<\/p>\n<p>Aby zapewni\u0107 pasa\u017cerom mo\u017cliwo\u015b\u0107 szybkiej przesiadki w Agathenburgu, linia 2007 zostanie rozdzielona na przystankach \u201eStade, Airbus-Stra\u00dfe\u201c i \u201eStade, Airbus (wej\u015bcie)\u201c:<\/p>\n<ul>\n<li>Na tym ko\u0144czy si\u0119 regularna linia 2007.<\/li>\n<li>Po oko\u0142o 10 minutach oczekiwania, wahad\u0142owiec z 2007 roku kontynuuje podr\u00f3\u017c do Agathenburg, aby zapewni\u0107 po\u0142\u0105czenie z S-Bahn.<\/li>\n<\/ul>\n<p>Rozporz\u0105dzenie stosuje si\u0119 odpowiednio w przeciwnym kierunku:<br \/>\nPo przyje\u017adzie autobusu wahad\u0142owego z Agathenburga nale\u017cy poczeka\u0107 oko\u0142o 10 minut, a\u017c regularna linia 2007 odjedzie z przystanku \u201eStade, Airbus\/CFK Nord\u201c.<\/p>","protected":false},"excerpt":{"rendered":"<p>Od 4 lipca 2025 r. Harburger Stra\u00dfe w Stade jest zamkni\u0119ta z jednej strony w obszarze mostu nad lini\u0105 kolejow\u0105 w kierunku Bremerv\u00f6rde. Przeje\u017cd\u017caj\u0105ce tamt\u0119dy linie mog\u0105 nadal omija\u0107 plac budowy. W okresie od 14 grudnia 2025 r. do 31 lipca 2027 r. b\u0119dzie obowi\u0105zywa\u0142 rozk\u0142ad jazdy na placu budowy, kt\u00f3ry przewiduje wyd\u0142u\u017cony czas podr\u00f3\u017cy. Mo\u017cna go znale\u017a\u0107 tutaj. Aby umo\u017cliwi\u0107 pasa\u017cerom kr\u00f3tki czas przesiadki w Agathenburgu, linia 2007 zostanie rozdzielona na przystankach \u201eStade, Airbus-Stra\u00dfe\u201c i \u201eStade, Airbus (Eingang)\u201c: Regularna linia 2007 b\u0119dzie si\u0119 tam ko\u0144czy\u0107. Po oko\u0142o 10-minutowym oczekiwaniu wahad\u0142owiec linii 2007 pojedzie dalej do Agathenburg, aby zapewni\u0107 po\u0142\u0105czenie z S-Bahn. To samo dotyczy kierunku odwrotnego: po przyje\u017adzie autobusu wahad\u0142owego z Agathenburg czas oczekiwania wynosi oko\u0142o 10 minut, a\u017c regularna linia 2007 b\u0119dzie kontynuowana z przystanku \u201eStade, Airbus\/CFK Nord\u201c.<\/p>","protected":false},"author":10,"featured_media":0,"comment_status":"open","ping_status":"open","sticky":false,"template":"","format":"standard","meta":{"footnotes":""},"categories":[17,21],"tags":[],"class_list":["post-284","post","type-post","status-publish","format-standard","hentry","category-fahrplanabweichungen","category-stade"],"yoast_head":"<!-- This site is optimized with the Yoast SEO plugin v27.4 - https:\/\/yoast.com\/product\/yoast-seo-wordpress\/ -->\n<title>Linie 2007 | Bauarbeiten in Stade: 14.12.2025 - 31.07.2027 - KVG Bus Portalseite<\/title>\n<meta name=\"robots\" content=\"index, follow, max-snippet:-1, max-image-preview:large, max-video-preview:-1\" \/>\n<link rel=\"canonical\" href=\"https:\/\/kvg-bus.de\/pl\/linia-2007-prace-budowlane-w-stade-14-12-2025-31-07-2027\/\" \/>\n<meta property=\"og:locale\" content=\"pl_PL\" \/>\n<meta property=\"og:type\" content=\"article\" \/>\n<meta property=\"og:title\" content=\"Linie 2007 | Bauarbeiten in Stade: 14.12.2025 - 31.07.2027 - KVG Bus Portalseite\" \/>\n<meta property=\"og:description\" content=\"Seit dem 04. Juli 2025 besteht auf der Harburger Stra\u00dfe in Stade eine halbseitige Sperrung im Bereich der Br\u00fccke \u00fcber die Bahnstrecke in Richtung Bremerv\u00f6rde. Die dort verkehrenden Linien k\u00f6nnen die Baustelle weiterhin passieren. F\u00fcr den Zeitraum vom 14. Dezember 2025 bis zum 31. Juli 2027 soll ein Baustellenfahrplan gelten, der verl\u00e4ngerte Fahrzeiten vorsieht. Diesen findest du hier. Um den Fahrg\u00e4sten weiterhin eine kurze Umsteigezeit in Agathenburg zu erm\u00f6glichen, wird die Linie 2007 k\u00fcnftig an den Haltestellen \u201eStade, Airbus-Stra\u00dfe\u201c und \u201eStade, Airbus (Eingang)\u201c geteilt: Die regul\u00e4re Linie 2007 endet dort. Nach einer Wartezeit von rund 10 Minuten f\u00e4hrt ein Shuttle 2007 weiter nach Agathenburg, um den Anschluss an die S-Bahn sicherzustellen. In der Gegenrichtung gilt die Regelung entsprechend: Nach der Ankunft des Shuttles aus Agathenburg besteht eine Wartezeit von etwa 10 Minuten bis zur Weiterfahrt der regul\u00e4ren Linie 2007 ab der Haltestelle \u201eStade, Airbus\/CFK Nord\u201c.\" \/>\n<meta property=\"og:url\" content=\"https:\/\/kvg-bus.de\/pl\/linia-2007-prace-budowlane-w-stade-14-12-2025-31-07-2027\/\" \/>\n<meta property=\"og:site_name\" content=\"KVG Bus Portalseite\" \/>\n<meta property=\"article:published_time\" content=\"2025-11-27T12:50:59+00:00\" \/>\n<meta name=\"author\" content=\"mzimmermann\" \/>\n<meta name=\"twitter:card\" content=\"summary_large_image\" \/>\n<meta name=\"twitter:label1\" content=\"Napisane przez\" \/>\n\t<meta name=\"twitter:data1\" content=\"mzimmermann\" \/>\n\t<meta name=\"twitter:label2\" content=\"Szacowany czas czytania\" \/>\n\t<meta name=\"twitter:data2\" content=\"1 minuta\" \/>\n<script type=\"application\/ld+json\" class=\"yoast-schema-graph\">{\"@context\":\"https:\\\/\\\/schema.org\",\"@graph\":[{\"@type\":\"Article\",\"@id\":\"https:\\\/\\\/kvg-bus.de\\\/linie-2007-bauarbeiten-in-stade-14-12-2025-31-07-2027\\\/#article\",\"isPartOf\":{\"@id\":\"https:\\\/\\\/kvg-bus.de\\\/linie-2007-bauarbeiten-in-stade-14-12-2025-31-07-2027\\\/\"},\"author\":{\"name\":\"mzimmermann\",\"@id\":\"https:\\\/\\\/kvg-bus.de\\\/#\\\/schema\\\/person\\\/5a5abfab092f868ec7cbe0f59e95749b\"},\"headline\":\"Linie 2007 | Bauarbeiten in Stade: 14.12.2025 &#8211; 31.07.2027\",\"datePublished\":\"2025-11-27T12:50:59+00:00\",\"mainEntityOfPage\":{\"@id\":\"https:\\\/\\\/kvg-bus.de\\\/linie-2007-bauarbeiten-in-stade-14-12-2025-31-07-2027\\\/\"},\"wordCount\":152,\"commentCount\":0,\"publisher\":{\"@id\":\"https:\\\/\\\/kvg-bus.de\\\/#organization\"},\"articleSection\":[\"Fahrplanabweichungen\",\"Stade\"],\"inLanguage\":\"pl-PL\",\"potentialAction\":[{\"@type\":\"CommentAction\",\"name\":\"Comment\",\"target\":[\"https:\\\/\\\/kvg-bus.de\\\/linie-2007-bauarbeiten-in-stade-14-12-2025-31-07-2027\\\/#respond\"]}]},{\"@type\":\"WebPage\",\"@id\":\"https:\\\/\\\/kvg-bus.de\\\/linie-2007-bauarbeiten-in-stade-14-12-2025-31-07-2027\\\/\",\"url\":\"https:\\\/\\\/kvg-bus.de\\\/linie-2007-bauarbeiten-in-stade-14-12-2025-31-07-2027\\\/\",\"name\":\"Linie 2007 | Bauarbeiten in Stade: 14.12.2025 - 31.07.2027 - KVG Bus Portalseite\",\"isPartOf\":{\"@id\":\"https:\\\/\\\/kvg-bus.de\\\/#website\"},\"datePublished\":\"2025-11-27T12:50:59+00:00\",\"breadcrumb\":{\"@id\":\"https:\\\/\\\/kvg-bus.de\\\/linie-2007-bauarbeiten-in-stade-14-12-2025-31-07-2027\\\/#breadcrumb\"},\"inLanguage\":\"pl-PL\",\"potentialAction\":[{\"@type\":\"ReadAction\",\"target\":[\"https:\\\/\\\/kvg-bus.de\\\/linie-2007-bauarbeiten-in-stade-14-12-2025-31-07-2027\\\/\"]}]},{\"@type\":\"BreadcrumbList\",\"@id\":\"https:\\\/\\\/kvg-bus.de\\\/linie-2007-bauarbeiten-in-stade-14-12-2025-31-07-2027\\\/#breadcrumb\",\"itemListElement\":[{\"@type\":\"ListItem\",\"position\":1,\"name\":\"Startseite\",\"item\":\"https:\\\/\\\/kvg-bus.de\\\/\"},{\"@type\":\"ListItem\",\"position\":2,\"name\":\"Linie 2007 | Bauarbeiten in Stade: 14.12.2025 &#8211; 31.07.2027\"}]},{\"@type\":\"WebSite\",\"@id\":\"https:\\\/\\\/kvg-bus.de\\\/#website\",\"url\":\"https:\\\/\\\/kvg-bus.de\\\/\",\"name\":\"KVG Bus Portalseite\",\"description\":\"\",\"publisher\":{\"@id\":\"https:\\\/\\\/kvg-bus.de\\\/#organization\"},\"potentialAction\":[{\"@type\":\"SearchAction\",\"target\":{\"@type\":\"EntryPoint\",\"urlTemplate\":\"https:\\\/\\\/kvg-bus.de\\\/?s={search_term_string}\"},\"query-input\":{\"@type\":\"PropertyValueSpecification\",\"valueRequired\":true,\"valueName\":\"search_term_string\"}}],\"inLanguage\":\"pl-PL\"},{\"@type\":\"Organization\",\"@id\":\"https:\\\/\\\/kvg-bus.de\\\/#organization\",\"name\":\"KVG Bus Portalseite\",\"url\":\"https:\\\/\\\/kvg-bus.de\\\/\",\"logo\":{\"@type\":\"ImageObject\",\"inLanguage\":\"pl-PL\",\"@id\":\"https:\\\/\\\/kvg-bus.de\\\/#\\\/schema\\\/logo\\\/image\\\/\",\"url\":\"https:\\\/\\\/kvg-bus.de\\\/wp-content\\\/uploads\\\/sites\\\/14\\\/kvg_logo-1.svg\",\"contentUrl\":\"https:\\\/\\\/kvg-bus.de\\\/wp-content\\\/uploads\\\/sites\\\/14\\\/kvg_logo-1.svg\",\"caption\":\"KVG Bus Portalseite\"},\"image\":{\"@id\":\"https:\\\/\\\/kvg-bus.de\\\/#\\\/schema\\\/logo\\\/image\\\/\"}},{\"@type\":\"Person\",\"@id\":\"https:\\\/\\\/kvg-bus.de\\\/#\\\/schema\\\/person\\\/5a5abfab092f868ec7cbe0f59e95749b\",\"name\":\"mzimmermann\",\"image\":{\"@type\":\"ImageObject\",\"inLanguage\":\"pl-PL\",\"@id\":\"https:\\\/\\\/secure.gravatar.com\\\/avatar\\\/0f69d8b83e3b3e54f0b766684bb3fd6649f0081ecdbff759ed4b19e5df68d1e4?s=96&d=mm&r=g\",\"url\":\"https:\\\/\\\/secure.gravatar.com\\\/avatar\\\/0f69d8b83e3b3e54f0b766684bb3fd6649f0081ecdbff759ed4b19e5df68d1e4?s=96&d=mm&r=g\",\"contentUrl\":\"https:\\\/\\\/secure.gravatar.com\\\/avatar\\\/0f69d8b83e3b3e54f0b766684bb3fd6649f0081ecdbff759ed4b19e5df68d1e4?s=96&d=mm&r=g\",\"caption\":\"mzimmermann\"},\"url\":\"https:\\\/\\\/kvg-bus.de\\\/pl\\\/author\\\/mzimmermann\\\/\"}]}<\/script>\n<!-- \/ Yoast SEO plugin. -->","yoast_head_json":{"title":"Linia 2007 | Prace budowlane w Stade: 14.12.2025 - 31.07.2027 - Strona portalu autobusowego KVG","robots":{"index":"index","follow":"follow","max-snippet":"max-snippet:-1","max-image-preview":"max-image-preview:large","max-video-preview":"max-video-preview:-1"},"canonical":"https:\/\/kvg-bus.de\/pl\/linia-2007-prace-budowlane-w-stade-14-12-2025-31-07-2027\/","og_locale":"pl_PL","og_type":"article","og_title":"Linie 2007 | Bauarbeiten in Stade: 14.12.2025 - 31.07.2027 - KVG Bus Portalseite","og_description":"Seit dem 04. Juli 2025 besteht auf der Harburger Stra\u00dfe in Stade eine halbseitige Sperrung im Bereich der Br\u00fccke \u00fcber die Bahnstrecke in Richtung Bremerv\u00f6rde. Die dort verkehrenden Linien k\u00f6nnen die Baustelle weiterhin passieren. F\u00fcr den Zeitraum vom 14. Dezember 2025 bis zum 31. Juli 2027 soll ein Baustellenfahrplan gelten, der verl\u00e4ngerte Fahrzeiten vorsieht. Diesen findest du hier. Um den Fahrg\u00e4sten weiterhin eine kurze Umsteigezeit in Agathenburg zu erm\u00f6glichen, wird die Linie 2007 k\u00fcnftig an den Haltestellen \u201eStade, Airbus-Stra\u00dfe\u201c und \u201eStade, Airbus (Eingang)\u201c geteilt: Die regul\u00e4re Linie 2007 endet dort. Nach einer Wartezeit von rund 10 Minuten f\u00e4hrt ein Shuttle 2007 weiter nach Agathenburg, um den Anschluss an die S-Bahn sicherzustellen. In der Gegenrichtung gilt die Regelung entsprechend: Nach der Ankunft des Shuttles aus Agathenburg besteht eine Wartezeit von etwa 10 Minuten bis zur Weiterfahrt der regul\u00e4ren Linie 2007 ab der Haltestelle \u201eStade, Airbus\/CFK Nord\u201c.","og_url":"https:\/\/kvg-bus.de\/pl\/linia-2007-prace-budowlane-w-stade-14-12-2025-31-07-2027\/","og_site_name":"KVG Bus Portalseite","article_published_time":"2025-11-27T12:50:59+00:00","author":"mzimmermann","twitter_card":"summary_large_image","twitter_misc":{"Napisane przez":"mzimmermann","Szacowany czas czytania":"1 minuta"},"schema":{"@context":"https:\/\/schema.org","@graph":[{"@type":"Article","@id":"https:\/\/kvg-bus.de\/linie-2007-bauarbeiten-in-stade-14-12-2025-31-07-2027\/#article","isPartOf":{"@id":"https:\/\/kvg-bus.de\/linie-2007-bauarbeiten-in-stade-14-12-2025-31-07-2027\/"},"author":{"name":"mzimmermann","@id":"https:\/\/kvg-bus.de\/#\/schema\/person\/5a5abfab092f868ec7cbe0f59e95749b"},"headline":"Linie 2007 | Bauarbeiten in Stade: 14.12.2025 &#8211; 31.07.2027","datePublished":"2025-11-27T12:50:59+00:00","mainEntityOfPage":{"@id":"https:\/\/kvg-bus.de\/linie-2007-bauarbeiten-in-stade-14-12-2025-31-07-2027\/"},"wordCount":152,"commentCount":0,"publisher":{"@id":"https:\/\/kvg-bus.de\/#organization"},"articleSection":["Fahrplanabweichungen","Stade"],"inLanguage":"pl-PL","potentialAction":[{"@type":"CommentAction","name":"Comment","target":["https:\/\/kvg-bus.de\/linie-2007-bauarbeiten-in-stade-14-12-2025-31-07-2027\/#respond"]}]},{"@type":"WebPage","@id":"https:\/\/kvg-bus.de\/linie-2007-bauarbeiten-in-stade-14-12-2025-31-07-2027\/","url":"https:\/\/kvg-bus.de\/linie-2007-bauarbeiten-in-stade-14-12-2025-31-07-2027\/","name":"Linia 2007 | Prace budowlane w Stade: 14.12.2025 - 31.07.2027 - Strona portalu autobusowego KVG","isPartOf":{"@id":"https:\/\/kvg-bus.de\/#website"},"datePublished":"2025-11-27T12:50:59+00:00","breadcrumb":{"@id":"https:\/\/kvg-bus.de\/linie-2007-bauarbeiten-in-stade-14-12-2025-31-07-2027\/#breadcrumb"},"inLanguage":"pl-PL","potentialAction":[{"@type":"ReadAction","target":["https:\/\/kvg-bus.de\/linie-2007-bauarbeiten-in-stade-14-12-2025-31-07-2027\/"]}]},{"@type":"BreadcrumbList","@id":"https:\/\/kvg-bus.de\/linie-2007-bauarbeiten-in-stade-14-12-2025-31-07-2027\/#breadcrumb","itemListElement":[{"@type":"ListItem","position":1,"name":"Startseite","item":"https:\/\/kvg-bus.de\/"},{"@type":"ListItem","position":2,"name":"Linie 2007 | Bauarbeiten in Stade: 14.12.2025 &#8211; 31.07.2027"}]},{"@type":"WebSite","@id":"https:\/\/kvg-bus.de\/#website","url":"https:\/\/kvg-bus.de\/","name":"Strona portalu KVG Bus","description":"","publisher":{"@id":"https:\/\/kvg-bus.de\/#organization"},"potentialAction":[{"@type":"SearchAction","target":{"@type":"EntryPoint","urlTemplate":"https:\/\/kvg-bus.de\/?s={search_term_string}"},"query-input":{"@type":"PropertyValueSpecification","valueRequired":true,"valueName":"search_term_string"}}],"inLanguage":"pl-PL"},{"@type":"Organization","@id":"https:\/\/kvg-bus.de\/#organization","name":"Strona portalu KVG Bus","url":"https:\/\/kvg-bus.de\/","logo":{"@type":"ImageObject","inLanguage":"pl-PL","@id":"https:\/\/kvg-bus.de\/#\/schema\/logo\/image\/","url":"https:\/\/kvg-bus.de\/wp-content\/uploads\/sites\/14\/kvg_logo-1.svg","contentUrl":"https:\/\/kvg-bus.de\/wp-content\/uploads\/sites\/14\/kvg_logo-1.svg","caption":"KVG Bus Portalseite"},"image":{"@id":"https:\/\/kvg-bus.de\/#\/schema\/logo\/image\/"}},{"@type":"Person","@id":"https:\/\/kvg-bus.de\/#\/schema\/person\/5a5abfab092f868ec7cbe0f59e95749b","name":"mzimmermann","image":{"@type":"ImageObject","inLanguage":"pl-PL","@id":"https:\/\/secure.gravatar.com\/avatar\/0f69d8b83e3b3e54f0b766684bb3fd6649f0081ecdbff759ed4b19e5df68d1e4?s=96&d=mm&r=g","url":"https:\/\/secure.gravatar.com\/avatar\/0f69d8b83e3b3e54f0b766684bb3fd6649f0081ecdbff759ed4b19e5df68d1e4?s=96&d=mm&r=g","contentUrl":"https:\/\/secure.gravatar.com\/avatar\/0f69d8b83e3b3e54f0b766684bb3fd6649f0081ecdbff759ed4b19e5df68d1e4?s=96&d=mm&r=g","caption":"mzimmermann"},"url":"https:\/\/kvg-bus.de\/pl\/author\/mzimmermann\/"}]}},"_links":{"self":[{"href":"https:\/\/kvg-bus.de\/pl\/wp-json\/wp\/v2\/posts\/284","targetHints":{"allow":["GET"]}}],"collection":[{"href":"https:\/\/kvg-bus.de\/pl\/wp-json\/wp\/v2\/posts"}],"about":[{"href":"https:\/\/kvg-bus.de\/pl\/wp-json\/wp\/v2\/types\/post"}],"author":[{"embeddable":true,"href":"https:\/\/kvg-bus.de\/pl\/wp-json\/wp\/v2\/users\/10"}],"replies":[{"embeddable":true,"href":"https:\/\/kvg-bus.de\/pl\/wp-json\/wp\/v2\/comments?post=284"}],"version-history":[{"count":0,"href":"https:\/\/kvg-bus.de\/pl\/wp-json\/wp\/v2\/posts\/284\/revisions"}],"wp:attachment":[{"href":"https:\/\/kvg-bus.de\/pl\/wp-json\/wp\/v2\/media?parent=284"}],"wp:term":[{"taxonomy":"category","embeddable":true,"href":"https:\/\/kvg-bus.de\/pl\/wp-json\/wp\/v2\/categories?post=284"},{"taxonomy":"post_tag","embeddable":true,"href":"https:\/\/kvg-bus.de\/pl\/wp-json\/wp\/v2\/tags?post=284"}],"curies":[{"name":"wp","href":"https:\/\/api.w.org\/{rel}","templated":true}]}}