{"id":192,"date":"2025-08-01T12:28:15","date_gmt":"2025-08-01T10:28:15","guid":{"rendered":"https:\/\/kvg-bus.de\/linien-2018-2027-2028-2068-2069-2721-und-2722-bauarbeiten-in-duedenbuettel-04-08-30-11-2025-3\/"},"modified":"2025-08-01T12:28:15","modified_gmt":"2025-08-01T10:28:15","slug":"linie-2018-2027-2028-2068-2069-2721-i-2722-prace-budowlane-w-duedenbuettel-04-08-30-11-2025-3","status":"publish","type":"post","link":"https:\/\/kvg-bus.de\/pl\/linien-2018-2027-2028-2068-2069-2721-und-2722-bauarbeiten-in-duedenbuettel-04-08-30-11-2025-3\/","title":{"rendered":"Linie 2024, 2037, 2072 i 2075 | Prace budowlane w Drochtersen: 04.08.2025 - 29.05.2026"},"content":{"rendered":"<p data-start=\"178\" data-end=\"378\">Od <strong data-start=\"182\" data-end=\"234\">Od 4 sierpnia 2025 r. do przewidywanego terminu 29 maja 2026 r.<\/strong> jest <strong data-start=\"243\" data-end=\"279\">Ulica Aschhorner Stra\u00dfe w Drochtersen<\/strong> z powodu <strong data-start=\"286\" data-end=\"301\">Prace budowlane<\/strong> zablokowane.<br data-start=\"311\" data-end=\"314\" \/>\u27a1\ufe0f <strong data-start=\"317\" data-end=\"378\">Zmiany dotycz\u0105 linii KVG od 14 sierpnia 2025 r.<\/strong><\/p>\n<hr data-start=\"380\" data-end=\"383\" \/>\n<p data-start=\"385\" data-end=\"519\"><strong data-start=\"385\" data-end=\"418\">\ud83d\ude8d Linie 2024, 2072 i 2075<\/strong><br data-start=\"418\" data-end=\"421\" \/>\u27a1\ufe0f jed\u017a objazdem przez <strong data-start=\"455\" data-end=\"477\">Dzielnica Dornbusch<\/strong>.<br data-start=\"478\" data-end=\"481\" \/>\u2705 <strong data-start=\"483\" data-end=\"519\">Nie ma \u017cadnych przystank\u00f3w.<\/strong><\/p>\n<hr data-start=\"521\" data-end=\"524\" \/>\n<p data-start=\"526\" data-end=\"813\"><strong data-start=\"526\" data-end=\"543\">\ud83d\ude8d Linia 2037<\/strong><br data-start=\"543\" data-end=\"546\" \/>\u27a1\ufe0f obs\u0142uguje z kierunku <strong data-start=\"570\" data-end=\"579\">Stade<\/strong> wszystkie przystanki do <strong data-start=\"610\" data-end=\"627\">\u201eAschhorn 12\u201c<\/strong>,<br data-start=\"628\" data-end=\"631\" \/>nast\u0119pnie skr\u0119ca za przystankiem <strong data-start=\"664\" data-end=\"693\">\u201eAschhorn, Czarna Droga\u201c<\/strong><br data-start=\"693\" data-end=\"696\" \/>i jedzie przez <strong data-start=\"715\" data-end=\"737\">Ritschermoorstra\u00dfe<\/strong> powr\u00f3t do <strong data-start=\"750\" data-end=\"760\">Ritsch<\/strong>,<br data-start=\"761\" data-end=\"764\" \/>aby stamt\u0105d kontynuowa\u0107 regularn\u0105 tras\u0119.<\/p>\n<p data-start=\"815\" data-end=\"900\">Przystanek autobusowy <strong data-start=\"833\" data-end=\"858\">\u201eDrochtersen, ko\u015bci\u00f3\u0142\u201c<\/strong> nie mo\u017ce by\u0107 u\u017cywany w tym czasie.<\/p>","protected":false},"excerpt":{"rendered":"<p>Od 4 sierpnia 2025 r. do prawdopodobnie 29 maja 2026 r. Aschhorner Stra\u00dfe w Drochtersen b\u0119dzie zamkni\u0119ta z powodu prac budowlanych.\u27a1\ufe0f Linie KVG zostan\u0105 dotkni\u0119te od 14 sierpnia 2025 r.. Linie 2024, 2072 i 2075\u27a1\ufe0f pojad\u0105 objazdem przez dzielnic\u0119 Dornbusch.\u2705 \u017badne przystanki nie zostan\u0105 odwo\u0142ane. Linia 2037\u27a1\ufe0f jad\u0105ca z kierunku Stade obs\u0142uguje wszystkie przystanki do \u201eAschhorn 12\u201c, nast\u0119pnie zawraca przez przystanek \u201eAschhorn, Schwarzer Weg\u201c i wraca do Ritsch przez Ritschermoorstra\u00dfe, aby stamt\u0105d kontynuowa\u0107 regularn\u0105 tras\u0119. Przystanek \u201eDrochtersen, Kirche\u201c nie mo\u017ce by\u0107 obs\u0142ugiwany w tym czasie.<\/p>","protected":false},"author":10,"featured_media":2753,"comment_status":"open","ping_status":"open","sticky":false,"template":"","format":"standard","meta":{"footnotes":""},"categories":[17,21],"tags":[],"class_list":["post-192","post","type-post","status-publish","format-standard","has-post-thumbnail","hentry","category-fahrplanabweichungen","category-stade"],"yoast_head":"<!-- This site is optimized with the Yoast SEO plugin v27.4 - https:\/\/yoast.com\/product\/yoast-seo-wordpress\/ -->\n<title>Linien 2024, 2037, 2072 und 2075 | Bauarbeiten in Drochtersen: 04.08.2025 \u2013 29.05.2026 - KVG Bus Portalseite<\/title>\n<meta name=\"robots\" content=\"index, follow, max-snippet:-1, max-image-preview:large, max-video-preview:-1\" \/>\n<link rel=\"canonical\" href=\"https:\/\/kvg-bus.de\/pl\/linie-2018-2027-2028-2068-2069-2721-i-2722-prace-budowlane-w-duedenbuettel-04-08-30-11-2025-3\/\" \/>\n<meta property=\"og:locale\" content=\"pl_PL\" \/>\n<meta property=\"og:type\" content=\"article\" \/>\n<meta property=\"og:title\" content=\"Linien 2024, 2037, 2072 und 2075 | Bauarbeiten in Drochtersen: 04.08.2025 \u2013 29.05.2026 - KVG Bus Portalseite\" \/>\n<meta property=\"og:description\" content=\"Vom 04. August 2025 bis voraussichtlich 29. Mai 2026 ist die Aschhorner Stra\u00dfe in Drochtersen wegen Bauarbeiten gesperrt.\u27a1\ufe0f Die Linien der KVG sind ab dem 14. August 2025 betroffen. \ud83d\ude8d Linien 2024, 2072 und 2075\u27a1\ufe0f fahren eine Umleitung \u00fcber den Ortsteil Dornbusch.\u2705 Es entfallen keine Haltestellen. \ud83d\ude8d Linie 2037\u27a1\ufe0f bedient aus Richtung Stade kommend alle Haltestellen bis \u201eAschhorn 12\u201c,wendet dann \u00fcber die Haltestelle \u201eAschhorn, Schwarzer Weg\u201cund f\u00e4hrt \u00fcber die Ritschermoorstra\u00dfe zur\u00fcck nach Ritsch,um von dort den regul\u00e4ren Linienweg fortzusetzen. \u274c Die Haltestelle \u201eDrochtersen, Kirche\u201c kann in dieser Zeit nicht bedient werden.\" \/>\n<meta property=\"og:url\" content=\"https:\/\/kvg-bus.de\/pl\/linie-2018-2027-2028-2068-2069-2721-i-2722-prace-budowlane-w-duedenbuettel-04-08-30-11-2025-3\/\" \/>\n<meta property=\"og:site_name\" content=\"KVG Bus Portalseite\" \/>\n<meta property=\"article:published_time\" content=\"2025-08-01T10:28:15+00:00\" \/>\n<meta name=\"author\" content=\"mzimmermann\" \/>\n<meta name=\"twitter:card\" content=\"summary_large_image\" \/>\n<meta name=\"twitter:label1\" content=\"Napisane przez\" \/>\n\t<meta name=\"twitter:data1\" content=\"mzimmermann\" \/>\n\t<meta name=\"twitter:label2\" content=\"Szacowany czas czytania\" \/>\n\t<meta name=\"twitter:data2\" content=\"1 minuta\" \/>\n<script type=\"application\/ld+json\" class=\"yoast-schema-graph\">{\"@context\":\"https:\\\/\\\/schema.org\",\"@graph\":[{\"@type\":\"Article\",\"@id\":\"https:\\\/\\\/kvg-bus.de\\\/linien-2018-2027-2028-2068-2069-2721-und-2722-bauarbeiten-in-duedenbuettel-04-08-30-11-2025-3\\\/#article\",\"isPartOf\":{\"@id\":\"https:\\\/\\\/kvg-bus.de\\\/linien-2018-2027-2028-2068-2069-2721-und-2722-bauarbeiten-in-duedenbuettel-04-08-30-11-2025-3\\\/\"},\"author\":{\"name\":\"mzimmermann\",\"@id\":\"https:\\\/\\\/kvg-bus.de\\\/#\\\/schema\\\/person\\\/5a5abfab092f868ec7cbe0f59e95749b\"},\"headline\":\"Linien 2024, 2037, 2072 und 2075 | Bauarbeiten in Drochtersen: 04.08.2025 \u2013 29.05.2026\",\"datePublished\":\"2025-08-01T10:28:15+00:00\",\"mainEntityOfPage\":{\"@id\":\"https:\\\/\\\/kvg-bus.de\\\/linien-2018-2027-2028-2068-2069-2721-und-2722-bauarbeiten-in-duedenbuettel-04-08-30-11-2025-3\\\/\"},\"wordCount\":100,\"commentCount\":0,\"publisher\":{\"@id\":\"https:\\\/\\\/kvg-bus.de\\\/#organization\"},\"image\":{\"@id\":\"https:\\\/\\\/kvg-bus.de\\\/linien-2018-2027-2028-2068-2069-2721-und-2722-bauarbeiten-in-duedenbuettel-04-08-30-11-2025-3\\\/#primaryimage\"},\"thumbnailUrl\":\"https:\\\/\\\/kvg-bus.de\\\/wp-content\\\/uploads\\\/sites\\\/14\\\/header-subsite_stoerungen.png\",\"articleSection\":[\"Fahrplanabweichungen\",\"Stade\"],\"inLanguage\":\"pl-PL\",\"potentialAction\":[{\"@type\":\"CommentAction\",\"name\":\"Comment\",\"target\":[\"https:\\\/\\\/kvg-bus.de\\\/linien-2018-2027-2028-2068-2069-2721-und-2722-bauarbeiten-in-duedenbuettel-04-08-30-11-2025-3\\\/#respond\"]}]},{\"@type\":\"WebPage\",\"@id\":\"https:\\\/\\\/kvg-bus.de\\\/linien-2018-2027-2028-2068-2069-2721-und-2722-bauarbeiten-in-duedenbuettel-04-08-30-11-2025-3\\\/\",\"url\":\"https:\\\/\\\/kvg-bus.de\\\/linien-2018-2027-2028-2068-2069-2721-und-2722-bauarbeiten-in-duedenbuettel-04-08-30-11-2025-3\\\/\",\"name\":\"Linien 2024, 2037, 2072 und 2075 | Bauarbeiten in Drochtersen: 04.08.2025 \u2013 29.05.2026 - KVG Bus Portalseite\",\"isPartOf\":{\"@id\":\"https:\\\/\\\/kvg-bus.de\\\/#website\"},\"primaryImageOfPage\":{\"@id\":\"https:\\\/\\\/kvg-bus.de\\\/linien-2018-2027-2028-2068-2069-2721-und-2722-bauarbeiten-in-duedenbuettel-04-08-30-11-2025-3\\\/#primaryimage\"},\"image\":{\"@id\":\"https:\\\/\\\/kvg-bus.de\\\/linien-2018-2027-2028-2068-2069-2721-und-2722-bauarbeiten-in-duedenbuettel-04-08-30-11-2025-3\\\/#primaryimage\"},\"thumbnailUrl\":\"https:\\\/\\\/kvg-bus.de\\\/wp-content\\\/uploads\\\/sites\\\/14\\\/header-subsite_stoerungen.png\",\"datePublished\":\"2025-08-01T10:28:15+00:00\",\"breadcrumb\":{\"@id\":\"https:\\\/\\\/kvg-bus.de\\\/linien-2018-2027-2028-2068-2069-2721-und-2722-bauarbeiten-in-duedenbuettel-04-08-30-11-2025-3\\\/#breadcrumb\"},\"inLanguage\":\"pl-PL\",\"potentialAction\":[{\"@type\":\"ReadAction\",\"target\":[\"https:\\\/\\\/kvg-bus.de\\\/linien-2018-2027-2028-2068-2069-2721-und-2722-bauarbeiten-in-duedenbuettel-04-08-30-11-2025-3\\\/\"]}]},{\"@type\":\"ImageObject\",\"inLanguage\":\"pl-PL\",\"@id\":\"https:\\\/\\\/kvg-bus.de\\\/linien-2018-2027-2028-2068-2069-2721-und-2722-bauarbeiten-in-duedenbuettel-04-08-30-11-2025-3\\\/#primaryimage\",\"url\":\"https:\\\/\\\/kvg-bus.de\\\/wp-content\\\/uploads\\\/sites\\\/14\\\/header-subsite_stoerungen.png\",\"contentUrl\":\"https:\\\/\\\/kvg-bus.de\\\/wp-content\\\/uploads\\\/sites\\\/14\\\/header-subsite_stoerungen.png\"},{\"@type\":\"BreadcrumbList\",\"@id\":\"https:\\\/\\\/kvg-bus.de\\\/linien-2018-2027-2028-2068-2069-2721-und-2722-bauarbeiten-in-duedenbuettel-04-08-30-11-2025-3\\\/#breadcrumb\",\"itemListElement\":[{\"@type\":\"ListItem\",\"position\":1,\"name\":\"Startseite\",\"item\":\"https:\\\/\\\/kvg-bus.de\\\/\"},{\"@type\":\"ListItem\",\"position\":2,\"name\":\"Linien 2024, 2037, 2072 und 2075 | Bauarbeiten in Drochtersen: 04.08.2025 \u2013 29.05.2026\"}]},{\"@type\":\"WebSite\",\"@id\":\"https:\\\/\\\/kvg-bus.de\\\/#website\",\"url\":\"https:\\\/\\\/kvg-bus.de\\\/\",\"name\":\"KVG Bus Portalseite\",\"description\":\"\",\"publisher\":{\"@id\":\"https:\\\/\\\/kvg-bus.de\\\/#organization\"},\"potentialAction\":[{\"@type\":\"SearchAction\",\"target\":{\"@type\":\"EntryPoint\",\"urlTemplate\":\"https:\\\/\\\/kvg-bus.de\\\/?s={search_term_string}\"},\"query-input\":{\"@type\":\"PropertyValueSpecification\",\"valueRequired\":true,\"valueName\":\"search_term_string\"}}],\"inLanguage\":\"pl-PL\"},{\"@type\":\"Organization\",\"@id\":\"https:\\\/\\\/kvg-bus.de\\\/#organization\",\"name\":\"KVG Bus Portalseite\",\"url\":\"https:\\\/\\\/kvg-bus.de\\\/\",\"logo\":{\"@type\":\"ImageObject\",\"inLanguage\":\"pl-PL\",\"@id\":\"https:\\\/\\\/kvg-bus.de\\\/#\\\/schema\\\/logo\\\/image\\\/\",\"url\":\"https:\\\/\\\/kvg-bus.de\\\/wp-content\\\/uploads\\\/sites\\\/14\\\/kvg_logo-1.svg\",\"contentUrl\":\"https:\\\/\\\/kvg-bus.de\\\/wp-content\\\/uploads\\\/sites\\\/14\\\/kvg_logo-1.svg\",\"caption\":\"KVG Bus Portalseite\"},\"image\":{\"@id\":\"https:\\\/\\\/kvg-bus.de\\\/#\\\/schema\\\/logo\\\/image\\\/\"}},{\"@type\":\"Person\",\"@id\":\"https:\\\/\\\/kvg-bus.de\\\/#\\\/schema\\\/person\\\/5a5abfab092f868ec7cbe0f59e95749b\",\"name\":\"mzimmermann\",\"image\":{\"@type\":\"ImageObject\",\"inLanguage\":\"pl-PL\",\"@id\":\"https:\\\/\\\/secure.gravatar.com\\\/avatar\\\/0f69d8b83e3b3e54f0b766684bb3fd6649f0081ecdbff759ed4b19e5df68d1e4?s=96&d=mm&r=g\",\"url\":\"https:\\\/\\\/secure.gravatar.com\\\/avatar\\\/0f69d8b83e3b3e54f0b766684bb3fd6649f0081ecdbff759ed4b19e5df68d1e4?s=96&d=mm&r=g\",\"contentUrl\":\"https:\\\/\\\/secure.gravatar.com\\\/avatar\\\/0f69d8b83e3b3e54f0b766684bb3fd6649f0081ecdbff759ed4b19e5df68d1e4?s=96&d=mm&r=g\",\"caption\":\"mzimmermann\"},\"url\":\"https:\\\/\\\/kvg-bus.de\\\/pl\\\/author\\\/mzimmermann\\\/\"}]}<\/script>\n<!-- \/ Yoast SEO plugin. -->","yoast_head_json":{"title":"Linie 2024, 2037, 2072 i 2075 | Prace budowlane w Drochtersen: 04.08.2025 \u2013 29.05.2026 - Strona portalu autobusowego KVG","robots":{"index":"index","follow":"follow","max-snippet":"max-snippet:-1","max-image-preview":"max-image-preview:large","max-video-preview":"max-video-preview:-1"},"canonical":"https:\/\/kvg-bus.de\/pl\/linie-2018-2027-2028-2068-2069-2721-i-2722-prace-budowlane-w-duedenbuettel-04-08-30-11-2025-3\/","og_locale":"pl_PL","og_type":"article","og_title":"Linien 2024, 2037, 2072 und 2075 | Bauarbeiten in Drochtersen: 04.08.2025 \u2013 29.05.2026 - KVG Bus Portalseite","og_description":"Vom 04. August 2025 bis voraussichtlich 29. Mai 2026 ist die Aschhorner Stra\u00dfe in Drochtersen wegen Bauarbeiten gesperrt.\u27a1\ufe0f Die Linien der KVG sind ab dem 14. August 2025 betroffen. \ud83d\ude8d Linien 2024, 2072 und 2075\u27a1\ufe0f fahren eine Umleitung \u00fcber den Ortsteil Dornbusch.\u2705 Es entfallen keine Haltestellen. \ud83d\ude8d Linie 2037\u27a1\ufe0f bedient aus Richtung Stade kommend alle Haltestellen bis \u201eAschhorn 12\u201c,wendet dann \u00fcber die Haltestelle \u201eAschhorn, Schwarzer Weg\u201cund f\u00e4hrt \u00fcber die Ritschermoorstra\u00dfe zur\u00fcck nach Ritsch,um von dort den regul\u00e4ren Linienweg fortzusetzen. \u274c Die Haltestelle \u201eDrochtersen, Kirche\u201c kann in dieser Zeit nicht bedient werden.","og_url":"https:\/\/kvg-bus.de\/pl\/linie-2018-2027-2028-2068-2069-2721-i-2722-prace-budowlane-w-duedenbuettel-04-08-30-11-2025-3\/","og_site_name":"KVG Bus Portalseite","article_published_time":"2025-08-01T10:28:15+00:00","author":"mzimmermann","twitter_card":"summary_large_image","twitter_misc":{"Napisane przez":"mzimmermann","Szacowany czas czytania":"1 minuta"},"schema":{"@context":"https:\/\/schema.org","@graph":[{"@type":"Article","@id":"https:\/\/kvg-bus.de\/linien-2018-2027-2028-2068-2069-2721-und-2722-bauarbeiten-in-duedenbuettel-04-08-30-11-2025-3\/#article","isPartOf":{"@id":"https:\/\/kvg-bus.de\/linien-2018-2027-2028-2068-2069-2721-und-2722-bauarbeiten-in-duedenbuettel-04-08-30-11-2025-3\/"},"author":{"name":"mzimmermann","@id":"https:\/\/kvg-bus.de\/#\/schema\/person\/5a5abfab092f868ec7cbe0f59e95749b"},"headline":"Linien 2024, 2037, 2072 und 2075 | Bauarbeiten in Drochtersen: 04.08.2025 \u2013 29.05.2026","datePublished":"2025-08-01T10:28:15+00:00","mainEntityOfPage":{"@id":"https:\/\/kvg-bus.de\/linien-2018-2027-2028-2068-2069-2721-und-2722-bauarbeiten-in-duedenbuettel-04-08-30-11-2025-3\/"},"wordCount":100,"commentCount":0,"publisher":{"@id":"https:\/\/kvg-bus.de\/#organization"},"image":{"@id":"https:\/\/kvg-bus.de\/linien-2018-2027-2028-2068-2069-2721-und-2722-bauarbeiten-in-duedenbuettel-04-08-30-11-2025-3\/#primaryimage"},"thumbnailUrl":"https:\/\/kvg-bus.de\/wp-content\/uploads\/sites\/14\/header-subsite_stoerungen.png","articleSection":["Fahrplanabweichungen","Stade"],"inLanguage":"pl-PL","potentialAction":[{"@type":"CommentAction","name":"Comment","target":["https:\/\/kvg-bus.de\/linien-2018-2027-2028-2068-2069-2721-und-2722-bauarbeiten-in-duedenbuettel-04-08-30-11-2025-3\/#respond"]}]},{"@type":"WebPage","@id":"https:\/\/kvg-bus.de\/linien-2018-2027-2028-2068-2069-2721-und-2722-bauarbeiten-in-duedenbuettel-04-08-30-11-2025-3\/","url":"https:\/\/kvg-bus.de\/linien-2018-2027-2028-2068-2069-2721-und-2722-bauarbeiten-in-duedenbuettel-04-08-30-11-2025-3\/","name":"Linie 2024, 2037, 2072 i 2075 | Prace budowlane w Drochtersen: 04.08.2025 \u2013 29.05.2026 - Strona portalu autobusowego KVG","isPartOf":{"@id":"https:\/\/kvg-bus.de\/#website"},"primaryImageOfPage":{"@id":"https:\/\/kvg-bus.de\/linien-2018-2027-2028-2068-2069-2721-und-2722-bauarbeiten-in-duedenbuettel-04-08-30-11-2025-3\/#primaryimage"},"image":{"@id":"https:\/\/kvg-bus.de\/linien-2018-2027-2028-2068-2069-2721-und-2722-bauarbeiten-in-duedenbuettel-04-08-30-11-2025-3\/#primaryimage"},"thumbnailUrl":"https:\/\/kvg-bus.de\/wp-content\/uploads\/sites\/14\/header-subsite_stoerungen.png","datePublished":"2025-08-01T10:28:15+00:00","breadcrumb":{"@id":"https:\/\/kvg-bus.de\/linien-2018-2027-2028-2068-2069-2721-und-2722-bauarbeiten-in-duedenbuettel-04-08-30-11-2025-3\/#breadcrumb"},"inLanguage":"pl-PL","potentialAction":[{"@type":"ReadAction","target":["https:\/\/kvg-bus.de\/linien-2018-2027-2028-2068-2069-2721-und-2722-bauarbeiten-in-duedenbuettel-04-08-30-11-2025-3\/"]}]},{"@type":"ImageObject","inLanguage":"pl-PL","@id":"https:\/\/kvg-bus.de\/linien-2018-2027-2028-2068-2069-2721-und-2722-bauarbeiten-in-duedenbuettel-04-08-30-11-2025-3\/#primaryimage","url":"https:\/\/kvg-bus.de\/wp-content\/uploads\/sites\/14\/header-subsite_stoerungen.png","contentUrl":"https:\/\/kvg-bus.de\/wp-content\/uploads\/sites\/14\/header-subsite_stoerungen.png"},{"@type":"BreadcrumbList","@id":"https:\/\/kvg-bus.de\/linien-2018-2027-2028-2068-2069-2721-und-2722-bauarbeiten-in-duedenbuettel-04-08-30-11-2025-3\/#breadcrumb","itemListElement":[{"@type":"ListItem","position":1,"name":"Startseite","item":"https:\/\/kvg-bus.de\/"},{"@type":"ListItem","position":2,"name":"Linien 2024, 2037, 2072 und 2075 | Bauarbeiten in Drochtersen: 04.08.2025 \u2013 29.05.2026"}]},{"@type":"WebSite","@id":"https:\/\/kvg-bus.de\/#website","url":"https:\/\/kvg-bus.de\/","name":"Strona portalu KVG Bus","description":"","publisher":{"@id":"https:\/\/kvg-bus.de\/#organization"},"potentialAction":[{"@type":"SearchAction","target":{"@type":"EntryPoint","urlTemplate":"https:\/\/kvg-bus.de\/?s={search_term_string}"},"query-input":{"@type":"PropertyValueSpecification","valueRequired":true,"valueName":"search_term_string"}}],"inLanguage":"pl-PL"},{"@type":"Organization","@id":"https:\/\/kvg-bus.de\/#organization","name":"Strona portalu KVG Bus","url":"https:\/\/kvg-bus.de\/","logo":{"@type":"ImageObject","inLanguage":"pl-PL","@id":"https:\/\/kvg-bus.de\/#\/schema\/logo\/image\/","url":"https:\/\/kvg-bus.de\/wp-content\/uploads\/sites\/14\/kvg_logo-1.svg","contentUrl":"https:\/\/kvg-bus.de\/wp-content\/uploads\/sites\/14\/kvg_logo-1.svg","caption":"KVG Bus Portalseite"},"image":{"@id":"https:\/\/kvg-bus.de\/#\/schema\/logo\/image\/"}},{"@type":"Person","@id":"https:\/\/kvg-bus.de\/#\/schema\/person\/5a5abfab092f868ec7cbe0f59e95749b","name":"mzimmermann","image":{"@type":"ImageObject","inLanguage":"pl-PL","@id":"https:\/\/secure.gravatar.com\/avatar\/0f69d8b83e3b3e54f0b766684bb3fd6649f0081ecdbff759ed4b19e5df68d1e4?s=96&d=mm&r=g","url":"https:\/\/secure.gravatar.com\/avatar\/0f69d8b83e3b3e54f0b766684bb3fd6649f0081ecdbff759ed4b19e5df68d1e4?s=96&d=mm&r=g","contentUrl":"https:\/\/secure.gravatar.com\/avatar\/0f69d8b83e3b3e54f0b766684bb3fd6649f0081ecdbff759ed4b19e5df68d1e4?s=96&d=mm&r=g","caption":"mzimmermann"},"url":"https:\/\/kvg-bus.de\/pl\/author\/mzimmermann\/"}]}},"_links":{"self":[{"href":"https:\/\/kvg-bus.de\/pl\/wp-json\/wp\/v2\/posts\/192","targetHints":{"allow":["GET"]}}],"collection":[{"href":"https:\/\/kvg-bus.de\/pl\/wp-json\/wp\/v2\/posts"}],"about":[{"href":"https:\/\/kvg-bus.de\/pl\/wp-json\/wp\/v2\/types\/post"}],"author":[{"embeddable":true,"href":"https:\/\/kvg-bus.de\/pl\/wp-json\/wp\/v2\/users\/10"}],"replies":[{"embeddable":true,"href":"https:\/\/kvg-bus.de\/pl\/wp-json\/wp\/v2\/comments?post=192"}],"version-history":[{"count":0,"href":"https:\/\/kvg-bus.de\/pl\/wp-json\/wp\/v2\/posts\/192\/revisions"}],"wp:featuredmedia":[{"embeddable":true,"href":"https:\/\/kvg-bus.de\/pl\/wp-json\/"}],"wp:attachment":[{"href":"https:\/\/kvg-bus.de\/pl\/wp-json\/wp\/v2\/media?parent=192"}],"wp:term":[{"taxonomy":"category","embeddable":true,"href":"https:\/\/kvg-bus.de\/pl\/wp-json\/wp\/v2\/categories?post=192"},{"taxonomy":"post_tag","embeddable":true,"href":"https:\/\/kvg-bus.de\/pl\/wp-json\/wp\/v2\/tags?post=192"}],"curies":[{"name":"wp","href":"https:\/\/api.w.org\/{rel}","templated":true}]}}