{"id":1902,"date":"2026-01-08T09:09:26","date_gmt":"2026-01-08T08:09:26","guid":{"rendered":"https:\/\/kvg-bus.de\/heidekreis\/linie-2114-bauarbeiten-in-buxtehude-12-01-30-06-2026\/"},"modified":"2026-04-27T12:32:40","modified_gmt":"2026-04-27T10:32:40","slug":"linie-2114-bauarbeiten-in-buxtehude-12-01-30-06-2026","status":"publish","type":"post","link":"https:\/\/kvg-bus.de\/heidekreis\/pl\/linie-2114-bauarbeiten-in-buxtehude-12-01-30-06-2026\/","title":{"rendered":"Linia 2114 | Prace budowlane w Buxtehude: 12.01. - 30.06.2026 r."},"content":{"rendered":"<p data-start=\"79\" data-end=\"220\">Od <strong data-start=\"83\" data-end=\"102\">12. Januar\u00a0<\/strong>do <strong>30 czerwca 2026 r.<\/strong>\u00a0to droga <strong data-start=\"141\" data-end=\"150\">Lurup<\/strong> w <strong data-start=\"154\" data-end=\"167\">Buxtehude<\/strong> z powodu <strong data-start=\"178\" data-end=\"208\">Instalacja \u015bcie\u017cki dla pieszych<\/strong> zablokowane.<\/p>\n<p data-start=\"455\" data-end=\"614\" data-is-last-node=\"\" data-is-only-node=\"\">\u27a1\ufe0f Przystanek autobusowy \u201e<strong data-start=\"475\" data-end=\"495\">Buxtehude, Lurup<\/strong>\u201c nie mo\u017ce by\u0107 u\u017cywany w tym czasie.<br data-start=\"538\" data-end=\"541\" \/>Bitte nutze stattdessen die Haltestelle \u201e<strong data-start=\"581\" data-end=\"612\" data-is-only-node=\"\">Buxtehude, Eilendorfer Moor<\/strong>\u201c.<\/p>","protected":false},"excerpt":{"rendered":"<p>Od 12 stycznia do 30 czerwca 2026 r. ulica Lurup w Buxtehude b\u0119dzie zamkni\u0119ta z powodu budowy chodnika dla pieszych. \u27a1\ufe0f Przystanek autobusowy \u201eBuxtehude, Lurup\u201c nie mo\u017ce by\u0107 obs\u0142ugiwany w tym czasie, zamiast tego nale\u017cy skorzysta\u0107 z przystanku autobusowego \u201eBuxtehude, Eilendorfer Moor\u201c.<\/p>","protected":false},"author":10,"featured_media":0,"comment_status":"open","ping_status":"open","sticky":false,"template":"","format":"standard","meta":{"footnotes":""},"categories":[73,33],"tags":[],"class_list":["post-1902","post","type-post","status-publish","format-standard","hentry","category-stade","category-fahrplanabweichungen"],"yoast_head":"<!-- This site is optimized with the Yoast SEO plugin v27.4 - https:\/\/yoast.com\/product\/yoast-seo-wordpress\/ -->\n<title>Linie 2114 | Bauarbeiten in Buxtehude: 12.01. \u2013 30.06.2026 - KVG Heidekreis<\/title>\n<meta name=\"robots\" content=\"index, follow, max-snippet:-1, max-image-preview:large, max-video-preview:-1\" \/>\n<link rel=\"canonical\" href=\"https:\/\/kvg-bus.de\/heidekreis\/linie-2114-bauarbeiten-in-buxtehude-12-01-30-06-2026\/\" \/>\n<meta property=\"og:locale\" content=\"pl_PL\" \/>\n<meta property=\"og:type\" content=\"article\" \/>\n<meta property=\"og:title\" content=\"Linie 2114 | Bauarbeiten in Buxtehude: 12.01. \u2013 30.06.2026 - KVG Heidekreis\" \/>\n<meta property=\"og:description\" content=\"Vom 12. Januar\u00a0bis 30. Juni 2026\u00a0ist die Stra\u00dfe Lurup in Buxtehude wegen der Einrichtung eines Gehweges gesperrt. \u27a1\ufe0f Die Haltestelle \u201eBuxtehude, Lurup\u201c kann in dieser Zeit nicht bedient werden.Bitte nutze stattdessen die Haltestelle \u201eBuxtehude, Eilendorfer Moor\u201c.\" \/>\n<meta property=\"og:url\" content=\"https:\/\/kvg-bus.de\/heidekreis\/linie-2114-bauarbeiten-in-buxtehude-12-01-30-06-2026\/\" \/>\n<meta property=\"og:site_name\" content=\"KVG Heidekreis\" \/>\n<meta property=\"article:published_time\" content=\"2026-01-08T08:09:26+00:00\" \/>\n<meta property=\"article:modified_time\" content=\"2026-04-27T10:32:40+00:00\" \/>\n<meta name=\"author\" content=\"mzimmermann\" \/>\n<meta name=\"twitter:card\" content=\"summary_large_image\" \/>\n<meta name=\"twitter:label1\" content=\"Napisane przez\" \/>\n\t<meta name=\"twitter:data1\" content=\"mzimmermann\" \/>\n\t<meta name=\"twitter:label2\" content=\"Szacowany czas czytania\" \/>\n\t<meta name=\"twitter:data2\" content=\"1 minuta\" \/>\n<script type=\"application\/ld+json\" class=\"yoast-schema-graph\">{\"@context\":\"https:\\\/\\\/schema.org\",\"@graph\":[{\"@type\":\"Article\",\"@id\":\"https:\\\/\\\/kvg-bus.de\\\/heidekreis\\\/linie-2114-bauarbeiten-in-buxtehude-12-01-30-06-2026\\\/#article\",\"isPartOf\":{\"@id\":\"https:\\\/\\\/kvg-bus.de\\\/heidekreis\\\/linie-2114-bauarbeiten-in-buxtehude-12-01-30-06-2026\\\/\"},\"author\":{\"name\":\"mzimmermann\",\"@id\":\"https:\\\/\\\/kvg-bus.de\\\/heidekreis\\\/#\\\/schema\\\/person\\\/5a5abfab092f868ec7cbe0f59e95749b\"},\"headline\":\"Linie 2114 | Bauarbeiten in Buxtehude: 12.01. \u2013 30.06.2026\",\"datePublished\":\"2026-01-08T08:09:26+00:00\",\"dateModified\":\"2026-04-27T10:32:40+00:00\",\"mainEntityOfPage\":{\"@id\":\"https:\\\/\\\/kvg-bus.de\\\/heidekreis\\\/linie-2114-bauarbeiten-in-buxtehude-12-01-30-06-2026\\\/\"},\"wordCount\":42,\"commentCount\":0,\"publisher\":{\"@id\":\"https:\\\/\\\/kvg-bus.de\\\/heidekreis\\\/#organization\"},\"articleSection\":[\"Stade\",\"Fahrplanabweichungen\"],\"inLanguage\":\"pl-PL\",\"potentialAction\":[{\"@type\":\"CommentAction\",\"name\":\"Comment\",\"target\":[\"https:\\\/\\\/kvg-bus.de\\\/heidekreis\\\/linie-2114-bauarbeiten-in-buxtehude-12-01-30-06-2026\\\/#respond\"]}]},{\"@type\":\"WebPage\",\"@id\":\"https:\\\/\\\/kvg-bus.de\\\/heidekreis\\\/linie-2114-bauarbeiten-in-buxtehude-12-01-30-06-2026\\\/\",\"url\":\"https:\\\/\\\/kvg-bus.de\\\/heidekreis\\\/linie-2114-bauarbeiten-in-buxtehude-12-01-30-06-2026\\\/\",\"name\":\"Linie 2114 | Bauarbeiten in Buxtehude: 12.01. \u2013 30.06.2026 - KVG Heidekreis\",\"isPartOf\":{\"@id\":\"https:\\\/\\\/kvg-bus.de\\\/heidekreis\\\/#website\"},\"datePublished\":\"2026-01-08T08:09:26+00:00\",\"dateModified\":\"2026-04-27T10:32:40+00:00\",\"breadcrumb\":{\"@id\":\"https:\\\/\\\/kvg-bus.de\\\/heidekreis\\\/linie-2114-bauarbeiten-in-buxtehude-12-01-30-06-2026\\\/#breadcrumb\"},\"inLanguage\":\"pl-PL\",\"potentialAction\":[{\"@type\":\"ReadAction\",\"target\":[\"https:\\\/\\\/kvg-bus.de\\\/heidekreis\\\/linie-2114-bauarbeiten-in-buxtehude-12-01-30-06-2026\\\/\"]}]},{\"@type\":\"BreadcrumbList\",\"@id\":\"https:\\\/\\\/kvg-bus.de\\\/heidekreis\\\/linie-2114-bauarbeiten-in-buxtehude-12-01-30-06-2026\\\/#breadcrumb\",\"itemListElement\":[{\"@type\":\"ListItem\",\"position\":1,\"name\":\"Startseite\",\"item\":\"https:\\\/\\\/kvg-bus.de\\\/heidekreis\\\/\"},{\"@type\":\"ListItem\",\"position\":2,\"name\":\"Linie 2114 | Bauarbeiten in Buxtehude: 12.01. \u2013 30.06.2026\"}]},{\"@type\":\"WebSite\",\"@id\":\"https:\\\/\\\/kvg-bus.de\\\/heidekreis\\\/#website\",\"url\":\"https:\\\/\\\/kvg-bus.de\\\/heidekreis\\\/\",\"name\":\"KVG Heidekreis\",\"description\":\"\",\"publisher\":{\"@id\":\"https:\\\/\\\/kvg-bus.de\\\/heidekreis\\\/#organization\"},\"potentialAction\":[{\"@type\":\"SearchAction\",\"target\":{\"@type\":\"EntryPoint\",\"urlTemplate\":\"https:\\\/\\\/kvg-bus.de\\\/heidekreis\\\/?s={search_term_string}\"},\"query-input\":{\"@type\":\"PropertyValueSpecification\",\"valueRequired\":true,\"valueName\":\"search_term_string\"}}],\"inLanguage\":\"pl-PL\"},{\"@type\":\"Organization\",\"@id\":\"https:\\\/\\\/kvg-bus.de\\\/heidekreis\\\/#organization\",\"name\":\"KVG Heidekreis\",\"url\":\"https:\\\/\\\/kvg-bus.de\\\/heidekreis\\\/\",\"logo\":{\"@type\":\"ImageObject\",\"inLanguage\":\"pl-PL\",\"@id\":\"https:\\\/\\\/kvg-bus.de\\\/heidekreis\\\/#\\\/schema\\\/logo\\\/image\\\/\",\"url\":\"https:\\\/\\\/kvg-bus.de\\\/heidekreis\\\/wp-content\\\/uploads\\\/sites\\\/14\\\/kvg_logo-1.svg\",\"contentUrl\":\"https:\\\/\\\/kvg-bus.de\\\/heidekreis\\\/wp-content\\\/uploads\\\/sites\\\/14\\\/kvg_logo-1.svg\",\"caption\":\"KVG Heidekreis\"},\"image\":{\"@id\":\"https:\\\/\\\/kvg-bus.de\\\/heidekreis\\\/#\\\/schema\\\/logo\\\/image\\\/\"}},{\"@type\":\"Person\",\"@id\":\"https:\\\/\\\/kvg-bus.de\\\/heidekreis\\\/#\\\/schema\\\/person\\\/5a5abfab092f868ec7cbe0f59e95749b\",\"name\":\"mzimmermann\",\"image\":{\"@type\":\"ImageObject\",\"inLanguage\":\"pl-PL\",\"@id\":\"https:\\\/\\\/secure.gravatar.com\\\/avatar\\\/0f69d8b83e3b3e54f0b766684bb3fd6649f0081ecdbff759ed4b19e5df68d1e4?s=96&d=mm&r=g\",\"url\":\"https:\\\/\\\/secure.gravatar.com\\\/avatar\\\/0f69d8b83e3b3e54f0b766684bb3fd6649f0081ecdbff759ed4b19e5df68d1e4?s=96&d=mm&r=g\",\"contentUrl\":\"https:\\\/\\\/secure.gravatar.com\\\/avatar\\\/0f69d8b83e3b3e54f0b766684bb3fd6649f0081ecdbff759ed4b19e5df68d1e4?s=96&d=mm&r=g\",\"caption\":\"mzimmermann\"},\"url\":\"https:\\\/\\\/kvg-bus.de\\\/heidekreis\\\/pl\\\/author\\\/mzimmermann\\\/\"}]}<\/script>\n<!-- \/ Yoast SEO plugin. -->","yoast_head_json":{"title":"Linie 2114 | Bauarbeiten in Buxtehude: 12.01. \u2013 30.06.2026 - KVG Heidekreis","robots":{"index":"index","follow":"follow","max-snippet":"max-snippet:-1","max-image-preview":"max-image-preview:large","max-video-preview":"max-video-preview:-1"},"canonical":"https:\/\/kvg-bus.de\/heidekreis\/linie-2114-bauarbeiten-in-buxtehude-12-01-30-06-2026\/","og_locale":"pl_PL","og_type":"article","og_title":"Linie 2114 | Bauarbeiten in Buxtehude: 12.01. \u2013 30.06.2026 - KVG Heidekreis","og_description":"Vom 12. Januar\u00a0bis 30. Juni 2026\u00a0ist die Stra\u00dfe Lurup in Buxtehude wegen der Einrichtung eines Gehweges gesperrt. \u27a1\ufe0f Die Haltestelle \u201eBuxtehude, Lurup\u201c kann in dieser Zeit nicht bedient werden.Bitte nutze stattdessen die Haltestelle \u201eBuxtehude, Eilendorfer Moor\u201c.","og_url":"https:\/\/kvg-bus.de\/heidekreis\/linie-2114-bauarbeiten-in-buxtehude-12-01-30-06-2026\/","og_site_name":"KVG Heidekreis","article_published_time":"2026-01-08T08:09:26+00:00","article_modified_time":"2026-04-27T10:32:40+00:00","author":"mzimmermann","twitter_card":"summary_large_image","twitter_misc":{"Napisane przez":"mzimmermann","Szacowany czas czytania":"1 minuta"},"schema":{"@context":"https:\/\/schema.org","@graph":[{"@type":"Article","@id":"https:\/\/kvg-bus.de\/heidekreis\/linie-2114-bauarbeiten-in-buxtehude-12-01-30-06-2026\/#article","isPartOf":{"@id":"https:\/\/kvg-bus.de\/heidekreis\/linie-2114-bauarbeiten-in-buxtehude-12-01-30-06-2026\/"},"author":{"name":"mzimmermann","@id":"https:\/\/kvg-bus.de\/heidekreis\/#\/schema\/person\/5a5abfab092f868ec7cbe0f59e95749b"},"headline":"Linie 2114 | Bauarbeiten in Buxtehude: 12.01. \u2013 30.06.2026","datePublished":"2026-01-08T08:09:26+00:00","dateModified":"2026-04-27T10:32:40+00:00","mainEntityOfPage":{"@id":"https:\/\/kvg-bus.de\/heidekreis\/linie-2114-bauarbeiten-in-buxtehude-12-01-30-06-2026\/"},"wordCount":42,"commentCount":0,"publisher":{"@id":"https:\/\/kvg-bus.de\/heidekreis\/#organization"},"articleSection":["Stade","Fahrplanabweichungen"],"inLanguage":"pl-PL","potentialAction":[{"@type":"CommentAction","name":"Comment","target":["https:\/\/kvg-bus.de\/heidekreis\/linie-2114-bauarbeiten-in-buxtehude-12-01-30-06-2026\/#respond"]}]},{"@type":"WebPage","@id":"https:\/\/kvg-bus.de\/heidekreis\/linie-2114-bauarbeiten-in-buxtehude-12-01-30-06-2026\/","url":"https:\/\/kvg-bus.de\/heidekreis\/linie-2114-bauarbeiten-in-buxtehude-12-01-30-06-2026\/","name":"Linie 2114 | Bauarbeiten in Buxtehude: 12.01. \u2013 30.06.2026 - KVG Heidekreis","isPartOf":{"@id":"https:\/\/kvg-bus.de\/heidekreis\/#website"},"datePublished":"2026-01-08T08:09:26+00:00","dateModified":"2026-04-27T10:32:40+00:00","breadcrumb":{"@id":"https:\/\/kvg-bus.de\/heidekreis\/linie-2114-bauarbeiten-in-buxtehude-12-01-30-06-2026\/#breadcrumb"},"inLanguage":"pl-PL","potentialAction":[{"@type":"ReadAction","target":["https:\/\/kvg-bus.de\/heidekreis\/linie-2114-bauarbeiten-in-buxtehude-12-01-30-06-2026\/"]}]},{"@type":"BreadcrumbList","@id":"https:\/\/kvg-bus.de\/heidekreis\/linie-2114-bauarbeiten-in-buxtehude-12-01-30-06-2026\/#breadcrumb","itemListElement":[{"@type":"ListItem","position":1,"name":"Startseite","item":"https:\/\/kvg-bus.de\/heidekreis\/"},{"@type":"ListItem","position":2,"name":"Linie 2114 | Bauarbeiten in Buxtehude: 12.01. \u2013 30.06.2026"}]},{"@type":"WebSite","@id":"https:\/\/kvg-bus.de\/heidekreis\/#website","url":"https:\/\/kvg-bus.de\/heidekreis\/","name":"KVG Heidekreis","description":"","publisher":{"@id":"https:\/\/kvg-bus.de\/heidekreis\/#organization"},"potentialAction":[{"@type":"SearchAction","target":{"@type":"EntryPoint","urlTemplate":"https:\/\/kvg-bus.de\/heidekreis\/?s={search_term_string}"},"query-input":{"@type":"PropertyValueSpecification","valueRequired":true,"valueName":"search_term_string"}}],"inLanguage":"pl-PL"},{"@type":"Organization","@id":"https:\/\/kvg-bus.de\/heidekreis\/#organization","name":"KVG Heidekreis","url":"https:\/\/kvg-bus.de\/heidekreis\/","logo":{"@type":"ImageObject","inLanguage":"pl-PL","@id":"https:\/\/kvg-bus.de\/heidekreis\/#\/schema\/logo\/image\/","url":"https:\/\/kvg-bus.de\/heidekreis\/wp-content\/uploads\/sites\/14\/kvg_logo-1.svg","contentUrl":"https:\/\/kvg-bus.de\/heidekreis\/wp-content\/uploads\/sites\/14\/kvg_logo-1.svg","caption":"KVG Heidekreis"},"image":{"@id":"https:\/\/kvg-bus.de\/heidekreis\/#\/schema\/logo\/image\/"}},{"@type":"Person","@id":"https:\/\/kvg-bus.de\/heidekreis\/#\/schema\/person\/5a5abfab092f868ec7cbe0f59e95749b","name":"mzimmermann","image":{"@type":"ImageObject","inLanguage":"pl-PL","@id":"https:\/\/secure.gravatar.com\/avatar\/0f69d8b83e3b3e54f0b766684bb3fd6649f0081ecdbff759ed4b19e5df68d1e4?s=96&d=mm&r=g","url":"https:\/\/secure.gravatar.com\/avatar\/0f69d8b83e3b3e54f0b766684bb3fd6649f0081ecdbff759ed4b19e5df68d1e4?s=96&d=mm&r=g","contentUrl":"https:\/\/secure.gravatar.com\/avatar\/0f69d8b83e3b3e54f0b766684bb3fd6649f0081ecdbff759ed4b19e5df68d1e4?s=96&d=mm&r=g","caption":"mzimmermann"},"url":"https:\/\/kvg-bus.de\/heidekreis\/pl\/author\/mzimmermann\/"}]}},"_links":{"self":[{"href":"https:\/\/kvg-bus.de\/heidekreis\/pl\/wp-json\/wp\/v2\/posts\/1902","targetHints":{"allow":["GET"]}}],"collection":[{"href":"https:\/\/kvg-bus.de\/heidekreis\/pl\/wp-json\/wp\/v2\/posts"}],"about":[{"href":"https:\/\/kvg-bus.de\/heidekreis\/pl\/wp-json\/wp\/v2\/types\/post"}],"author":[{"embeddable":true,"href":"https:\/\/kvg-bus.de\/heidekreis\/pl\/wp-json\/wp\/v2\/users\/10"}],"replies":[{"embeddable":true,"href":"https:\/\/kvg-bus.de\/heidekreis\/pl\/wp-json\/wp\/v2\/comments?post=1902"}],"version-history":[{"count":0,"href":"https:\/\/kvg-bus.de\/heidekreis\/pl\/wp-json\/wp\/v2\/posts\/1902\/revisions"}],"wp:attachment":[{"href":"https:\/\/kvg-bus.de\/heidekreis\/pl\/wp-json\/wp\/v2\/media?parent=1902"}],"wp:term":[{"taxonomy":"category","embeddable":true,"href":"https:\/\/kvg-bus.de\/heidekreis\/pl\/wp-json\/wp\/v2\/categories?post=1902"},{"taxonomy":"post_tag","embeddable":true,"href":"https:\/\/kvg-bus.de\/heidekreis\/pl\/wp-json\/wp\/v2\/tags?post=1902"}],"curies":[{"name":"wp","href":"https:\/\/api.w.org\/{rel}","templated":true}]}}