{"id":1934,"date":"2026-04-30T15:50:53","date_gmt":"2026-04-30T13:50:53","guid":{"rendered":"https:\/\/kvg-bus.de\/harburg\/linien-575-576-und-577-bauarbeiten-in-bremerhaven-04-05-28-08-2026\/"},"modified":"2026-04-30T15:50:53","modified_gmt":"2026-04-30T13:50:53","slug":"lineas-575-576-y-577-obras-en-bremerhaven-04-05-28-08-2026","status":"publish","type":"post","link":"https:\/\/kvg-bus.de\/harburg\/es\/linien-575-576-und-577-bauarbeiten-in-bremerhaven-04-05-28-08-2026\/","title":{"rendered":"L\u00edneas 575, 576 y 577 | Obras en Bremerhaven: 04.05. - 28.08.2026"},"content":{"rendered":"<p>Desde el lunes 4 de mayo hasta probablemente el 28 de agosto de 2026, el paso subterr\u00e1neo ferroviario de Schiffdorfer Chaussee en Bremerhaven, cerca de la estaci\u00f3n principal de ferrocarril, permanecer\u00e1 cerrado debido a obras. Las l\u00edneas de autob\u00fas 575, 576 y 577 se desviar\u00e1n y no podr\u00e1n prestar servicio en las paradas \u201eBremerhaven, B\u00fcrgerpark\u201c y \u201eBremerhaven, SZ Carl von Ossietzky\u201c. Se sustituir\u00e1 por la parada \u201eBremerhaven, Hauptbahnhof\u201c.<\/p>","protected":false},"excerpt":{"rendered":"<p>Desde el lunes 4 de mayo hasta probablemente el 28 de agosto de 2026, el paso subterr\u00e1neo ferroviario de Schiffdorfer Chaussee en Bremerhaven, cerca de la estaci\u00f3n principal de ferrocarril, permanecer\u00e1 cerrado debido a obras. Las l\u00edneas de autob\u00fas 575, 576 y 577 se desviar\u00e1n y no podr\u00e1n prestar servicio en las paradas \u201eBremerhaven, B\u00fcrgerpark\u201c y \u201eBremerhaven, SZ Carl von Ossietzky\u201c. Se sustituir\u00e1 por la parada \u201eBremerhaven, Hauptbahnhof\u201c.<\/p>","protected":false},"author":9,"featured_media":0,"comment_status":"open","ping_status":"open","sticky":false,"template":"","format":"standard","meta":{"footnotes":""},"categories":[75,33],"tags":[],"class_list":["post-1934","post","type-post","status-publish","format-standard","hentry","category-cuxhaven","category-fahrplanabweichungen"],"yoast_head":"<!-- This site is optimized with the Yoast SEO plugin v27.4 - https:\/\/yoast.com\/product\/yoast-seo-wordpress\/ -->\n<title>Linien 575, 576 und 577 | Bauarbeiten in Bremerhaven: 04.05. - 28.08.2026 - KVG Harburg<\/title>\n<meta name=\"robots\" content=\"index, follow, max-snippet:-1, max-image-preview:large, max-video-preview:-1\" \/>\n<link rel=\"canonical\" href=\"https:\/\/kvg-bus.de\/harburg\/lineas-575-576-y-577-obras-en-bremerhaven-04-05-28-08-2026\/\" \/>\n<meta property=\"og:locale\" content=\"es_ES\" \/>\n<meta property=\"og:type\" content=\"article\" \/>\n<meta property=\"og:title\" content=\"Linien 575, 576 und 577 | Bauarbeiten in Bremerhaven: 04.05. - 28.08.2026 - KVG Harburg\" \/>\n<meta property=\"og:description\" content=\"Ab Montag, 04. Mai bis voraussichtlich 28. August 2026 ist die Bahnunterf\u00fchrung in der Schiffdorfer Chaussee in Bremerhaven in der N\u00e4he des Hauptbahnhofs aufgrund von Bauarbeiten gesperrt. Die Buslinien 575, 576 und 577 fahren eine Umleitung und k\u00f6nnen die Haltestellen &#8222;Bremerhaven, B\u00fcrgerpark&#8220; und &#8222;Bremerhaven, SZ Carl von Ossietzky&#8220; nicht bedienen. Als Ersatz dient die Haltestelle &#8222;Bremerhaven, Hauptbahnhof&#8220;.\" \/>\n<meta property=\"og:url\" content=\"https:\/\/kvg-bus.de\/harburg\/lineas-575-576-y-577-obras-en-bremerhaven-04-05-28-08-2026\/\" \/>\n<meta property=\"og:site_name\" content=\"KVG Harburg\" \/>\n<meta property=\"article:published_time\" content=\"2026-04-30T13:50:53+00:00\" \/>\n<meta name=\"author\" content=\"cwacker\" \/>\n<meta name=\"twitter:card\" content=\"summary_large_image\" \/>\n<meta name=\"twitter:label1\" content=\"Escrito por\" \/>\n\t<meta name=\"twitter:data1\" content=\"cwacker\" \/>\n<script type=\"application\/ld+json\" class=\"yoast-schema-graph\">{\"@context\":\"https:\\\/\\\/schema.org\",\"@graph\":[{\"@type\":\"Article\",\"@id\":\"https:\\\/\\\/kvg-bus.de\\\/harburg\\\/linien-575-576-und-577-bauarbeiten-in-bremerhaven-04-05-28-08-2026\\\/#article\",\"isPartOf\":{\"@id\":\"https:\\\/\\\/kvg-bus.de\\\/harburg\\\/linien-575-576-und-577-bauarbeiten-in-bremerhaven-04-05-28-08-2026\\\/\"},\"author\":{\"name\":\"cwacker\",\"@id\":\"https:\\\/\\\/kvg-bus.de\\\/harburg\\\/#\\\/schema\\\/person\\\/21163faae47361c2f192d02daf80c70b\"},\"headline\":\"Linien 575, 576 und 577 | Bauarbeiten in Bremerhaven: 04.05. &#8211; 28.08.2026\",\"datePublished\":\"2026-04-30T13:50:53+00:00\",\"mainEntityOfPage\":{\"@id\":\"https:\\\/\\\/kvg-bus.de\\\/harburg\\\/linien-575-576-und-577-bauarbeiten-in-bremerhaven-04-05-28-08-2026\\\/\"},\"wordCount\":61,\"commentCount\":0,\"publisher\":{\"@id\":\"https:\\\/\\\/kvg-bus.de\\\/harburg\\\/#organization\"},\"articleSection\":[\"Cuxhaven\",\"Fahrplanabweichungen\"],\"inLanguage\":\"es\",\"potentialAction\":[{\"@type\":\"CommentAction\",\"name\":\"Comment\",\"target\":[\"https:\\\/\\\/kvg-bus.de\\\/harburg\\\/linien-575-576-und-577-bauarbeiten-in-bremerhaven-04-05-28-08-2026\\\/#respond\"]}]},{\"@type\":\"WebPage\",\"@id\":\"https:\\\/\\\/kvg-bus.de\\\/harburg\\\/linien-575-576-und-577-bauarbeiten-in-bremerhaven-04-05-28-08-2026\\\/\",\"url\":\"https:\\\/\\\/kvg-bus.de\\\/harburg\\\/linien-575-576-und-577-bauarbeiten-in-bremerhaven-04-05-28-08-2026\\\/\",\"name\":\"Linien 575, 576 und 577 | Bauarbeiten in Bremerhaven: 04.05. - 28.08.2026 - KVG Harburg\",\"isPartOf\":{\"@id\":\"https:\\\/\\\/kvg-bus.de\\\/harburg\\\/#website\"},\"datePublished\":\"2026-04-30T13:50:53+00:00\",\"breadcrumb\":{\"@id\":\"https:\\\/\\\/kvg-bus.de\\\/harburg\\\/linien-575-576-und-577-bauarbeiten-in-bremerhaven-04-05-28-08-2026\\\/#breadcrumb\"},\"inLanguage\":\"es\",\"potentialAction\":[{\"@type\":\"ReadAction\",\"target\":[\"https:\\\/\\\/kvg-bus.de\\\/harburg\\\/linien-575-576-und-577-bauarbeiten-in-bremerhaven-04-05-28-08-2026\\\/\"]}]},{\"@type\":\"BreadcrumbList\",\"@id\":\"https:\\\/\\\/kvg-bus.de\\\/harburg\\\/linien-575-576-und-577-bauarbeiten-in-bremerhaven-04-05-28-08-2026\\\/#breadcrumb\",\"itemListElement\":[{\"@type\":\"ListItem\",\"position\":1,\"name\":\"Startseite\",\"item\":\"https:\\\/\\\/kvg-bus.de\\\/harburg\\\/\"},{\"@type\":\"ListItem\",\"position\":2,\"name\":\"Linien 575, 576 und 577 | Bauarbeiten in Bremerhaven: 04.05. &#8211; 28.08.2026\"}]},{\"@type\":\"WebSite\",\"@id\":\"https:\\\/\\\/kvg-bus.de\\\/harburg\\\/#website\",\"url\":\"https:\\\/\\\/kvg-bus.de\\\/harburg\\\/\",\"name\":\"KVG Harburg\",\"description\":\"\",\"publisher\":{\"@id\":\"https:\\\/\\\/kvg-bus.de\\\/harburg\\\/#organization\"},\"potentialAction\":[{\"@type\":\"SearchAction\",\"target\":{\"@type\":\"EntryPoint\",\"urlTemplate\":\"https:\\\/\\\/kvg-bus.de\\\/harburg\\\/?s={search_term_string}\"},\"query-input\":{\"@type\":\"PropertyValueSpecification\",\"valueRequired\":true,\"valueName\":\"search_term_string\"}}],\"inLanguage\":\"es\"},{\"@type\":\"Organization\",\"@id\":\"https:\\\/\\\/kvg-bus.de\\\/harburg\\\/#organization\",\"name\":\"KVG Harburg\",\"url\":\"https:\\\/\\\/kvg-bus.de\\\/harburg\\\/\",\"logo\":{\"@type\":\"ImageObject\",\"inLanguage\":\"es\",\"@id\":\"https:\\\/\\\/kvg-bus.de\\\/harburg\\\/#\\\/schema\\\/logo\\\/image\\\/\",\"url\":\"https:\\\/\\\/kvg-bus.de\\\/harburg\\\/wp-content\\\/uploads\\\/sites\\\/14\\\/kvg_logo-1.svg\",\"contentUrl\":\"https:\\\/\\\/kvg-bus.de\\\/harburg\\\/wp-content\\\/uploads\\\/sites\\\/14\\\/kvg_logo-1.svg\",\"caption\":\"KVG Harburg\"},\"image\":{\"@id\":\"https:\\\/\\\/kvg-bus.de\\\/harburg\\\/#\\\/schema\\\/logo\\\/image\\\/\"}},{\"@type\":\"Person\",\"@id\":\"https:\\\/\\\/kvg-bus.de\\\/harburg\\\/#\\\/schema\\\/person\\\/21163faae47361c2f192d02daf80c70b\",\"name\":\"cwacker\",\"image\":{\"@type\":\"ImageObject\",\"inLanguage\":\"es\",\"@id\":\"https:\\\/\\\/secure.gravatar.com\\\/avatar\\\/40318dede2f7e5f74c99b749d1e16f53f2a0a37c33849d4206760eda50623d44?s=96&d=mm&r=g\",\"url\":\"https:\\\/\\\/secure.gravatar.com\\\/avatar\\\/40318dede2f7e5f74c99b749d1e16f53f2a0a37c33849d4206760eda50623d44?s=96&d=mm&r=g\",\"contentUrl\":\"https:\\\/\\\/secure.gravatar.com\\\/avatar\\\/40318dede2f7e5f74c99b749d1e16f53f2a0a37c33849d4206760eda50623d44?s=96&d=mm&r=g\",\"caption\":\"cwacker\"},\"url\":\"https:\\\/\\\/kvg-bus.de\\\/harburg\\\/es\\\/author\\\/cwacker\\\/\"}]}<\/script>\n<!-- \/ Yoast SEO plugin. -->","yoast_head_json":{"title":"L\u00edneas 575, 576 y 577 | Obras en Bremerhaven: 04.05. - 28.08.2026 - KVG Harburg","robots":{"index":"index","follow":"follow","max-snippet":"max-snippet:-1","max-image-preview":"max-image-preview:large","max-video-preview":"max-video-preview:-1"},"canonical":"https:\/\/kvg-bus.de\/harburg\/lineas-575-576-y-577-obras-en-bremerhaven-04-05-28-08-2026\/","og_locale":"es_ES","og_type":"article","og_title":"Linien 575, 576 und 577 | Bauarbeiten in Bremerhaven: 04.05. - 28.08.2026 - KVG Harburg","og_description":"Ab Montag, 04. Mai bis voraussichtlich 28. August 2026 ist die Bahnunterf\u00fchrung in der Schiffdorfer Chaussee in Bremerhaven in der N\u00e4he des Hauptbahnhofs aufgrund von Bauarbeiten gesperrt. Die Buslinien 575, 576 und 577 fahren eine Umleitung und k\u00f6nnen die Haltestellen &#8222;Bremerhaven, B\u00fcrgerpark&#8220; und &#8222;Bremerhaven, SZ Carl von Ossietzky&#8220; nicht bedienen. Als Ersatz dient die Haltestelle &#8222;Bremerhaven, Hauptbahnhof&#8220;.","og_url":"https:\/\/kvg-bus.de\/harburg\/lineas-575-576-y-577-obras-en-bremerhaven-04-05-28-08-2026\/","og_site_name":"KVG Harburg","article_published_time":"2026-04-30T13:50:53+00:00","author":"cwacker","twitter_card":"summary_large_image","twitter_misc":{"Escrito por":"cwacker"},"schema":{"@context":"https:\/\/schema.org","@graph":[{"@type":"Article","@id":"https:\/\/kvg-bus.de\/harburg\/linien-575-576-und-577-bauarbeiten-in-bremerhaven-04-05-28-08-2026\/#article","isPartOf":{"@id":"https:\/\/kvg-bus.de\/harburg\/linien-575-576-und-577-bauarbeiten-in-bremerhaven-04-05-28-08-2026\/"},"author":{"name":"cwacker","@id":"https:\/\/kvg-bus.de\/harburg\/#\/schema\/person\/21163faae47361c2f192d02daf80c70b"},"headline":"Linien 575, 576 und 577 | Bauarbeiten in Bremerhaven: 04.05. &#8211; 28.08.2026","datePublished":"2026-04-30T13:50:53+00:00","mainEntityOfPage":{"@id":"https:\/\/kvg-bus.de\/harburg\/linien-575-576-und-577-bauarbeiten-in-bremerhaven-04-05-28-08-2026\/"},"wordCount":61,"commentCount":0,"publisher":{"@id":"https:\/\/kvg-bus.de\/harburg\/#organization"},"articleSection":["Cuxhaven","Fahrplanabweichungen"],"inLanguage":"es","potentialAction":[{"@type":"CommentAction","name":"Comment","target":["https:\/\/kvg-bus.de\/harburg\/linien-575-576-und-577-bauarbeiten-in-bremerhaven-04-05-28-08-2026\/#respond"]}]},{"@type":"WebPage","@id":"https:\/\/kvg-bus.de\/harburg\/linien-575-576-und-577-bauarbeiten-in-bremerhaven-04-05-28-08-2026\/","url":"https:\/\/kvg-bus.de\/harburg\/linien-575-576-und-577-bauarbeiten-in-bremerhaven-04-05-28-08-2026\/","name":"L\u00edneas 575, 576 y 577 | Obras en Bremerhaven: 04.05. - 28.08.2026 - KVG Harburg","isPartOf":{"@id":"https:\/\/kvg-bus.de\/harburg\/#website"},"datePublished":"2026-04-30T13:50:53+00:00","breadcrumb":{"@id":"https:\/\/kvg-bus.de\/harburg\/linien-575-576-und-577-bauarbeiten-in-bremerhaven-04-05-28-08-2026\/#breadcrumb"},"inLanguage":"es","potentialAction":[{"@type":"ReadAction","target":["https:\/\/kvg-bus.de\/harburg\/linien-575-576-und-577-bauarbeiten-in-bremerhaven-04-05-28-08-2026\/"]}]},{"@type":"BreadcrumbList","@id":"https:\/\/kvg-bus.de\/harburg\/linien-575-576-und-577-bauarbeiten-in-bremerhaven-04-05-28-08-2026\/#breadcrumb","itemListElement":[{"@type":"ListItem","position":1,"name":"Startseite","item":"https:\/\/kvg-bus.de\/harburg\/"},{"@type":"ListItem","position":2,"name":"Linien 575, 576 und 577 | Bauarbeiten in Bremerhaven: 04.05. &#8211; 28.08.2026"}]},{"@type":"WebSite","@id":"https:\/\/kvg-bus.de\/harburg\/#website","url":"https:\/\/kvg-bus.de\/harburg\/","name":"KVG Harburg","description":"","publisher":{"@id":"https:\/\/kvg-bus.de\/harburg\/#organization"},"potentialAction":[{"@type":"SearchAction","target":{"@type":"EntryPoint","urlTemplate":"https:\/\/kvg-bus.de\/harburg\/?s={search_term_string}"},"query-input":{"@type":"PropertyValueSpecification","valueRequired":true,"valueName":"search_term_string"}}],"inLanguage":"es"},{"@type":"Organization","@id":"https:\/\/kvg-bus.de\/harburg\/#organization","name":"KVG Harburg","url":"https:\/\/kvg-bus.de\/harburg\/","logo":{"@type":"ImageObject","inLanguage":"es","@id":"https:\/\/kvg-bus.de\/harburg\/#\/schema\/logo\/image\/","url":"https:\/\/kvg-bus.de\/harburg\/wp-content\/uploads\/sites\/14\/kvg_logo-1.svg","contentUrl":"https:\/\/kvg-bus.de\/harburg\/wp-content\/uploads\/sites\/14\/kvg_logo-1.svg","caption":"KVG Harburg"},"image":{"@id":"https:\/\/kvg-bus.de\/harburg\/#\/schema\/logo\/image\/"}},{"@type":"Person","@id":"https:\/\/kvg-bus.de\/harburg\/#\/schema\/person\/21163faae47361c2f192d02daf80c70b","name":"cwacker","image":{"@type":"ImageObject","inLanguage":"es","@id":"https:\/\/secure.gravatar.com\/avatar\/40318dede2f7e5f74c99b749d1e16f53f2a0a37c33849d4206760eda50623d44?s=96&d=mm&r=g","url":"https:\/\/secure.gravatar.com\/avatar\/40318dede2f7e5f74c99b749d1e16f53f2a0a37c33849d4206760eda50623d44?s=96&d=mm&r=g","contentUrl":"https:\/\/secure.gravatar.com\/avatar\/40318dede2f7e5f74c99b749d1e16f53f2a0a37c33849d4206760eda50623d44?s=96&d=mm&r=g","caption":"cwacker"},"url":"https:\/\/kvg-bus.de\/harburg\/es\/author\/cwacker\/"}]}},"_links":{"self":[{"href":"https:\/\/kvg-bus.de\/harburg\/es\/wp-json\/wp\/v2\/posts\/1934","targetHints":{"allow":["GET"]}}],"collection":[{"href":"https:\/\/kvg-bus.de\/harburg\/es\/wp-json\/wp\/v2\/posts"}],"about":[{"href":"https:\/\/kvg-bus.de\/harburg\/es\/wp-json\/wp\/v2\/types\/post"}],"author":[{"embeddable":true,"href":"https:\/\/kvg-bus.de\/harburg\/es\/wp-json\/wp\/v2\/users\/9"}],"replies":[{"embeddable":true,"href":"https:\/\/kvg-bus.de\/harburg\/es\/wp-json\/wp\/v2\/comments?post=1934"}],"version-history":[{"count":0,"href":"https:\/\/kvg-bus.de\/harburg\/es\/wp-json\/wp\/v2\/posts\/1934\/revisions"}],"wp:attachment":[{"href":"https:\/\/kvg-bus.de\/harburg\/es\/wp-json\/wp\/v2\/media?parent=1934"}],"wp:term":[{"taxonomy":"category","embeddable":true,"href":"https:\/\/kvg-bus.de\/harburg\/es\/wp-json\/wp\/v2\/categories?post=1934"},{"taxonomy":"post_tag","embeddable":true,"href":"https:\/\/kvg-bus.de\/harburg\/es\/wp-json\/wp\/v2\/tags?post=1934"}],"curies":[{"name":"wp","href":"https:\/\/api.w.org\/{rel}","templated":true}]}}