{"id":2063,"date":"2026-09-01T16:12:06","date_gmt":"2026-09-01T14:12:06","guid":{"rendered":"https:\/\/kvg-bus.de\/harburg\/linien-1002-1004-1007-1008-1010-1014-1023-1024-und-1027-veranstaltung-in-cuxhaven-04-09-06-09-2026\/"},"modified":"2026-09-01T16:12:06","modified_gmt":"2026-09-01T14:12:06","slug":"linien-1002-1004-1007-1008-1010-1014-1023-1024-und-1027-veranstaltung-in-cuxhaven-04-09-06-09-2026","status":"publish","type":"post","link":"https:\/\/kvg-bus.de\/harburg\/cs\/linien-1002-1004-1007-1008-1010-1014-1023-1024-und-1027-veranstaltung-in-cuxhaven-04-09-06-09-2026\/","title":{"rendered":"Linky 1002, 1004, 1007, 1008, 1010, 1014, 1023, 1024 a 1027 | Akce v Cuxhavenu: 4. 9. \u2013 6. 9. 2026"},"content":{"rendered":"<p class=\"PDq2pG_selectionAnchorContainer\" data-start=\"117\" data-end=\"304\">Z <strong data-start=\"121\" data-end=\"154\">04. September 2026, 17:00 Uhr<\/strong> do <strong data-start=\"159\" data-end=\"192\">06. September 2026, 23:00 Uhr<\/strong> jsou <strong data-start=\"202\" data-end=\"217\">Silnice Dyke road<\/strong>, <strong data-start=\"219\" data-end=\"234\">Rohdestra\u00dfe<\/strong> a <strong data-start=\"239\" data-end=\"253\">Po\u0161tovn\u00ed ulice<\/strong> na adrese <strong data-start=\"257\" data-end=\"269\">Cuxhaven<\/strong> kv\u016fli <strong data-start=\"280\" data-end=\"294\">Buttfestes<\/strong> uzam\u010deno.<\/p>\n<p data-start=\"306\" data-end=\"485\">Na str\u00e1nk\u00e1ch <strong data-start=\"310\" data-end=\"376\">Linien 1002, 1004, 1007, 1008, 1010, 1014, 1023, 1024 und 1027<\/strong> proto odbo\u010dte p\u0159es <strong data-start=\"416\" data-end=\"441\">Konrad-Adenauer-Allee<\/strong> und teilweise \u00fcber die <strong data-start=\"465\" data-end=\"484\">Abendrothova ulice<\/strong>.<\/p>\n<p data-start=\"487\" data-end=\"633\">\u274c Zast\u00e1vky<br data-start=\"505\" data-end=\"508\" \/>\u201e<strong data-start=\"509\" data-end=\"537\">Cuxhaven, Schleusenpriel<\/strong>\u201c,<br data-start=\"539\" data-end=\"542\" \/>\u201e<strong data-start=\"543\" data-end=\"564\">Cuxhaven, centrum<\/strong>\u201c a<br data-start=\"569\" data-end=\"572\" \/>\u201e<strong data-start=\"573\" data-end=\"601\">Cuxhaven, m\u011bstsk\u00e1 spo\u0159itelna<\/strong>\u201c<br data-start=\"602\" data-end=\"605\" \/>nelze doru\u010dit.<\/p>\n<p data-start=\"635\" data-end=\"817\" data-is-last-node=\"\" data-is-only-node=\"\">\u2705 Cestuj\u00edc\u00ed pros\u00edme, aby p\u0159e\u0161li na autobusov\u00e9 zast\u00e1vky.<br data-start=\"681\" data-end=\"684\" \/>\u201e<strong data-start=\"685\" data-end=\"716\">Cuxhaven, Karl-Olfers-Platz<\/strong>\u201c,<br data-start=\"718\" data-end=\"721\" \/>\u201e<strong data-start=\"722\" data-end=\"763\">Cuxhaven, Vanneter Platz Schulzentrum<\/strong>\u201c a<br data-start=\"768\" data-end=\"771\" \/>\u201e<strong data-start=\"772\" data-end=\"811\">Cuxhaven, Abendrothstra\u00dfe\/Feuerwehr<\/strong>\u201c z.<\/p>","protected":false},"excerpt":{"rendered":"<p>Vom 04. September 2026, 17:00 Uhr bis 06. September 2026, 23:00 Uhr sind die Deichstra\u00dfe, Rohdestra\u00dfe und Poststra\u00dfe in Cuxhaven wegen des Buttfestes gesperrt. Die Linien 1002, 1004, 1007, 1008, 1010, 1014, 1023, 1024 und 1027 fahren deshalb eine Umleitung \u00fcber die Konrad-Adenauer-Allee und teilweise \u00fcber die Abendrothstra\u00dfe. \u274c Die Haltestellen\u201eCuxhaven, Schleusenpriel\u201c,\u201eCuxhaven, Centrum\u201c und\u201eCuxhaven, Stadtsparkasse\u201ck\u00f6nnen nicht bedient werden. \u2705 Fahrg\u00e4ste weichen bitte auf die Haltestellen\u201eCuxhaven, Karl-Olfers-Platz\u201c,\u201eCuxhaven, Vanneter Platz Schulzentrum\u201c und\u201eCuxhaven, Abendrothstra\u00dfe\/Feuerwehr\u201c aus.<\/p>","protected":false},"author":10,"featured_media":0,"comment_status":"open","ping_status":"open","sticky":false,"template":"","format":"standard","meta":{"footnotes":""},"categories":[75,33],"tags":[],"class_list":["post-2063","post","type-post","status-publish","format-standard","hentry","category-cuxhaven","category-fahrplanabweichungen"],"yoast_head":"<!-- This site is optimized with the Yoast SEO plugin v28.3 - https:\/\/yoast.com\/product\/yoast-seo-wordpress\/ -->\n<title>Linien 1002, 1004, 1007, 1008, 1010, 1014, 1023, 1024 und 1027 | Veranstaltung in Cuxhaven: 04.09. \u2013 06.09.2026 - KVG Harburg<\/title>\n<meta name=\"robots\" content=\"index, follow, max-snippet:-1, max-image-preview:large, max-video-preview:-1\" \/>\n<link rel=\"canonical\" href=\"https:\/\/kvg-bus.de\/harburg\/linien-1002-1004-1007-1008-1010-1014-1023-1024-und-1027-veranstaltung-in-cuxhaven-04-09-06-09-2026\/\" \/>\n<meta property=\"og:locale\" content=\"cs_CZ\" \/>\n<meta property=\"og:type\" content=\"article\" \/>\n<meta property=\"og:title\" content=\"Linien 1002, 1004, 1007, 1008, 1010, 1014, 1023, 1024 und 1027 | Veranstaltung in Cuxhaven: 04.09. \u2013 06.09.2026 - KVG Harburg\" \/>\n<meta property=\"og:description\" content=\"Vom 04. September 2026, 17:00 Uhr bis 06. September 2026, 23:00 Uhr sind die Deichstra\u00dfe, Rohdestra\u00dfe und Poststra\u00dfe in Cuxhaven wegen des Buttfestes gesperrt. Die Linien 1002, 1004, 1007, 1008, 1010, 1014, 1023, 1024 und 1027 fahren deshalb eine Umleitung \u00fcber die Konrad-Adenauer-Allee und teilweise \u00fcber die Abendrothstra\u00dfe. \u274c Die Haltestellen\u201eCuxhaven, Schleusenpriel\u201c,\u201eCuxhaven, Centrum\u201c und\u201eCuxhaven, Stadtsparkasse\u201ck\u00f6nnen nicht bedient werden. \u2705 Fahrg\u00e4ste weichen bitte auf die Haltestellen\u201eCuxhaven, Karl-Olfers-Platz\u201c,\u201eCuxhaven, Vanneter Platz Schulzentrum\u201c und\u201eCuxhaven, Abendrothstra\u00dfe\/Feuerwehr\u201c aus.\" \/>\n<meta property=\"og:url\" content=\"https:\/\/kvg-bus.de\/harburg\/linien-1002-1004-1007-1008-1010-1014-1023-1024-und-1027-veranstaltung-in-cuxhaven-04-09-06-09-2026\/\" \/>\n<meta property=\"og:site_name\" content=\"KVG Harburg\" \/>\n<meta property=\"article:published_time\" content=\"2026-09-01T14:12:06+00:00\" \/>\n<meta name=\"author\" content=\"mzimmermann\" \/>\n<meta name=\"twitter:card\" content=\"summary_large_image\" \/>\n<meta name=\"twitter:label1\" content=\"Napsal(a)\" \/>\n\t<meta name=\"twitter:data1\" content=\"mzimmermann\" \/>\n<script type=\"application\/ld+json\" class=\"yoast-schema-graph\">{\"@context\":\"https:\\\/\\\/schema.org\",\"@graph\":[{\"@type\":\"Article\",\"@id\":\"https:\\\/\\\/kvg-bus.de\\\/harburg\\\/linien-1002-1004-1007-1008-1010-1014-1023-1024-und-1027-veranstaltung-in-cuxhaven-04-09-06-09-2026\\\/#article\",\"isPartOf\":{\"@id\":\"https:\\\/\\\/kvg-bus.de\\\/harburg\\\/linien-1002-1004-1007-1008-1010-1014-1023-1024-und-1027-veranstaltung-in-cuxhaven-04-09-06-09-2026\\\/\"},\"author\":{\"name\":\"mzimmermann\",\"@id\":\"https:\\\/\\\/kvg-bus.de\\\/harburg\\\/#\\\/schema\\\/person\\\/5a5abfab092f868ec7cbe0f59e95749b\"},\"headline\":\"Linien 1002, 1004, 1007, 1008, 1010, 1014, 1023, 1024 und 1027 | Veranstaltung in Cuxhaven: 04.09. \u2013 06.09.2026\",\"datePublished\":\"2026-09-01T14:12:06+00:00\",\"mainEntityOfPage\":{\"@id\":\"https:\\\/\\\/kvg-bus.de\\\/harburg\\\/linien-1002-1004-1007-1008-1010-1014-1023-1024-und-1027-veranstaltung-in-cuxhaven-04-09-06-09-2026\\\/\"},\"wordCount\":77,\"commentCount\":0,\"publisher\":{\"@id\":\"https:\\\/\\\/kvg-bus.de\\\/harburg\\\/#organization\"},\"articleSection\":[\"Cuxhaven\",\"Fahrplanabweichungen\"],\"inLanguage\":\"cs\",\"potentialAction\":[{\"@type\":\"CommentAction\",\"name\":\"Comment\",\"target\":[\"https:\\\/\\\/kvg-bus.de\\\/harburg\\\/linien-1002-1004-1007-1008-1010-1014-1023-1024-und-1027-veranstaltung-in-cuxhaven-04-09-06-09-2026\\\/#respond\"]}]},{\"@type\":\"WebPage\",\"@id\":\"https:\\\/\\\/kvg-bus.de\\\/harburg\\\/linien-1002-1004-1007-1008-1010-1014-1023-1024-und-1027-veranstaltung-in-cuxhaven-04-09-06-09-2026\\\/\",\"url\":\"https:\\\/\\\/kvg-bus.de\\\/harburg\\\/linien-1002-1004-1007-1008-1010-1014-1023-1024-und-1027-veranstaltung-in-cuxhaven-04-09-06-09-2026\\\/\",\"name\":\"Linien 1002, 1004, 1007, 1008, 1010, 1014, 1023, 1024 und 1027 | Veranstaltung in Cuxhaven: 04.09. \u2013 06.09.2026 - KVG Harburg\",\"isPartOf\":{\"@id\":\"https:\\\/\\\/kvg-bus.de\\\/harburg\\\/#website\"},\"datePublished\":\"2026-09-01T14:12:06+00:00\",\"breadcrumb\":{\"@id\":\"https:\\\/\\\/kvg-bus.de\\\/harburg\\\/linien-1002-1004-1007-1008-1010-1014-1023-1024-und-1027-veranstaltung-in-cuxhaven-04-09-06-09-2026\\\/#breadcrumb\"},\"inLanguage\":\"cs\",\"potentialAction\":[{\"@type\":\"ReadAction\",\"target\":[\"https:\\\/\\\/kvg-bus.de\\\/harburg\\\/linien-1002-1004-1007-1008-1010-1014-1023-1024-und-1027-veranstaltung-in-cuxhaven-04-09-06-09-2026\\\/\"]}]},{\"@type\":\"BreadcrumbList\",\"@id\":\"https:\\\/\\\/kvg-bus.de\\\/harburg\\\/linien-1002-1004-1007-1008-1010-1014-1023-1024-und-1027-veranstaltung-in-cuxhaven-04-09-06-09-2026\\\/#breadcrumb\",\"itemListElement\":[{\"@type\":\"ListItem\",\"position\":1,\"name\":\"Startseite\",\"item\":\"https:\\\/\\\/kvg-bus.de\\\/harburg\\\/\"},{\"@type\":\"ListItem\",\"position\":2,\"name\":\"Linien 1002, 1004, 1007, 1008, 1010, 1014, 1023, 1024 und 1027 | Veranstaltung in Cuxhaven: 04.09. \u2013 06.09.2026\"}]},{\"@type\":\"WebSite\",\"@id\":\"https:\\\/\\\/kvg-bus.de\\\/harburg\\\/#website\",\"url\":\"https:\\\/\\\/kvg-bus.de\\\/harburg\\\/\",\"name\":\"KVG Harburg\",\"description\":\"\",\"publisher\":{\"@id\":\"https:\\\/\\\/kvg-bus.de\\\/harburg\\\/#organization\"},\"potentialAction\":[{\"@type\":\"SearchAction\",\"target\":{\"@type\":\"EntryPoint\",\"urlTemplate\":\"https:\\\/\\\/kvg-bus.de\\\/harburg\\\/?s={search_term_string}\"},\"query-input\":{\"@type\":\"PropertyValueSpecification\",\"valueRequired\":true,\"valueName\":\"search_term_string\"}}],\"inLanguage\":\"cs\"},{\"@type\":\"Organization\",\"@id\":\"https:\\\/\\\/kvg-bus.de\\\/harburg\\\/#organization\",\"name\":\"KVG Harburg\",\"url\":\"https:\\\/\\\/kvg-bus.de\\\/harburg\\\/\",\"logo\":{\"@type\":\"ImageObject\",\"inLanguage\":\"cs\",\"@id\":\"https:\\\/\\\/kvg-bus.de\\\/harburg\\\/#\\\/schema\\\/logo\\\/image\\\/\",\"url\":\"https:\\\/\\\/kvg-bus.de\\\/harburg\\\/wp-content\\\/uploads\\\/sites\\\/14\\\/kvg_logo-1.svg\",\"contentUrl\":\"https:\\\/\\\/kvg-bus.de\\\/harburg\\\/wp-content\\\/uploads\\\/sites\\\/14\\\/kvg_logo-1.svg\",\"caption\":\"KVG Harburg\"},\"image\":{\"@id\":\"https:\\\/\\\/kvg-bus.de\\\/harburg\\\/#\\\/schema\\\/logo\\\/image\\\/\"}},{\"@type\":\"Person\",\"@id\":\"https:\\\/\\\/kvg-bus.de\\\/harburg\\\/#\\\/schema\\\/person\\\/5a5abfab092f868ec7cbe0f59e95749b\",\"name\":\"mzimmermann\",\"image\":{\"@type\":\"ImageObject\",\"inLanguage\":\"cs\",\"@id\":\"https:\\\/\\\/secure.gravatar.com\\\/avatar\\\/0f69d8b83e3b3e54f0b766684bb3fd6649f0081ecdbff759ed4b19e5df68d1e4?s=96&d=mm&r=g\",\"url\":\"https:\\\/\\\/secure.gravatar.com\\\/avatar\\\/0f69d8b83e3b3e54f0b766684bb3fd6649f0081ecdbff759ed4b19e5df68d1e4?s=96&d=mm&r=g\",\"contentUrl\":\"https:\\\/\\\/secure.gravatar.com\\\/avatar\\\/0f69d8b83e3b3e54f0b766684bb3fd6649f0081ecdbff759ed4b19e5df68d1e4?s=96&d=mm&r=g\",\"caption\":\"mzimmermann\"},\"url\":\"https:\\\/\\\/kvg-bus.de\\\/harburg\\\/cs\\\/author\\\/mzimmermann\\\/\"}]}<\/script>\n<!-- \/ Yoast SEO plugin. -->","yoast_head_json":{"title":"Linien 1002, 1004, 1007, 1008, 1010, 1014, 1023, 1024 und 1027 | Veranstaltung in Cuxhaven: 04.09. \u2013 06.09.2026 - KVG Harburg","robots":{"index":"index","follow":"follow","max-snippet":"max-snippet:-1","max-image-preview":"max-image-preview:large","max-video-preview":"max-video-preview:-1"},"canonical":"https:\/\/kvg-bus.de\/harburg\/linien-1002-1004-1007-1008-1010-1014-1023-1024-und-1027-veranstaltung-in-cuxhaven-04-09-06-09-2026\/","og_locale":"cs_CZ","og_type":"article","og_title":"Linien 1002, 1004, 1007, 1008, 1010, 1014, 1023, 1024 und 1027 | Veranstaltung in Cuxhaven: 04.09. \u2013 06.09.2026 - KVG Harburg","og_description":"Vom 04. September 2026, 17:00 Uhr bis 06. September 2026, 23:00 Uhr sind die Deichstra\u00dfe, Rohdestra\u00dfe und Poststra\u00dfe in Cuxhaven wegen des Buttfestes gesperrt. Die Linien 1002, 1004, 1007, 1008, 1010, 1014, 1023, 1024 und 1027 fahren deshalb eine Umleitung \u00fcber die Konrad-Adenauer-Allee und teilweise \u00fcber die Abendrothstra\u00dfe. \u274c Die Haltestellen\u201eCuxhaven, Schleusenpriel\u201c,\u201eCuxhaven, Centrum\u201c und\u201eCuxhaven, Stadtsparkasse\u201ck\u00f6nnen nicht bedient werden. \u2705 Fahrg\u00e4ste weichen bitte auf die Haltestellen\u201eCuxhaven, Karl-Olfers-Platz\u201c,\u201eCuxhaven, Vanneter Platz Schulzentrum\u201c und\u201eCuxhaven, Abendrothstra\u00dfe\/Feuerwehr\u201c aus.","og_url":"https:\/\/kvg-bus.de\/harburg\/linien-1002-1004-1007-1008-1010-1014-1023-1024-und-1027-veranstaltung-in-cuxhaven-04-09-06-09-2026\/","og_site_name":"KVG Harburg","article_published_time":"2026-09-01T14:12:06+00:00","author":"mzimmermann","twitter_card":"summary_large_image","twitter_misc":{"Napsal(a)":"mzimmermann"},"schema":{"@context":"https:\/\/schema.org","@graph":[{"@type":"Article","@id":"https:\/\/kvg-bus.de\/harburg\/linien-1002-1004-1007-1008-1010-1014-1023-1024-und-1027-veranstaltung-in-cuxhaven-04-09-06-09-2026\/#article","isPartOf":{"@id":"https:\/\/kvg-bus.de\/harburg\/linien-1002-1004-1007-1008-1010-1014-1023-1024-und-1027-veranstaltung-in-cuxhaven-04-09-06-09-2026\/"},"author":{"name":"mzimmermann","@id":"https:\/\/kvg-bus.de\/harburg\/#\/schema\/person\/5a5abfab092f868ec7cbe0f59e95749b"},"headline":"Linien 1002, 1004, 1007, 1008, 1010, 1014, 1023, 1024 und 1027 | Veranstaltung in Cuxhaven: 04.09. \u2013 06.09.2026","datePublished":"2026-09-01T14:12:06+00:00","mainEntityOfPage":{"@id":"https:\/\/kvg-bus.de\/harburg\/linien-1002-1004-1007-1008-1010-1014-1023-1024-und-1027-veranstaltung-in-cuxhaven-04-09-06-09-2026\/"},"wordCount":77,"commentCount":0,"publisher":{"@id":"https:\/\/kvg-bus.de\/harburg\/#organization"},"articleSection":["Cuxhaven","Fahrplanabweichungen"],"inLanguage":"cs","potentialAction":[{"@type":"CommentAction","name":"Comment","target":["https:\/\/kvg-bus.de\/harburg\/linien-1002-1004-1007-1008-1010-1014-1023-1024-und-1027-veranstaltung-in-cuxhaven-04-09-06-09-2026\/#respond"]}]},{"@type":"WebPage","@id":"https:\/\/kvg-bus.de\/harburg\/linien-1002-1004-1007-1008-1010-1014-1023-1024-und-1027-veranstaltung-in-cuxhaven-04-09-06-09-2026\/","url":"https:\/\/kvg-bus.de\/harburg\/linien-1002-1004-1007-1008-1010-1014-1023-1024-und-1027-veranstaltung-in-cuxhaven-04-09-06-09-2026\/","name":"Linien 1002, 1004, 1007, 1008, 1010, 1014, 1023, 1024 und 1027 | Veranstaltung in Cuxhaven: 04.09. \u2013 06.09.2026 - KVG Harburg","isPartOf":{"@id":"https:\/\/kvg-bus.de\/harburg\/#website"},"datePublished":"2026-09-01T14:12:06+00:00","breadcrumb":{"@id":"https:\/\/kvg-bus.de\/harburg\/linien-1002-1004-1007-1008-1010-1014-1023-1024-und-1027-veranstaltung-in-cuxhaven-04-09-06-09-2026\/#breadcrumb"},"inLanguage":"cs","potentialAction":[{"@type":"ReadAction","target":["https:\/\/kvg-bus.de\/harburg\/linien-1002-1004-1007-1008-1010-1014-1023-1024-und-1027-veranstaltung-in-cuxhaven-04-09-06-09-2026\/"]}]},{"@type":"BreadcrumbList","@id":"https:\/\/kvg-bus.de\/harburg\/linien-1002-1004-1007-1008-1010-1014-1023-1024-und-1027-veranstaltung-in-cuxhaven-04-09-06-09-2026\/#breadcrumb","itemListElement":[{"@type":"ListItem","position":1,"name":"Startseite","item":"https:\/\/kvg-bus.de\/harburg\/"},{"@type":"ListItem","position":2,"name":"Linien 1002, 1004, 1007, 1008, 1010, 1014, 1023, 1024 und 1027 | Veranstaltung in Cuxhaven: 04.09. \u2013 06.09.2026"}]},{"@type":"WebSite","@id":"https:\/\/kvg-bus.de\/harburg\/#website","url":"https:\/\/kvg-bus.de\/harburg\/","name":"KVG Harburg","description":"","publisher":{"@id":"https:\/\/kvg-bus.de\/harburg\/#organization"},"potentialAction":[{"@type":"SearchAction","target":{"@type":"EntryPoint","urlTemplate":"https:\/\/kvg-bus.de\/harburg\/?s={search_term_string}"},"query-input":{"@type":"PropertyValueSpecification","valueRequired":true,"valueName":"search_term_string"}}],"inLanguage":"cs"},{"@type":"Organization","@id":"https:\/\/kvg-bus.de\/harburg\/#organization","name":"KVG Harburg","url":"https:\/\/kvg-bus.de\/harburg\/","logo":{"@type":"ImageObject","inLanguage":"cs","@id":"https:\/\/kvg-bus.de\/harburg\/#\/schema\/logo\/image\/","url":"https:\/\/kvg-bus.de\/harburg\/wp-content\/uploads\/sites\/14\/kvg_logo-1.svg","contentUrl":"https:\/\/kvg-bus.de\/harburg\/wp-content\/uploads\/sites\/14\/kvg_logo-1.svg","caption":"KVG Harburg"},"image":{"@id":"https:\/\/kvg-bus.de\/harburg\/#\/schema\/logo\/image\/"}},{"@type":"Person","@id":"https:\/\/kvg-bus.de\/harburg\/#\/schema\/person\/5a5abfab092f868ec7cbe0f59e95749b","name":"mzimmermann","image":{"@type":"ImageObject","inLanguage":"cs","@id":"https:\/\/secure.gravatar.com\/avatar\/0f69d8b83e3b3e54f0b766684bb3fd6649f0081ecdbff759ed4b19e5df68d1e4?s=96&d=mm&r=g","url":"https:\/\/secure.gravatar.com\/avatar\/0f69d8b83e3b3e54f0b766684bb3fd6649f0081ecdbff759ed4b19e5df68d1e4?s=96&d=mm&r=g","contentUrl":"https:\/\/secure.gravatar.com\/avatar\/0f69d8b83e3b3e54f0b766684bb3fd6649f0081ecdbff759ed4b19e5df68d1e4?s=96&d=mm&r=g","caption":"mzimmermann"},"url":"https:\/\/kvg-bus.de\/harburg\/cs\/author\/mzimmermann\/"}]}},"_links":{"self":[{"href":"https:\/\/kvg-bus.de\/harburg\/cs\/wp-json\/wp\/v2\/posts\/2063","targetHints":{"allow":["GET"]}}],"collection":[{"href":"https:\/\/kvg-bus.de\/harburg\/cs\/wp-json\/wp\/v2\/posts"}],"about":[{"href":"https:\/\/kvg-bus.de\/harburg\/cs\/wp-json\/wp\/v2\/types\/post"}],"author":[{"embeddable":true,"href":"https:\/\/kvg-bus.de\/harburg\/cs\/wp-json\/wp\/v2\/users\/10"}],"replies":[{"embeddable":true,"href":"https:\/\/kvg-bus.de\/harburg\/cs\/wp-json\/wp\/v2\/comments?post=2063"}],"version-history":[{"count":0,"href":"https:\/\/kvg-bus.de\/harburg\/cs\/wp-json\/wp\/v2\/posts\/2063\/revisions"}],"wp:attachment":[{"href":"https:\/\/kvg-bus.de\/harburg\/cs\/wp-json\/wp\/v2\/media?parent=2063"}],"wp:term":[{"taxonomy":"category","embeddable":true,"href":"https:\/\/kvg-bus.de\/harburg\/cs\/wp-json\/wp\/v2\/categories?post=2063"},{"taxonomy":"post_tag","embeddable":true,"href":"https:\/\/kvg-bus.de\/harburg\/cs\/wp-json\/wp\/v2\/tags?post=2063"}],"curies":[{"name":"wp","href":"https:\/\/api.w.org\/{rel}","templated":true}]}}