{"id":2190,"date":"2026-09-01T16:02:34","date_gmt":"2026-09-01T14:02:34","guid":{"rendered":"https:\/\/kvg-bus.de\/cuxhaven\/linien-4621-4623-und-4642-bauarbeiten-in-kakenstorf-31-08-11-09-2026\/"},"modified":"2026-09-01T16:02:34","modified_gmt":"2026-09-01T14:02:34","slug":"linien-4621-4623-und-4642-bauarbeiten-in-kakenstorf-31-08-11-09-2026","status":"publish","type":"post","link":"https:\/\/kvg-bus.de\/cuxhaven\/ru\/linien-4621-4623-und-4642-bauarbeiten-in-kakenstorf-31-08-11-09-2026\/","title":{"rendered":"\u041c\u0430\u0440\u0448\u0440\u0443\u0442\u044b 4621, 4623 \u0438 4642 | \u0421\u0442\u0440\u043e\u0438\u0442\u0435\u043b\u044c\u043d\u044b\u0435 \u0440\u0430\u0431\u043e\u0442\u044b \u0432 \u041a\u0430\u043a\u0435\u043d\u0441\u0442\u043e\u0440\u0444\u0435: 31 \u0430\u0432\u0433\u0443\u0441\u0442\u0430 \u2013 11 \u0441\u0435\u043d\u0442\u044f\u0431\u0440\u044f 2026 \u0433\u043e\u0434\u0430"},"content":{"rendered":"<p class=\"PDq2pG_selectionAnchorContainer\" data-start=\"81\" data-end=\"208\">\u0418\u0437 <strong data-start=\"85\" data-end=\"104\">31 \u0430\u0432\u0433\u0443\u0441\u0442\u0430 2026 \u0433\u043e\u0434\u0430<\/strong> \u0434\u043e <strong data-start=\"109\" data-end=\"131\">11 \u0441\u0435\u043d\u0442\u044f\u0431\u0440\u044f 2026 \u0433\u043e\u0434\u0430<\/strong> \u044d\u0442\u043e <strong data-start=\"140\" data-end=\"156\">Weidenstra\u00dfe<\/strong> \u0432 <strong data-start=\"160\" data-end=\"174\">Kakenstorf<\/strong> \u0438\u0437-\u0437\u0430 <strong data-start=\"181\" data-end=\"198\">\u0420\u0430\u0431\u043e\u0442\u0430 \u043d\u0430 \u043a\u0430\u043d\u0430\u043b\u0435<\/strong> \u0437\u0430\u043f\u0435\u0440\u0442\u043e.<\/p>\n<p data-start=\"210\" data-end=\"301\">\u0421\u0430\u0439\u0442 <strong data-start=\"214\" data-end=\"244\">Linien 4621, 4623 und 4642<\/strong> \u043f\u043e\u044d\u0442\u043e\u043c\u0443 \u0441\u043b\u0435\u0434\u0443\u0435\u0442 \u0441\u0432\u0435\u0440\u043d\u0443\u0442\u044c \u0441 \u0434\u043e\u0440\u043e\u0433\u0438 \u0447\u0435\u0440\u0435\u0437 <strong data-start=\"284\" data-end=\"300\">Lange Stra\u00dfe<\/strong>.<\/p>\n<p data-start=\"303\" data-end=\"410\">\u27a1\ufe0f The <strong data-start=\"310\" data-end=\"350\">Fahrten 2651 und 2658 der Linie 4642<\/strong> fahren abweichend eine Umleitung \u00fcber <strong data-start=\"389\" data-end=\"409\">\u041f\u043e\u0434 \u0434\u0443\u0431\u0430\u043c\u0438<\/strong>.<\/p>\n<p data-start=\"412\" data-end=\"482\">\u274c \u0410\u0432\u0442\u043e\u0431\u0443\u0441\u043d\u0430\u044f \u043e\u0441\u0442\u0430\u043d\u043e\u0432\u043a\u0430 \u201e<strong data-start=\"431\" data-end=\"454\">Kakenstorf, Denkmal<\/strong>\u201c \u043d\u0435 \u043c\u043e\u0436\u0435\u0442 \u0431\u044b\u0442\u044c \u0438\u0441\u043f\u043e\u043b\u044c\u0437\u043e\u0432\u0430\u043d.<\/p>\n<p data-start=\"484\" data-end=\"563\" data-is-last-node=\"\" data-is-only-node=\"\">\u2705 \u041f\u0430\u0441\u0441\u0430\u0436\u0438\u0440\u0430\u043c \u043d\u0435\u043e\u0431\u0445\u043e\u0434\u0438\u043c\u043e \u043f\u0435\u0440\u0435\u0439\u0442\u0438 \u043d\u0430 \u043e\u0441\u0442\u0430\u043d\u043e\u0432\u043a\u0443 \u201e<strong data-start=\"531\" data-end=\"557\">Kakenstorf, Bachstra\u00dfe<\/strong>\u201c \u043e\u0442.<\/p>","protected":false},"excerpt":{"rendered":"<p>Vom 31. August 2026 bis 11. September 2026 ist die Weidenstra\u00dfe in Kakenstorf wegen Kanalarbeiten gesperrt. Die Linien 4621, 4623 und 4642 fahren deshalb eine Umleitung \u00fcber die Lange Stra\u00dfe. \u27a1\ufe0f Die Fahrten 2651 und 2658 der Linie 4642 fahren abweichend eine Umleitung \u00fcber Unter den Eichen. \u274c Die Haltestelle \u201eKakenstorf, Denkmal\u201c kann nicht bedient werden. \u2705 Fahrg\u00e4ste weichen bitte auf die Haltestelle \u201eKakenstorf, Bachstra\u00dfe\u201c aus.<\/p>","protected":false},"author":10,"featured_media":0,"comment_status":"open","ping_status":"open","sticky":false,"template":"","format":"standard","meta":{"footnotes":""},"categories":[76,33],"tags":[],"class_list":["post-2190","post","type-post","status-publish","format-standard","hentry","category-harburg","category-fahrplanabweichungen"],"yoast_head":"<!-- This site is optimized with the Yoast SEO plugin v28.3 - https:\/\/yoast.com\/product\/yoast-seo-wordpress\/ -->\n<title>Linien 4621, 4623 und 4642 | Bauarbeiten in Kakenstorf: 31.08. \u2013 11.09.2026 - KVG Cuxhaven<\/title>\n<meta name=\"robots\" content=\"index, follow, max-snippet:-1, max-image-preview:large, max-video-preview:-1\" \/>\n<link rel=\"canonical\" href=\"https:\/\/kvg-bus.de\/cuxhaven\/linien-4621-4623-und-4642-bauarbeiten-in-kakenstorf-31-08-11-09-2026\/\" \/>\n<meta property=\"og:locale\" content=\"ru_RU\" \/>\n<meta property=\"og:type\" content=\"article\" \/>\n<meta property=\"og:title\" content=\"Linien 4621, 4623 und 4642 | Bauarbeiten in Kakenstorf: 31.08. \u2013 11.09.2026 - KVG Cuxhaven\" \/>\n<meta property=\"og:description\" content=\"Vom 31. August 2026 bis 11. September 2026 ist die Weidenstra\u00dfe in Kakenstorf wegen Kanalarbeiten gesperrt. Die Linien 4621, 4623 und 4642 fahren deshalb eine Umleitung \u00fcber die Lange Stra\u00dfe. \u27a1\ufe0f Die Fahrten 2651 und 2658 der Linie 4642 fahren abweichend eine Umleitung \u00fcber Unter den Eichen. \u274c Die Haltestelle \u201eKakenstorf, Denkmal\u201c kann nicht bedient werden. \u2705 Fahrg\u00e4ste weichen bitte auf die Haltestelle \u201eKakenstorf, Bachstra\u00dfe\u201c aus.\" \/>\n<meta property=\"og:url\" content=\"https:\/\/kvg-bus.de\/cuxhaven\/linien-4621-4623-und-4642-bauarbeiten-in-kakenstorf-31-08-11-09-2026\/\" \/>\n<meta property=\"og:site_name\" content=\"KVG Cuxhaven\" \/>\n<meta property=\"article:published_time\" content=\"2026-09-01T14:02:34+00:00\" \/>\n<meta name=\"author\" content=\"mzimmermann\" \/>\n<meta name=\"twitter:card\" content=\"summary_large_image\" \/>\n<meta name=\"twitter:label1\" content=\"\u041d\u0430\u043f\u0438\u0441\u0430\u043d\u043e \u0430\u0432\u0442\u043e\u0440\u043e\u043c\" \/>\n\t<meta name=\"twitter:data1\" content=\"mzimmermann\" \/>\n<script type=\"application\/ld+json\" class=\"yoast-schema-graph\">{\"@context\":\"https:\\\/\\\/schema.org\",\"@graph\":[{\"@type\":\"Article\",\"@id\":\"https:\\\/\\\/kvg-bus.de\\\/cuxhaven\\\/linien-4621-4623-und-4642-bauarbeiten-in-kakenstorf-31-08-11-09-2026\\\/#article\",\"isPartOf\":{\"@id\":\"https:\\\/\\\/kvg-bus.de\\\/cuxhaven\\\/linien-4621-4623-und-4642-bauarbeiten-in-kakenstorf-31-08-11-09-2026\\\/\"},\"author\":{\"name\":\"mzimmermann\",\"@id\":\"https:\\\/\\\/kvg-bus.de\\\/cuxhaven\\\/#\\\/schema\\\/person\\\/5a5abfab092f868ec7cbe0f59e95749b\"},\"headline\":\"Linien 4621, 4623 und 4642 | Bauarbeiten in Kakenstorf: 31.08. \u2013 11.09.2026\",\"datePublished\":\"2026-09-01T14:02:34+00:00\",\"mainEntityOfPage\":{\"@id\":\"https:\\\/\\\/kvg-bus.de\\\/cuxhaven\\\/linien-4621-4623-und-4642-bauarbeiten-in-kakenstorf-31-08-11-09-2026\\\/\"},\"wordCount\":66,\"commentCount\":0,\"publisher\":{\"@id\":\"https:\\\/\\\/kvg-bus.de\\\/cuxhaven\\\/#organization\"},\"articleSection\":[\"Harburg\",\"Fahrplanabweichungen\"],\"inLanguage\":\"ru-RU\",\"potentialAction\":[{\"@type\":\"CommentAction\",\"name\":\"Comment\",\"target\":[\"https:\\\/\\\/kvg-bus.de\\\/cuxhaven\\\/linien-4621-4623-und-4642-bauarbeiten-in-kakenstorf-31-08-11-09-2026\\\/#respond\"]}]},{\"@type\":\"WebPage\",\"@id\":\"https:\\\/\\\/kvg-bus.de\\\/cuxhaven\\\/linien-4621-4623-und-4642-bauarbeiten-in-kakenstorf-31-08-11-09-2026\\\/\",\"url\":\"https:\\\/\\\/kvg-bus.de\\\/cuxhaven\\\/linien-4621-4623-und-4642-bauarbeiten-in-kakenstorf-31-08-11-09-2026\\\/\",\"name\":\"Linien 4621, 4623 und 4642 | Bauarbeiten in Kakenstorf: 31.08. \u2013 11.09.2026 - KVG Cuxhaven\",\"isPartOf\":{\"@id\":\"https:\\\/\\\/kvg-bus.de\\\/cuxhaven\\\/#website\"},\"datePublished\":\"2026-09-01T14:02:34+00:00\",\"breadcrumb\":{\"@id\":\"https:\\\/\\\/kvg-bus.de\\\/cuxhaven\\\/linien-4621-4623-und-4642-bauarbeiten-in-kakenstorf-31-08-11-09-2026\\\/#breadcrumb\"},\"inLanguage\":\"ru-RU\",\"potentialAction\":[{\"@type\":\"ReadAction\",\"target\":[\"https:\\\/\\\/kvg-bus.de\\\/cuxhaven\\\/linien-4621-4623-und-4642-bauarbeiten-in-kakenstorf-31-08-11-09-2026\\\/\"]}]},{\"@type\":\"BreadcrumbList\",\"@id\":\"https:\\\/\\\/kvg-bus.de\\\/cuxhaven\\\/linien-4621-4623-und-4642-bauarbeiten-in-kakenstorf-31-08-11-09-2026\\\/#breadcrumb\",\"itemListElement\":[{\"@type\":\"ListItem\",\"position\":1,\"name\":\"Startseite\",\"item\":\"https:\\\/\\\/kvg-bus.de\\\/cuxhaven\\\/\"},{\"@type\":\"ListItem\",\"position\":2,\"name\":\"Linien 4621, 4623 und 4642 | Bauarbeiten in Kakenstorf: 31.08. \u2013 11.09.2026\"}]},{\"@type\":\"WebSite\",\"@id\":\"https:\\\/\\\/kvg-bus.de\\\/cuxhaven\\\/#website\",\"url\":\"https:\\\/\\\/kvg-bus.de\\\/cuxhaven\\\/\",\"name\":\"KVG Cuxhaven\",\"description\":\"\",\"publisher\":{\"@id\":\"https:\\\/\\\/kvg-bus.de\\\/cuxhaven\\\/#organization\"},\"potentialAction\":[{\"@type\":\"SearchAction\",\"target\":{\"@type\":\"EntryPoint\",\"urlTemplate\":\"https:\\\/\\\/kvg-bus.de\\\/cuxhaven\\\/?s={search_term_string}\"},\"query-input\":{\"@type\":\"PropertyValueSpecification\",\"valueRequired\":true,\"valueName\":\"search_term_string\"}}],\"inLanguage\":\"ru-RU\"},{\"@type\":\"Organization\",\"@id\":\"https:\\\/\\\/kvg-bus.de\\\/cuxhaven\\\/#organization\",\"name\":\"KVG Cuxhaven\",\"url\":\"https:\\\/\\\/kvg-bus.de\\\/cuxhaven\\\/\",\"logo\":{\"@type\":\"ImageObject\",\"inLanguage\":\"ru-RU\",\"@id\":\"https:\\\/\\\/kvg-bus.de\\\/cuxhaven\\\/#\\\/schema\\\/logo\\\/image\\\/\",\"url\":\"https:\\\/\\\/kvg-bus.de\\\/cuxhaven\\\/wp-content\\\/uploads\\\/sites\\\/14\\\/kvg_logo-1.svg\",\"contentUrl\":\"https:\\\/\\\/kvg-bus.de\\\/cuxhaven\\\/wp-content\\\/uploads\\\/sites\\\/14\\\/kvg_logo-1.svg\",\"caption\":\"KVG Cuxhaven\"},\"image\":{\"@id\":\"https:\\\/\\\/kvg-bus.de\\\/cuxhaven\\\/#\\\/schema\\\/logo\\\/image\\\/\"}},{\"@type\":\"Person\",\"@id\":\"https:\\\/\\\/kvg-bus.de\\\/cuxhaven\\\/#\\\/schema\\\/person\\\/5a5abfab092f868ec7cbe0f59e95749b\",\"name\":\"mzimmermann\",\"image\":{\"@type\":\"ImageObject\",\"inLanguage\":\"ru-RU\",\"@id\":\"https:\\\/\\\/secure.gravatar.com\\\/avatar\\\/0f69d8b83e3b3e54f0b766684bb3fd6649f0081ecdbff759ed4b19e5df68d1e4?s=96&d=mm&r=g\",\"url\":\"https:\\\/\\\/secure.gravatar.com\\\/avatar\\\/0f69d8b83e3b3e54f0b766684bb3fd6649f0081ecdbff759ed4b19e5df68d1e4?s=96&d=mm&r=g\",\"contentUrl\":\"https:\\\/\\\/secure.gravatar.com\\\/avatar\\\/0f69d8b83e3b3e54f0b766684bb3fd6649f0081ecdbff759ed4b19e5df68d1e4?s=96&d=mm&r=g\",\"caption\":\"mzimmermann\"},\"url\":\"https:\\\/\\\/kvg-bus.de\\\/cuxhaven\\\/ru\\\/author\\\/mzimmermann\\\/\"}]}<\/script>\n<!-- \/ Yoast SEO plugin. -->","yoast_head_json":{"title":"Linien 4621, 4623 und 4642 | Bauarbeiten in Kakenstorf: 31.08. \u2013 11.09.2026 - KVG Cuxhaven","robots":{"index":"index","follow":"follow","max-snippet":"max-snippet:-1","max-image-preview":"max-image-preview:large","max-video-preview":"max-video-preview:-1"},"canonical":"https:\/\/kvg-bus.de\/cuxhaven\/linien-4621-4623-und-4642-bauarbeiten-in-kakenstorf-31-08-11-09-2026\/","og_locale":"ru_RU","og_type":"article","og_title":"Linien 4621, 4623 und 4642 | Bauarbeiten in Kakenstorf: 31.08. \u2013 11.09.2026 - KVG Cuxhaven","og_description":"Vom 31. August 2026 bis 11. September 2026 ist die Weidenstra\u00dfe in Kakenstorf wegen Kanalarbeiten gesperrt. Die Linien 4621, 4623 und 4642 fahren deshalb eine Umleitung \u00fcber die Lange Stra\u00dfe. \u27a1\ufe0f Die Fahrten 2651 und 2658 der Linie 4642 fahren abweichend eine Umleitung \u00fcber Unter den Eichen. \u274c Die Haltestelle \u201eKakenstorf, Denkmal\u201c kann nicht bedient werden. \u2705 Fahrg\u00e4ste weichen bitte auf die Haltestelle \u201eKakenstorf, Bachstra\u00dfe\u201c aus.","og_url":"https:\/\/kvg-bus.de\/cuxhaven\/linien-4621-4623-und-4642-bauarbeiten-in-kakenstorf-31-08-11-09-2026\/","og_site_name":"KVG Cuxhaven","article_published_time":"2026-09-01T14:02:34+00:00","author":"mzimmermann","twitter_card":"summary_large_image","twitter_misc":{"\u041d\u0430\u043f\u0438\u0441\u0430\u043d\u043e \u0430\u0432\u0442\u043e\u0440\u043e\u043c":"mzimmermann"},"schema":{"@context":"https:\/\/schema.org","@graph":[{"@type":"Article","@id":"https:\/\/kvg-bus.de\/cuxhaven\/linien-4621-4623-und-4642-bauarbeiten-in-kakenstorf-31-08-11-09-2026\/#article","isPartOf":{"@id":"https:\/\/kvg-bus.de\/cuxhaven\/linien-4621-4623-und-4642-bauarbeiten-in-kakenstorf-31-08-11-09-2026\/"},"author":{"name":"mzimmermann","@id":"https:\/\/kvg-bus.de\/cuxhaven\/#\/schema\/person\/5a5abfab092f868ec7cbe0f59e95749b"},"headline":"Linien 4621, 4623 und 4642 | Bauarbeiten in Kakenstorf: 31.08. \u2013 11.09.2026","datePublished":"2026-09-01T14:02:34+00:00","mainEntityOfPage":{"@id":"https:\/\/kvg-bus.de\/cuxhaven\/linien-4621-4623-und-4642-bauarbeiten-in-kakenstorf-31-08-11-09-2026\/"},"wordCount":66,"commentCount":0,"publisher":{"@id":"https:\/\/kvg-bus.de\/cuxhaven\/#organization"},"articleSection":["Harburg","Fahrplanabweichungen"],"inLanguage":"ru-RU","potentialAction":[{"@type":"CommentAction","name":"Comment","target":["https:\/\/kvg-bus.de\/cuxhaven\/linien-4621-4623-und-4642-bauarbeiten-in-kakenstorf-31-08-11-09-2026\/#respond"]}]},{"@type":"WebPage","@id":"https:\/\/kvg-bus.de\/cuxhaven\/linien-4621-4623-und-4642-bauarbeiten-in-kakenstorf-31-08-11-09-2026\/","url":"https:\/\/kvg-bus.de\/cuxhaven\/linien-4621-4623-und-4642-bauarbeiten-in-kakenstorf-31-08-11-09-2026\/","name":"Linien 4621, 4623 und 4642 | Bauarbeiten in Kakenstorf: 31.08. \u2013 11.09.2026 - KVG Cuxhaven","isPartOf":{"@id":"https:\/\/kvg-bus.de\/cuxhaven\/#website"},"datePublished":"2026-09-01T14:02:34+00:00","breadcrumb":{"@id":"https:\/\/kvg-bus.de\/cuxhaven\/linien-4621-4623-und-4642-bauarbeiten-in-kakenstorf-31-08-11-09-2026\/#breadcrumb"},"inLanguage":"ru-RU","potentialAction":[{"@type":"ReadAction","target":["https:\/\/kvg-bus.de\/cuxhaven\/linien-4621-4623-und-4642-bauarbeiten-in-kakenstorf-31-08-11-09-2026\/"]}]},{"@type":"BreadcrumbList","@id":"https:\/\/kvg-bus.de\/cuxhaven\/linien-4621-4623-und-4642-bauarbeiten-in-kakenstorf-31-08-11-09-2026\/#breadcrumb","itemListElement":[{"@type":"ListItem","position":1,"name":"Startseite","item":"https:\/\/kvg-bus.de\/cuxhaven\/"},{"@type":"ListItem","position":2,"name":"Linien 4621, 4623 und 4642 | Bauarbeiten in Kakenstorf: 31.08. \u2013 11.09.2026"}]},{"@type":"WebSite","@id":"https:\/\/kvg-bus.de\/cuxhaven\/#website","url":"https:\/\/kvg-bus.de\/cuxhaven\/","name":"KVG \u041a\u0443\u043a\u0441\u0445\u0430\u0432\u0435\u043d","description":"","publisher":{"@id":"https:\/\/kvg-bus.de\/cuxhaven\/#organization"},"potentialAction":[{"@type":"SearchAction","target":{"@type":"EntryPoint","urlTemplate":"https:\/\/kvg-bus.de\/cuxhaven\/?s={search_term_string}"},"query-input":{"@type":"PropertyValueSpecification","valueRequired":true,"valueName":"search_term_string"}}],"inLanguage":"ru-RU"},{"@type":"Organization","@id":"https:\/\/kvg-bus.de\/cuxhaven\/#organization","name":"KVG \u041a\u0443\u043a\u0441\u0445\u0430\u0432\u0435\u043d","url":"https:\/\/kvg-bus.de\/cuxhaven\/","logo":{"@type":"ImageObject","inLanguage":"ru-RU","@id":"https:\/\/kvg-bus.de\/cuxhaven\/#\/schema\/logo\/image\/","url":"https:\/\/kvg-bus.de\/cuxhaven\/wp-content\/uploads\/sites\/14\/kvg_logo-1.svg","contentUrl":"https:\/\/kvg-bus.de\/cuxhaven\/wp-content\/uploads\/sites\/14\/kvg_logo-1.svg","caption":"KVG Cuxhaven"},"image":{"@id":"https:\/\/kvg-bus.de\/cuxhaven\/#\/schema\/logo\/image\/"}},{"@type":"Person","@id":"https:\/\/kvg-bus.de\/cuxhaven\/#\/schema\/person\/5a5abfab092f868ec7cbe0f59e95749b","name":"mzimmermann","image":{"@type":"ImageObject","inLanguage":"ru-RU","@id":"https:\/\/secure.gravatar.com\/avatar\/0f69d8b83e3b3e54f0b766684bb3fd6649f0081ecdbff759ed4b19e5df68d1e4?s=96&d=mm&r=g","url":"https:\/\/secure.gravatar.com\/avatar\/0f69d8b83e3b3e54f0b766684bb3fd6649f0081ecdbff759ed4b19e5df68d1e4?s=96&d=mm&r=g","contentUrl":"https:\/\/secure.gravatar.com\/avatar\/0f69d8b83e3b3e54f0b766684bb3fd6649f0081ecdbff759ed4b19e5df68d1e4?s=96&d=mm&r=g","caption":"mzimmermann"},"url":"https:\/\/kvg-bus.de\/cuxhaven\/ru\/author\/mzimmermann\/"}]}},"_links":{"self":[{"href":"https:\/\/kvg-bus.de\/cuxhaven\/ru\/wp-json\/wp\/v2\/posts\/2190","targetHints":{"allow":["GET"]}}],"collection":[{"href":"https:\/\/kvg-bus.de\/cuxhaven\/ru\/wp-json\/wp\/v2\/posts"}],"about":[{"href":"https:\/\/kvg-bus.de\/cuxhaven\/ru\/wp-json\/wp\/v2\/types\/post"}],"author":[{"embeddable":true,"href":"https:\/\/kvg-bus.de\/cuxhaven\/ru\/wp-json\/wp\/v2\/users\/10"}],"replies":[{"embeddable":true,"href":"https:\/\/kvg-bus.de\/cuxhaven\/ru\/wp-json\/wp\/v2\/comments?post=2190"}],"version-history":[{"count":0,"href":"https:\/\/kvg-bus.de\/cuxhaven\/ru\/wp-json\/wp\/v2\/posts\/2190\/revisions"}],"wp:attachment":[{"href":"https:\/\/kvg-bus.de\/cuxhaven\/ru\/wp-json\/wp\/v2\/media?parent=2190"}],"wp:term":[{"taxonomy":"category","embeddable":true,"href":"https:\/\/kvg-bus.de\/cuxhaven\/ru\/wp-json\/wp\/v2\/categories?post=2190"},{"taxonomy":"post_tag","embeddable":true,"href":"https:\/\/kvg-bus.de\/cuxhaven\/ru\/wp-json\/wp\/v2\/tags?post=2190"}],"curies":[{"name":"wp","href":"https:\/\/api.w.org\/{rel}","templated":true}]}}