{"id":1956,"date":"2026-04-22T11:28:02","date_gmt":"2026-04-22T09:28:02","guid":{"rendered":"https:\/\/kvg-bus.de\/cuxhaven\/linien-4408-4611-und-4631-bauarbeiten-in-asendorf-28-04-2026\/"},"modified":"2026-04-22T11:28:02","modified_gmt":"2026-04-22T09:28:02","slug":"%d0%bb%d0%b8%d0%bd%d0%b8%d0%b8-4408-4611-%d0%b8-4631-%d1%81%d1%82%d1%80%d0%be%d0%b8%d1%82%d0%b5%d0%bb%d1%8c%d0%bd%d1%8b%d0%b5-%d1%80%d0%b0%d0%b1%d0%be%d1%82%d1%8b-%d0%b2-%d0%b0%d0%b7%d0%b5%d0%bd%d0%b4","status":"publish","type":"post","link":"https:\/\/kvg-bus.de\/cuxhaven\/ru\/linien-4408-4611-und-4631-bauarbeiten-in-asendorf-28-04-2026\/","title":{"rendered":"\u041b\u0438\u043d\u0438\u0438 4408, 4611 \u0438 4631 | \u0421\u0442\u0440\u043e\u0438\u0442\u0435\u043b\u044c\u043d\u044b\u0435 \u0440\u0430\u0431\u043e\u0442\u044b \u0432 \u0410\u0437\u0435\u043d\u0434\u043e\u0440\u0444\u0435: 28.04.2026"},"content":{"rendered":"<p data-start=\"72\" data-end=\"239\">\u041d\u0430 \u0441\u0430\u0439\u0442\u0435 <strong data-start=\"75\" data-end=\"93\">28 \u0430\u043f\u0440\u0435\u043b\u044f 2026 \u0433\u043e\u0434\u0430<\/strong> \u043c\u0435\u0436\u0434\u0443 <strong data-start=\"103\" data-end=\"130\">09:00 \u0438 18:00<\/strong> \u044f\u0432\u043b\u044f\u044e\u0442\u0441\u044f <strong data-start=\"140\" data-end=\"157\">\u0425\u0438\u043d\u043d\u0435\u0440\u043a\u0448\u0442\u0440\u0430\u0441\u0441\u0435<\/strong> \u0438 <strong data-start=\"166\" data-end=\"182\">\u0410\u0439\u0445\u0435\u043d\u0448\u0442\u0440\u0430\u0441\u0441\u0435<\/strong> \u0432 <strong data-start=\"186\" data-end=\"198\">\u0410\u0441\u0435\u043d\u0434\u043e\u0440\u0444<\/strong> \u0438\u0437-\u0437\u0430 <strong data-start=\"205\" data-end=\"227\">\u0414\u043e\u0440\u043e\u0436\u043d\u043e-\u0441\u0442\u0440\u043e\u0438\u0442\u0435\u043b\u044c\u043d\u044b\u0435 \u0440\u0430\u0431\u043e\u0442\u044b<\/strong> \u0437\u0430\u043f\u0435\u0440\u0442\u043e.<\/p>\n<p data-start=\"241\" data-end=\"383\">\u0421\u0430\u0439\u0442 <strong data-start=\"245\" data-end=\"275\">\u041b\u0438\u043d\u0438\u0438 4408, 4611 \u0438 4631<\/strong> \u043f\u043e\u044d\u0442\u043e\u043c\u0443 \u043e\u0442\u043f\u0440\u0430\u0432\u043b\u044f\u0439\u0442\u0435\u0441\u044c \u043d\u0430 \u044d\u043a\u0441\u043a\u0443\u0440\u0441\u0438\u044e \u0447\u0435\u0440\u0435\u0437 <strong data-start=\"311\" data-end=\"332\">\u0425\u0430\u043d\u0441\u0442\u0435\u0434\u0442\u0435\u0440-\u0441\u0442\u0440\u0438\u0442<\/strong>, \u0441\u0430\u0439\u0442 <strong data-start=\"338\" data-end=\"361\">\u0413\u0435\u0440\u043c\u0430\u043d-\u0411\u0435\u043a\u0435\u043d-\u0412\u0435\u0433<\/strong> \u0438 <strong data-start=\"366\" data-end=\"380\">\u0412 \u0431\u0430\u0440<\/strong>.<\/p>\n<p data-start=\"385\" data-end=\"667\" data-is-last-node=\"\" data-is-only-node=\"\">\u27a1\ufe0f \u041e\u0441\u0442\u0430\u043d\u043e\u0432\u043a\u0438 \u201e<strong data-start=\"406\" data-end=\"433\">\u0410\u0441\u0435\u043d\u0434\u043e\u0440\u0444, \u0425\u0438\u043d\u043d\u0435\u0440\u043a\u0448\u0442\u0440\u0430\u0441\u0441\u0435<\/strong>\u201c (\u0432 \u043d\u0430\u043f\u0440\u0430\u0432\u043b\u0435\u043d\u0438\u0438 \u0411\u0440\u0430\u043a\u0435\u043b\u044f) \u0438 \u201e<strong data-start=\"462\" data-end=\"489\">\u0410\u0437\u0435\u043d\u0434\u043e\u0440\u0444, \u0410\u043c \u041c\u044e\u043b\u0435\u043d\u0431\u0435\u0440\u0433<\/strong>\u201c \u043d\u0435 \u043c\u043e\u0436\u0435\u0442 \u0431\u044b\u0442\u044c \u043f\u043e\u0434\u0430\u043d \u0432 \u0442\u0435\u0447\u0435\u043d\u0438\u0435 \u044d\u0442\u043e\u0433\u043e \u0432\u0440\u0435\u043c\u0435\u043d\u0438.<br data-start=\"534\" data-end=\"537\" \/>\u041f\u043e\u0436\u0430\u043b\u0443\u0439\u0441\u0442\u0430, \u0438\u0441\u043f\u043e\u043b\u044c\u0437\u0443\u0439\u0442\u0435 \u043e\u0441\u0442\u0430\u043d\u043e\u0432\u043a\u0443 \u201e<strong data-start=\"577\" data-end=\"608\">\u0410\u0441\u0435\u043d\u0434\u043e\u0440\u0444, \u0425\u0430\u043d\u0448\u0442\u0435\u0434\u0442\u0435\u0440 \u0428\u0442\u0440\u0430\u0441\u0441\u0435<\/strong>\u201c \u0438 <strong data-start=\"620\" data-end=\"666\">\u0417\u0430\u043f\u0430\u0441\u043d\u0430\u044f \u043e\u0441\u0442\u0430\u043d\u043e\u0432\u043a\u0430 \u043d\u0430 \u0443\u043b\u0438\u0446\u0435 \u0426\u0443\u043c \u0428\u0442\u0435\u0433\u0435\u043d<\/strong>.<\/p>","protected":false},"excerpt":{"rendered":"<p>28 \u0430\u043f\u0440\u0435\u043b\u044f 2026 \u0433\u043e\u0434\u0430 \u0441 09:00 \u0434\u043e 18:00 \u0443\u043b\u0438\u0446\u044b \u0425\u0438\u043d\u043d\u0435\u0440\u043a\u0448\u0442\u0440\u0430\u0441\u0441\u0435 \u0438 \u0410\u0439\u0445\u0435\u043d\u0448\u0442\u0440\u0430\u0441\u0441\u0435 \u0432 \u0410\u0437\u0435\u043d\u0434\u043e\u0440\u0444\u0435 \u0431\u0443\u0434\u0443\u0442 \u0437\u0430\u043a\u0440\u044b\u0442\u044b \u0432 \u0441\u0432\u044f\u0437\u0438 \u0441 \u0434\u043e\u0440\u043e\u0436\u043d\u044b\u043c\u0438 \u0440\u0430\u0431\u043e\u0442\u0430\u043c\u0438. \u041f\u043e\u044d\u0442\u043e\u043c\u0443 \u043c\u0430\u0440\u0448\u0440\u0443\u0442\u044b 4408, 4611 \u0438 4631 \u0431\u0443\u0434\u0443\u0442 \u0441\u043b\u0435\u0434\u043e\u0432\u0430\u0442\u044c \u043f\u043e \u0425\u0430\u043d\u0448\u0442\u0435\u0434\u0442\u0435\u0440\u0448\u0442\u0440\u0430\u0441\u0441\u0435, \u0425\u0435\u0440\u043c\u0430\u043d\u043d-\u0411\u0435\u043a\u0435\u043d-\u0412\u0435\u0433 \u0438 \u0426\u0443\u043c \u0428\u0442\u0435\u0433\u0435\u043d. \u27a1\ufe0f \u041e\u0441\u0442\u0430\u043d\u043e\u0432\u043a\u0438 \u201eAsendorf, Hinnerkstra\u00dfe\u201c (\u0432 \u043d\u0430\u043f\u0440\u0430\u0432\u043b\u0435\u043d\u0438\u0438 Brackel) \u0438 \u201eAsendorf, Am M\u00fchlenberg\u201c \u0432 \u044d\u0442\u043e \u0432\u0440\u0435\u043c\u044f \u043e\u0431\u0441\u043b\u0443\u0436\u0438\u0432\u0430\u0442\u044c\u0441\u044f \u043d\u0435 \u0431\u0443\u0434\u0443\u0442, \u043f\u043e\u044d\u0442\u043e\u043c\u0443 \u0432\u043c\u0435\u0441\u0442\u043e \u043d\u0438\u0445 \u0438\u0441\u043f\u043e\u043b\u044c\u0437\u0443\u0439\u0442\u0435 \u043e\u0441\u0442\u0430\u043d\u043e\u0432\u043a\u0443 \u201eAsendorf, Hanstedter Stra\u00dfe\u201c \u0438 \u0430\u043b\u044c\u0442\u0435\u0440\u043d\u0430\u0442\u0438\u0432\u043d\u0443\u044e \u043e\u0441\u0442\u0430\u043d\u043e\u0432\u043a\u0443 \u0432 Zum Stegen.<\/p>","protected":false},"author":10,"featured_media":0,"comment_status":"open","ping_status":"open","sticky":false,"template":"","format":"standard","meta":{"footnotes":""},"categories":[76,33],"tags":[],"class_list":["post-1956","post","type-post","status-publish","format-standard","hentry","category-harburg","category-fahrplanabweichungen"],"yoast_head":"<!-- This site is optimized with the Yoast SEO plugin v27.4 - https:\/\/yoast.com\/product\/yoast-seo-wordpress\/ -->\n<title>Linien 4408, 4611 und 4631 | Bauarbeiten in Asendorf: 28.04.2026 - KVG Cuxhaven<\/title>\n<meta name=\"robots\" content=\"index, follow, max-snippet:-1, max-image-preview:large, max-video-preview:-1\" \/>\n<link rel=\"canonical\" href=\"https:\/\/kvg-bus.de\/cuxhaven\/\u043b\u0438\u043d\u0438\u0438-4408-4611-\u0438-4631-\u0441\u0442\u0440\u043e\u0438\u0442\u0435\u043b\u044c\u043d\u044b\u0435-\u0440\u0430\u0431\u043e\u0442\u044b-\u0432-\u0430\u0437\u0435\u043d\u0434\/\" \/>\n<meta property=\"og:locale\" content=\"ru_RU\" \/>\n<meta property=\"og:type\" content=\"article\" \/>\n<meta property=\"og:title\" content=\"Linien 4408, 4611 und 4631 | Bauarbeiten in Asendorf: 28.04.2026 - KVG Cuxhaven\" \/>\n<meta property=\"og:description\" content=\"Am 28. April 2026 zwischen 09:00 Uhr und 18:00 Uhr sind die Hinnerkstra\u00dfe und die Eichenstra\u00dfe in Asendorf wegen Stra\u00dfenbauarbeiten gesperrt. Die Linien 4408, 4611 und 4631 fahren deshalb eine Umleitung \u00fcber Hanstedter Stra\u00dfe, den Hermann-Beecken-Weg und Zum Stegen. \u27a1\ufe0f Die Haltestellen \u201eAsendorf, Hinnerkstra\u00dfe\u201c (in Richtung Brackel) und \u201eAsendorf, Am M\u00fchlenberg\u201c k\u00f6nnen in dieser Zeit nicht bedient werden.Bitte nutz stattdessen die Haltestelle \u201eAsendorf, Hanstedter Stra\u00dfe\u201c sowie die Ersatzhaltestelle in der Stra\u00dfe Zum Stegen.\" \/>\n<meta property=\"og:url\" content=\"https:\/\/kvg-bus.de\/cuxhaven\/\u043b\u0438\u043d\u0438\u0438-4408-4611-\u0438-4631-\u0441\u0442\u0440\u043e\u0438\u0442\u0435\u043b\u044c\u043d\u044b\u0435-\u0440\u0430\u0431\u043e\u0442\u044b-\u0432-\u0430\u0437\u0435\u043d\u0434\/\" \/>\n<meta property=\"og:site_name\" content=\"KVG Cuxhaven\" \/>\n<meta property=\"article:published_time\" content=\"2026-04-22T09:28:02+00:00\" \/>\n<meta name=\"author\" content=\"mzimmermann\" \/>\n<meta name=\"twitter:card\" content=\"summary_large_image\" \/>\n<meta name=\"twitter:label1\" content=\"\u041d\u0430\u043f\u0438\u0441\u0430\u043d\u043e \u0430\u0432\u0442\u043e\u0440\u043e\u043c\" \/>\n\t<meta name=\"twitter:data1\" content=\"mzimmermann\" \/>\n<script type=\"application\/ld+json\" class=\"yoast-schema-graph\">{\"@context\":\"https:\\\/\\\/schema.org\",\"@graph\":[{\"@type\":\"Article\",\"@id\":\"https:\\\/\\\/kvg-bus.de\\\/cuxhaven\\\/linien-4408-4611-und-4631-bauarbeiten-in-asendorf-28-04-2026\\\/#article\",\"isPartOf\":{\"@id\":\"https:\\\/\\\/kvg-bus.de\\\/cuxhaven\\\/linien-4408-4611-und-4631-bauarbeiten-in-asendorf-28-04-2026\\\/\"},\"author\":{\"name\":\"mzimmermann\",\"@id\":\"https:\\\/\\\/kvg-bus.de\\\/cuxhaven\\\/#\\\/schema\\\/person\\\/5a5abfab092f868ec7cbe0f59e95749b\"},\"headline\":\"Linien 4408, 4611 und 4631 | Bauarbeiten in Asendorf: 28.04.2026\",\"datePublished\":\"2026-04-22T09:28:02+00:00\",\"mainEntityOfPage\":{\"@id\":\"https:\\\/\\\/kvg-bus.de\\\/cuxhaven\\\/linien-4408-4611-und-4631-bauarbeiten-in-asendorf-28-04-2026\\\/\"},\"wordCount\":82,\"commentCount\":0,\"publisher\":{\"@id\":\"https:\\\/\\\/kvg-bus.de\\\/cuxhaven\\\/#organization\"},\"articleSection\":[\"Harburg\",\"Fahrplanabweichungen\"],\"inLanguage\":\"ru-RU\",\"potentialAction\":[{\"@type\":\"CommentAction\",\"name\":\"Comment\",\"target\":[\"https:\\\/\\\/kvg-bus.de\\\/cuxhaven\\\/linien-4408-4611-und-4631-bauarbeiten-in-asendorf-28-04-2026\\\/#respond\"]}]},{\"@type\":\"WebPage\",\"@id\":\"https:\\\/\\\/kvg-bus.de\\\/cuxhaven\\\/linien-4408-4611-und-4631-bauarbeiten-in-asendorf-28-04-2026\\\/\",\"url\":\"https:\\\/\\\/kvg-bus.de\\\/cuxhaven\\\/linien-4408-4611-und-4631-bauarbeiten-in-asendorf-28-04-2026\\\/\",\"name\":\"Linien 4408, 4611 und 4631 | Bauarbeiten in Asendorf: 28.04.2026 - KVG Cuxhaven\",\"isPartOf\":{\"@id\":\"https:\\\/\\\/kvg-bus.de\\\/cuxhaven\\\/#website\"},\"datePublished\":\"2026-04-22T09:28:02+00:00\",\"breadcrumb\":{\"@id\":\"https:\\\/\\\/kvg-bus.de\\\/cuxhaven\\\/linien-4408-4611-und-4631-bauarbeiten-in-asendorf-28-04-2026\\\/#breadcrumb\"},\"inLanguage\":\"ru-RU\",\"potentialAction\":[{\"@type\":\"ReadAction\",\"target\":[\"https:\\\/\\\/kvg-bus.de\\\/cuxhaven\\\/linien-4408-4611-und-4631-bauarbeiten-in-asendorf-28-04-2026\\\/\"]}]},{\"@type\":\"BreadcrumbList\",\"@id\":\"https:\\\/\\\/kvg-bus.de\\\/cuxhaven\\\/linien-4408-4611-und-4631-bauarbeiten-in-asendorf-28-04-2026\\\/#breadcrumb\",\"itemListElement\":[{\"@type\":\"ListItem\",\"position\":1,\"name\":\"Startseite\",\"item\":\"https:\\\/\\\/kvg-bus.de\\\/cuxhaven\\\/\"},{\"@type\":\"ListItem\",\"position\":2,\"name\":\"Linien 4408, 4611 und 4631 | Bauarbeiten in Asendorf: 28.04.2026\"}]},{\"@type\":\"WebSite\",\"@id\":\"https:\\\/\\\/kvg-bus.de\\\/cuxhaven\\\/#website\",\"url\":\"https:\\\/\\\/kvg-bus.de\\\/cuxhaven\\\/\",\"name\":\"KVG Cuxhaven\",\"description\":\"\",\"publisher\":{\"@id\":\"https:\\\/\\\/kvg-bus.de\\\/cuxhaven\\\/#organization\"},\"potentialAction\":[{\"@type\":\"SearchAction\",\"target\":{\"@type\":\"EntryPoint\",\"urlTemplate\":\"https:\\\/\\\/kvg-bus.de\\\/cuxhaven\\\/?s={search_term_string}\"},\"query-input\":{\"@type\":\"PropertyValueSpecification\",\"valueRequired\":true,\"valueName\":\"search_term_string\"}}],\"inLanguage\":\"ru-RU\"},{\"@type\":\"Organization\",\"@id\":\"https:\\\/\\\/kvg-bus.de\\\/cuxhaven\\\/#organization\",\"name\":\"KVG Cuxhaven\",\"url\":\"https:\\\/\\\/kvg-bus.de\\\/cuxhaven\\\/\",\"logo\":{\"@type\":\"ImageObject\",\"inLanguage\":\"ru-RU\",\"@id\":\"https:\\\/\\\/kvg-bus.de\\\/cuxhaven\\\/#\\\/schema\\\/logo\\\/image\\\/\",\"url\":\"https:\\\/\\\/kvg-bus.de\\\/cuxhaven\\\/wp-content\\\/uploads\\\/sites\\\/14\\\/kvg_logo-1.svg\",\"contentUrl\":\"https:\\\/\\\/kvg-bus.de\\\/cuxhaven\\\/wp-content\\\/uploads\\\/sites\\\/14\\\/kvg_logo-1.svg\",\"caption\":\"KVG Cuxhaven\"},\"image\":{\"@id\":\"https:\\\/\\\/kvg-bus.de\\\/cuxhaven\\\/#\\\/schema\\\/logo\\\/image\\\/\"}},{\"@type\":\"Person\",\"@id\":\"https:\\\/\\\/kvg-bus.de\\\/cuxhaven\\\/#\\\/schema\\\/person\\\/5a5abfab092f868ec7cbe0f59e95749b\",\"name\":\"mzimmermann\",\"image\":{\"@type\":\"ImageObject\",\"inLanguage\":\"ru-RU\",\"@id\":\"https:\\\/\\\/secure.gravatar.com\\\/avatar\\\/0f69d8b83e3b3e54f0b766684bb3fd6649f0081ecdbff759ed4b19e5df68d1e4?s=96&d=mm&r=g\",\"url\":\"https:\\\/\\\/secure.gravatar.com\\\/avatar\\\/0f69d8b83e3b3e54f0b766684bb3fd6649f0081ecdbff759ed4b19e5df68d1e4?s=96&d=mm&r=g\",\"contentUrl\":\"https:\\\/\\\/secure.gravatar.com\\\/avatar\\\/0f69d8b83e3b3e54f0b766684bb3fd6649f0081ecdbff759ed4b19e5df68d1e4?s=96&d=mm&r=g\",\"caption\":\"mzimmermann\"},\"url\":\"https:\\\/\\\/kvg-bus.de\\\/cuxhaven\\\/ru\\\/author\\\/mzimmermann\\\/\"}]}<\/script>\n<!-- \/ Yoast SEO plugin. -->","yoast_head_json":{"title":"\u041b\u0438\u043d\u0438\u0438 4408, 4611 \u0438 4631 | \u0421\u0442\u0440\u043e\u0438\u0442\u0435\u043b\u044c\u043d\u044b\u0435 \u0440\u0430\u0431\u043e\u0442\u044b \u0432 \u0410\u0437\u0435\u043d\u0434\u043e\u0440\u0444\u0435: 28.04.2026 - KVG Cuxhaven","robots":{"index":"index","follow":"follow","max-snippet":"max-snippet:-1","max-image-preview":"max-image-preview:large","max-video-preview":"max-video-preview:-1"},"canonical":"https:\/\/kvg-bus.de\/cuxhaven\/\u043b\u0438\u043d\u0438\u0438-4408-4611-\u0438-4631-\u0441\u0442\u0440\u043e\u0438\u0442\u0435\u043b\u044c\u043d\u044b\u0435-\u0440\u0430\u0431\u043e\u0442\u044b-\u0432-\u0430\u0437\u0435\u043d\u0434\/","og_locale":"ru_RU","og_type":"article","og_title":"Linien 4408, 4611 und 4631 | Bauarbeiten in Asendorf: 28.04.2026 - KVG Cuxhaven","og_description":"Am 28. April 2026 zwischen 09:00 Uhr und 18:00 Uhr sind die Hinnerkstra\u00dfe und die Eichenstra\u00dfe in Asendorf wegen Stra\u00dfenbauarbeiten gesperrt. Die Linien 4408, 4611 und 4631 fahren deshalb eine Umleitung \u00fcber Hanstedter Stra\u00dfe, den Hermann-Beecken-Weg und Zum Stegen. \u27a1\ufe0f Die Haltestellen \u201eAsendorf, Hinnerkstra\u00dfe\u201c (in Richtung Brackel) und \u201eAsendorf, Am M\u00fchlenberg\u201c k\u00f6nnen in dieser Zeit nicht bedient werden.Bitte nutz stattdessen die Haltestelle \u201eAsendorf, Hanstedter Stra\u00dfe\u201c sowie die Ersatzhaltestelle in der Stra\u00dfe Zum Stegen.","og_url":"https:\/\/kvg-bus.de\/cuxhaven\/\u043b\u0438\u043d\u0438\u0438-4408-4611-\u0438-4631-\u0441\u0442\u0440\u043e\u0438\u0442\u0435\u043b\u044c\u043d\u044b\u0435-\u0440\u0430\u0431\u043e\u0442\u044b-\u0432-\u0430\u0437\u0435\u043d\u0434\/","og_site_name":"KVG Cuxhaven","article_published_time":"2026-04-22T09:28:02+00:00","author":"mzimmermann","twitter_card":"summary_large_image","twitter_misc":{"\u041d\u0430\u043f\u0438\u0441\u0430\u043d\u043e \u0430\u0432\u0442\u043e\u0440\u043e\u043c":"mzimmermann"},"schema":{"@context":"https:\/\/schema.org","@graph":[{"@type":"Article","@id":"https:\/\/kvg-bus.de\/cuxhaven\/linien-4408-4611-und-4631-bauarbeiten-in-asendorf-28-04-2026\/#article","isPartOf":{"@id":"https:\/\/kvg-bus.de\/cuxhaven\/linien-4408-4611-und-4631-bauarbeiten-in-asendorf-28-04-2026\/"},"author":{"name":"mzimmermann","@id":"https:\/\/kvg-bus.de\/cuxhaven\/#\/schema\/person\/5a5abfab092f868ec7cbe0f59e95749b"},"headline":"Linien 4408, 4611 und 4631 | Bauarbeiten in Asendorf: 28.04.2026","datePublished":"2026-04-22T09:28:02+00:00","mainEntityOfPage":{"@id":"https:\/\/kvg-bus.de\/cuxhaven\/linien-4408-4611-und-4631-bauarbeiten-in-asendorf-28-04-2026\/"},"wordCount":82,"commentCount":0,"publisher":{"@id":"https:\/\/kvg-bus.de\/cuxhaven\/#organization"},"articleSection":["Harburg","Fahrplanabweichungen"],"inLanguage":"ru-RU","potentialAction":[{"@type":"CommentAction","name":"Comment","target":["https:\/\/kvg-bus.de\/cuxhaven\/linien-4408-4611-und-4631-bauarbeiten-in-asendorf-28-04-2026\/#respond"]}]},{"@type":"WebPage","@id":"https:\/\/kvg-bus.de\/cuxhaven\/linien-4408-4611-und-4631-bauarbeiten-in-asendorf-28-04-2026\/","url":"https:\/\/kvg-bus.de\/cuxhaven\/linien-4408-4611-und-4631-bauarbeiten-in-asendorf-28-04-2026\/","name":"\u041b\u0438\u043d\u0438\u0438 4408, 4611 \u0438 4631 | \u0421\u0442\u0440\u043e\u0438\u0442\u0435\u043b\u044c\u043d\u044b\u0435 \u0440\u0430\u0431\u043e\u0442\u044b \u0432 \u0410\u0437\u0435\u043d\u0434\u043e\u0440\u0444\u0435: 28.04.2026 - KVG Cuxhaven","isPartOf":{"@id":"https:\/\/kvg-bus.de\/cuxhaven\/#website"},"datePublished":"2026-04-22T09:28:02+00:00","breadcrumb":{"@id":"https:\/\/kvg-bus.de\/cuxhaven\/linien-4408-4611-und-4631-bauarbeiten-in-asendorf-28-04-2026\/#breadcrumb"},"inLanguage":"ru-RU","potentialAction":[{"@type":"ReadAction","target":["https:\/\/kvg-bus.de\/cuxhaven\/linien-4408-4611-und-4631-bauarbeiten-in-asendorf-28-04-2026\/"]}]},{"@type":"BreadcrumbList","@id":"https:\/\/kvg-bus.de\/cuxhaven\/linien-4408-4611-und-4631-bauarbeiten-in-asendorf-28-04-2026\/#breadcrumb","itemListElement":[{"@type":"ListItem","position":1,"name":"Startseite","item":"https:\/\/kvg-bus.de\/cuxhaven\/"},{"@type":"ListItem","position":2,"name":"Linien 4408, 4611 und 4631 | Bauarbeiten in Asendorf: 28.04.2026"}]},{"@type":"WebSite","@id":"https:\/\/kvg-bus.de\/cuxhaven\/#website","url":"https:\/\/kvg-bus.de\/cuxhaven\/","name":"KVG \u041a\u0443\u043a\u0441\u0445\u0430\u0432\u0435\u043d","description":"","publisher":{"@id":"https:\/\/kvg-bus.de\/cuxhaven\/#organization"},"potentialAction":[{"@type":"SearchAction","target":{"@type":"EntryPoint","urlTemplate":"https:\/\/kvg-bus.de\/cuxhaven\/?s={search_term_string}"},"query-input":{"@type":"PropertyValueSpecification","valueRequired":true,"valueName":"search_term_string"}}],"inLanguage":"ru-RU"},{"@type":"Organization","@id":"https:\/\/kvg-bus.de\/cuxhaven\/#organization","name":"KVG \u041a\u0443\u043a\u0441\u0445\u0430\u0432\u0435\u043d","url":"https:\/\/kvg-bus.de\/cuxhaven\/","logo":{"@type":"ImageObject","inLanguage":"ru-RU","@id":"https:\/\/kvg-bus.de\/cuxhaven\/#\/schema\/logo\/image\/","url":"https:\/\/kvg-bus.de\/cuxhaven\/wp-content\/uploads\/sites\/14\/kvg_logo-1.svg","contentUrl":"https:\/\/kvg-bus.de\/cuxhaven\/wp-content\/uploads\/sites\/14\/kvg_logo-1.svg","caption":"KVG Cuxhaven"},"image":{"@id":"https:\/\/kvg-bus.de\/cuxhaven\/#\/schema\/logo\/image\/"}},{"@type":"Person","@id":"https:\/\/kvg-bus.de\/cuxhaven\/#\/schema\/person\/5a5abfab092f868ec7cbe0f59e95749b","name":"mzimmermann","image":{"@type":"ImageObject","inLanguage":"ru-RU","@id":"https:\/\/secure.gravatar.com\/avatar\/0f69d8b83e3b3e54f0b766684bb3fd6649f0081ecdbff759ed4b19e5df68d1e4?s=96&d=mm&r=g","url":"https:\/\/secure.gravatar.com\/avatar\/0f69d8b83e3b3e54f0b766684bb3fd6649f0081ecdbff759ed4b19e5df68d1e4?s=96&d=mm&r=g","contentUrl":"https:\/\/secure.gravatar.com\/avatar\/0f69d8b83e3b3e54f0b766684bb3fd6649f0081ecdbff759ed4b19e5df68d1e4?s=96&d=mm&r=g","caption":"mzimmermann"},"url":"https:\/\/kvg-bus.de\/cuxhaven\/ru\/author\/mzimmermann\/"}]}},"_links":{"self":[{"href":"https:\/\/kvg-bus.de\/cuxhaven\/ru\/wp-json\/wp\/v2\/posts\/1956","targetHints":{"allow":["GET"]}}],"collection":[{"href":"https:\/\/kvg-bus.de\/cuxhaven\/ru\/wp-json\/wp\/v2\/posts"}],"about":[{"href":"https:\/\/kvg-bus.de\/cuxhaven\/ru\/wp-json\/wp\/v2\/types\/post"}],"author":[{"embeddable":true,"href":"https:\/\/kvg-bus.de\/cuxhaven\/ru\/wp-json\/wp\/v2\/users\/10"}],"replies":[{"embeddable":true,"href":"https:\/\/kvg-bus.de\/cuxhaven\/ru\/wp-json\/wp\/v2\/comments?post=1956"}],"version-history":[{"count":0,"href":"https:\/\/kvg-bus.de\/cuxhaven\/ru\/wp-json\/wp\/v2\/posts\/1956\/revisions"}],"wp:attachment":[{"href":"https:\/\/kvg-bus.de\/cuxhaven\/ru\/wp-json\/wp\/v2\/media?parent=1956"}],"wp:term":[{"taxonomy":"category","embeddable":true,"href":"https:\/\/kvg-bus.de\/cuxhaven\/ru\/wp-json\/wp\/v2\/categories?post=1956"},{"taxonomy":"post_tag","embeddable":true,"href":"https:\/\/kvg-bus.de\/cuxhaven\/ru\/wp-json\/wp\/v2\/tags?post=1956"}],"curies":[{"name":"wp","href":"https:\/\/api.w.org\/{rel}","templated":true}]}}