{"id":1897,"date":"2026-02-13T12:45:57","date_gmt":"2026-02-13T11:45:57","guid":{"rendered":"https:\/\/kvg-bus.de\/cuxhaven\/linien-4000-und-4405-veranstaltung-in-winsen-luhe-15-02-2026-2\/"},"modified":"2026-03-13T10:21:39","modified_gmt":"2026-03-13T09:21:39","slug":"%d0%bb%d0%b8%d0%bd%d0%b8%d0%b8-4000-%d0%b8-4405-%d1%81%d0%be%d0%b1%d1%8b%d1%82%d0%b8%d0%b5-%d0%b2-winsen-luhe-15-02-2026-2","status":"publish","type":"post","link":"https:\/\/kvg-bus.de\/cuxhaven\/ru\/linien-4000-und-4405-veranstaltung-in-winsen-luhe-15-02-2026-2\/","title":{"rendered":"\u041b\u0438\u043d\u0438\u044f 4002 | \u0421\u0442\u0440\u043e\u0438\u0442\u0435\u043b\u044c\u043d\u044b\u0435 \u0440\u0430\u0431\u043e\u0442\u044b \u0432 \u0412\u0438\u043d\u0437\u0435\u043d\u0435 (\u041b\u0443\u0445\u0435): 02.03. - 01.07.2026"},"content":{"rendered":"<p data-start=\"70\" data-end=\"187\">\u0421\u0430\u0439\u0442 <strong data-start=\"74\" data-end=\"89\">\u041a\u0451\u043d\u0438\u0433\u0448\u0442\u0440\u0430\u0441\u0441\u0435<\/strong> \u043d\u0430\u0437\u044b\u0432\u0430\u0435\u0442\u0441\u044f <strong data-start=\"99\" data-end=\"116\">\u0423\u043b\u0438\u0446\u0430 \u0441 \u043e\u0434\u043d\u043e\u0441\u0442\u043e\u0440\u043e\u043d\u043d\u0438\u043c \u0434\u0432\u0438\u0436\u0435\u043d\u0438\u0435\u043c<\/strong> \u0443\u0441\u0442\u0430\u043d\u043e\u0432\u0438\u0442\u0435. \u041d\u0430\u043f\u0440\u0430\u0432\u043b\u0435\u043d\u0438\u0435 \u0434\u0432\u0438\u0436\u0435\u043d\u0438\u044f \u0431\u0443\u0434\u0435\u0442 \u043c\u0435\u043d\u044f\u0442\u044c\u0441\u044f \u043f\u043e \u0445\u043e\u0434\u0443 \u043f\u0440\u043e\u0435\u043a\u0442\u0430.<\/p>\n<h3 data-start=\"189\" data-end=\"214\">02.03. - 23.03.2026<\/h3>\n<p data-start=\"215\" data-end=\"492\">\u0421\u0430\u0439\u0442 <strong data-start=\"219\" data-end=\"233\">\u041b\u0438\u043d\u0438\u044f 4002<\/strong> \u0434\u0432\u0438\u0436\u0435\u0442\u0441\u044f \u0432 \u043d\u0430\u043f\u0440\u0430\u0432\u043b\u0435\u043d\u0438\u0438 <strong data-start=\"252\" data-end=\"270\">\u0416\u0435\u043b\u0435\u0437\u043d\u043e\u0434\u043e\u0440\u043e\u0436\u043d\u0430\u044f \u0441\u0442\u0430\u043d\u0446\u0438\u044f \u0423\u0438\u043d\u0441\u0435\u043d<\/strong> \u043e\u0442\u0432\u043b\u0435\u043a\u0430\u044e\u0449\u0438\u0439 \u043c\u0430\u043d\u0435\u0432\u0440 \u0447\u0435\u0440\u0435\u0437 <strong data-start=\"295\" data-end=\"313\">\u0423\u0438\u043d\u0441\u0435\u043d\u0435\u0440 \u0418\u043b\u044c\u043c\u0435\u0440<\/strong>.<br data-start=\"314\" data-end=\"317\" \/>\u27a1\ufe0f \u041e\u0441\u0442\u0430\u043d\u043e\u0432\u043a\u0438 \u201e<strong data-start=\"338\" data-end=\"370\">\u0411\u043e\u0440\u0441\u0442\u0435\u043b\u044c (WL), \u0412\u0438\u043d\u0441\u0435\u043d\u0435\u0440 \u0418\u043b\u044c\u043c\u0435\u0440<\/strong>\u201c \u0438 \u201e<strong data-start=\"377\" data-end=\"406\">\u0412\u0438\u043d\u0441\u0435\u043d, \u041c\u0430\u043a\u0441-\u041f\u043b\u0430\u043d\u043a-\u0428\u0442\u0440\u0430\u0441\u0441\u0435<\/strong>\u201c \u043d\u0435 \u043c\u043e\u0436\u0435\u0442 \u0431\u044b\u0442\u044c \u0438\u0441\u043f\u043e\u043b\u044c\u0437\u043e\u0432\u0430\u043d.<br data-start=\"436\" data-end=\"439\" data-is-only-node=\"\" \/>\u0421\u0430\u0439\u0442 <strong data-start=\"443\" data-end=\"460\">\u041f\u0440\u043e\u0442\u0438\u0432\u043e\u043f\u043e\u043b\u043e\u0436\u043d\u043e\u0435 \u043d\u0430\u043f\u0440\u0430\u0432\u043b\u0435\u043d\u0438\u0435<\/strong> \u043f\u0443\u0442\u0435\u0448\u0435\u0441\u0442\u0432\u0443\u0435\u0442 \u043f\u043e \u043e\u0431\u044b\u0447\u043d\u043e\u043c\u0443 \u043c\u0430\u0440\u0448\u0440\u0443\u0442\u0443.<\/p>\n<h3 data-start=\"494\" data-end=\"519\">23.03. - 01.07.2026<\/h3>\n<p data-start=\"520\" data-end=\"840\">\u0421\u0430\u0439\u0442 <strong data-start=\"524\" data-end=\"538\">\u041b\u0438\u043d\u0438\u044f 4002<\/strong> \u0434\u0432\u0438\u0436\u0435\u0442\u0441\u044f \u0432 \u043d\u0430\u043f\u0440\u0430\u0432\u043b\u0435\u043d\u0438\u0438 <strong data-start=\"557\" data-end=\"586\">\u041c\u0435\u0441\u0441\u0435\u0440\u0448\u043c\u0438\u0434\u0442\u0448\u0442\u0440\u0430\u0441\u0441\u0435 (\u044e\u0433)<\/strong> \u043e\u0442\u0432\u043b\u0435\u043a\u0430\u044e\u0449\u0438\u0439 \u043c\u0430\u043d\u0435\u0432\u0440 \u0447\u0435\u0440\u0435\u0437 <strong data-start=\"607\" data-end=\"622\">\u0412\u043e\u0441\u0442\u043e\u0447\u043d\u044b\u0439 \u043e\u0431\u0445\u043e\u0434<\/strong> \u0438 <strong data-start=\"627\" data-end=\"648\">\u041c\u0430\u043a\u0441-\u041f\u043b\u0430\u043d\u043a-\u0428\u0442\u0440\u0430\u0441\u0441\u0435<\/strong>.<br data-start=\"649\" data-end=\"652\" \/>\u27a1\ufe0f \u0410\u0432\u0442\u043e\u0431\u0443\u0441\u043d\u0430\u044f \u043e\u0441\u0442\u0430\u043d\u043e\u0432\u043a\u0430 \u201e<strong data-start=\"672\" data-end=\"704\">\u0411\u043e\u0440\u0441\u0442\u0435\u043b\u044c (WL), \u0412\u0438\u043d\u0441\u0435\u043d\u0435\u0440 \u0418\u043b\u044c\u043c\u0435\u0440<\/strong>\u201c \u043d\u0435 \u043c\u043e\u0436\u0435\u0442 \u0431\u044b\u0442\u044c \u0438\u0441\u043f\u043e\u043b\u044c\u0437\u043e\u0432\u0430\u043d.<br data-start=\"732\" data-end=\"735\" data-is-only-node=\"\" \/>\u0412 \u043d\u0430\u043f\u0440\u0430\u0432\u043b\u0435\u043d\u0438\u0438 <strong data-start=\"747\" data-end=\"765\">\u0416\u0435\u043b\u0435\u0437\u043d\u043e\u0434\u043e\u0440\u043e\u0436\u043d\u0430\u044f \u0441\u0442\u0430\u043d\u0446\u0438\u044f \u0423\u0438\u043d\u0441\u0435\u043d<\/strong> \u043c\u043e\u0436\u043d\u043e \u0431\u0443\u0434\u0435\u0442 \u043f\u0440\u0438\u043e\u0431\u0440\u0435\u0441\u0442\u0438 \u0432 <strong>23 \u043c\u0430\u0440\u0442\u0430 2026 \u0433\u043e\u0434\u0430<\/strong> \u0441\u043d\u043e\u0432\u0430 <strong data-start=\"807\" data-end=\"828\">\u043e\u0431\u044b\u0447\u043d\u044b\u0439 \u043c\u0430\u0440\u0448\u0440\u0443\u0442<\/strong> \u0443\u043f\u0440\u0430\u0432\u043b\u044f\u0435\u043c\u044b\u0439.<\/p>","protected":false},"excerpt":{"rendered":"<p>\u041a\u0451\u043d\u0438\u0433\u0448\u0442\u0440\u0430\u0441\u0441\u0435 \u0441\u0442\u0430\u043d\u0435\u0442 \u0443\u043b\u0438\u0446\u0435\u0439 \u0441 \u043e\u0434\u043d\u043e\u0441\u0442\u043e\u0440\u043e\u043d\u043d\u0438\u043c \u0434\u0432\u0438\u0436\u0435\u043d\u0438\u0435\u043c. \u0412 \u0445\u043e\u0434\u0435 \u043c\u0435\u0440\u043e\u043f\u0440\u0438\u044f\u0442\u0438\u044f \u043d\u0430\u043f\u0440\u0430\u0432\u043b\u0435\u043d\u0438\u0435 \u0434\u0432\u0438\u0436\u0435\u043d\u0438\u044f \u0438\u0437\u043c\u0435\u043d\u0438\u0442\u0441\u044f. 02.03. - 23.03.2026 \u043b\u0438\u043d\u0438\u044f 4002 \u0431\u0443\u0434\u0435\u0442 \u043e\u0442\u043a\u043b\u043e\u043d\u044f\u0442\u044c\u0441\u044f \u0432 \u043d\u0430\u043f\u0440\u0430\u0432\u043b\u0435\u043d\u0438\u0438 \u0441\u0442\u0430\u043d\u0446\u0438\u0438 Winsen \u0447\u0435\u0440\u0435\u0437 Winsener Ilmer.\u27a1\ufe0f \u041e\u0441\u0442\u0430\u043d\u043e\u0432\u043a\u0438 \u201eBorstel (WL), Winsener Ilmer\u201c \u0438 \u201eWinsen, Max-Planck-Stra\u00dfe\u201c \u043e\u0431\u0441\u043b\u0443\u0436\u0438\u0432\u0430\u0442\u044c\u0441\u044f \u043d\u0435 \u0431\u0443\u0434\u0443\u0442. \u0412 \u043e\u0431\u0440\u0430\u0442\u043d\u043e\u043c \u043d\u0430\u043f\u0440\u0430\u0432\u043b\u0435\u043d\u0438\u0438 \u0431\u0443\u0434\u0435\u0442 \u0441\u043b\u0435\u0434\u043e\u0432\u0430\u0442\u044c \u043e\u0431\u044b\u0447\u043d\u044b\u0439 \u043c\u0430\u0440\u0448\u0440\u0443\u0442. 23.03. - 01.07.2026 \u041b\u0438\u043d\u0438\u044f 4002 \u0432 \u043d\u0430\u043f\u0440\u0430\u0432\u043b\u0435\u043d\u0438\u0438 Messerschmidtstra\u00dfe (S\u00fcd) \u0431\u0443\u0434\u0435\u0442 \u043f\u0435\u0440\u0435\u043d\u0430\u043f\u0440\u0430\u0432\u043b\u0435\u043d\u0430 \u0447\u0435\u0440\u0435\u0437 Osttangente \u0438 Max-Planck-Stra\u00dfe.\u27a1\ufe0f \u041e\u0441\u0442\u0430\u043d\u043e\u0432\u043a\u0430 \u201eBorstel (WL), Winsener Ilmer\u201c \u043d\u0435 \u043e\u0431\u0441\u043b\u0443\u0436\u0438\u0432\u0430\u0435\u0442\u0441\u044f, \u0438 \u0441 23 \u043c\u0430\u0440\u0442\u0430 2026 \u0433\u043e\u0434\u0430 \u0432 \u043d\u0430\u043f\u0440\u0430\u0432\u043b\u0435\u043d\u0438\u0438 \u0441\u0442\u0430\u043d\u0446\u0438\u0438 Winsen \u0441\u043d\u043e\u0432\u0430 \u0431\u0443\u0434\u0435\u0442 \u0438\u0441\u043f\u043e\u043b\u044c\u0437\u043e\u0432\u0430\u0442\u044c\u0441\u044f \u043e\u0431\u044b\u0447\u043d\u044b\u0439 \u043c\u0430\u0440\u0448\u0440\u0443\u0442.<\/p>","protected":false},"author":10,"featured_media":0,"comment_status":"open","ping_status":"open","sticky":false,"template":"","format":"standard","meta":{"footnotes":""},"categories":[76,33],"tags":[],"class_list":["post-1897","post","type-post","status-publish","format-standard","hentry","category-harburg","category-fahrplanabweichungen"],"yoast_head":"<!-- This site is optimized with the Yoast SEO plugin v27.4 - https:\/\/yoast.com\/product\/yoast-seo-wordpress\/ -->\n<title>Linie 4002 | Bauarbeiten in Winsen (Luhe): 02.03. \u2013 01.07.2026 - KVG Cuxhaven<\/title>\n<meta name=\"robots\" content=\"index, follow, max-snippet:-1, max-image-preview:large, max-video-preview:-1\" \/>\n<link rel=\"canonical\" href=\"https:\/\/kvg-bus.de\/cuxhaven\/\u043b\u0438\u043d\u0438\u0438-4000-\u0438-4405-\u0441\u043e\u0431\u044b\u0442\u0438\u0435-\u0432-winsen-luhe-15-02-2026-2\/\" \/>\n<meta property=\"og:locale\" content=\"ru_RU\" \/>\n<meta property=\"og:type\" content=\"article\" \/>\n<meta property=\"og:title\" content=\"Linie 4002 | Bauarbeiten in Winsen (Luhe): 02.03. \u2013 01.07.2026 - KVG Cuxhaven\" \/>\n<meta property=\"og:description\" content=\"Die K\u00f6nigstra\u00dfe wird als Einbahnstra\u00dfe eingerichtet. Die Fahrtrichtung \u00e4ndert sich im Verlauf der Ma\u00dfnahme. 02.03. \u2013 23.03.2026 Die Linie 4002 f\u00e4hrt in Richtung Bahnhof Winsen eine Umleitung \u00fcber die Winsener Ilmer.\u27a1\ufe0f Die Haltestellen \u201eBorstel (WL), Winsener Ilmer\u201c und \u201eWinsen, Max-Planck-Stra\u00dfe\u201c k\u00f6nnen nicht bedient werden.Die Gegenrichtung f\u00e4hrt den normalen Linienweg. 23.03. \u2013 01.07.2026 Die Linie 4002 f\u00e4hrt in Richtung Messerschmidtstra\u00dfe (S\u00fcd) eine Umleitung \u00fcber Osttangente und Max-Planck-Stra\u00dfe.\u27a1\ufe0f Die Haltestelle \u201eBorstel (WL), Winsener Ilmer\u201c kann nicht bedient werden.In Richtung Bahnhof Winsen wird ab dem 23. M\u00e4rz 2026 wieder der normale Linienweg gefahren.\" \/>\n<meta property=\"og:url\" content=\"https:\/\/kvg-bus.de\/cuxhaven\/\u043b\u0438\u043d\u0438\u0438-4000-\u0438-4405-\u0441\u043e\u0431\u044b\u0442\u0438\u0435-\u0432-winsen-luhe-15-02-2026-2\/\" \/>\n<meta property=\"og:site_name\" content=\"KVG Cuxhaven\" \/>\n<meta property=\"article:published_time\" content=\"2026-02-13T11:45:57+00:00\" \/>\n<meta property=\"article:modified_time\" content=\"2026-03-13T09:21:39+00:00\" \/>\n<meta name=\"author\" content=\"mzimmermann\" \/>\n<meta name=\"twitter:card\" content=\"summary_large_image\" \/>\n<meta name=\"twitter:label1\" content=\"\u041d\u0430\u043f\u0438\u0441\u0430\u043d\u043e \u0430\u0432\u0442\u043e\u0440\u043e\u043c\" \/>\n\t<meta name=\"twitter:data1\" content=\"mzimmermann\" \/>\n\t<meta name=\"twitter:label2\" content=\"\u041f\u0440\u0438\u043c\u0435\u0440\u043d\u043e\u0435 \u0432\u0440\u0435\u043c\u044f \u0434\u043b\u044f \u0447\u0442\u0435\u043d\u0438\u044f\" \/>\n\t<meta name=\"twitter:data2\" content=\"1 \u043c\u0438\u043d\u0443\u0442\u0430\" \/>\n<script type=\"application\/ld+json\" class=\"yoast-schema-graph\">{\"@context\":\"https:\\\/\\\/schema.org\",\"@graph\":[{\"@type\":\"Article\",\"@id\":\"https:\\\/\\\/kvg-bus.de\\\/cuxhaven\\\/linien-4000-und-4405-veranstaltung-in-winsen-luhe-15-02-2026-2\\\/#article\",\"isPartOf\":{\"@id\":\"https:\\\/\\\/kvg-bus.de\\\/cuxhaven\\\/linien-4000-und-4405-veranstaltung-in-winsen-luhe-15-02-2026-2\\\/\"},\"author\":{\"name\":\"mzimmermann\",\"@id\":\"https:\\\/\\\/kvg-bus.de\\\/cuxhaven\\\/#\\\/schema\\\/person\\\/5a5abfab092f868ec7cbe0f59e95749b\"},\"headline\":\"Linie 4002 | Bauarbeiten in Winsen (Luhe): 02.03. \u2013 01.07.2026\",\"datePublished\":\"2026-02-13T11:45:57+00:00\",\"dateModified\":\"2026-03-13T09:21:39+00:00\",\"mainEntityOfPage\":{\"@id\":\"https:\\\/\\\/kvg-bus.de\\\/cuxhaven\\\/linien-4000-und-4405-veranstaltung-in-winsen-luhe-15-02-2026-2\\\/\"},\"wordCount\":104,\"commentCount\":0,\"publisher\":{\"@id\":\"https:\\\/\\\/kvg-bus.de\\\/cuxhaven\\\/#organization\"},\"articleSection\":[\"Harburg\",\"Fahrplanabweichungen\"],\"inLanguage\":\"ru-RU\",\"potentialAction\":[{\"@type\":\"CommentAction\",\"name\":\"Comment\",\"target\":[\"https:\\\/\\\/kvg-bus.de\\\/cuxhaven\\\/linien-4000-und-4405-veranstaltung-in-winsen-luhe-15-02-2026-2\\\/#respond\"]}]},{\"@type\":\"WebPage\",\"@id\":\"https:\\\/\\\/kvg-bus.de\\\/cuxhaven\\\/linien-4000-und-4405-veranstaltung-in-winsen-luhe-15-02-2026-2\\\/\",\"url\":\"https:\\\/\\\/kvg-bus.de\\\/cuxhaven\\\/linien-4000-und-4405-veranstaltung-in-winsen-luhe-15-02-2026-2\\\/\",\"name\":\"Linie 4002 | Bauarbeiten in Winsen (Luhe): 02.03. \u2013 01.07.2026 - KVG Cuxhaven\",\"isPartOf\":{\"@id\":\"https:\\\/\\\/kvg-bus.de\\\/cuxhaven\\\/#website\"},\"datePublished\":\"2026-02-13T11:45:57+00:00\",\"dateModified\":\"2026-03-13T09:21:39+00:00\",\"breadcrumb\":{\"@id\":\"https:\\\/\\\/kvg-bus.de\\\/cuxhaven\\\/linien-4000-und-4405-veranstaltung-in-winsen-luhe-15-02-2026-2\\\/#breadcrumb\"},\"inLanguage\":\"ru-RU\",\"potentialAction\":[{\"@type\":\"ReadAction\",\"target\":[\"https:\\\/\\\/kvg-bus.de\\\/cuxhaven\\\/linien-4000-und-4405-veranstaltung-in-winsen-luhe-15-02-2026-2\\\/\"]}]},{\"@type\":\"BreadcrumbList\",\"@id\":\"https:\\\/\\\/kvg-bus.de\\\/cuxhaven\\\/linien-4000-und-4405-veranstaltung-in-winsen-luhe-15-02-2026-2\\\/#breadcrumb\",\"itemListElement\":[{\"@type\":\"ListItem\",\"position\":1,\"name\":\"Startseite\",\"item\":\"https:\\\/\\\/kvg-bus.de\\\/cuxhaven\\\/\"},{\"@type\":\"ListItem\",\"position\":2,\"name\":\"Linie 4002 | Bauarbeiten in Winsen (Luhe): 02.03. \u2013 01.07.2026\"}]},{\"@type\":\"WebSite\",\"@id\":\"https:\\\/\\\/kvg-bus.de\\\/cuxhaven\\\/#website\",\"url\":\"https:\\\/\\\/kvg-bus.de\\\/cuxhaven\\\/\",\"name\":\"KVG Cuxhaven\",\"description\":\"\",\"publisher\":{\"@id\":\"https:\\\/\\\/kvg-bus.de\\\/cuxhaven\\\/#organization\"},\"potentialAction\":[{\"@type\":\"SearchAction\",\"target\":{\"@type\":\"EntryPoint\",\"urlTemplate\":\"https:\\\/\\\/kvg-bus.de\\\/cuxhaven\\\/?s={search_term_string}\"},\"query-input\":{\"@type\":\"PropertyValueSpecification\",\"valueRequired\":true,\"valueName\":\"search_term_string\"}}],\"inLanguage\":\"ru-RU\"},{\"@type\":\"Organization\",\"@id\":\"https:\\\/\\\/kvg-bus.de\\\/cuxhaven\\\/#organization\",\"name\":\"KVG Cuxhaven\",\"url\":\"https:\\\/\\\/kvg-bus.de\\\/cuxhaven\\\/\",\"logo\":{\"@type\":\"ImageObject\",\"inLanguage\":\"ru-RU\",\"@id\":\"https:\\\/\\\/kvg-bus.de\\\/cuxhaven\\\/#\\\/schema\\\/logo\\\/image\\\/\",\"url\":\"https:\\\/\\\/kvg-bus.de\\\/cuxhaven\\\/wp-content\\\/uploads\\\/sites\\\/14\\\/kvg_logo-1.svg\",\"contentUrl\":\"https:\\\/\\\/kvg-bus.de\\\/cuxhaven\\\/wp-content\\\/uploads\\\/sites\\\/14\\\/kvg_logo-1.svg\",\"caption\":\"KVG Cuxhaven\"},\"image\":{\"@id\":\"https:\\\/\\\/kvg-bus.de\\\/cuxhaven\\\/#\\\/schema\\\/logo\\\/image\\\/\"}},{\"@type\":\"Person\",\"@id\":\"https:\\\/\\\/kvg-bus.de\\\/cuxhaven\\\/#\\\/schema\\\/person\\\/5a5abfab092f868ec7cbe0f59e95749b\",\"name\":\"mzimmermann\",\"image\":{\"@type\":\"ImageObject\",\"inLanguage\":\"ru-RU\",\"@id\":\"https:\\\/\\\/secure.gravatar.com\\\/avatar\\\/0f69d8b83e3b3e54f0b766684bb3fd6649f0081ecdbff759ed4b19e5df68d1e4?s=96&d=mm&r=g\",\"url\":\"https:\\\/\\\/secure.gravatar.com\\\/avatar\\\/0f69d8b83e3b3e54f0b766684bb3fd6649f0081ecdbff759ed4b19e5df68d1e4?s=96&d=mm&r=g\",\"contentUrl\":\"https:\\\/\\\/secure.gravatar.com\\\/avatar\\\/0f69d8b83e3b3e54f0b766684bb3fd6649f0081ecdbff759ed4b19e5df68d1e4?s=96&d=mm&r=g\",\"caption\":\"mzimmermann\"},\"url\":\"https:\\\/\\\/kvg-bus.de\\\/cuxhaven\\\/ru\\\/author\\\/mzimmermann\\\/\"}]}<\/script>\n<!-- \/ Yoast SEO plugin. -->","yoast_head_json":{"title":"\u041b\u0438\u043d\u0438\u044f 4002 | \u0421\u0442\u0440\u043e\u0438\u0442\u0435\u043b\u044c\u043d\u044b\u0435 \u0440\u0430\u0431\u043e\u0442\u044b \u0432 \u0412\u0438\u043d\u0437\u0435\u043d\u0435 (\u041b\u0443\u0445\u0435): 02.03. - 01.07.2026 - KVG Cuxhaven","robots":{"index":"index","follow":"follow","max-snippet":"max-snippet:-1","max-image-preview":"max-image-preview:large","max-video-preview":"max-video-preview:-1"},"canonical":"https:\/\/kvg-bus.de\/cuxhaven\/\u043b\u0438\u043d\u0438\u0438-4000-\u0438-4405-\u0441\u043e\u0431\u044b\u0442\u0438\u0435-\u0432-winsen-luhe-15-02-2026-2\/","og_locale":"ru_RU","og_type":"article","og_title":"Linie 4002 | Bauarbeiten in Winsen (Luhe): 02.03. \u2013 01.07.2026 - KVG Cuxhaven","og_description":"Die K\u00f6nigstra\u00dfe wird als Einbahnstra\u00dfe eingerichtet. Die Fahrtrichtung \u00e4ndert sich im Verlauf der Ma\u00dfnahme. 02.03. \u2013 23.03.2026 Die Linie 4002 f\u00e4hrt in Richtung Bahnhof Winsen eine Umleitung \u00fcber die Winsener Ilmer.\u27a1\ufe0f Die Haltestellen \u201eBorstel (WL), Winsener Ilmer\u201c und \u201eWinsen, Max-Planck-Stra\u00dfe\u201c k\u00f6nnen nicht bedient werden.Die Gegenrichtung f\u00e4hrt den normalen Linienweg. 23.03. \u2013 01.07.2026 Die Linie 4002 f\u00e4hrt in Richtung Messerschmidtstra\u00dfe (S\u00fcd) eine Umleitung \u00fcber Osttangente und Max-Planck-Stra\u00dfe.\u27a1\ufe0f Die Haltestelle \u201eBorstel (WL), Winsener Ilmer\u201c kann nicht bedient werden.In Richtung Bahnhof Winsen wird ab dem 23. M\u00e4rz 2026 wieder der normale Linienweg gefahren.","og_url":"https:\/\/kvg-bus.de\/cuxhaven\/\u043b\u0438\u043d\u0438\u0438-4000-\u0438-4405-\u0441\u043e\u0431\u044b\u0442\u0438\u0435-\u0432-winsen-luhe-15-02-2026-2\/","og_site_name":"KVG Cuxhaven","article_published_time":"2026-02-13T11:45:57+00:00","article_modified_time":"2026-03-13T09:21:39+00:00","author":"mzimmermann","twitter_card":"summary_large_image","twitter_misc":{"\u041d\u0430\u043f\u0438\u0441\u0430\u043d\u043e \u0430\u0432\u0442\u043e\u0440\u043e\u043c":"mzimmermann","\u041f\u0440\u0438\u043c\u0435\u0440\u043d\u043e\u0435 \u0432\u0440\u0435\u043c\u044f \u0434\u043b\u044f \u0447\u0442\u0435\u043d\u0438\u044f":"1 \u043c\u0438\u043d\u0443\u0442\u0430"},"schema":{"@context":"https:\/\/schema.org","@graph":[{"@type":"Article","@id":"https:\/\/kvg-bus.de\/cuxhaven\/linien-4000-und-4405-veranstaltung-in-winsen-luhe-15-02-2026-2\/#article","isPartOf":{"@id":"https:\/\/kvg-bus.de\/cuxhaven\/linien-4000-und-4405-veranstaltung-in-winsen-luhe-15-02-2026-2\/"},"author":{"name":"mzimmermann","@id":"https:\/\/kvg-bus.de\/cuxhaven\/#\/schema\/person\/5a5abfab092f868ec7cbe0f59e95749b"},"headline":"Linie 4002 | Bauarbeiten in Winsen (Luhe): 02.03. \u2013 01.07.2026","datePublished":"2026-02-13T11:45:57+00:00","dateModified":"2026-03-13T09:21:39+00:00","mainEntityOfPage":{"@id":"https:\/\/kvg-bus.de\/cuxhaven\/linien-4000-und-4405-veranstaltung-in-winsen-luhe-15-02-2026-2\/"},"wordCount":104,"commentCount":0,"publisher":{"@id":"https:\/\/kvg-bus.de\/cuxhaven\/#organization"},"articleSection":["Harburg","Fahrplanabweichungen"],"inLanguage":"ru-RU","potentialAction":[{"@type":"CommentAction","name":"Comment","target":["https:\/\/kvg-bus.de\/cuxhaven\/linien-4000-und-4405-veranstaltung-in-winsen-luhe-15-02-2026-2\/#respond"]}]},{"@type":"WebPage","@id":"https:\/\/kvg-bus.de\/cuxhaven\/linien-4000-und-4405-veranstaltung-in-winsen-luhe-15-02-2026-2\/","url":"https:\/\/kvg-bus.de\/cuxhaven\/linien-4000-und-4405-veranstaltung-in-winsen-luhe-15-02-2026-2\/","name":"\u041b\u0438\u043d\u0438\u044f 4002 | \u0421\u0442\u0440\u043e\u0438\u0442\u0435\u043b\u044c\u043d\u044b\u0435 \u0440\u0430\u0431\u043e\u0442\u044b \u0432 \u0412\u0438\u043d\u0437\u0435\u043d\u0435 (\u041b\u0443\u0445\u0435): 02.03. - 01.07.2026 - KVG Cuxhaven","isPartOf":{"@id":"https:\/\/kvg-bus.de\/cuxhaven\/#website"},"datePublished":"2026-02-13T11:45:57+00:00","dateModified":"2026-03-13T09:21:39+00:00","breadcrumb":{"@id":"https:\/\/kvg-bus.de\/cuxhaven\/linien-4000-und-4405-veranstaltung-in-winsen-luhe-15-02-2026-2\/#breadcrumb"},"inLanguage":"ru-RU","potentialAction":[{"@type":"ReadAction","target":["https:\/\/kvg-bus.de\/cuxhaven\/linien-4000-und-4405-veranstaltung-in-winsen-luhe-15-02-2026-2\/"]}]},{"@type":"BreadcrumbList","@id":"https:\/\/kvg-bus.de\/cuxhaven\/linien-4000-und-4405-veranstaltung-in-winsen-luhe-15-02-2026-2\/#breadcrumb","itemListElement":[{"@type":"ListItem","position":1,"name":"Startseite","item":"https:\/\/kvg-bus.de\/cuxhaven\/"},{"@type":"ListItem","position":2,"name":"Linie 4002 | Bauarbeiten in Winsen (Luhe): 02.03. \u2013 01.07.2026"}]},{"@type":"WebSite","@id":"https:\/\/kvg-bus.de\/cuxhaven\/#website","url":"https:\/\/kvg-bus.de\/cuxhaven\/","name":"KVG \u041a\u0443\u043a\u0441\u0445\u0430\u0432\u0435\u043d","description":"","publisher":{"@id":"https:\/\/kvg-bus.de\/cuxhaven\/#organization"},"potentialAction":[{"@type":"SearchAction","target":{"@type":"EntryPoint","urlTemplate":"https:\/\/kvg-bus.de\/cuxhaven\/?s={search_term_string}"},"query-input":{"@type":"PropertyValueSpecification","valueRequired":true,"valueName":"search_term_string"}}],"inLanguage":"ru-RU"},{"@type":"Organization","@id":"https:\/\/kvg-bus.de\/cuxhaven\/#organization","name":"KVG \u041a\u0443\u043a\u0441\u0445\u0430\u0432\u0435\u043d","url":"https:\/\/kvg-bus.de\/cuxhaven\/","logo":{"@type":"ImageObject","inLanguage":"ru-RU","@id":"https:\/\/kvg-bus.de\/cuxhaven\/#\/schema\/logo\/image\/","url":"https:\/\/kvg-bus.de\/cuxhaven\/wp-content\/uploads\/sites\/14\/kvg_logo-1.svg","contentUrl":"https:\/\/kvg-bus.de\/cuxhaven\/wp-content\/uploads\/sites\/14\/kvg_logo-1.svg","caption":"KVG Cuxhaven"},"image":{"@id":"https:\/\/kvg-bus.de\/cuxhaven\/#\/schema\/logo\/image\/"}},{"@type":"Person","@id":"https:\/\/kvg-bus.de\/cuxhaven\/#\/schema\/person\/5a5abfab092f868ec7cbe0f59e95749b","name":"mzimmermann","image":{"@type":"ImageObject","inLanguage":"ru-RU","@id":"https:\/\/secure.gravatar.com\/avatar\/0f69d8b83e3b3e54f0b766684bb3fd6649f0081ecdbff759ed4b19e5df68d1e4?s=96&d=mm&r=g","url":"https:\/\/secure.gravatar.com\/avatar\/0f69d8b83e3b3e54f0b766684bb3fd6649f0081ecdbff759ed4b19e5df68d1e4?s=96&d=mm&r=g","contentUrl":"https:\/\/secure.gravatar.com\/avatar\/0f69d8b83e3b3e54f0b766684bb3fd6649f0081ecdbff759ed4b19e5df68d1e4?s=96&d=mm&r=g","caption":"mzimmermann"},"url":"https:\/\/kvg-bus.de\/cuxhaven\/ru\/author\/mzimmermann\/"}]}},"_links":{"self":[{"href":"https:\/\/kvg-bus.de\/cuxhaven\/ru\/wp-json\/wp\/v2\/posts\/1897","targetHints":{"allow":["GET"]}}],"collection":[{"href":"https:\/\/kvg-bus.de\/cuxhaven\/ru\/wp-json\/wp\/v2\/posts"}],"about":[{"href":"https:\/\/kvg-bus.de\/cuxhaven\/ru\/wp-json\/wp\/v2\/types\/post"}],"author":[{"embeddable":true,"href":"https:\/\/kvg-bus.de\/cuxhaven\/ru\/wp-json\/wp\/v2\/users\/10"}],"replies":[{"embeddable":true,"href":"https:\/\/kvg-bus.de\/cuxhaven\/ru\/wp-json\/wp\/v2\/comments?post=1897"}],"version-history":[{"count":0,"href":"https:\/\/kvg-bus.de\/cuxhaven\/ru\/wp-json\/wp\/v2\/posts\/1897\/revisions"}],"wp:attachment":[{"href":"https:\/\/kvg-bus.de\/cuxhaven\/ru\/wp-json\/wp\/v2\/media?parent=1897"}],"wp:term":[{"taxonomy":"category","embeddable":true,"href":"https:\/\/kvg-bus.de\/cuxhaven\/ru\/wp-json\/wp\/v2\/categories?post=1897"},{"taxonomy":"post_tag","embeddable":true,"href":"https:\/\/kvg-bus.de\/cuxhaven\/ru\/wp-json\/wp\/v2\/tags?post=1897"}],"curies":[{"name":"wp","href":"https:\/\/api.w.org\/{rel}","templated":true}]}}