{"id":1962,"date":"2026-04-17T11:37:11","date_gmt":"2026-04-17T09:37:11","guid":{"rendered":"https:\/\/kvg-bus.de\/cuxhaven\/linien-4200-4210-4605-4620-und-4608-bauarbeiten-in-iddensen-11-05-26-06-2026\/"},"modified":"2026-04-17T11:37:11","modified_gmt":"2026-04-17T09:37:11","slug":"linie-4200-4210-4605-4620-i-4608-roboty-budowlane-w-iddensen-11-05-26-06-2026","status":"publish","type":"post","link":"https:\/\/kvg-bus.de\/cuxhaven\/pl\/linien-4200-4210-4605-4620-und-4608-bauarbeiten-in-iddensen-11-05-26-06-2026\/","title":{"rendered":"Linie 4200, 4210, 4605, 4620 i 4608 | Prace budowlane w Iddensen: 11.05. - 26.06.2026 r."},"content":{"rendered":"<p data-start=\"93\" data-end=\"337\">Od <strong data-start=\"97\" data-end=\"115\">11 maja 2026 r.<\/strong> do <strong data-start=\"120\" data-end=\"137\">26 czerwca 2026 r.<\/strong> jest <strong data-start=\"146\" data-end=\"171\">Iddensener Dorfstra\u00dfe<\/strong> w <strong data-start=\"175\" data-end=\"187\">Iddensen<\/strong> z powodu <strong data-start=\"194\" data-end=\"209\">Prace budowlane<\/strong> zablokowane.<br data-start=\"219\" data-end=\"222\" \/>Ponadto <strong data-start=\"241\" data-end=\"258\">Bremer Strasse<\/strong> na skrzy\u017cowaniu z Iddensener Dorfstra\u00dfe <strong data-start=\"311\" data-end=\"334\">zamkni\u0119ty z jednej strony<\/strong>.<\/p>\n<hr data-start=\"339\" data-end=\"342\" \/>\n<h3 data-section-id=\"2k2zme\" data-start=\"344\" data-end=\"382\">Linie 4200, 4210, 4605 i 4620<\/h3>\n<p data-start=\"384\" data-end=\"549\">\u27a1\ufe0f Przystanek autobusowy \u201e<strong data-start=\"404\" data-end=\"430\">Iddensen, g\u0142\u00f3wna droga<\/strong>\u201c nie mo\u017ce by\u0107 u\u017cywany w tym czasie.<br data-start=\"473\" data-end=\"476\" \/>Nale\u017cy u\u017cy\u0107 ogranicznika \u201e<strong data-start=\"516\" data-end=\"545\">T\u00f6tensen, Auf der Schanze<\/strong>\u201c.<\/p>\n<hr data-start=\"551\" data-end=\"554\" \/>\n<h3 data-section-id=\"9g7cqz\" data-start=\"556\" data-end=\"572\">Linia 4608<\/h3>\n<p data-start=\"574\" data-end=\"632\">Linia obiera objazd przez <strong data-start=\"610\" data-end=\"629\">Na skoczni narciarskiej<\/strong>.<\/p>\n<p data-start=\"634\" data-end=\"801\">\u27a1\ufe0f Przystanek autobusowy \u201e<strong data-start=\"654\" data-end=\"689\">Iddensen, Iddensener Dorfstra\u00dfe<\/strong>\u201c nie mo\u017ce by\u0107 u\u017cywany.<br data-start=\"717\" data-end=\"720\" \/>Nale\u017cy u\u017cy\u0107 <strong data-start=\"747\" data-end=\"798\">Przystanek zast\u0119pczy na ulicy Auf der Schanze<\/strong>.<\/p>","protected":false},"excerpt":{"rendered":"<p>Od 11 maja 2026 r. do 26 czerwca 2026 r. Iddensener Dorfstra\u00dfe w Iddensen b\u0119dzie zamkni\u0119ta z powodu prac budowlanych, a Bremer Stra\u00dfe b\u0119dzie r\u00f3wnie\u017c zamkni\u0119ta z jednej strony na skrzy\u017cowaniu z Iddensener Dorfstra\u00dfe. Linie 4200, 4210, 4605 i 4620 \u27a1\ufe0f Przystanek \u201eIddensen, Bundesstra\u00dfe\u201c nie mo\u017ce by\u0107 obs\u0142ugiwany w tym czasie; zamiast tego nale\u017cy skorzysta\u0107 z przystanku \u201eT\u00f6tensen, Auf der Schanze\u201c. Linia 4608 Linia jedzie objazdem przez Auf der Schanze. \u27a1\ufe0f Przystanek \u201eIddensen, Iddensener Dorfstra\u00dfe\u201c nie mo\u017ce by\u0107 obs\u0142ugiwany, zamiast niego nale\u017cy skorzysta\u0107 z alternatywnego przystanku na ulicy Auf der Schanze.<\/p>","protected":false},"author":10,"featured_media":0,"comment_status":"open","ping_status":"open","sticky":false,"template":"","format":"standard","meta":{"footnotes":""},"categories":[76,33],"tags":[],"class_list":["post-1962","post","type-post","status-publish","format-standard","hentry","category-harburg","category-fahrplanabweichungen"],"yoast_head":"<!-- This site is optimized with the Yoast SEO plugin v27.4 - https:\/\/yoast.com\/product\/yoast-seo-wordpress\/ -->\n<title>Linien 4200, 4210, 4605, 4620 und 4608 | Bauarbeiten in Iddensen: 11.05. \u2013 26.06.2026 - KVG Cuxhaven<\/title>\n<meta name=\"robots\" content=\"index, follow, max-snippet:-1, max-image-preview:large, max-video-preview:-1\" \/>\n<link rel=\"canonical\" href=\"https:\/\/kvg-bus.de\/cuxhaven\/linie-4200-4210-4605-4620-i-4608-roboty-budowlane-w-iddensen-11-05-26-06-2026\/\" \/>\n<meta property=\"og:locale\" content=\"pl_PL\" \/>\n<meta property=\"og:type\" content=\"article\" \/>\n<meta property=\"og:title\" content=\"Linien 4200, 4210, 4605, 4620 und 4608 | Bauarbeiten in Iddensen: 11.05. \u2013 26.06.2026 - KVG Cuxhaven\" \/>\n<meta property=\"og:description\" content=\"Vom 11. Mai 2026 bis 26. Juni 2026 ist die Iddensener Dorfstra\u00dfe in Iddensen wegen Bauarbeiten gesperrt.Zus\u00e4tzlich ist die Bremer Stra\u00dfe auf H\u00f6he der Kreuzung mit der Iddensener Dorfstra\u00dfe halbseitig gesperrt. Linien 4200, 4210, 4605 und 4620 \u27a1\ufe0f Die Haltestelle \u201eIddensen, Bundesstra\u00dfe\u201c kann in dieser Zeit nicht bedient werden.Bitte nutz stattdessen die Haltestelle \u201eT\u00f6tensen, Auf der Schanze\u201c. Linie 4608 Die Linie f\u00e4hrt eine Umleitung \u00fcber Auf der Schanze. \u27a1\ufe0f Die Haltestelle \u201eIddensen, Iddensener Dorfstra\u00dfe\u201c kann nicht bedient werden.Bitte nutz stattdessen die Ersatzhaltestelle in der Stra\u00dfe Auf der Schanze.\" \/>\n<meta property=\"og:url\" content=\"https:\/\/kvg-bus.de\/cuxhaven\/linie-4200-4210-4605-4620-i-4608-roboty-budowlane-w-iddensen-11-05-26-06-2026\/\" \/>\n<meta property=\"og:site_name\" content=\"KVG Cuxhaven\" \/>\n<meta property=\"article:published_time\" content=\"2026-04-17T09:37:11+00:00\" \/>\n<meta name=\"author\" content=\"mzimmermann\" \/>\n<meta name=\"twitter:card\" content=\"summary_large_image\" \/>\n<meta name=\"twitter:label1\" content=\"Napisane przez\" \/>\n\t<meta name=\"twitter:data1\" content=\"mzimmermann\" \/>\n\t<meta name=\"twitter:label2\" content=\"Szacowany czas czytania\" \/>\n\t<meta name=\"twitter:data2\" content=\"1 minuta\" \/>\n<script type=\"application\/ld+json\" class=\"yoast-schema-graph\">{\"@context\":\"https:\\\/\\\/schema.org\",\"@graph\":[{\"@type\":\"Article\",\"@id\":\"https:\\\/\\\/kvg-bus.de\\\/cuxhaven\\\/linien-4200-4210-4605-4620-und-4608-bauarbeiten-in-iddensen-11-05-26-06-2026\\\/#article\",\"isPartOf\":{\"@id\":\"https:\\\/\\\/kvg-bus.de\\\/cuxhaven\\\/linien-4200-4210-4605-4620-und-4608-bauarbeiten-in-iddensen-11-05-26-06-2026\\\/\"},\"author\":{\"name\":\"mzimmermann\",\"@id\":\"https:\\\/\\\/kvg-bus.de\\\/cuxhaven\\\/#\\\/schema\\\/person\\\/5a5abfab092f868ec7cbe0f59e95749b\"},\"headline\":\"Linien 4200, 4210, 4605, 4620 und 4608 | Bauarbeiten in Iddensen: 11.05. \u2013 26.06.2026\",\"datePublished\":\"2026-04-17T09:37:11+00:00\",\"mainEntityOfPage\":{\"@id\":\"https:\\\/\\\/kvg-bus.de\\\/cuxhaven\\\/linien-4200-4210-4605-4620-und-4608-bauarbeiten-in-iddensen-11-05-26-06-2026\\\/\"},\"wordCount\":99,\"commentCount\":0,\"publisher\":{\"@id\":\"https:\\\/\\\/kvg-bus.de\\\/cuxhaven\\\/#organization\"},\"articleSection\":[\"Harburg\",\"Fahrplanabweichungen\"],\"inLanguage\":\"pl-PL\",\"potentialAction\":[{\"@type\":\"CommentAction\",\"name\":\"Comment\",\"target\":[\"https:\\\/\\\/kvg-bus.de\\\/cuxhaven\\\/linien-4200-4210-4605-4620-und-4608-bauarbeiten-in-iddensen-11-05-26-06-2026\\\/#respond\"]}]},{\"@type\":\"WebPage\",\"@id\":\"https:\\\/\\\/kvg-bus.de\\\/cuxhaven\\\/linien-4200-4210-4605-4620-und-4608-bauarbeiten-in-iddensen-11-05-26-06-2026\\\/\",\"url\":\"https:\\\/\\\/kvg-bus.de\\\/cuxhaven\\\/linien-4200-4210-4605-4620-und-4608-bauarbeiten-in-iddensen-11-05-26-06-2026\\\/\",\"name\":\"Linien 4200, 4210, 4605, 4620 und 4608 | Bauarbeiten in Iddensen: 11.05. \u2013 26.06.2026 - KVG Cuxhaven\",\"isPartOf\":{\"@id\":\"https:\\\/\\\/kvg-bus.de\\\/cuxhaven\\\/#website\"},\"datePublished\":\"2026-04-17T09:37:11+00:00\",\"breadcrumb\":{\"@id\":\"https:\\\/\\\/kvg-bus.de\\\/cuxhaven\\\/linien-4200-4210-4605-4620-und-4608-bauarbeiten-in-iddensen-11-05-26-06-2026\\\/#breadcrumb\"},\"inLanguage\":\"pl-PL\",\"potentialAction\":[{\"@type\":\"ReadAction\",\"target\":[\"https:\\\/\\\/kvg-bus.de\\\/cuxhaven\\\/linien-4200-4210-4605-4620-und-4608-bauarbeiten-in-iddensen-11-05-26-06-2026\\\/\"]}]},{\"@type\":\"BreadcrumbList\",\"@id\":\"https:\\\/\\\/kvg-bus.de\\\/cuxhaven\\\/linien-4200-4210-4605-4620-und-4608-bauarbeiten-in-iddensen-11-05-26-06-2026\\\/#breadcrumb\",\"itemListElement\":[{\"@type\":\"ListItem\",\"position\":1,\"name\":\"Startseite\",\"item\":\"https:\\\/\\\/kvg-bus.de\\\/cuxhaven\\\/\"},{\"@type\":\"ListItem\",\"position\":2,\"name\":\"Linien 4200, 4210, 4605, 4620 und 4608 | Bauarbeiten in Iddensen: 11.05. \u2013 26.06.2026\"}]},{\"@type\":\"WebSite\",\"@id\":\"https:\\\/\\\/kvg-bus.de\\\/cuxhaven\\\/#website\",\"url\":\"https:\\\/\\\/kvg-bus.de\\\/cuxhaven\\\/\",\"name\":\"KVG Cuxhaven\",\"description\":\"\",\"publisher\":{\"@id\":\"https:\\\/\\\/kvg-bus.de\\\/cuxhaven\\\/#organization\"},\"potentialAction\":[{\"@type\":\"SearchAction\",\"target\":{\"@type\":\"EntryPoint\",\"urlTemplate\":\"https:\\\/\\\/kvg-bus.de\\\/cuxhaven\\\/?s={search_term_string}\"},\"query-input\":{\"@type\":\"PropertyValueSpecification\",\"valueRequired\":true,\"valueName\":\"search_term_string\"}}],\"inLanguage\":\"pl-PL\"},{\"@type\":\"Organization\",\"@id\":\"https:\\\/\\\/kvg-bus.de\\\/cuxhaven\\\/#organization\",\"name\":\"KVG Cuxhaven\",\"url\":\"https:\\\/\\\/kvg-bus.de\\\/cuxhaven\\\/\",\"logo\":{\"@type\":\"ImageObject\",\"inLanguage\":\"pl-PL\",\"@id\":\"https:\\\/\\\/kvg-bus.de\\\/cuxhaven\\\/#\\\/schema\\\/logo\\\/image\\\/\",\"url\":\"https:\\\/\\\/kvg-bus.de\\\/cuxhaven\\\/wp-content\\\/uploads\\\/sites\\\/14\\\/kvg_logo-1.svg\",\"contentUrl\":\"https:\\\/\\\/kvg-bus.de\\\/cuxhaven\\\/wp-content\\\/uploads\\\/sites\\\/14\\\/kvg_logo-1.svg\",\"caption\":\"KVG Cuxhaven\"},\"image\":{\"@id\":\"https:\\\/\\\/kvg-bus.de\\\/cuxhaven\\\/#\\\/schema\\\/logo\\\/image\\\/\"}},{\"@type\":\"Person\",\"@id\":\"https:\\\/\\\/kvg-bus.de\\\/cuxhaven\\\/#\\\/schema\\\/person\\\/5a5abfab092f868ec7cbe0f59e95749b\",\"name\":\"mzimmermann\",\"image\":{\"@type\":\"ImageObject\",\"inLanguage\":\"pl-PL\",\"@id\":\"https:\\\/\\\/secure.gravatar.com\\\/avatar\\\/0f69d8b83e3b3e54f0b766684bb3fd6649f0081ecdbff759ed4b19e5df68d1e4?s=96&d=mm&r=g\",\"url\":\"https:\\\/\\\/secure.gravatar.com\\\/avatar\\\/0f69d8b83e3b3e54f0b766684bb3fd6649f0081ecdbff759ed4b19e5df68d1e4?s=96&d=mm&r=g\",\"contentUrl\":\"https:\\\/\\\/secure.gravatar.com\\\/avatar\\\/0f69d8b83e3b3e54f0b766684bb3fd6649f0081ecdbff759ed4b19e5df68d1e4?s=96&d=mm&r=g\",\"caption\":\"mzimmermann\"},\"url\":\"https:\\\/\\\/kvg-bus.de\\\/cuxhaven\\\/pl\\\/author\\\/mzimmermann\\\/\"}]}<\/script>\n<!-- \/ Yoast SEO plugin. -->","yoast_head_json":{"title":"Linie 4200, 4210, 4605, 4620 i 4608 | Prace budowlane w Iddensen: 11 maja - 26 czerwca 2026 r. - KVG Cuxhaven","robots":{"index":"index","follow":"follow","max-snippet":"max-snippet:-1","max-image-preview":"max-image-preview:large","max-video-preview":"max-video-preview:-1"},"canonical":"https:\/\/kvg-bus.de\/cuxhaven\/linie-4200-4210-4605-4620-i-4608-roboty-budowlane-w-iddensen-11-05-26-06-2026\/","og_locale":"pl_PL","og_type":"article","og_title":"Linien 4200, 4210, 4605, 4620 und 4608 | Bauarbeiten in Iddensen: 11.05. \u2013 26.06.2026 - KVG Cuxhaven","og_description":"Vom 11. Mai 2026 bis 26. Juni 2026 ist die Iddensener Dorfstra\u00dfe in Iddensen wegen Bauarbeiten gesperrt.Zus\u00e4tzlich ist die Bremer Stra\u00dfe auf H\u00f6he der Kreuzung mit der Iddensener Dorfstra\u00dfe halbseitig gesperrt. Linien 4200, 4210, 4605 und 4620 \u27a1\ufe0f Die Haltestelle \u201eIddensen, Bundesstra\u00dfe\u201c kann in dieser Zeit nicht bedient werden.Bitte nutz stattdessen die Haltestelle \u201eT\u00f6tensen, Auf der Schanze\u201c. Linie 4608 Die Linie f\u00e4hrt eine Umleitung \u00fcber Auf der Schanze. \u27a1\ufe0f Die Haltestelle \u201eIddensen, Iddensener Dorfstra\u00dfe\u201c kann nicht bedient werden.Bitte nutz stattdessen die Ersatzhaltestelle in der Stra\u00dfe Auf der Schanze.","og_url":"https:\/\/kvg-bus.de\/cuxhaven\/linie-4200-4210-4605-4620-i-4608-roboty-budowlane-w-iddensen-11-05-26-06-2026\/","og_site_name":"KVG Cuxhaven","article_published_time":"2026-04-17T09:37:11+00:00","author":"mzimmermann","twitter_card":"summary_large_image","twitter_misc":{"Napisane przez":"mzimmermann","Szacowany czas czytania":"1 minuta"},"schema":{"@context":"https:\/\/schema.org","@graph":[{"@type":"Article","@id":"https:\/\/kvg-bus.de\/cuxhaven\/linien-4200-4210-4605-4620-und-4608-bauarbeiten-in-iddensen-11-05-26-06-2026\/#article","isPartOf":{"@id":"https:\/\/kvg-bus.de\/cuxhaven\/linien-4200-4210-4605-4620-und-4608-bauarbeiten-in-iddensen-11-05-26-06-2026\/"},"author":{"name":"mzimmermann","@id":"https:\/\/kvg-bus.de\/cuxhaven\/#\/schema\/person\/5a5abfab092f868ec7cbe0f59e95749b"},"headline":"Linien 4200, 4210, 4605, 4620 und 4608 | Bauarbeiten in Iddensen: 11.05. \u2013 26.06.2026","datePublished":"2026-04-17T09:37:11+00:00","mainEntityOfPage":{"@id":"https:\/\/kvg-bus.de\/cuxhaven\/linien-4200-4210-4605-4620-und-4608-bauarbeiten-in-iddensen-11-05-26-06-2026\/"},"wordCount":99,"commentCount":0,"publisher":{"@id":"https:\/\/kvg-bus.de\/cuxhaven\/#organization"},"articleSection":["Harburg","Fahrplanabweichungen"],"inLanguage":"pl-PL","potentialAction":[{"@type":"CommentAction","name":"Comment","target":["https:\/\/kvg-bus.de\/cuxhaven\/linien-4200-4210-4605-4620-und-4608-bauarbeiten-in-iddensen-11-05-26-06-2026\/#respond"]}]},{"@type":"WebPage","@id":"https:\/\/kvg-bus.de\/cuxhaven\/linien-4200-4210-4605-4620-und-4608-bauarbeiten-in-iddensen-11-05-26-06-2026\/","url":"https:\/\/kvg-bus.de\/cuxhaven\/linien-4200-4210-4605-4620-und-4608-bauarbeiten-in-iddensen-11-05-26-06-2026\/","name":"Linie 4200, 4210, 4605, 4620 i 4608 | Prace budowlane w Iddensen: 11 maja - 26 czerwca 2026 r. - KVG Cuxhaven","isPartOf":{"@id":"https:\/\/kvg-bus.de\/cuxhaven\/#website"},"datePublished":"2026-04-17T09:37:11+00:00","breadcrumb":{"@id":"https:\/\/kvg-bus.de\/cuxhaven\/linien-4200-4210-4605-4620-und-4608-bauarbeiten-in-iddensen-11-05-26-06-2026\/#breadcrumb"},"inLanguage":"pl-PL","potentialAction":[{"@type":"ReadAction","target":["https:\/\/kvg-bus.de\/cuxhaven\/linien-4200-4210-4605-4620-und-4608-bauarbeiten-in-iddensen-11-05-26-06-2026\/"]}]},{"@type":"BreadcrumbList","@id":"https:\/\/kvg-bus.de\/cuxhaven\/linien-4200-4210-4605-4620-und-4608-bauarbeiten-in-iddensen-11-05-26-06-2026\/#breadcrumb","itemListElement":[{"@type":"ListItem","position":1,"name":"Startseite","item":"https:\/\/kvg-bus.de\/cuxhaven\/"},{"@type":"ListItem","position":2,"name":"Linien 4200, 4210, 4605, 4620 und 4608 | Bauarbeiten in Iddensen: 11.05. \u2013 26.06.2026"}]},{"@type":"WebSite","@id":"https:\/\/kvg-bus.de\/cuxhaven\/#website","url":"https:\/\/kvg-bus.de\/cuxhaven\/","name":"KVG Cuxhaven","description":"","publisher":{"@id":"https:\/\/kvg-bus.de\/cuxhaven\/#organization"},"potentialAction":[{"@type":"SearchAction","target":{"@type":"EntryPoint","urlTemplate":"https:\/\/kvg-bus.de\/cuxhaven\/?s={search_term_string}"},"query-input":{"@type":"PropertyValueSpecification","valueRequired":true,"valueName":"search_term_string"}}],"inLanguage":"pl-PL"},{"@type":"Organization","@id":"https:\/\/kvg-bus.de\/cuxhaven\/#organization","name":"KVG Cuxhaven","url":"https:\/\/kvg-bus.de\/cuxhaven\/","logo":{"@type":"ImageObject","inLanguage":"pl-PL","@id":"https:\/\/kvg-bus.de\/cuxhaven\/#\/schema\/logo\/image\/","url":"https:\/\/kvg-bus.de\/cuxhaven\/wp-content\/uploads\/sites\/14\/kvg_logo-1.svg","contentUrl":"https:\/\/kvg-bus.de\/cuxhaven\/wp-content\/uploads\/sites\/14\/kvg_logo-1.svg","caption":"KVG Cuxhaven"},"image":{"@id":"https:\/\/kvg-bus.de\/cuxhaven\/#\/schema\/logo\/image\/"}},{"@type":"Person","@id":"https:\/\/kvg-bus.de\/cuxhaven\/#\/schema\/person\/5a5abfab092f868ec7cbe0f59e95749b","name":"mzimmermann","image":{"@type":"ImageObject","inLanguage":"pl-PL","@id":"https:\/\/secure.gravatar.com\/avatar\/0f69d8b83e3b3e54f0b766684bb3fd6649f0081ecdbff759ed4b19e5df68d1e4?s=96&d=mm&r=g","url":"https:\/\/secure.gravatar.com\/avatar\/0f69d8b83e3b3e54f0b766684bb3fd6649f0081ecdbff759ed4b19e5df68d1e4?s=96&d=mm&r=g","contentUrl":"https:\/\/secure.gravatar.com\/avatar\/0f69d8b83e3b3e54f0b766684bb3fd6649f0081ecdbff759ed4b19e5df68d1e4?s=96&d=mm&r=g","caption":"mzimmermann"},"url":"https:\/\/kvg-bus.de\/cuxhaven\/pl\/author\/mzimmermann\/"}]}},"_links":{"self":[{"href":"https:\/\/kvg-bus.de\/cuxhaven\/pl\/wp-json\/wp\/v2\/posts\/1962","targetHints":{"allow":["GET"]}}],"collection":[{"href":"https:\/\/kvg-bus.de\/cuxhaven\/pl\/wp-json\/wp\/v2\/posts"}],"about":[{"href":"https:\/\/kvg-bus.de\/cuxhaven\/pl\/wp-json\/wp\/v2\/types\/post"}],"author":[{"embeddable":true,"href":"https:\/\/kvg-bus.de\/cuxhaven\/pl\/wp-json\/wp\/v2\/users\/10"}],"replies":[{"embeddable":true,"href":"https:\/\/kvg-bus.de\/cuxhaven\/pl\/wp-json\/wp\/v2\/comments?post=1962"}],"version-history":[{"count":0,"href":"https:\/\/kvg-bus.de\/cuxhaven\/pl\/wp-json\/wp\/v2\/posts\/1962\/revisions"}],"wp:attachment":[{"href":"https:\/\/kvg-bus.de\/cuxhaven\/pl\/wp-json\/wp\/v2\/media?parent=1962"}],"wp:term":[{"taxonomy":"category","embeddable":true,"href":"https:\/\/kvg-bus.de\/cuxhaven\/pl\/wp-json\/wp\/v2\/categories?post=1962"},{"taxonomy":"post_tag","embeddable":true,"href":"https:\/\/kvg-bus.de\/cuxhaven\/pl\/wp-json\/wp\/v2\/tags?post=1962"}],"curies":[{"name":"wp","href":"https:\/\/api.w.org\/{rel}","templated":true}]}}