{"id":1956,"date":"2026-04-22T11:28:02","date_gmt":"2026-04-22T09:28:02","guid":{"rendered":"https:\/\/kvg-bus.de\/cuxhaven\/linien-4408-4611-und-4631-bauarbeiten-in-asendorf-28-04-2026\/"},"modified":"2026-04-22T11:28:02","modified_gmt":"2026-04-22T09:28:02","slug":"lineas-4408-4611-y-4631-obras-en-asendorf-28-04-2026","status":"publish","type":"post","link":"https:\/\/kvg-bus.de\/cuxhaven\/es\/linien-4408-4611-und-4631-bauarbeiten-in-asendorf-28-04-2026\/","title":{"rendered":"L\u00edneas 4408, 4611 y 4631 | Obras en Asendorf: 28.04.2026"},"content":{"rendered":"<p data-start=\"72\" data-end=\"239\">En <strong data-start=\"75\" data-end=\"93\">28 de abril de 2026<\/strong> entre <strong data-start=\"103\" data-end=\"130\">09:00 y 18:00<\/strong> son los <strong data-start=\"140\" data-end=\"157\">Hinnerkstra\u00dfe<\/strong> y el <strong data-start=\"166\" data-end=\"182\">Eichenstra\u00dfe<\/strong> en <strong data-start=\"186\" data-end=\"198\">Asendorf<\/strong> debido a <strong data-start=\"205\" data-end=\"227\">Obras de construcci\u00f3n de carreteras<\/strong> bloqueado.<\/p>\n<p data-start=\"241\" data-end=\"383\">En <strong data-start=\"245\" data-end=\"275\">L\u00edneas 4408, 4611 y 4631<\/strong> por lo tanto, tomar un desv\u00edo a trav\u00e9s de <strong data-start=\"311\" data-end=\"332\">Calle Hanstedter<\/strong>, el <strong data-start=\"338\" data-end=\"361\">Hermann-Beecken-Weg<\/strong> y <strong data-start=\"366\" data-end=\"380\">Al bar<\/strong>.<\/p>\n<p data-start=\"385\" data-end=\"667\" data-is-last-node=\"\" data-is-only-node=\"\">\u27a1\ufe0f Las paradas \u201e<strong data-start=\"406\" data-end=\"433\">Asendorf, Hinnerkstra\u00dfe<\/strong>\u201c (en direcci\u00f3n a Brackel) y \u201e<strong data-start=\"462\" data-end=\"489\">Asendorf, Am M\u00fchlenberg<\/strong>\u201c no puede ser servido durante este tiempo.<br data-start=\"534\" data-end=\"537\" \/>Utilice la parada \u201e<strong data-start=\"577\" data-end=\"608\">Asendorf, Hanstedter Stra\u00dfe<\/strong>\u201c y el <strong data-start=\"620\" data-end=\"666\">Parada de sustituci\u00f3n en la calle Zum Stegen<\/strong>.<\/p>","protected":false},"excerpt":{"rendered":"<p>El 28 de abril de 2026, entre las 09:00 y las 18:00 horas, las calles Hinnerkstra\u00dfe y Eichenstra\u00dfe de Asendorf permanecer\u00e1n cerradas por obras. Las l\u00edneas 4408, 4611 y 4631 se desviar\u00e1n por Hanstedter Stra\u00dfe, Hermann-Beecken-Weg y Zum Stegen. \u27a1\ufe0f Las paradas de autob\u00fas \u201eAsendorf, Hinnerkstra\u00dfe\u201c (en direcci\u00f3n a Brackel) y \u201eAsendorf, Am M\u00fchlenberg\u201c no podr\u00e1n ser atendidas durante este tiempo; por favor, utilice en su lugar la parada de autob\u00fas \u201eAsendorf, Hanstedter Stra\u00dfe\u201c y la parada alternativa de Zum Stegen.<\/p>","protected":false},"author":10,"featured_media":0,"comment_status":"open","ping_status":"open","sticky":false,"template":"","format":"standard","meta":{"footnotes":""},"categories":[76,33],"tags":[],"class_list":["post-1956","post","type-post","status-publish","format-standard","hentry","category-harburg","category-fahrplanabweichungen"],"yoast_head":"<!-- This site is optimized with the Yoast SEO plugin v27.4 - https:\/\/yoast.com\/product\/yoast-seo-wordpress\/ -->\n<title>Linien 4408, 4611 und 4631 | Bauarbeiten in Asendorf: 28.04.2026 - KVG Cuxhaven<\/title>\n<meta name=\"robots\" content=\"index, follow, max-snippet:-1, max-image-preview:large, max-video-preview:-1\" \/>\n<link rel=\"canonical\" href=\"https:\/\/kvg-bus.de\/cuxhaven\/lineas-4408-4611-y-4631-obras-en-asendorf-28-04-2026\/\" \/>\n<meta property=\"og:locale\" content=\"es_ES\" \/>\n<meta property=\"og:type\" content=\"article\" \/>\n<meta property=\"og:title\" content=\"Linien 4408, 4611 und 4631 | Bauarbeiten in Asendorf: 28.04.2026 - KVG Cuxhaven\" \/>\n<meta property=\"og:description\" content=\"Am 28. April 2026 zwischen 09:00 Uhr und 18:00 Uhr sind die Hinnerkstra\u00dfe und die Eichenstra\u00dfe in Asendorf wegen Stra\u00dfenbauarbeiten gesperrt. Die Linien 4408, 4611 und 4631 fahren deshalb eine Umleitung \u00fcber Hanstedter Stra\u00dfe, den Hermann-Beecken-Weg und Zum Stegen. \u27a1\ufe0f Die Haltestellen \u201eAsendorf, Hinnerkstra\u00dfe\u201c (in Richtung Brackel) und \u201eAsendorf, Am M\u00fchlenberg\u201c k\u00f6nnen in dieser Zeit nicht bedient werden.Bitte nutz stattdessen die Haltestelle \u201eAsendorf, Hanstedter Stra\u00dfe\u201c sowie die Ersatzhaltestelle in der Stra\u00dfe Zum Stegen.\" \/>\n<meta property=\"og:url\" content=\"https:\/\/kvg-bus.de\/cuxhaven\/lineas-4408-4611-y-4631-obras-en-asendorf-28-04-2026\/\" \/>\n<meta property=\"og:site_name\" content=\"KVG Cuxhaven\" \/>\n<meta property=\"article:published_time\" content=\"2026-04-22T09:28:02+00:00\" \/>\n<meta name=\"author\" content=\"mzimmermann\" \/>\n<meta name=\"twitter:card\" content=\"summary_large_image\" \/>\n<meta name=\"twitter:label1\" content=\"Escrito por\" \/>\n\t<meta name=\"twitter:data1\" content=\"mzimmermann\" \/>\n<script type=\"application\/ld+json\" class=\"yoast-schema-graph\">{\"@context\":\"https:\\\/\\\/schema.org\",\"@graph\":[{\"@type\":\"Article\",\"@id\":\"https:\\\/\\\/kvg-bus.de\\\/cuxhaven\\\/linien-4408-4611-und-4631-bauarbeiten-in-asendorf-28-04-2026\\\/#article\",\"isPartOf\":{\"@id\":\"https:\\\/\\\/kvg-bus.de\\\/cuxhaven\\\/linien-4408-4611-und-4631-bauarbeiten-in-asendorf-28-04-2026\\\/\"},\"author\":{\"name\":\"mzimmermann\",\"@id\":\"https:\\\/\\\/kvg-bus.de\\\/cuxhaven\\\/#\\\/schema\\\/person\\\/5a5abfab092f868ec7cbe0f59e95749b\"},\"headline\":\"Linien 4408, 4611 und 4631 | Bauarbeiten in Asendorf: 28.04.2026\",\"datePublished\":\"2026-04-22T09:28:02+00:00\",\"mainEntityOfPage\":{\"@id\":\"https:\\\/\\\/kvg-bus.de\\\/cuxhaven\\\/linien-4408-4611-und-4631-bauarbeiten-in-asendorf-28-04-2026\\\/\"},\"wordCount\":82,\"commentCount\":0,\"publisher\":{\"@id\":\"https:\\\/\\\/kvg-bus.de\\\/cuxhaven\\\/#organization\"},\"articleSection\":[\"Harburg\",\"Fahrplanabweichungen\"],\"inLanguage\":\"es\",\"potentialAction\":[{\"@type\":\"CommentAction\",\"name\":\"Comment\",\"target\":[\"https:\\\/\\\/kvg-bus.de\\\/cuxhaven\\\/linien-4408-4611-und-4631-bauarbeiten-in-asendorf-28-04-2026\\\/#respond\"]}]},{\"@type\":\"WebPage\",\"@id\":\"https:\\\/\\\/kvg-bus.de\\\/cuxhaven\\\/linien-4408-4611-und-4631-bauarbeiten-in-asendorf-28-04-2026\\\/\",\"url\":\"https:\\\/\\\/kvg-bus.de\\\/cuxhaven\\\/linien-4408-4611-und-4631-bauarbeiten-in-asendorf-28-04-2026\\\/\",\"name\":\"Linien 4408, 4611 und 4631 | Bauarbeiten in Asendorf: 28.04.2026 - KVG Cuxhaven\",\"isPartOf\":{\"@id\":\"https:\\\/\\\/kvg-bus.de\\\/cuxhaven\\\/#website\"},\"datePublished\":\"2026-04-22T09:28:02+00:00\",\"breadcrumb\":{\"@id\":\"https:\\\/\\\/kvg-bus.de\\\/cuxhaven\\\/linien-4408-4611-und-4631-bauarbeiten-in-asendorf-28-04-2026\\\/#breadcrumb\"},\"inLanguage\":\"es\",\"potentialAction\":[{\"@type\":\"ReadAction\",\"target\":[\"https:\\\/\\\/kvg-bus.de\\\/cuxhaven\\\/linien-4408-4611-und-4631-bauarbeiten-in-asendorf-28-04-2026\\\/\"]}]},{\"@type\":\"BreadcrumbList\",\"@id\":\"https:\\\/\\\/kvg-bus.de\\\/cuxhaven\\\/linien-4408-4611-und-4631-bauarbeiten-in-asendorf-28-04-2026\\\/#breadcrumb\",\"itemListElement\":[{\"@type\":\"ListItem\",\"position\":1,\"name\":\"Startseite\",\"item\":\"https:\\\/\\\/kvg-bus.de\\\/cuxhaven\\\/\"},{\"@type\":\"ListItem\",\"position\":2,\"name\":\"Linien 4408, 4611 und 4631 | Bauarbeiten in Asendorf: 28.04.2026\"}]},{\"@type\":\"WebSite\",\"@id\":\"https:\\\/\\\/kvg-bus.de\\\/cuxhaven\\\/#website\",\"url\":\"https:\\\/\\\/kvg-bus.de\\\/cuxhaven\\\/\",\"name\":\"KVG Cuxhaven\",\"description\":\"\",\"publisher\":{\"@id\":\"https:\\\/\\\/kvg-bus.de\\\/cuxhaven\\\/#organization\"},\"potentialAction\":[{\"@type\":\"SearchAction\",\"target\":{\"@type\":\"EntryPoint\",\"urlTemplate\":\"https:\\\/\\\/kvg-bus.de\\\/cuxhaven\\\/?s={search_term_string}\"},\"query-input\":{\"@type\":\"PropertyValueSpecification\",\"valueRequired\":true,\"valueName\":\"search_term_string\"}}],\"inLanguage\":\"es\"},{\"@type\":\"Organization\",\"@id\":\"https:\\\/\\\/kvg-bus.de\\\/cuxhaven\\\/#organization\",\"name\":\"KVG Cuxhaven\",\"url\":\"https:\\\/\\\/kvg-bus.de\\\/cuxhaven\\\/\",\"logo\":{\"@type\":\"ImageObject\",\"inLanguage\":\"es\",\"@id\":\"https:\\\/\\\/kvg-bus.de\\\/cuxhaven\\\/#\\\/schema\\\/logo\\\/image\\\/\",\"url\":\"https:\\\/\\\/kvg-bus.de\\\/cuxhaven\\\/wp-content\\\/uploads\\\/sites\\\/14\\\/kvg_logo-1.svg\",\"contentUrl\":\"https:\\\/\\\/kvg-bus.de\\\/cuxhaven\\\/wp-content\\\/uploads\\\/sites\\\/14\\\/kvg_logo-1.svg\",\"caption\":\"KVG Cuxhaven\"},\"image\":{\"@id\":\"https:\\\/\\\/kvg-bus.de\\\/cuxhaven\\\/#\\\/schema\\\/logo\\\/image\\\/\"}},{\"@type\":\"Person\",\"@id\":\"https:\\\/\\\/kvg-bus.de\\\/cuxhaven\\\/#\\\/schema\\\/person\\\/5a5abfab092f868ec7cbe0f59e95749b\",\"name\":\"mzimmermann\",\"image\":{\"@type\":\"ImageObject\",\"inLanguage\":\"es\",\"@id\":\"https:\\\/\\\/secure.gravatar.com\\\/avatar\\\/0f69d8b83e3b3e54f0b766684bb3fd6649f0081ecdbff759ed4b19e5df68d1e4?s=96&d=mm&r=g\",\"url\":\"https:\\\/\\\/secure.gravatar.com\\\/avatar\\\/0f69d8b83e3b3e54f0b766684bb3fd6649f0081ecdbff759ed4b19e5df68d1e4?s=96&d=mm&r=g\",\"contentUrl\":\"https:\\\/\\\/secure.gravatar.com\\\/avatar\\\/0f69d8b83e3b3e54f0b766684bb3fd6649f0081ecdbff759ed4b19e5df68d1e4?s=96&d=mm&r=g\",\"caption\":\"mzimmermann\"},\"url\":\"https:\\\/\\\/kvg-bus.de\\\/cuxhaven\\\/es\\\/author\\\/mzimmermann\\\/\"}]}<\/script>\n<!-- \/ Yoast SEO plugin. -->","yoast_head_json":{"title":"L\u00edneas 4408, 4611 y 4631 | Obras en Asendorf: 28.04.2026 - KVG Cuxhaven","robots":{"index":"index","follow":"follow","max-snippet":"max-snippet:-1","max-image-preview":"max-image-preview:large","max-video-preview":"max-video-preview:-1"},"canonical":"https:\/\/kvg-bus.de\/cuxhaven\/lineas-4408-4611-y-4631-obras-en-asendorf-28-04-2026\/","og_locale":"es_ES","og_type":"article","og_title":"Linien 4408, 4611 und 4631 | Bauarbeiten in Asendorf: 28.04.2026 - KVG Cuxhaven","og_description":"Am 28. April 2026 zwischen 09:00 Uhr und 18:00 Uhr sind die Hinnerkstra\u00dfe und die Eichenstra\u00dfe in Asendorf wegen Stra\u00dfenbauarbeiten gesperrt. Die Linien 4408, 4611 und 4631 fahren deshalb eine Umleitung \u00fcber Hanstedter Stra\u00dfe, den Hermann-Beecken-Weg und Zum Stegen. \u27a1\ufe0f Die Haltestellen \u201eAsendorf, Hinnerkstra\u00dfe\u201c (in Richtung Brackel) und \u201eAsendorf, Am M\u00fchlenberg\u201c k\u00f6nnen in dieser Zeit nicht bedient werden.Bitte nutz stattdessen die Haltestelle \u201eAsendorf, Hanstedter Stra\u00dfe\u201c sowie die Ersatzhaltestelle in der Stra\u00dfe Zum Stegen.","og_url":"https:\/\/kvg-bus.de\/cuxhaven\/lineas-4408-4611-y-4631-obras-en-asendorf-28-04-2026\/","og_site_name":"KVG Cuxhaven","article_published_time":"2026-04-22T09:28:02+00:00","author":"mzimmermann","twitter_card":"summary_large_image","twitter_misc":{"Escrito por":"mzimmermann"},"schema":{"@context":"https:\/\/schema.org","@graph":[{"@type":"Article","@id":"https:\/\/kvg-bus.de\/cuxhaven\/linien-4408-4611-und-4631-bauarbeiten-in-asendorf-28-04-2026\/#article","isPartOf":{"@id":"https:\/\/kvg-bus.de\/cuxhaven\/linien-4408-4611-und-4631-bauarbeiten-in-asendorf-28-04-2026\/"},"author":{"name":"mzimmermann","@id":"https:\/\/kvg-bus.de\/cuxhaven\/#\/schema\/person\/5a5abfab092f868ec7cbe0f59e95749b"},"headline":"Linien 4408, 4611 und 4631 | Bauarbeiten in Asendorf: 28.04.2026","datePublished":"2026-04-22T09:28:02+00:00","mainEntityOfPage":{"@id":"https:\/\/kvg-bus.de\/cuxhaven\/linien-4408-4611-und-4631-bauarbeiten-in-asendorf-28-04-2026\/"},"wordCount":82,"commentCount":0,"publisher":{"@id":"https:\/\/kvg-bus.de\/cuxhaven\/#organization"},"articleSection":["Harburg","Fahrplanabweichungen"],"inLanguage":"es","potentialAction":[{"@type":"CommentAction","name":"Comment","target":["https:\/\/kvg-bus.de\/cuxhaven\/linien-4408-4611-und-4631-bauarbeiten-in-asendorf-28-04-2026\/#respond"]}]},{"@type":"WebPage","@id":"https:\/\/kvg-bus.de\/cuxhaven\/linien-4408-4611-und-4631-bauarbeiten-in-asendorf-28-04-2026\/","url":"https:\/\/kvg-bus.de\/cuxhaven\/linien-4408-4611-und-4631-bauarbeiten-in-asendorf-28-04-2026\/","name":"L\u00edneas 4408, 4611 y 4631 | Obras en Asendorf: 28.04.2026 - KVG Cuxhaven","isPartOf":{"@id":"https:\/\/kvg-bus.de\/cuxhaven\/#website"},"datePublished":"2026-04-22T09:28:02+00:00","breadcrumb":{"@id":"https:\/\/kvg-bus.de\/cuxhaven\/linien-4408-4611-und-4631-bauarbeiten-in-asendorf-28-04-2026\/#breadcrumb"},"inLanguage":"es","potentialAction":[{"@type":"ReadAction","target":["https:\/\/kvg-bus.de\/cuxhaven\/linien-4408-4611-und-4631-bauarbeiten-in-asendorf-28-04-2026\/"]}]},{"@type":"BreadcrumbList","@id":"https:\/\/kvg-bus.de\/cuxhaven\/linien-4408-4611-und-4631-bauarbeiten-in-asendorf-28-04-2026\/#breadcrumb","itemListElement":[{"@type":"ListItem","position":1,"name":"Startseite","item":"https:\/\/kvg-bus.de\/cuxhaven\/"},{"@type":"ListItem","position":2,"name":"Linien 4408, 4611 und 4631 | Bauarbeiten in Asendorf: 28.04.2026"}]},{"@type":"WebSite","@id":"https:\/\/kvg-bus.de\/cuxhaven\/#website","url":"https:\/\/kvg-bus.de\/cuxhaven\/","name":"KVG Cuxhaven","description":"","publisher":{"@id":"https:\/\/kvg-bus.de\/cuxhaven\/#organization"},"potentialAction":[{"@type":"SearchAction","target":{"@type":"EntryPoint","urlTemplate":"https:\/\/kvg-bus.de\/cuxhaven\/?s={search_term_string}"},"query-input":{"@type":"PropertyValueSpecification","valueRequired":true,"valueName":"search_term_string"}}],"inLanguage":"es"},{"@type":"Organization","@id":"https:\/\/kvg-bus.de\/cuxhaven\/#organization","name":"KVG Cuxhaven","url":"https:\/\/kvg-bus.de\/cuxhaven\/","logo":{"@type":"ImageObject","inLanguage":"es","@id":"https:\/\/kvg-bus.de\/cuxhaven\/#\/schema\/logo\/image\/","url":"https:\/\/kvg-bus.de\/cuxhaven\/wp-content\/uploads\/sites\/14\/kvg_logo-1.svg","contentUrl":"https:\/\/kvg-bus.de\/cuxhaven\/wp-content\/uploads\/sites\/14\/kvg_logo-1.svg","caption":"KVG Cuxhaven"},"image":{"@id":"https:\/\/kvg-bus.de\/cuxhaven\/#\/schema\/logo\/image\/"}},{"@type":"Person","@id":"https:\/\/kvg-bus.de\/cuxhaven\/#\/schema\/person\/5a5abfab092f868ec7cbe0f59e95749b","name":"mzimmermann","image":{"@type":"ImageObject","inLanguage":"es","@id":"https:\/\/secure.gravatar.com\/avatar\/0f69d8b83e3b3e54f0b766684bb3fd6649f0081ecdbff759ed4b19e5df68d1e4?s=96&d=mm&r=g","url":"https:\/\/secure.gravatar.com\/avatar\/0f69d8b83e3b3e54f0b766684bb3fd6649f0081ecdbff759ed4b19e5df68d1e4?s=96&d=mm&r=g","contentUrl":"https:\/\/secure.gravatar.com\/avatar\/0f69d8b83e3b3e54f0b766684bb3fd6649f0081ecdbff759ed4b19e5df68d1e4?s=96&d=mm&r=g","caption":"mzimmermann"},"url":"https:\/\/kvg-bus.de\/cuxhaven\/es\/author\/mzimmermann\/"}]}},"_links":{"self":[{"href":"https:\/\/kvg-bus.de\/cuxhaven\/es\/wp-json\/wp\/v2\/posts\/1956","targetHints":{"allow":["GET"]}}],"collection":[{"href":"https:\/\/kvg-bus.de\/cuxhaven\/es\/wp-json\/wp\/v2\/posts"}],"about":[{"href":"https:\/\/kvg-bus.de\/cuxhaven\/es\/wp-json\/wp\/v2\/types\/post"}],"author":[{"embeddable":true,"href":"https:\/\/kvg-bus.de\/cuxhaven\/es\/wp-json\/wp\/v2\/users\/10"}],"replies":[{"embeddable":true,"href":"https:\/\/kvg-bus.de\/cuxhaven\/es\/wp-json\/wp\/v2\/comments?post=1956"}],"version-history":[{"count":0,"href":"https:\/\/kvg-bus.de\/cuxhaven\/es\/wp-json\/wp\/v2\/posts\/1956\/revisions"}],"wp:attachment":[{"href":"https:\/\/kvg-bus.de\/cuxhaven\/es\/wp-json\/wp\/v2\/media?parent=1956"}],"wp:term":[{"taxonomy":"category","embeddable":true,"href":"https:\/\/kvg-bus.de\/cuxhaven\/es\/wp-json\/wp\/v2\/categories?post=1956"},{"taxonomy":"post_tag","embeddable":true,"href":"https:\/\/kvg-bus.de\/cuxhaven\/es\/wp-json\/wp\/v2\/tags?post=1956"}],"curies":[{"name":"wp","href":"https:\/\/api.w.org\/{rel}","templated":true}]}}