{"id":2194,"date":"2026-09-03T13:09:46","date_gmt":"2026-09-03T11:09:46","guid":{"rendered":"https:\/\/kvg-bus.de\/cuxhaven\/linien-2103-und-2725-bauarbeiten-in-buxtehude-heitmannshausen-08-09-2026\/"},"modified":"2026-09-03T13:09:46","modified_gmt":"2026-09-03T11:09:46","slug":"linien-2103-und-2725-bauarbeiten-in-buxtehude-heitmannshausen-08-09-2026","status":"publish","type":"post","link":"https:\/\/kvg-bus.de\/cuxhaven\/cs\/linien-2103-und-2725-bauarbeiten-in-buxtehude-heitmannshausen-08-09-2026\/","title":{"rendered":"Linky 2103 a 2725 | Stavebn\u00ed pr\u00e1ce v Buxtehude-Heitmannshausen: 8. z\u00e1\u0159\u00ed 2026"},"content":{"rendered":"<p class=\"PDq2pG_selectionAnchorContainer\" data-start=\"81\" data-end=\"213\">Na adrese <strong data-start=\"84\" data-end=\"106\">08. September 2026<\/strong> je cesta <strong data-start=\"122\" data-end=\"141\">Heitmannshausen<\/strong> na adrese <strong data-start=\"145\" data-end=\"174\">Buxtehude-Heitmannshausen<\/strong> kv\u016fli <strong data-start=\"181\" data-end=\"203\">Stavebn\u00ed pr\u00e1ce na silnic\u00edch<\/strong> uzam\u010deno.<\/p>\n<h3 data-section-id=\"mn2lq9\" data-start=\"215\" data-end=\"229\">Linka 2103<\/h3>\n<p data-start=\"231\" data-end=\"347\">Linka je odklon\u011bna p\u0159es <strong data-start=\"267\" data-end=\"328\">Gildestra\u00dfe, Stader Stra\u00dfe, Cuxhavener Stra\u00dfe, G\u00fcner Wald<\/strong> a <strong data-start=\"333\" data-end=\"346\">Na trati<\/strong>.<\/p>\n<p data-start=\"349\" data-end=\"646\">\u274c Zast\u00e1vky \u201e<strong data-start=\"369\" data-end=\"402\">Buxtehude, n\u00e1dra\u017e\u00ed (n\u00e1dvo\u0159\u00ed)<\/strong>\u201c, \u201e<strong data-start=\"406\" data-end=\"436\">Buxtehude, Giselbertstra\u00dfe<\/strong>\u201c, \u201e<strong data-start=\"440\" data-end=\"465\">Buxtehude, K\u00f6nigsdamm<\/strong>\u201c, \u201e<strong data-start=\"469\" data-end=\"501\">Heitmannshausen, rozvodna<\/strong>\u201c, \u201e<strong data-start=\"505\" data-end=\"538\">Heitmannshausen, Zum Heidberg<\/strong>\u201c, \u201e<strong data-start=\"542\" data-end=\"581\">Heitmannshausen, Heitmannshausen 94<\/strong>\u201c a \u201e<strong data-start=\"588\" data-end=\"616\">Neukloster, S Neukloster<\/strong>\u201c nelze provozovat.<\/p>\n<p data-start=\"648\" data-end=\"833\">\u2705 Cestuj\u00edc\u00ed pros\u00edme o p\u0159estup na zast\u00e1vky \u201e<strong data-start=\"696\" data-end=\"725\">Neukloster, Jorker Stra\u00dfe<\/strong>\u201c, \u201e<strong data-start=\"729\" data-end=\"754\">Neukloster, Am Gleise<\/strong>\u201c, \u201e<strong data-start=\"758\" data-end=\"786\">Heitmannshausen, Ilskamp<\/strong>\u201c a \u201e<strong data-start=\"793\" data-end=\"827\">Buxtehude, n\u00e1dra\u017e\u00ed Buxtehude (jih)<\/strong>\u201c z.<\/p>\n<h3 data-section-id=\"mn2ngj\" data-start=\"835\" data-end=\"849\">Linka 2725<\/h3>\n<p data-start=\"851\" data-end=\"944\">Linka je odklon\u011bna p\u0159es <strong data-start=\"887\" data-end=\"917\">Gildestra\u00dfe, Stader Stra\u00dfe<\/strong> a <strong data-start=\"922\" data-end=\"943\">Cuxhavensk\u00e1 ulice<\/strong>.<\/p>\n<p data-start=\"946\" data-end=\"1174\">\u274c Zast\u00e1vky \u201e<strong data-start=\"966\" data-end=\"999\">Buxtehude, n\u00e1dra\u017e\u00ed (n\u00e1dvo\u0159\u00ed)<\/strong>\u201c, \u201e<strong data-start=\"1003\" data-end=\"1028\">Buxtehude, K\u00f6nigsdamm<\/strong>\u201c, \u201e<strong data-start=\"1032\" data-end=\"1065\">Heitmannshausen, Zum Heidberg<\/strong>\u201c, \u201e<strong data-start=\"1069\" data-end=\"1108\">Heitmannshausen, Heitmannshausen 94<\/strong>\u201c a \u201e<strong data-start=\"1115\" data-end=\"1144\">Neukloster, Jorker Stra\u00dfe<\/strong>\u201c nelze provozovat.<\/p>\n<p data-start=\"1176\" data-end=\"1294\" data-is-last-node=\"\" data-is-only-node=\"\">\u2705 Cestuj\u00edc\u00ed pros\u00edme o p\u0159estup na zast\u00e1vky \u201e<strong data-start=\"1224\" data-end=\"1252\">Neukloster, svatoletn\u00ed trh<\/strong>\u201c a \u201e<strong data-start=\"1259\" data-end=\"1288\">Buxtehude, n\u00e1dra\u017e\u00ed (sever)<\/strong>\u201c z.<\/p>","protected":false},"excerpt":{"rendered":"<p>Dne 8. z\u00e1\u0159\u00ed 2026 bude ulice Heitmannshausen v Buxtehude-Heitmannshausen uzav\u0159ena z d\u016fvodu stavebn\u00edch prac\u00ed. Linka 2103: Linka bude vedena obj\u00ed\u017e\u010fkou p\u0159es Gildestra\u00dfe, Stader Stra\u00dfe, Cuxhavener Stra\u00dfe, G\u00fcner Wald a Am Gleise. \u274c Zast\u00e1vky \u201eBuxtehude, Bahnhof (Vorplatz)\u201c, \u201eBuxtehude, Giselbertstra\u00dfe\u201c, \u201eBuxtehude, K\u00f6nigsdamm\u201c, \u201eHeitmannshausen, Umspannwerk\u201c, \u201eHeitmannshausen, Zum Heidberg\u201c, \u201eHeitmannshausen, Heitmannshausen 94\u201c a \u201eNeukloster, S Neukloster\u201c nelze obsluhovat. \u2705 Cestuj\u00edc\u00ed jsou pros\u00ed\u00e1ni, aby vyu\u017eili n\u00e1hradn\u00ed zast\u00e1vky \u201eNeukloster, Jorker Stra\u00dfe\u201c, \u201eNeukloster, Am Gleise\u201c, \u201eHeitmannshausen, Ilskamp\u201c a \u201eBuxtehude, Bf. Buxtehude (S\u00fcd)\u201c. Linka 2725 Linka jezd\u00ed po obj\u00ed\u017e\u010fce p\u0159es Gildestra\u00dfe, Stader Stra\u00dfe a Cuxhavener Stra\u00dfe. \u274c Zast\u00e1vky \u201eBuxtehude, Bahnhof (Vorplatz)\u201c, \u201eBuxtehude, K\u00f6nigsdamm\u201c, \u201eHeitmannshausen, Zum Heidberg\u201c, \u201eHeitmannshausen, Heitmannshausen 94\u201c a \u201eNeukloster, Jorker Stra\u00dfe\u201c nelze obsluhovat. \u2705 Cestuj\u00edc\u00ed jsou \u017e\u00e1d\u00e1ni, aby vyu\u017eili zast\u00e1vky \u201eNeukloster, Pfingstmarkt\u201c a \u201eBuxtehude, Bahnhof (Nord)\u201c.<\/p>","protected":false},"author":10,"featured_media":0,"comment_status":"open","ping_status":"open","sticky":false,"template":"","format":"standard","meta":{"footnotes":""},"categories":[78,33],"tags":[],"class_list":["post-2194","post","type-post","status-publish","format-standard","hentry","category-stade","category-fahrplanabweichungen"],"yoast_head":"<!-- This site is optimized with the Yoast SEO plugin v28.3 - https:\/\/yoast.com\/product\/yoast-seo-wordpress\/ -->\n<title>Linien 2103 und 2725 | Bauarbeiten in Buxtehude-Heitmannshausen: 08.09.2026 - KVG Cuxhaven<\/title>\n<meta name=\"robots\" content=\"index, follow, max-snippet:-1, max-image-preview:large, max-video-preview:-1\" \/>\n<link rel=\"canonical\" href=\"https:\/\/kvg-bus.de\/cuxhaven\/linien-2103-und-2725-bauarbeiten-in-buxtehude-heitmannshausen-08-09-2026\/\" \/>\n<meta property=\"og:locale\" content=\"cs_CZ\" \/>\n<meta property=\"og:type\" content=\"article\" \/>\n<meta property=\"og:title\" content=\"Linien 2103 und 2725 | Bauarbeiten in Buxtehude-Heitmannshausen: 08.09.2026 - KVG Cuxhaven\" \/>\n<meta property=\"og:description\" content=\"Am 08. September 2026 ist die Stra\u00dfe Heitmannshausen in Buxtehude-Heitmannshausen wegen Stra\u00dfenbauarbeiten gesperrt. Linie 2103 Die Linie f\u00e4hrt eine Umleitung \u00fcber Gildestra\u00dfe, Stader Stra\u00dfe, Cuxhavener Stra\u00dfe, G\u00fcner Wald und Am Gleise. \u274c Die Haltestellen \u201eBuxtehude, Bahnhof (Vorplatz)\u201c, \u201eBuxtehude, Giselbertstra\u00dfe\u201c, \u201eBuxtehude, K\u00f6nigsdamm\u201c, \u201eHeitmannshausen, Umspannwerk\u201c, \u201eHeitmannshausen, Zum Heidberg\u201c, \u201eHeitmannshausen, Heitmannshausen 94\u201c und \u201eNeukloster, S Neukloster\u201c k\u00f6nnen nicht bedient werden. \u2705 Fahrg\u00e4ste weichen bitte auf die Haltestellen \u201eNeukloster, Jorker Stra\u00dfe\u201c, \u201eNeukloster, Am Gleise\u201c, \u201eHeitmannshausen, Ilskamp\u201c und \u201eBuxtehude, Bf. Buxtehude (S\u00fcd)\u201c aus. Linie 2725 Die Linie f\u00e4hrt eine Umleitung \u00fcber Gildestra\u00dfe, Stader Stra\u00dfe und Cuxhavener Stra\u00dfe. \u274c Die Haltestellen \u201eBuxtehude, Bahnhof (Vorplatz)\u201c, \u201eBuxtehude, K\u00f6nigsdamm\u201c, \u201eHeitmannshausen, Zum Heidberg\u201c, \u201eHeitmannshausen, Heitmannshausen 94\u201c und \u201eNeukloster, Jorker Stra\u00dfe\u201c k\u00f6nnen nicht bedient werden. \u2705 Fahrg\u00e4ste weichen bitte auf die Haltestellen \u201eNeukloster, Pfingstmarkt\u201c und \u201eBuxtehude, Bahnhof (Nord)\u201c aus.\" \/>\n<meta property=\"og:url\" content=\"https:\/\/kvg-bus.de\/cuxhaven\/linien-2103-und-2725-bauarbeiten-in-buxtehude-heitmannshausen-08-09-2026\/\" \/>\n<meta property=\"og:site_name\" content=\"KVG Cuxhaven\" \/>\n<meta property=\"article:published_time\" content=\"2026-09-03T11:09:46+00:00\" \/>\n<meta name=\"author\" content=\"mzimmermann\" \/>\n<meta name=\"twitter:card\" content=\"summary_large_image\" \/>\n<meta name=\"twitter:label1\" content=\"Napsal(a)\" \/>\n\t<meta name=\"twitter:data1\" content=\"mzimmermann\" \/>\n\t<meta name=\"twitter:label2\" content=\"Odhadovan\u00e1 doba \u010dten\u00ed\" \/>\n\t<meta name=\"twitter:data2\" content=\"1 minuta\" \/>\n<script type=\"application\/ld+json\" class=\"yoast-schema-graph\">{\"@context\":\"https:\\\/\\\/schema.org\",\"@graph\":[{\"@type\":\"Article\",\"@id\":\"https:\\\/\\\/kvg-bus.de\\\/cuxhaven\\\/en\\\/linien-2103-und-2725-bauarbeiten-in-buxtehude-heitmannshausen-08-09-2026\\\/#article\",\"isPartOf\":{\"@id\":\"https:\\\/\\\/kvg-bus.de\\\/cuxhaven\\\/en\\\/linien-2103-und-2725-bauarbeiten-in-buxtehude-heitmannshausen-08-09-2026\\\/\"},\"author\":{\"name\":\"mzimmermann\",\"@id\":\"https:\\\/\\\/kvg-bus.de\\\/cuxhaven\\\/#\\\/schema\\\/person\\\/5a5abfab092f868ec7cbe0f59e95749b\"},\"headline\":\"Linien 2103 und 2725 | Bauarbeiten in Buxtehude-Heitmannshausen: 08.09.2026\",\"datePublished\":\"2026-09-03T11:09:46+00:00\",\"mainEntityOfPage\":{\"@id\":\"https:\\\/\\\/kvg-bus.de\\\/cuxhaven\\\/en\\\/linien-2103-und-2725-bauarbeiten-in-buxtehude-heitmannshausen-08-09-2026\\\/\"},\"wordCount\":148,\"commentCount\":0,\"publisher\":{\"@id\":\"https:\\\/\\\/kvg-bus.de\\\/cuxhaven\\\/#organization\"},\"articleSection\":[\"Stade\",\"Fahrplanabweichungen\"],\"inLanguage\":\"cs\",\"potentialAction\":[{\"@type\":\"CommentAction\",\"name\":\"Comment\",\"target\":[\"https:\\\/\\\/kvg-bus.de\\\/cuxhaven\\\/en\\\/linien-2103-und-2725-bauarbeiten-in-buxtehude-heitmannshausen-08-09-2026\\\/#respond\"]}]},{\"@type\":\"WebPage\",\"@id\":\"https:\\\/\\\/kvg-bus.de\\\/cuxhaven\\\/en\\\/linien-2103-und-2725-bauarbeiten-in-buxtehude-heitmannshausen-08-09-2026\\\/\",\"url\":\"https:\\\/\\\/kvg-bus.de\\\/cuxhaven\\\/en\\\/linien-2103-und-2725-bauarbeiten-in-buxtehude-heitmannshausen-08-09-2026\\\/\",\"name\":\"Linien 2103 und 2725 | Bauarbeiten in Buxtehude-Heitmannshausen: 08.09.2026 - KVG Cuxhaven\",\"isPartOf\":{\"@id\":\"https:\\\/\\\/kvg-bus.de\\\/cuxhaven\\\/#website\"},\"datePublished\":\"2026-09-03T11:09:46+00:00\",\"breadcrumb\":{\"@id\":\"https:\\\/\\\/kvg-bus.de\\\/cuxhaven\\\/en\\\/linien-2103-und-2725-bauarbeiten-in-buxtehude-heitmannshausen-08-09-2026\\\/#breadcrumb\"},\"inLanguage\":\"cs\",\"potentialAction\":[{\"@type\":\"ReadAction\",\"target\":[\"https:\\\/\\\/kvg-bus.de\\\/cuxhaven\\\/en\\\/linien-2103-und-2725-bauarbeiten-in-buxtehude-heitmannshausen-08-09-2026\\\/\"]}]},{\"@type\":\"BreadcrumbList\",\"@id\":\"https:\\\/\\\/kvg-bus.de\\\/cuxhaven\\\/en\\\/linien-2103-und-2725-bauarbeiten-in-buxtehude-heitmannshausen-08-09-2026\\\/#breadcrumb\",\"itemListElement\":[{\"@type\":\"ListItem\",\"position\":1,\"name\":\"Startseite\",\"item\":\"https:\\\/\\\/kvg-bus.de\\\/cuxhaven\\\/\"},{\"@type\":\"ListItem\",\"position\":2,\"name\":\"Linien 2103 und 2725 | Bauarbeiten in Buxtehude-Heitmannshausen: 08.09.2026\"}]},{\"@type\":\"WebSite\",\"@id\":\"https:\\\/\\\/kvg-bus.de\\\/cuxhaven\\\/#website\",\"url\":\"https:\\\/\\\/kvg-bus.de\\\/cuxhaven\\\/\",\"name\":\"KVG Cuxhaven\",\"description\":\"\",\"publisher\":{\"@id\":\"https:\\\/\\\/kvg-bus.de\\\/cuxhaven\\\/#organization\"},\"potentialAction\":[{\"@type\":\"SearchAction\",\"target\":{\"@type\":\"EntryPoint\",\"urlTemplate\":\"https:\\\/\\\/kvg-bus.de\\\/cuxhaven\\\/?s={search_term_string}\"},\"query-input\":{\"@type\":\"PropertyValueSpecification\",\"valueRequired\":true,\"valueName\":\"search_term_string\"}}],\"inLanguage\":\"cs\"},{\"@type\":\"Organization\",\"@id\":\"https:\\\/\\\/kvg-bus.de\\\/cuxhaven\\\/#organization\",\"name\":\"KVG Cuxhaven\",\"url\":\"https:\\\/\\\/kvg-bus.de\\\/cuxhaven\\\/\",\"logo\":{\"@type\":\"ImageObject\",\"inLanguage\":\"cs\",\"@id\":\"https:\\\/\\\/kvg-bus.de\\\/cuxhaven\\\/#\\\/schema\\\/logo\\\/image\\\/\",\"url\":\"https:\\\/\\\/kvg-bus.de\\\/cuxhaven\\\/wp-content\\\/uploads\\\/sites\\\/14\\\/kvg_logo-1.svg\",\"contentUrl\":\"https:\\\/\\\/kvg-bus.de\\\/cuxhaven\\\/wp-content\\\/uploads\\\/sites\\\/14\\\/kvg_logo-1.svg\",\"caption\":\"KVG Cuxhaven\"},\"image\":{\"@id\":\"https:\\\/\\\/kvg-bus.de\\\/cuxhaven\\\/#\\\/schema\\\/logo\\\/image\\\/\"}},{\"@type\":\"Person\",\"@id\":\"https:\\\/\\\/kvg-bus.de\\\/cuxhaven\\\/#\\\/schema\\\/person\\\/5a5abfab092f868ec7cbe0f59e95749b\",\"name\":\"mzimmermann\",\"image\":{\"@type\":\"ImageObject\",\"inLanguage\":\"cs\",\"@id\":\"https:\\\/\\\/secure.gravatar.com\\\/avatar\\\/0f69d8b83e3b3e54f0b766684bb3fd6649f0081ecdbff759ed4b19e5df68d1e4?s=96&d=mm&r=g\",\"url\":\"https:\\\/\\\/secure.gravatar.com\\\/avatar\\\/0f69d8b83e3b3e54f0b766684bb3fd6649f0081ecdbff759ed4b19e5df68d1e4?s=96&d=mm&r=g\",\"contentUrl\":\"https:\\\/\\\/secure.gravatar.com\\\/avatar\\\/0f69d8b83e3b3e54f0b766684bb3fd6649f0081ecdbff759ed4b19e5df68d1e4?s=96&d=mm&r=g\",\"caption\":\"mzimmermann\"},\"url\":\"https:\\\/\\\/kvg-bus.de\\\/cuxhaven\\\/cs\\\/author\\\/mzimmermann\\\/\"}]}<\/script>\n<!-- \/ Yoast SEO plugin. -->","yoast_head_json":{"title":"Linien 2103 und 2725 | Bauarbeiten in Buxtehude-Heitmannshausen: 08.09.2026 - KVG Cuxhaven","robots":{"index":"index","follow":"follow","max-snippet":"max-snippet:-1","max-image-preview":"max-image-preview:large","max-video-preview":"max-video-preview:-1"},"canonical":"https:\/\/kvg-bus.de\/cuxhaven\/linien-2103-und-2725-bauarbeiten-in-buxtehude-heitmannshausen-08-09-2026\/","og_locale":"cs_CZ","og_type":"article","og_title":"Linien 2103 und 2725 | Bauarbeiten in Buxtehude-Heitmannshausen: 08.09.2026 - KVG Cuxhaven","og_description":"Am 08. September 2026 ist die Stra\u00dfe Heitmannshausen in Buxtehude-Heitmannshausen wegen Stra\u00dfenbauarbeiten gesperrt. Linie 2103 Die Linie f\u00e4hrt eine Umleitung \u00fcber Gildestra\u00dfe, Stader Stra\u00dfe, Cuxhavener Stra\u00dfe, G\u00fcner Wald und Am Gleise. \u274c Die Haltestellen \u201eBuxtehude, Bahnhof (Vorplatz)\u201c, \u201eBuxtehude, Giselbertstra\u00dfe\u201c, \u201eBuxtehude, K\u00f6nigsdamm\u201c, \u201eHeitmannshausen, Umspannwerk\u201c, \u201eHeitmannshausen, Zum Heidberg\u201c, \u201eHeitmannshausen, Heitmannshausen 94\u201c und \u201eNeukloster, S Neukloster\u201c k\u00f6nnen nicht bedient werden. \u2705 Fahrg\u00e4ste weichen bitte auf die Haltestellen \u201eNeukloster, Jorker Stra\u00dfe\u201c, \u201eNeukloster, Am Gleise\u201c, \u201eHeitmannshausen, Ilskamp\u201c und \u201eBuxtehude, Bf. Buxtehude (S\u00fcd)\u201c aus. Linie 2725 Die Linie f\u00e4hrt eine Umleitung \u00fcber Gildestra\u00dfe, Stader Stra\u00dfe und Cuxhavener Stra\u00dfe. \u274c Die Haltestellen \u201eBuxtehude, Bahnhof (Vorplatz)\u201c, \u201eBuxtehude, K\u00f6nigsdamm\u201c, \u201eHeitmannshausen, Zum Heidberg\u201c, \u201eHeitmannshausen, Heitmannshausen 94\u201c und \u201eNeukloster, Jorker Stra\u00dfe\u201c k\u00f6nnen nicht bedient werden. \u2705 Fahrg\u00e4ste weichen bitte auf die Haltestellen \u201eNeukloster, Pfingstmarkt\u201c und \u201eBuxtehude, Bahnhof (Nord)\u201c aus.","og_url":"https:\/\/kvg-bus.de\/cuxhaven\/linien-2103-und-2725-bauarbeiten-in-buxtehude-heitmannshausen-08-09-2026\/","og_site_name":"KVG Cuxhaven","article_published_time":"2026-09-03T11:09:46+00:00","author":"mzimmermann","twitter_card":"summary_large_image","twitter_misc":{"Napsal(a)":"mzimmermann","Odhadovan\u00e1 doba \u010dten\u00ed":"1 minuta"},"schema":{"@context":"https:\/\/schema.org","@graph":[{"@type":"Article","@id":"https:\/\/kvg-bus.de\/cuxhaven\/en\/linien-2103-und-2725-bauarbeiten-in-buxtehude-heitmannshausen-08-09-2026\/#article","isPartOf":{"@id":"https:\/\/kvg-bus.de\/cuxhaven\/en\/linien-2103-und-2725-bauarbeiten-in-buxtehude-heitmannshausen-08-09-2026\/"},"author":{"name":"mzimmermann","@id":"https:\/\/kvg-bus.de\/cuxhaven\/#\/schema\/person\/5a5abfab092f868ec7cbe0f59e95749b"},"headline":"Linien 2103 und 2725 | Bauarbeiten in Buxtehude-Heitmannshausen: 08.09.2026","datePublished":"2026-09-03T11:09:46+00:00","mainEntityOfPage":{"@id":"https:\/\/kvg-bus.de\/cuxhaven\/en\/linien-2103-und-2725-bauarbeiten-in-buxtehude-heitmannshausen-08-09-2026\/"},"wordCount":148,"commentCount":0,"publisher":{"@id":"https:\/\/kvg-bus.de\/cuxhaven\/#organization"},"articleSection":["Stade","Fahrplanabweichungen"],"inLanguage":"cs","potentialAction":[{"@type":"CommentAction","name":"Comment","target":["https:\/\/kvg-bus.de\/cuxhaven\/en\/linien-2103-und-2725-bauarbeiten-in-buxtehude-heitmannshausen-08-09-2026\/#respond"]}]},{"@type":"WebPage","@id":"https:\/\/kvg-bus.de\/cuxhaven\/en\/linien-2103-und-2725-bauarbeiten-in-buxtehude-heitmannshausen-08-09-2026\/","url":"https:\/\/kvg-bus.de\/cuxhaven\/en\/linien-2103-und-2725-bauarbeiten-in-buxtehude-heitmannshausen-08-09-2026\/","name":"Linien 2103 und 2725 | Bauarbeiten in Buxtehude-Heitmannshausen: 08.09.2026 - KVG Cuxhaven","isPartOf":{"@id":"https:\/\/kvg-bus.de\/cuxhaven\/#website"},"datePublished":"2026-09-03T11:09:46+00:00","breadcrumb":{"@id":"https:\/\/kvg-bus.de\/cuxhaven\/en\/linien-2103-und-2725-bauarbeiten-in-buxtehude-heitmannshausen-08-09-2026\/#breadcrumb"},"inLanguage":"cs","potentialAction":[{"@type":"ReadAction","target":["https:\/\/kvg-bus.de\/cuxhaven\/en\/linien-2103-und-2725-bauarbeiten-in-buxtehude-heitmannshausen-08-09-2026\/"]}]},{"@type":"BreadcrumbList","@id":"https:\/\/kvg-bus.de\/cuxhaven\/en\/linien-2103-und-2725-bauarbeiten-in-buxtehude-heitmannshausen-08-09-2026\/#breadcrumb","itemListElement":[{"@type":"ListItem","position":1,"name":"Startseite","item":"https:\/\/kvg-bus.de\/cuxhaven\/"},{"@type":"ListItem","position":2,"name":"Linien 2103 und 2725 | Bauarbeiten in Buxtehude-Heitmannshausen: 08.09.2026"}]},{"@type":"WebSite","@id":"https:\/\/kvg-bus.de\/cuxhaven\/#website","url":"https:\/\/kvg-bus.de\/cuxhaven\/","name":"KVG Cuxhaven","description":"","publisher":{"@id":"https:\/\/kvg-bus.de\/cuxhaven\/#organization"},"potentialAction":[{"@type":"SearchAction","target":{"@type":"EntryPoint","urlTemplate":"https:\/\/kvg-bus.de\/cuxhaven\/?s={search_term_string}"},"query-input":{"@type":"PropertyValueSpecification","valueRequired":true,"valueName":"search_term_string"}}],"inLanguage":"cs"},{"@type":"Organization","@id":"https:\/\/kvg-bus.de\/cuxhaven\/#organization","name":"KVG Cuxhaven","url":"https:\/\/kvg-bus.de\/cuxhaven\/","logo":{"@type":"ImageObject","inLanguage":"cs","@id":"https:\/\/kvg-bus.de\/cuxhaven\/#\/schema\/logo\/image\/","url":"https:\/\/kvg-bus.de\/cuxhaven\/wp-content\/uploads\/sites\/14\/kvg_logo-1.svg","contentUrl":"https:\/\/kvg-bus.de\/cuxhaven\/wp-content\/uploads\/sites\/14\/kvg_logo-1.svg","caption":"KVG Cuxhaven"},"image":{"@id":"https:\/\/kvg-bus.de\/cuxhaven\/#\/schema\/logo\/image\/"}},{"@type":"Person","@id":"https:\/\/kvg-bus.de\/cuxhaven\/#\/schema\/person\/5a5abfab092f868ec7cbe0f59e95749b","name":"mzimmermann","image":{"@type":"ImageObject","inLanguage":"cs","@id":"https:\/\/secure.gravatar.com\/avatar\/0f69d8b83e3b3e54f0b766684bb3fd6649f0081ecdbff759ed4b19e5df68d1e4?s=96&d=mm&r=g","url":"https:\/\/secure.gravatar.com\/avatar\/0f69d8b83e3b3e54f0b766684bb3fd6649f0081ecdbff759ed4b19e5df68d1e4?s=96&d=mm&r=g","contentUrl":"https:\/\/secure.gravatar.com\/avatar\/0f69d8b83e3b3e54f0b766684bb3fd6649f0081ecdbff759ed4b19e5df68d1e4?s=96&d=mm&r=g","caption":"mzimmermann"},"url":"https:\/\/kvg-bus.de\/cuxhaven\/cs\/author\/mzimmermann\/"}]}},"_links":{"self":[{"href":"https:\/\/kvg-bus.de\/cuxhaven\/cs\/wp-json\/wp\/v2\/posts\/2194","targetHints":{"allow":["GET"]}}],"collection":[{"href":"https:\/\/kvg-bus.de\/cuxhaven\/cs\/wp-json\/wp\/v2\/posts"}],"about":[{"href":"https:\/\/kvg-bus.de\/cuxhaven\/cs\/wp-json\/wp\/v2\/types\/post"}],"author":[{"embeddable":true,"href":"https:\/\/kvg-bus.de\/cuxhaven\/cs\/wp-json\/wp\/v2\/users\/10"}],"replies":[{"embeddable":true,"href":"https:\/\/kvg-bus.de\/cuxhaven\/cs\/wp-json\/wp\/v2\/comments?post=2194"}],"version-history":[{"count":0,"href":"https:\/\/kvg-bus.de\/cuxhaven\/cs\/wp-json\/wp\/v2\/posts\/2194\/revisions"}],"wp:attachment":[{"href":"https:\/\/kvg-bus.de\/cuxhaven\/cs\/wp-json\/wp\/v2\/media?parent=2194"}],"wp:term":[{"taxonomy":"category","embeddable":true,"href":"https:\/\/kvg-bus.de\/cuxhaven\/cs\/wp-json\/wp\/v2\/categories?post=2194"},{"taxonomy":"post_tag","embeddable":true,"href":"https:\/\/kvg-bus.de\/cuxhaven\/cs\/wp-json\/wp\/v2\/tags?post=2194"}],"curies":[{"name":"wp","href":"https:\/\/api.w.org\/{rel}","templated":true}]}}