{"id":301,"date":"2026-01-07T11:44:47","date_gmt":"2026-01-07T10:44:47","guid":{"rendered":"https:\/\/kvg-bus.de\/linien-2001-2002-2004-2005-2006-2007-2008-und-2021-veranstaltung-in-stade-19-11-23-12-2025\/"},"modified":"2026-04-24T13:25:20","modified_gmt":"2026-04-24T11:25:20","slug":"radky-2001-2002-2004-2005-2006-2007-2008-a-2021-udalost-ve-stadiu-19-11-23-12-2025","status":"publish","type":"post","link":"https:\/\/kvg-bus.de\/cs\/linien-2001-2002-2004-2005-2006-2007-2008-und-2021-veranstaltung-in-stade-19-11-23-12-2025\/","title":{"rendered":"Linky 546, 547, 548 a 1021 | Stavebn\u00ed pr\u00e1ce v Nordholzu: 02.02. - 08.05.2026"},"content":{"rendered":"<p data-start=\"81\" data-end=\"226\">O\u010dek\u00e1v\u00e1 se od <strong>02. \u00fanora 2026<\/strong> do <strong>08. kv\u011btna 2026<\/strong> bude zast\u00e1vka \u201e<strong data-start=\"166\" data-end=\"190\">Z\u00e1kladn\u00ed \u0161kola Nordholz<\/strong>\u201c, proto\u017ee <strong data-start=\"198\" data-end=\"215\">P\u0159estavby<\/strong> p\u0159em\u00edst\u011bno.<\/p>\n<p data-start=\"228\" data-end=\"410\">P\u0159\u00edstup je prost\u0159ednictv\u00edm <strong data-start=\"273\" data-end=\"290\">Oxstedter Weg<\/strong>, po dobu v\u00fdstavby <strong data-start=\"320\" data-end=\"337\">Jednosm\u011brn\u00e1 ulice<\/strong> zajistit bezpe\u010dnost \u017e\u00e1k\u016f.<\/p>\n<p data-start=\"412\" data-end=\"592\" data-is-last-node=\"\" data-is-only-node=\"\">\u27a1\ufe0f Autobusov\u00e1 zast\u00e1vka \u201e<strong data-start=\"432\" data-end=\"456\">Z\u00e1kladn\u00ed \u0161kola Nordholz<\/strong>\u201c nelze v t\u00e9to dob\u011b pod\u00e1vat na obvykl\u00e9m m\u00edst\u011b.<br data-start=\"520\" data-end=\"523\" \/>Pou\u017eijte pros\u00edm <strong>N\u00e1hrada<\/strong><strong data-start=\"550\" data-end=\"591\" data-is-only-node=\"\">star\u00e9 m\u00edsto v Oxstedter Weg<\/strong>.<\/p>","protected":false},"excerpt":{"rendered":"<p>P\u0159edpokl\u00e1d\u00e1 se, \u017ee zast\u00e1vka \u201eGrundschule Nordholz\u201c bude od 2. \u00fanora 2026 do 8. kv\u011btna 2026 z d\u016fvodu rekonstrukce p\u0159em\u00edst\u011bna. P\u0159\u00edstup bude zaji\u0161t\u011bn p\u0159es ulici Oxstedter Weg, kter\u00e1 se po dobu v\u00fdstavby stane jednosm\u011brnou ulic\u00ed, aby byla zaji\u0161t\u011bna bezpe\u010dnost \u017e\u00e1k\u016f. \u27a1\ufe0f Zast\u00e1vka \u201eGrundschule Nordholz\u201c nem\u016f\u017ee b\u00fdt v t\u00e9to dob\u011b obsluhov\u00e1na na sv\u00e9m obvykl\u00e9m m\u00edst\u011b, proto pros\u00edm vyu\u017eijte m\u00edsto n\u00ed n\u00e1hradn\u00ed zast\u00e1vku na Oxstedter Weg.<\/p>","protected":false},"author":10,"featured_media":0,"comment_status":"open","ping_status":"open","sticky":false,"template":"","format":"standard","meta":{"footnotes":""},"categories":[22,17],"tags":[],"class_list":["post-301","post","type-post","status-publish","format-standard","hentry","category-cuxhaven","category-fahrplanabweichungen"],"yoast_head":"<!-- This site is optimized with the Yoast SEO plugin v27.4 - https:\/\/yoast.com\/product\/yoast-seo-wordpress\/ -->\n<title>Linien 546, 547, 548 und 1021 | Bauarbeiten in Nordholz: 02.02. \u2013 08.05.2026 - KVG Bus Portalseite<\/title>\n<meta name=\"robots\" content=\"index, follow, max-snippet:-1, max-image-preview:large, max-video-preview:-1\" \/>\n<link rel=\"canonical\" href=\"https:\/\/kvg-bus.de\/cs\/radky-2001-2002-2004-2005-2006-2007-2008-a-2021-udalost-ve-stadiu-19-11-23-12-2025\/\" \/>\n<meta property=\"og:locale\" content=\"cs_CZ\" \/>\n<meta property=\"og:type\" content=\"article\" \/>\n<meta property=\"og:title\" content=\"Linien 546, 547, 548 und 1021 | Bauarbeiten in Nordholz: 02.02. \u2013 08.05.2026 - KVG Bus Portalseite\" \/>\n<meta property=\"og:description\" content=\"Voraussichtlich vom 02. Februar 2026 bis 08. Mai 2026 wird die Haltestelle \u201eGrundschule Nordholz\u201c wegen Umbauarbeiten verlegt. Die Anfahrt erfolgt \u00fcber den Oxstedter Weg, der w\u00e4hrend der Bauzeit zur Einbahnstra\u00dfe wird, um die Sicherheit der Sch\u00fclerinnen und Sch\u00fcler zu gew\u00e4hrleisten. \u27a1\ufe0f Die Haltestelle \u201eGrundschule Nordholz\u201c kann in dieser Zeit nicht am \u00fcblichen Standort bedient werden.Bitte nutz stattdessen die Ersatzhaltestelle im Oxstedter Weg.\" \/>\n<meta property=\"og:url\" content=\"https:\/\/kvg-bus.de\/cs\/radky-2001-2002-2004-2005-2006-2007-2008-a-2021-udalost-ve-stadiu-19-11-23-12-2025\/\" \/>\n<meta property=\"og:site_name\" content=\"KVG Bus Portalseite\" \/>\n<meta property=\"article:published_time\" content=\"2026-01-07T10:44:47+00:00\" \/>\n<meta property=\"article:modified_time\" content=\"2026-04-24T11:25:20+00:00\" \/>\n<meta name=\"author\" content=\"mzimmermann\" \/>\n<meta name=\"twitter:card\" content=\"summary_large_image\" \/>\n<meta name=\"twitter:label1\" content=\"Napsal(a)\" \/>\n\t<meta name=\"twitter:data1\" content=\"mzimmermann\" \/>\n\t<meta name=\"twitter:label2\" content=\"Odhadovan\u00e1 doba \u010dten\u00ed\" \/>\n\t<meta name=\"twitter:data2\" content=\"1 minuta\" \/>\n<script type=\"application\/ld+json\" class=\"yoast-schema-graph\">{\"@context\":\"https:\\\/\\\/schema.org\",\"@graph\":[{\"@type\":\"Article\",\"@id\":\"https:\\\/\\\/kvg-bus.de\\\/linien-2001-2002-2004-2005-2006-2007-2008-und-2021-veranstaltung-in-stade-19-11-23-12-2025\\\/#article\",\"isPartOf\":{\"@id\":\"https:\\\/\\\/kvg-bus.de\\\/linien-2001-2002-2004-2005-2006-2007-2008-und-2021-veranstaltung-in-stade-19-11-23-12-2025\\\/\"},\"author\":{\"name\":\"mzimmermann\",\"@id\":\"https:\\\/\\\/kvg-bus.de\\\/#\\\/schema\\\/person\\\/5a5abfab092f868ec7cbe0f59e95749b\"},\"headline\":\"Linien 546, 547, 548 und 1021 | Bauarbeiten in Nordholz: 02.02. \u2013 08.05.2026\",\"datePublished\":\"2026-01-07T10:44:47+00:00\",\"dateModified\":\"2026-04-24T11:25:20+00:00\",\"mainEntityOfPage\":{\"@id\":\"https:\\\/\\\/kvg-bus.de\\\/linien-2001-2002-2004-2005-2006-2007-2008-und-2021-veranstaltung-in-stade-19-11-23-12-2025\\\/\"},\"wordCount\":71,\"commentCount\":0,\"publisher\":{\"@id\":\"https:\\\/\\\/kvg-bus.de\\\/#organization\"},\"articleSection\":[\"Cuxhaven\",\"Fahrplanabweichungen\"],\"inLanguage\":\"cs\",\"potentialAction\":[{\"@type\":\"CommentAction\",\"name\":\"Comment\",\"target\":[\"https:\\\/\\\/kvg-bus.de\\\/linien-2001-2002-2004-2005-2006-2007-2008-und-2021-veranstaltung-in-stade-19-11-23-12-2025\\\/#respond\"]}]},{\"@type\":\"WebPage\",\"@id\":\"https:\\\/\\\/kvg-bus.de\\\/linien-2001-2002-2004-2005-2006-2007-2008-und-2021-veranstaltung-in-stade-19-11-23-12-2025\\\/\",\"url\":\"https:\\\/\\\/kvg-bus.de\\\/linien-2001-2002-2004-2005-2006-2007-2008-und-2021-veranstaltung-in-stade-19-11-23-12-2025\\\/\",\"name\":\"Linien 546, 547, 548 und 1021 | Bauarbeiten in Nordholz: 02.02. \u2013 08.05.2026 - KVG Bus Portalseite\",\"isPartOf\":{\"@id\":\"https:\\\/\\\/kvg-bus.de\\\/#website\"},\"datePublished\":\"2026-01-07T10:44:47+00:00\",\"dateModified\":\"2026-04-24T11:25:20+00:00\",\"breadcrumb\":{\"@id\":\"https:\\\/\\\/kvg-bus.de\\\/linien-2001-2002-2004-2005-2006-2007-2008-und-2021-veranstaltung-in-stade-19-11-23-12-2025\\\/#breadcrumb\"},\"inLanguage\":\"cs\",\"potentialAction\":[{\"@type\":\"ReadAction\",\"target\":[\"https:\\\/\\\/kvg-bus.de\\\/linien-2001-2002-2004-2005-2006-2007-2008-und-2021-veranstaltung-in-stade-19-11-23-12-2025\\\/\"]}]},{\"@type\":\"BreadcrumbList\",\"@id\":\"https:\\\/\\\/kvg-bus.de\\\/linien-2001-2002-2004-2005-2006-2007-2008-und-2021-veranstaltung-in-stade-19-11-23-12-2025\\\/#breadcrumb\",\"itemListElement\":[{\"@type\":\"ListItem\",\"position\":1,\"name\":\"Startseite\",\"item\":\"https:\\\/\\\/kvg-bus.de\\\/\"},{\"@type\":\"ListItem\",\"position\":2,\"name\":\"Linien 546, 547, 548 und 1021 | Bauarbeiten in Nordholz: 26.01. \u2013 30.04.2026\"}]},{\"@type\":\"WebSite\",\"@id\":\"https:\\\/\\\/kvg-bus.de\\\/#website\",\"url\":\"https:\\\/\\\/kvg-bus.de\\\/\",\"name\":\"KVG Bus Portalseite\",\"description\":\"\",\"publisher\":{\"@id\":\"https:\\\/\\\/kvg-bus.de\\\/#organization\"},\"potentialAction\":[{\"@type\":\"SearchAction\",\"target\":{\"@type\":\"EntryPoint\",\"urlTemplate\":\"https:\\\/\\\/kvg-bus.de\\\/?s={search_term_string}\"},\"query-input\":{\"@type\":\"PropertyValueSpecification\",\"valueRequired\":true,\"valueName\":\"search_term_string\"}}],\"inLanguage\":\"cs\"},{\"@type\":\"Organization\",\"@id\":\"https:\\\/\\\/kvg-bus.de\\\/#organization\",\"name\":\"KVG Bus Portalseite\",\"url\":\"https:\\\/\\\/kvg-bus.de\\\/\",\"logo\":{\"@type\":\"ImageObject\",\"inLanguage\":\"cs\",\"@id\":\"https:\\\/\\\/kvg-bus.de\\\/#\\\/schema\\\/logo\\\/image\\\/\",\"url\":\"https:\\\/\\\/kvg-bus.de\\\/wp-content\\\/uploads\\\/sites\\\/14\\\/kvg_logo-1.svg\",\"contentUrl\":\"https:\\\/\\\/kvg-bus.de\\\/wp-content\\\/uploads\\\/sites\\\/14\\\/kvg_logo-1.svg\",\"caption\":\"KVG Bus Portalseite\"},\"image\":{\"@id\":\"https:\\\/\\\/kvg-bus.de\\\/#\\\/schema\\\/logo\\\/image\\\/\"}},{\"@type\":\"Person\",\"@id\":\"https:\\\/\\\/kvg-bus.de\\\/#\\\/schema\\\/person\\\/5a5abfab092f868ec7cbe0f59e95749b\",\"name\":\"mzimmermann\",\"image\":{\"@type\":\"ImageObject\",\"inLanguage\":\"cs\",\"@id\":\"https:\\\/\\\/secure.gravatar.com\\\/avatar\\\/0f69d8b83e3b3e54f0b766684bb3fd6649f0081ecdbff759ed4b19e5df68d1e4?s=96&d=mm&r=g\",\"url\":\"https:\\\/\\\/secure.gravatar.com\\\/avatar\\\/0f69d8b83e3b3e54f0b766684bb3fd6649f0081ecdbff759ed4b19e5df68d1e4?s=96&d=mm&r=g\",\"contentUrl\":\"https:\\\/\\\/secure.gravatar.com\\\/avatar\\\/0f69d8b83e3b3e54f0b766684bb3fd6649f0081ecdbff759ed4b19e5df68d1e4?s=96&d=mm&r=g\",\"caption\":\"mzimmermann\"},\"url\":\"https:\\\/\\\/kvg-bus.de\\\/cs\\\/author\\\/mzimmermann\\\/\"}]}<\/script>\n<!-- \/ Yoast SEO plugin. -->","yoast_head_json":{"title":"Linky 546, 547, 548 a 1021 | Stavebn\u00ed pr\u00e1ce v Nordholzu: 02.02. - 08.05.2026 - str\u00e1nka autobusov\u00e9ho port\u00e1lu KVG","robots":{"index":"index","follow":"follow","max-snippet":"max-snippet:-1","max-image-preview":"max-image-preview:large","max-video-preview":"max-video-preview:-1"},"canonical":"https:\/\/kvg-bus.de\/cs\/radky-2001-2002-2004-2005-2006-2007-2008-a-2021-udalost-ve-stadiu-19-11-23-12-2025\/","og_locale":"cs_CZ","og_type":"article","og_title":"Linien 546, 547, 548 und 1021 | Bauarbeiten in Nordholz: 02.02. \u2013 08.05.2026 - KVG Bus Portalseite","og_description":"Voraussichtlich vom 02. Februar 2026 bis 08. Mai 2026 wird die Haltestelle \u201eGrundschule Nordholz\u201c wegen Umbauarbeiten verlegt. Die Anfahrt erfolgt \u00fcber den Oxstedter Weg, der w\u00e4hrend der Bauzeit zur Einbahnstra\u00dfe wird, um die Sicherheit der Sch\u00fclerinnen und Sch\u00fcler zu gew\u00e4hrleisten. \u27a1\ufe0f Die Haltestelle \u201eGrundschule Nordholz\u201c kann in dieser Zeit nicht am \u00fcblichen Standort bedient werden.Bitte nutz stattdessen die Ersatzhaltestelle im Oxstedter Weg.","og_url":"https:\/\/kvg-bus.de\/cs\/radky-2001-2002-2004-2005-2006-2007-2008-a-2021-udalost-ve-stadiu-19-11-23-12-2025\/","og_site_name":"KVG Bus Portalseite","article_published_time":"2026-01-07T10:44:47+00:00","article_modified_time":"2026-04-24T11:25:20+00:00","author":"mzimmermann","twitter_card":"summary_large_image","twitter_misc":{"Napsal(a)":"mzimmermann","Odhadovan\u00e1 doba \u010dten\u00ed":"1 minuta"},"schema":{"@context":"https:\/\/schema.org","@graph":[{"@type":"Article","@id":"https:\/\/kvg-bus.de\/linien-2001-2002-2004-2005-2006-2007-2008-und-2021-veranstaltung-in-stade-19-11-23-12-2025\/#article","isPartOf":{"@id":"https:\/\/kvg-bus.de\/linien-2001-2002-2004-2005-2006-2007-2008-und-2021-veranstaltung-in-stade-19-11-23-12-2025\/"},"author":{"name":"mzimmermann","@id":"https:\/\/kvg-bus.de\/#\/schema\/person\/5a5abfab092f868ec7cbe0f59e95749b"},"headline":"Linien 546, 547, 548 und 1021 | Bauarbeiten in Nordholz: 02.02. \u2013 08.05.2026","datePublished":"2026-01-07T10:44:47+00:00","dateModified":"2026-04-24T11:25:20+00:00","mainEntityOfPage":{"@id":"https:\/\/kvg-bus.de\/linien-2001-2002-2004-2005-2006-2007-2008-und-2021-veranstaltung-in-stade-19-11-23-12-2025\/"},"wordCount":71,"commentCount":0,"publisher":{"@id":"https:\/\/kvg-bus.de\/#organization"},"articleSection":["Cuxhaven","Fahrplanabweichungen"],"inLanguage":"cs","potentialAction":[{"@type":"CommentAction","name":"Comment","target":["https:\/\/kvg-bus.de\/linien-2001-2002-2004-2005-2006-2007-2008-und-2021-veranstaltung-in-stade-19-11-23-12-2025\/#respond"]}]},{"@type":"WebPage","@id":"https:\/\/kvg-bus.de\/linien-2001-2002-2004-2005-2006-2007-2008-und-2021-veranstaltung-in-stade-19-11-23-12-2025\/","url":"https:\/\/kvg-bus.de\/linien-2001-2002-2004-2005-2006-2007-2008-und-2021-veranstaltung-in-stade-19-11-23-12-2025\/","name":"Linky 546, 547, 548 a 1021 | Stavebn\u00ed pr\u00e1ce v Nordholzu: 02.02. - 08.05.2026 - str\u00e1nka autobusov\u00e9ho port\u00e1lu KVG","isPartOf":{"@id":"https:\/\/kvg-bus.de\/#website"},"datePublished":"2026-01-07T10:44:47+00:00","dateModified":"2026-04-24T11:25:20+00:00","breadcrumb":{"@id":"https:\/\/kvg-bus.de\/linien-2001-2002-2004-2005-2006-2007-2008-und-2021-veranstaltung-in-stade-19-11-23-12-2025\/#breadcrumb"},"inLanguage":"cs","potentialAction":[{"@type":"ReadAction","target":["https:\/\/kvg-bus.de\/linien-2001-2002-2004-2005-2006-2007-2008-und-2021-veranstaltung-in-stade-19-11-23-12-2025\/"]}]},{"@type":"BreadcrumbList","@id":"https:\/\/kvg-bus.de\/linien-2001-2002-2004-2005-2006-2007-2008-und-2021-veranstaltung-in-stade-19-11-23-12-2025\/#breadcrumb","itemListElement":[{"@type":"ListItem","position":1,"name":"Startseite","item":"https:\/\/kvg-bus.de\/"},{"@type":"ListItem","position":2,"name":"Linien 546, 547, 548 und 1021 | Bauarbeiten in Nordholz: 26.01. \u2013 30.04.2026"}]},{"@type":"WebSite","@id":"https:\/\/kvg-bus.de\/#website","url":"https:\/\/kvg-bus.de\/","name":"Str\u00e1nka port\u00e1lu KVG Bus","description":"","publisher":{"@id":"https:\/\/kvg-bus.de\/#organization"},"potentialAction":[{"@type":"SearchAction","target":{"@type":"EntryPoint","urlTemplate":"https:\/\/kvg-bus.de\/?s={search_term_string}"},"query-input":{"@type":"PropertyValueSpecification","valueRequired":true,"valueName":"search_term_string"}}],"inLanguage":"cs"},{"@type":"Organization","@id":"https:\/\/kvg-bus.de\/#organization","name":"Str\u00e1nka port\u00e1lu KVG Bus","url":"https:\/\/kvg-bus.de\/","logo":{"@type":"ImageObject","inLanguage":"cs","@id":"https:\/\/kvg-bus.de\/#\/schema\/logo\/image\/","url":"https:\/\/kvg-bus.de\/wp-content\/uploads\/sites\/14\/kvg_logo-1.svg","contentUrl":"https:\/\/kvg-bus.de\/wp-content\/uploads\/sites\/14\/kvg_logo-1.svg","caption":"KVG Bus Portalseite"},"image":{"@id":"https:\/\/kvg-bus.de\/#\/schema\/logo\/image\/"}},{"@type":"Person","@id":"https:\/\/kvg-bus.de\/#\/schema\/person\/5a5abfab092f868ec7cbe0f59e95749b","name":"mzimmermann","image":{"@type":"ImageObject","inLanguage":"cs","@id":"https:\/\/secure.gravatar.com\/avatar\/0f69d8b83e3b3e54f0b766684bb3fd6649f0081ecdbff759ed4b19e5df68d1e4?s=96&d=mm&r=g","url":"https:\/\/secure.gravatar.com\/avatar\/0f69d8b83e3b3e54f0b766684bb3fd6649f0081ecdbff759ed4b19e5df68d1e4?s=96&d=mm&r=g","contentUrl":"https:\/\/secure.gravatar.com\/avatar\/0f69d8b83e3b3e54f0b766684bb3fd6649f0081ecdbff759ed4b19e5df68d1e4?s=96&d=mm&r=g","caption":"mzimmermann"},"url":"https:\/\/kvg-bus.de\/cs\/author\/mzimmermann\/"}]}},"_links":{"self":[{"href":"https:\/\/kvg-bus.de\/cs\/wp-json\/wp\/v2\/posts\/301","targetHints":{"allow":["GET"]}}],"collection":[{"href":"https:\/\/kvg-bus.de\/cs\/wp-json\/wp\/v2\/posts"}],"about":[{"href":"https:\/\/kvg-bus.de\/cs\/wp-json\/wp\/v2\/types\/post"}],"author":[{"embeddable":true,"href":"https:\/\/kvg-bus.de\/cs\/wp-json\/wp\/v2\/users\/10"}],"replies":[{"embeddable":true,"href":"https:\/\/kvg-bus.de\/cs\/wp-json\/wp\/v2\/comments?post=301"}],"version-history":[{"count":0,"href":"https:\/\/kvg-bus.de\/cs\/wp-json\/wp\/v2\/posts\/301\/revisions"}],"wp:attachment":[{"href":"https:\/\/kvg-bus.de\/cs\/wp-json\/wp\/v2\/media?parent=301"}],"wp:term":[{"taxonomy":"category","embeddable":true,"href":"https:\/\/kvg-bus.de\/cs\/wp-json\/wp\/v2\/categories?post=301"},{"taxonomy":"post_tag","embeddable":true,"href":"https:\/\/kvg-bus.de\/cs\/wp-json\/wp\/v2\/tags?post=301"}],"curies":[{"name":"wp","href":"https:\/\/api.w.org\/{rel}","templated":true}]}}