{"id":284,"date":"2025-11-27T13:50:59","date_gmt":"2025-11-27T12:50:59","guid":{"rendered":"https:\/\/kvg-bus.de\/linie-2007-bauarbeiten-in-stade-14-12-2025-31-07-2027\/"},"modified":"2025-11-27T13:50:59","modified_gmt":"2025-11-27T12:50:59","slug":"linie-2007-stavebni-prace-ve-stade-14-12-2025-31-07-2027","status":"publish","type":"post","link":"https:\/\/kvg-bus.de\/cs\/linie-2007-bauarbeiten-in-stade-14-12-2025-31-07-2027\/","title":{"rendered":"Linka 2007 | Stavebn\u00ed pr\u00e1ce ve Stade: 14.12.2025 - 31.07.2027"},"content":{"rendered":"<p>Od 4. \u010dervence 2025 je jednostrann\u011b uzav\u0159ena ulice Harburger Stra\u00dfe ve Stade v oblasti mostu p\u0159es \u017eelezni\u010dn\u00ed tra\u0165 ve sm\u011bru na Bremerv\u00f6rde.<br \/>\nVeden\u00ed, kter\u00e9 tam vede, m\u016f\u017ee pokra\u010dovat kolem staveni\u0161t\u011b.<\/p>\n<p>Za obdob\u00ed od <strong>od 14. prosince 2025 do 31. \u010dervence 2027 <\/strong>plat\u00ed staveni\u0161tn\u00ed j\u00edzdn\u00ed \u0159\u00e1d, kter\u00fd po\u010d\u00edt\u00e1 s prodlou\u017een\u00edm doby j\u00edzdy. Tento p\u0159edpis naleznete <a href=\"https:\/\/kvg-bus.de\/stade\/cs\/jizdni-plany\/\">zde<\/a>.<\/p>\n<p>Aby cestuj\u00edc\u00ed mohli v Agathenburgu rychle p\u0159estupovat, bude linka 2007 rozd\u011blena na zast\u00e1vk\u00e1ch \u201eStade, Airbus-Stra\u00dfe\u201c a \u201eStade, Airbus (vchod)\u201c:<\/p>\n<ul>\n<li>Pravideln\u00e1 \u0159ada 2007 zde kon\u010d\u00ed.<\/li>\n<li>Po zhruba 10 minut\u00e1ch \u010dek\u00e1n\u00ed pokra\u010duje kyvadlov\u00e1 doprava 2007 do Agathenburgu, aby bylo zaji\u0161t\u011bno spojen\u00ed na S-Bahn.<\/li>\n<\/ul>\n<p>Na\u0159\u00edzen\u00ed se p\u0159im\u011b\u0159en\u011b pou\u017eije v opa\u010dn\u00e9m sm\u011bru:<br \/>\nPo p\u0159\u00edjezdu kyvadlov\u00e9 dopravy z Agathenburgu je t\u0159eba po\u010dkat asi 10 minut, ne\u017e bude pokra\u010dovat pravideln\u00e1 linka 2007 ze zast\u00e1vky \u201eStade, Airbus\/CFK Nord\u201c.<\/p>","protected":false},"excerpt":{"rendered":"<p>Od 4. \u010dervence 2025 je jednostrann\u011b uzav\u0159ena ulice Harburger Stra\u00dfe ve Stade v oblasti mostu p\u0159es \u017eelezni\u010dn\u00ed tra\u0165 ve sm\u011bru na Bremerv\u00f6rde. Linky zde proj\u00ed\u017ed\u011bj\u00edc\u00ed mohou staveni\u0161t\u011bm nad\u00e1le proj\u00ed\u017ed\u011bt. V obdob\u00ed od 14. prosince 2025 do 31. \u010dervence 2027 bude platit staveni\u0161tn\u00ed j\u00edzdn\u00ed \u0159\u00e1d, kter\u00fd po\u010d\u00edt\u00e1 s prodlou\u017een\u00fdmi j\u00edzdn\u00edmi dobami. Najdete ho zde. Aby cestuj\u00edc\u00ed mohli v Agathenburgu i nad\u00e1le vyu\u017e\u00edvat kr\u00e1tkou p\u0159estupn\u00ed dobu, bude linka 2007 rozd\u011blena na zast\u00e1vk\u00e1ch \u201eStade, Airbus-Stra\u00dfe\u201c a \u201eStade, Airbus (Eingang)\u201c: Pravideln\u00e1 linka 2007 zde bude kon\u010dit. Po p\u0159ibli\u017en\u011b 10 minut\u00e1ch \u010dek\u00e1n\u00ed bude kyvadlov\u00e1 linka 2007 pokra\u010dovat do Agathenburgu, aby zajistila p\u0159estup na S-Bahn. Tot\u00e9\u017e plat\u00ed i v opa\u010dn\u00e9m sm\u011bru: po p\u0159\u00edjezdu kyvadlov\u00e9 dopravy z Agathenburgu n\u00e1sleduje p\u0159ibli\u017en\u011b 10minutov\u00e1 \u010dekac\u00ed doba, ne\u017e pravideln\u00e1 linka 2007 pokra\u010duje ze zast\u00e1vky \u201eStade, Airbus\/CFK Nord\u201c.<\/p>","protected":false},"author":10,"featured_media":0,"comment_status":"open","ping_status":"open","sticky":false,"template":"","format":"standard","meta":{"footnotes":""},"categories":[17,21],"tags":[],"class_list":["post-284","post","type-post","status-publish","format-standard","hentry","category-fahrplanabweichungen","category-stade"],"yoast_head":"<!-- This site is optimized with the Yoast SEO plugin v27.4 - https:\/\/yoast.com\/product\/yoast-seo-wordpress\/ -->\n<title>Linie 2007 | Bauarbeiten in Stade: 14.12.2025 - 31.07.2027 - KVG Bus Portalseite<\/title>\n<meta name=\"robots\" content=\"index, follow, max-snippet:-1, max-image-preview:large, max-video-preview:-1\" \/>\n<link rel=\"canonical\" href=\"https:\/\/kvg-bus.de\/cs\/linie-2007-stavebni-prace-ve-stade-14-12-2025-31-07-2027\/\" \/>\n<meta property=\"og:locale\" content=\"cs_CZ\" \/>\n<meta property=\"og:type\" content=\"article\" \/>\n<meta property=\"og:title\" content=\"Linie 2007 | Bauarbeiten in Stade: 14.12.2025 - 31.07.2027 - KVG Bus Portalseite\" \/>\n<meta property=\"og:description\" content=\"Seit dem 04. Juli 2025 besteht auf der Harburger Stra\u00dfe in Stade eine halbseitige Sperrung im Bereich der Br\u00fccke \u00fcber die Bahnstrecke in Richtung Bremerv\u00f6rde. Die dort verkehrenden Linien k\u00f6nnen die Baustelle weiterhin passieren. F\u00fcr den Zeitraum vom 14. Dezember 2025 bis zum 31. Juli 2027 soll ein Baustellenfahrplan gelten, der verl\u00e4ngerte Fahrzeiten vorsieht. Diesen findest du hier. Um den Fahrg\u00e4sten weiterhin eine kurze Umsteigezeit in Agathenburg zu erm\u00f6glichen, wird die Linie 2007 k\u00fcnftig an den Haltestellen \u201eStade, Airbus-Stra\u00dfe\u201c und \u201eStade, Airbus (Eingang)\u201c geteilt: Die regul\u00e4re Linie 2007 endet dort. Nach einer Wartezeit von rund 10 Minuten f\u00e4hrt ein Shuttle 2007 weiter nach Agathenburg, um den Anschluss an die S-Bahn sicherzustellen. In der Gegenrichtung gilt die Regelung entsprechend: Nach der Ankunft des Shuttles aus Agathenburg besteht eine Wartezeit von etwa 10 Minuten bis zur Weiterfahrt der regul\u00e4ren Linie 2007 ab der Haltestelle \u201eStade, Airbus\/CFK Nord\u201c.\" \/>\n<meta property=\"og:url\" content=\"https:\/\/kvg-bus.de\/cs\/linie-2007-stavebni-prace-ve-stade-14-12-2025-31-07-2027\/\" \/>\n<meta property=\"og:site_name\" content=\"KVG Bus Portalseite\" \/>\n<meta property=\"article:published_time\" content=\"2025-11-27T12:50:59+00:00\" \/>\n<meta name=\"author\" content=\"mzimmermann\" \/>\n<meta name=\"twitter:card\" content=\"summary_large_image\" \/>\n<meta name=\"twitter:label1\" content=\"Napsal(a)\" \/>\n\t<meta name=\"twitter:data1\" content=\"mzimmermann\" \/>\n\t<meta name=\"twitter:label2\" content=\"Odhadovan\u00e1 doba \u010dten\u00ed\" \/>\n\t<meta name=\"twitter:data2\" content=\"1 minuta\" \/>\n<script type=\"application\/ld+json\" class=\"yoast-schema-graph\">{\"@context\":\"https:\\\/\\\/schema.org\",\"@graph\":[{\"@type\":\"Article\",\"@id\":\"https:\\\/\\\/kvg-bus.de\\\/linie-2007-bauarbeiten-in-stade-14-12-2025-31-07-2027\\\/#article\",\"isPartOf\":{\"@id\":\"https:\\\/\\\/kvg-bus.de\\\/linie-2007-bauarbeiten-in-stade-14-12-2025-31-07-2027\\\/\"},\"author\":{\"name\":\"mzimmermann\",\"@id\":\"https:\\\/\\\/kvg-bus.de\\\/#\\\/schema\\\/person\\\/5a5abfab092f868ec7cbe0f59e95749b\"},\"headline\":\"Linie 2007 | Bauarbeiten in Stade: 14.12.2025 &#8211; 31.07.2027\",\"datePublished\":\"2025-11-27T12:50:59+00:00\",\"mainEntityOfPage\":{\"@id\":\"https:\\\/\\\/kvg-bus.de\\\/linie-2007-bauarbeiten-in-stade-14-12-2025-31-07-2027\\\/\"},\"wordCount\":152,\"commentCount\":0,\"publisher\":{\"@id\":\"https:\\\/\\\/kvg-bus.de\\\/#organization\"},\"articleSection\":[\"Fahrplanabweichungen\",\"Stade\"],\"inLanguage\":\"cs\",\"potentialAction\":[{\"@type\":\"CommentAction\",\"name\":\"Comment\",\"target\":[\"https:\\\/\\\/kvg-bus.de\\\/linie-2007-bauarbeiten-in-stade-14-12-2025-31-07-2027\\\/#respond\"]}]},{\"@type\":\"WebPage\",\"@id\":\"https:\\\/\\\/kvg-bus.de\\\/linie-2007-bauarbeiten-in-stade-14-12-2025-31-07-2027\\\/\",\"url\":\"https:\\\/\\\/kvg-bus.de\\\/linie-2007-bauarbeiten-in-stade-14-12-2025-31-07-2027\\\/\",\"name\":\"Linie 2007 | Bauarbeiten in Stade: 14.12.2025 - 31.07.2027 - KVG Bus Portalseite\",\"isPartOf\":{\"@id\":\"https:\\\/\\\/kvg-bus.de\\\/#website\"},\"datePublished\":\"2025-11-27T12:50:59+00:00\",\"breadcrumb\":{\"@id\":\"https:\\\/\\\/kvg-bus.de\\\/linie-2007-bauarbeiten-in-stade-14-12-2025-31-07-2027\\\/#breadcrumb\"},\"inLanguage\":\"cs\",\"potentialAction\":[{\"@type\":\"ReadAction\",\"target\":[\"https:\\\/\\\/kvg-bus.de\\\/linie-2007-bauarbeiten-in-stade-14-12-2025-31-07-2027\\\/\"]}]},{\"@type\":\"BreadcrumbList\",\"@id\":\"https:\\\/\\\/kvg-bus.de\\\/linie-2007-bauarbeiten-in-stade-14-12-2025-31-07-2027\\\/#breadcrumb\",\"itemListElement\":[{\"@type\":\"ListItem\",\"position\":1,\"name\":\"Startseite\",\"item\":\"https:\\\/\\\/kvg-bus.de\\\/\"},{\"@type\":\"ListItem\",\"position\":2,\"name\":\"Linie 2007 | Bauarbeiten in Stade: 14.12.2025 &#8211; 31.07.2027\"}]},{\"@type\":\"WebSite\",\"@id\":\"https:\\\/\\\/kvg-bus.de\\\/#website\",\"url\":\"https:\\\/\\\/kvg-bus.de\\\/\",\"name\":\"KVG Bus Portalseite\",\"description\":\"\",\"publisher\":{\"@id\":\"https:\\\/\\\/kvg-bus.de\\\/#organization\"},\"potentialAction\":[{\"@type\":\"SearchAction\",\"target\":{\"@type\":\"EntryPoint\",\"urlTemplate\":\"https:\\\/\\\/kvg-bus.de\\\/?s={search_term_string}\"},\"query-input\":{\"@type\":\"PropertyValueSpecification\",\"valueRequired\":true,\"valueName\":\"search_term_string\"}}],\"inLanguage\":\"cs\"},{\"@type\":\"Organization\",\"@id\":\"https:\\\/\\\/kvg-bus.de\\\/#organization\",\"name\":\"KVG Bus Portalseite\",\"url\":\"https:\\\/\\\/kvg-bus.de\\\/\",\"logo\":{\"@type\":\"ImageObject\",\"inLanguage\":\"cs\",\"@id\":\"https:\\\/\\\/kvg-bus.de\\\/#\\\/schema\\\/logo\\\/image\\\/\",\"url\":\"https:\\\/\\\/kvg-bus.de\\\/wp-content\\\/uploads\\\/sites\\\/14\\\/kvg_logo-1.svg\",\"contentUrl\":\"https:\\\/\\\/kvg-bus.de\\\/wp-content\\\/uploads\\\/sites\\\/14\\\/kvg_logo-1.svg\",\"caption\":\"KVG Bus Portalseite\"},\"image\":{\"@id\":\"https:\\\/\\\/kvg-bus.de\\\/#\\\/schema\\\/logo\\\/image\\\/\"}},{\"@type\":\"Person\",\"@id\":\"https:\\\/\\\/kvg-bus.de\\\/#\\\/schema\\\/person\\\/5a5abfab092f868ec7cbe0f59e95749b\",\"name\":\"mzimmermann\",\"image\":{\"@type\":\"ImageObject\",\"inLanguage\":\"cs\",\"@id\":\"https:\\\/\\\/secure.gravatar.com\\\/avatar\\\/0f69d8b83e3b3e54f0b766684bb3fd6649f0081ecdbff759ed4b19e5df68d1e4?s=96&d=mm&r=g\",\"url\":\"https:\\\/\\\/secure.gravatar.com\\\/avatar\\\/0f69d8b83e3b3e54f0b766684bb3fd6649f0081ecdbff759ed4b19e5df68d1e4?s=96&d=mm&r=g\",\"contentUrl\":\"https:\\\/\\\/secure.gravatar.com\\\/avatar\\\/0f69d8b83e3b3e54f0b766684bb3fd6649f0081ecdbff759ed4b19e5df68d1e4?s=96&d=mm&r=g\",\"caption\":\"mzimmermann\"},\"url\":\"https:\\\/\\\/kvg-bus.de\\\/cs\\\/author\\\/mzimmermann\\\/\"}]}<\/script>\n<!-- \/ Yoast SEO plugin. -->","yoast_head_json":{"title":"Linka 2007 | Stavebn\u00ed pr\u00e1ce ve Stade: 14.12.2025 \u2013 31.07.2027 \u2013 port\u00e1l KVG Bus","robots":{"index":"index","follow":"follow","max-snippet":"max-snippet:-1","max-image-preview":"max-image-preview:large","max-video-preview":"max-video-preview:-1"},"canonical":"https:\/\/kvg-bus.de\/cs\/linie-2007-stavebni-prace-ve-stade-14-12-2025-31-07-2027\/","og_locale":"cs_CZ","og_type":"article","og_title":"Linie 2007 | Bauarbeiten in Stade: 14.12.2025 - 31.07.2027 - KVG Bus Portalseite","og_description":"Seit dem 04. Juli 2025 besteht auf der Harburger Stra\u00dfe in Stade eine halbseitige Sperrung im Bereich der Br\u00fccke \u00fcber die Bahnstrecke in Richtung Bremerv\u00f6rde. Die dort verkehrenden Linien k\u00f6nnen die Baustelle weiterhin passieren. F\u00fcr den Zeitraum vom 14. Dezember 2025 bis zum 31. Juli 2027 soll ein Baustellenfahrplan gelten, der verl\u00e4ngerte Fahrzeiten vorsieht. Diesen findest du hier. Um den Fahrg\u00e4sten weiterhin eine kurze Umsteigezeit in Agathenburg zu erm\u00f6glichen, wird die Linie 2007 k\u00fcnftig an den Haltestellen \u201eStade, Airbus-Stra\u00dfe\u201c und \u201eStade, Airbus (Eingang)\u201c geteilt: Die regul\u00e4re Linie 2007 endet dort. Nach einer Wartezeit von rund 10 Minuten f\u00e4hrt ein Shuttle 2007 weiter nach Agathenburg, um den Anschluss an die S-Bahn sicherzustellen. In der Gegenrichtung gilt die Regelung entsprechend: Nach der Ankunft des Shuttles aus Agathenburg besteht eine Wartezeit von etwa 10 Minuten bis zur Weiterfahrt der regul\u00e4ren Linie 2007 ab der Haltestelle \u201eStade, Airbus\/CFK Nord\u201c.","og_url":"https:\/\/kvg-bus.de\/cs\/linie-2007-stavebni-prace-ve-stade-14-12-2025-31-07-2027\/","og_site_name":"KVG Bus Portalseite","article_published_time":"2025-11-27T12:50:59+00:00","author":"mzimmermann","twitter_card":"summary_large_image","twitter_misc":{"Napsal(a)":"mzimmermann","Odhadovan\u00e1 doba \u010dten\u00ed":"1 minuta"},"schema":{"@context":"https:\/\/schema.org","@graph":[{"@type":"Article","@id":"https:\/\/kvg-bus.de\/linie-2007-bauarbeiten-in-stade-14-12-2025-31-07-2027\/#article","isPartOf":{"@id":"https:\/\/kvg-bus.de\/linie-2007-bauarbeiten-in-stade-14-12-2025-31-07-2027\/"},"author":{"name":"mzimmermann","@id":"https:\/\/kvg-bus.de\/#\/schema\/person\/5a5abfab092f868ec7cbe0f59e95749b"},"headline":"Linie 2007 | Bauarbeiten in Stade: 14.12.2025 &#8211; 31.07.2027","datePublished":"2025-11-27T12:50:59+00:00","mainEntityOfPage":{"@id":"https:\/\/kvg-bus.de\/linie-2007-bauarbeiten-in-stade-14-12-2025-31-07-2027\/"},"wordCount":152,"commentCount":0,"publisher":{"@id":"https:\/\/kvg-bus.de\/#organization"},"articleSection":["Fahrplanabweichungen","Stade"],"inLanguage":"cs","potentialAction":[{"@type":"CommentAction","name":"Comment","target":["https:\/\/kvg-bus.de\/linie-2007-bauarbeiten-in-stade-14-12-2025-31-07-2027\/#respond"]}]},{"@type":"WebPage","@id":"https:\/\/kvg-bus.de\/linie-2007-bauarbeiten-in-stade-14-12-2025-31-07-2027\/","url":"https:\/\/kvg-bus.de\/linie-2007-bauarbeiten-in-stade-14-12-2025-31-07-2027\/","name":"Linka 2007 | Stavebn\u00ed pr\u00e1ce ve Stade: 14.12.2025 \u2013 31.07.2027 \u2013 port\u00e1l KVG Bus","isPartOf":{"@id":"https:\/\/kvg-bus.de\/#website"},"datePublished":"2025-11-27T12:50:59+00:00","breadcrumb":{"@id":"https:\/\/kvg-bus.de\/linie-2007-bauarbeiten-in-stade-14-12-2025-31-07-2027\/#breadcrumb"},"inLanguage":"cs","potentialAction":[{"@type":"ReadAction","target":["https:\/\/kvg-bus.de\/linie-2007-bauarbeiten-in-stade-14-12-2025-31-07-2027\/"]}]},{"@type":"BreadcrumbList","@id":"https:\/\/kvg-bus.de\/linie-2007-bauarbeiten-in-stade-14-12-2025-31-07-2027\/#breadcrumb","itemListElement":[{"@type":"ListItem","position":1,"name":"Startseite","item":"https:\/\/kvg-bus.de\/"},{"@type":"ListItem","position":2,"name":"Linie 2007 | Bauarbeiten in Stade: 14.12.2025 &#8211; 31.07.2027"}]},{"@type":"WebSite","@id":"https:\/\/kvg-bus.de\/#website","url":"https:\/\/kvg-bus.de\/","name":"Str\u00e1nka port\u00e1lu KVG Bus","description":"","publisher":{"@id":"https:\/\/kvg-bus.de\/#organization"},"potentialAction":[{"@type":"SearchAction","target":{"@type":"EntryPoint","urlTemplate":"https:\/\/kvg-bus.de\/?s={search_term_string}"},"query-input":{"@type":"PropertyValueSpecification","valueRequired":true,"valueName":"search_term_string"}}],"inLanguage":"cs"},{"@type":"Organization","@id":"https:\/\/kvg-bus.de\/#organization","name":"Str\u00e1nka port\u00e1lu KVG Bus","url":"https:\/\/kvg-bus.de\/","logo":{"@type":"ImageObject","inLanguage":"cs","@id":"https:\/\/kvg-bus.de\/#\/schema\/logo\/image\/","url":"https:\/\/kvg-bus.de\/wp-content\/uploads\/sites\/14\/kvg_logo-1.svg","contentUrl":"https:\/\/kvg-bus.de\/wp-content\/uploads\/sites\/14\/kvg_logo-1.svg","caption":"KVG Bus Portalseite"},"image":{"@id":"https:\/\/kvg-bus.de\/#\/schema\/logo\/image\/"}},{"@type":"Person","@id":"https:\/\/kvg-bus.de\/#\/schema\/person\/5a5abfab092f868ec7cbe0f59e95749b","name":"mzimmermann","image":{"@type":"ImageObject","inLanguage":"cs","@id":"https:\/\/secure.gravatar.com\/avatar\/0f69d8b83e3b3e54f0b766684bb3fd6649f0081ecdbff759ed4b19e5df68d1e4?s=96&d=mm&r=g","url":"https:\/\/secure.gravatar.com\/avatar\/0f69d8b83e3b3e54f0b766684bb3fd6649f0081ecdbff759ed4b19e5df68d1e4?s=96&d=mm&r=g","contentUrl":"https:\/\/secure.gravatar.com\/avatar\/0f69d8b83e3b3e54f0b766684bb3fd6649f0081ecdbff759ed4b19e5df68d1e4?s=96&d=mm&r=g","caption":"mzimmermann"},"url":"https:\/\/kvg-bus.de\/cs\/author\/mzimmermann\/"}]}},"_links":{"self":[{"href":"https:\/\/kvg-bus.de\/cs\/wp-json\/wp\/v2\/posts\/284","targetHints":{"allow":["GET"]}}],"collection":[{"href":"https:\/\/kvg-bus.de\/cs\/wp-json\/wp\/v2\/posts"}],"about":[{"href":"https:\/\/kvg-bus.de\/cs\/wp-json\/wp\/v2\/types\/post"}],"author":[{"embeddable":true,"href":"https:\/\/kvg-bus.de\/cs\/wp-json\/wp\/v2\/users\/10"}],"replies":[{"embeddable":true,"href":"https:\/\/kvg-bus.de\/cs\/wp-json\/wp\/v2\/comments?post=284"}],"version-history":[{"count":0,"href":"https:\/\/kvg-bus.de\/cs\/wp-json\/wp\/v2\/posts\/284\/revisions"}],"wp:attachment":[{"href":"https:\/\/kvg-bus.de\/cs\/wp-json\/wp\/v2\/media?parent=284"}],"wp:term":[{"taxonomy":"category","embeddable":true,"href":"https:\/\/kvg-bus.de\/cs\/wp-json\/wp\/v2\/categories?post=284"},{"taxonomy":"post_tag","embeddable":true,"href":"https:\/\/kvg-bus.de\/cs\/wp-json\/wp\/v2\/tags?post=284"}],"curies":[{"name":"wp","href":"https:\/\/api.w.org\/{rel}","templated":true}]}}