{"id":192,"date":"2025-08-01T12:28:15","date_gmt":"2025-08-01T10:28:15","guid":{"rendered":"https:\/\/kvg-bus.de\/linien-2018-2027-2028-2068-2069-2721-und-2722-bauarbeiten-in-duedenbuettel-04-08-30-11-2025-3\/"},"modified":"2025-08-01T12:28:15","modified_gmt":"2025-08-01T10:28:15","slug":"linky-2018-2027-2028-2068-2069-2721-a-2722-stavebni-prace-v-duedenbuettel-04-08-30-11-2025-3","status":"publish","type":"post","link":"https:\/\/kvg-bus.de\/cs\/linien-2018-2027-2028-2068-2069-2721-und-2722-bauarbeiten-in-duedenbuettel-04-08-30-11-2025-3\/","title":{"rendered":"Linky 2024, 2037, 2072 a 2075 | Stavebn\u00ed pr\u00e1ce v Drochtersenu: 04.08.2025 - 29.05.2026"},"content":{"rendered":"<p data-start=\"178\" data-end=\"378\">Z <strong data-start=\"182\" data-end=\"234\">4. srpna 2025 a\u017e pravd\u011bpodobn\u011b 29. kv\u011btna 2026<\/strong> je <strong data-start=\"243\" data-end=\"279\">Aschhorner Stra\u00dfe v Drochtersenu<\/strong> kv\u016fli <strong data-start=\"286\" data-end=\"301\">Stavebn\u00ed pr\u00e1ce<\/strong> uzam\u010deno.<br data-start=\"311\" data-end=\"314\" \/>\u27a1\ufe0f <strong data-start=\"317\" data-end=\"378\">Zm\u011bna se t\u00fdk\u00e1 linek KVG od 14. srpna 2025.<\/strong><\/p>\n<hr data-start=\"380\" data-end=\"383\" \/>\n<p data-start=\"385\" data-end=\"519\"><strong data-start=\"385\" data-end=\"418\">\ud83d\ude8d Linky 2024, 2072 a 2075<\/strong><br data-start=\"418\" data-end=\"421\" \/>\u27a1\ufe0f jedou obj\u00ed\u017e\u010fkou p\u0159es <strong data-start=\"455\" data-end=\"477\">\u010ctvr\u0165 Dornbusch<\/strong>.<br data-start=\"478\" data-end=\"481\" \/>\u2705 <strong data-start=\"483\" data-end=\"519\">\u017d\u00e1dn\u00e9 zast\u00e1vky nejsou vynech\u00e1ny.<\/strong><\/p>\n<hr data-start=\"521\" data-end=\"524\" \/>\n<p data-start=\"526\" data-end=\"813\"><strong data-start=\"526\" data-end=\"543\">\ud83d\ude8d Linka 2037<\/strong><br data-start=\"543\" data-end=\"546\" \/>\u27a1\ufe0f obsluhuje ze sm\u011bru <strong data-start=\"570\" data-end=\"579\">Stade<\/strong> v\u0161echny zast\u00e1vky a\u017e do <strong data-start=\"610\" data-end=\"627\">\u201eAschhorn 12\u201c<\/strong>,<br data-start=\"628\" data-end=\"631\" \/>pak odbo\u010d\u00ed p\u0159es zast\u00e1vku <strong data-start=\"664\" data-end=\"693\">\u201eAschhorn, \u010cern\u00e1 cesta\u201c<\/strong><br data-start=\"693\" data-end=\"696\" \/>a jede p\u0159es <strong data-start=\"715\" data-end=\"737\">Ritschermoorova ulice<\/strong> zp\u011bt na <strong data-start=\"750\" data-end=\"760\">Ritsch<\/strong>,<br data-start=\"761\" data-end=\"764\" \/>aby odtud pokra\u010doval v pravideln\u00e9 trase.<\/p>\n<p data-start=\"815\" data-end=\"900\">\u274c Autobusov\u00e1 zast\u00e1vka <strong data-start=\"833\" data-end=\"858\">\u201eDrochtersen, kostel\u201c<\/strong> nelze b\u011bhem t\u00e9to doby provozovat.<\/p>","protected":false},"excerpt":{"rendered":"<p>Od 4. srpna 2025 do pravd\u011bpodobn\u011b 29. kv\u011btna 2026 bude kv\u016fli stavebn\u00edm prac\u00edm uzav\u0159ena ulice Aschhorner Stra\u00dfe v Drochtersenu.\u27a1\ufe0f Od 14. srpna 2025 budou dot\u010deny linky KVG. \ud83d\ude8d Linky 2024, 2072 a 2075\u27a1\ufe0f pojedou odklonem p\u0159es \u010dtvr\u0165 Dornbusch.\u2705 \u017d\u00e1dn\u00e1 zast\u00e1vka nebude zru\u0161ena. \ud83d\ude8d Linka 2037\u27a1\ufe0f jedouc\u00ed ze sm\u011bru Stade obslou\u017e\u00ed v\u0161echny zast\u00e1vky a\u017e k zast\u00e1vce \u201eAschhorn 12\u201c, pot\u00e9 se oto\u010d\u00ed p\u0159es zast\u00e1vku \u201eAschhorn, Schwarzer Weg\u201c a pojede zp\u011bt do Ritsche p\u0159es Ritschermoorstra\u00dfe, odkud bude pokra\u010dovat v pravideln\u00e9 trase. \u274c Zast\u00e1vka \u201eDrochtersen, Kirche\u201c nem\u016f\u017ee b\u00fdt v t\u00e9to dob\u011b obslou\u017eena.<\/p>","protected":false},"author":10,"featured_media":2753,"comment_status":"open","ping_status":"open","sticky":false,"template":"","format":"standard","meta":{"footnotes":""},"categories":[17,21],"tags":[],"class_list":["post-192","post","type-post","status-publish","format-standard","has-post-thumbnail","hentry","category-fahrplanabweichungen","category-stade"],"yoast_head":"<!-- This site is optimized with the Yoast SEO plugin v27.4 - https:\/\/yoast.com\/product\/yoast-seo-wordpress\/ -->\n<title>Linien 2024, 2037, 2072 und 2075 | Bauarbeiten in Drochtersen: 04.08.2025 \u2013 29.05.2026 - KVG Bus Portalseite<\/title>\n<meta name=\"robots\" content=\"index, follow, max-snippet:-1, max-image-preview:large, max-video-preview:-1\" \/>\n<link rel=\"canonical\" href=\"https:\/\/kvg-bus.de\/cs\/linky-2018-2027-2028-2068-2069-2721-a-2722-stavebni-prace-v-duedenbuettel-04-08-30-11-2025-3\/\" \/>\n<meta property=\"og:locale\" content=\"cs_CZ\" \/>\n<meta property=\"og:type\" content=\"article\" \/>\n<meta property=\"og:title\" content=\"Linien 2024, 2037, 2072 und 2075 | Bauarbeiten in Drochtersen: 04.08.2025 \u2013 29.05.2026 - KVG Bus Portalseite\" \/>\n<meta property=\"og:description\" content=\"Vom 04. August 2025 bis voraussichtlich 29. Mai 2026 ist die Aschhorner Stra\u00dfe in Drochtersen wegen Bauarbeiten gesperrt.\u27a1\ufe0f Die Linien der KVG sind ab dem 14. August 2025 betroffen. \ud83d\ude8d Linien 2024, 2072 und 2075\u27a1\ufe0f fahren eine Umleitung \u00fcber den Ortsteil Dornbusch.\u2705 Es entfallen keine Haltestellen. \ud83d\ude8d Linie 2037\u27a1\ufe0f bedient aus Richtung Stade kommend alle Haltestellen bis \u201eAschhorn 12\u201c,wendet dann \u00fcber die Haltestelle \u201eAschhorn, Schwarzer Weg\u201cund f\u00e4hrt \u00fcber die Ritschermoorstra\u00dfe zur\u00fcck nach Ritsch,um von dort den regul\u00e4ren Linienweg fortzusetzen. \u274c Die Haltestelle \u201eDrochtersen, Kirche\u201c kann in dieser Zeit nicht bedient werden.\" \/>\n<meta property=\"og:url\" content=\"https:\/\/kvg-bus.de\/cs\/linky-2018-2027-2028-2068-2069-2721-a-2722-stavebni-prace-v-duedenbuettel-04-08-30-11-2025-3\/\" \/>\n<meta property=\"og:site_name\" content=\"KVG Bus Portalseite\" \/>\n<meta property=\"article:published_time\" content=\"2025-08-01T10:28:15+00:00\" \/>\n<meta name=\"author\" content=\"mzimmermann\" \/>\n<meta name=\"twitter:card\" content=\"summary_large_image\" \/>\n<meta name=\"twitter:label1\" content=\"Napsal(a)\" \/>\n\t<meta name=\"twitter:data1\" content=\"mzimmermann\" \/>\n\t<meta name=\"twitter:label2\" content=\"Odhadovan\u00e1 doba \u010dten\u00ed\" \/>\n\t<meta name=\"twitter:data2\" content=\"1 minuta\" \/>\n<script type=\"application\/ld+json\" class=\"yoast-schema-graph\">{\"@context\":\"https:\\\/\\\/schema.org\",\"@graph\":[{\"@type\":\"Article\",\"@id\":\"https:\\\/\\\/kvg-bus.de\\\/linien-2018-2027-2028-2068-2069-2721-und-2722-bauarbeiten-in-duedenbuettel-04-08-30-11-2025-3\\\/#article\",\"isPartOf\":{\"@id\":\"https:\\\/\\\/kvg-bus.de\\\/linien-2018-2027-2028-2068-2069-2721-und-2722-bauarbeiten-in-duedenbuettel-04-08-30-11-2025-3\\\/\"},\"author\":{\"name\":\"mzimmermann\",\"@id\":\"https:\\\/\\\/kvg-bus.de\\\/#\\\/schema\\\/person\\\/5a5abfab092f868ec7cbe0f59e95749b\"},\"headline\":\"Linien 2024, 2037, 2072 und 2075 | Bauarbeiten in Drochtersen: 04.08.2025 \u2013 29.05.2026\",\"datePublished\":\"2025-08-01T10:28:15+00:00\",\"mainEntityOfPage\":{\"@id\":\"https:\\\/\\\/kvg-bus.de\\\/linien-2018-2027-2028-2068-2069-2721-und-2722-bauarbeiten-in-duedenbuettel-04-08-30-11-2025-3\\\/\"},\"wordCount\":100,\"commentCount\":0,\"publisher\":{\"@id\":\"https:\\\/\\\/kvg-bus.de\\\/#organization\"},\"image\":{\"@id\":\"https:\\\/\\\/kvg-bus.de\\\/linien-2018-2027-2028-2068-2069-2721-und-2722-bauarbeiten-in-duedenbuettel-04-08-30-11-2025-3\\\/#primaryimage\"},\"thumbnailUrl\":\"https:\\\/\\\/kvg-bus.de\\\/wp-content\\\/uploads\\\/sites\\\/14\\\/header-subsite_stoerungen.png\",\"articleSection\":[\"Fahrplanabweichungen\",\"Stade\"],\"inLanguage\":\"cs\",\"potentialAction\":[{\"@type\":\"CommentAction\",\"name\":\"Comment\",\"target\":[\"https:\\\/\\\/kvg-bus.de\\\/linien-2018-2027-2028-2068-2069-2721-und-2722-bauarbeiten-in-duedenbuettel-04-08-30-11-2025-3\\\/#respond\"]}]},{\"@type\":\"WebPage\",\"@id\":\"https:\\\/\\\/kvg-bus.de\\\/linien-2018-2027-2028-2068-2069-2721-und-2722-bauarbeiten-in-duedenbuettel-04-08-30-11-2025-3\\\/\",\"url\":\"https:\\\/\\\/kvg-bus.de\\\/linien-2018-2027-2028-2068-2069-2721-und-2722-bauarbeiten-in-duedenbuettel-04-08-30-11-2025-3\\\/\",\"name\":\"Linien 2024, 2037, 2072 und 2075 | Bauarbeiten in Drochtersen: 04.08.2025 \u2013 29.05.2026 - KVG Bus Portalseite\",\"isPartOf\":{\"@id\":\"https:\\\/\\\/kvg-bus.de\\\/#website\"},\"primaryImageOfPage\":{\"@id\":\"https:\\\/\\\/kvg-bus.de\\\/linien-2018-2027-2028-2068-2069-2721-und-2722-bauarbeiten-in-duedenbuettel-04-08-30-11-2025-3\\\/#primaryimage\"},\"image\":{\"@id\":\"https:\\\/\\\/kvg-bus.de\\\/linien-2018-2027-2028-2068-2069-2721-und-2722-bauarbeiten-in-duedenbuettel-04-08-30-11-2025-3\\\/#primaryimage\"},\"thumbnailUrl\":\"https:\\\/\\\/kvg-bus.de\\\/wp-content\\\/uploads\\\/sites\\\/14\\\/header-subsite_stoerungen.png\",\"datePublished\":\"2025-08-01T10:28:15+00:00\",\"breadcrumb\":{\"@id\":\"https:\\\/\\\/kvg-bus.de\\\/linien-2018-2027-2028-2068-2069-2721-und-2722-bauarbeiten-in-duedenbuettel-04-08-30-11-2025-3\\\/#breadcrumb\"},\"inLanguage\":\"cs\",\"potentialAction\":[{\"@type\":\"ReadAction\",\"target\":[\"https:\\\/\\\/kvg-bus.de\\\/linien-2018-2027-2028-2068-2069-2721-und-2722-bauarbeiten-in-duedenbuettel-04-08-30-11-2025-3\\\/\"]}]},{\"@type\":\"ImageObject\",\"inLanguage\":\"cs\",\"@id\":\"https:\\\/\\\/kvg-bus.de\\\/linien-2018-2027-2028-2068-2069-2721-und-2722-bauarbeiten-in-duedenbuettel-04-08-30-11-2025-3\\\/#primaryimage\",\"url\":\"https:\\\/\\\/kvg-bus.de\\\/wp-content\\\/uploads\\\/sites\\\/14\\\/header-subsite_stoerungen.png\",\"contentUrl\":\"https:\\\/\\\/kvg-bus.de\\\/wp-content\\\/uploads\\\/sites\\\/14\\\/header-subsite_stoerungen.png\"},{\"@type\":\"BreadcrumbList\",\"@id\":\"https:\\\/\\\/kvg-bus.de\\\/linien-2018-2027-2028-2068-2069-2721-und-2722-bauarbeiten-in-duedenbuettel-04-08-30-11-2025-3\\\/#breadcrumb\",\"itemListElement\":[{\"@type\":\"ListItem\",\"position\":1,\"name\":\"Startseite\",\"item\":\"https:\\\/\\\/kvg-bus.de\\\/\"},{\"@type\":\"ListItem\",\"position\":2,\"name\":\"Linien 2024, 2037, 2072 und 2075 | Bauarbeiten in Drochtersen: 04.08.2025 \u2013 29.05.2026\"}]},{\"@type\":\"WebSite\",\"@id\":\"https:\\\/\\\/kvg-bus.de\\\/#website\",\"url\":\"https:\\\/\\\/kvg-bus.de\\\/\",\"name\":\"KVG Bus Portalseite\",\"description\":\"\",\"publisher\":{\"@id\":\"https:\\\/\\\/kvg-bus.de\\\/#organization\"},\"potentialAction\":[{\"@type\":\"SearchAction\",\"target\":{\"@type\":\"EntryPoint\",\"urlTemplate\":\"https:\\\/\\\/kvg-bus.de\\\/?s={search_term_string}\"},\"query-input\":{\"@type\":\"PropertyValueSpecification\",\"valueRequired\":true,\"valueName\":\"search_term_string\"}}],\"inLanguage\":\"cs\"},{\"@type\":\"Organization\",\"@id\":\"https:\\\/\\\/kvg-bus.de\\\/#organization\",\"name\":\"KVG Bus Portalseite\",\"url\":\"https:\\\/\\\/kvg-bus.de\\\/\",\"logo\":{\"@type\":\"ImageObject\",\"inLanguage\":\"cs\",\"@id\":\"https:\\\/\\\/kvg-bus.de\\\/#\\\/schema\\\/logo\\\/image\\\/\",\"url\":\"https:\\\/\\\/kvg-bus.de\\\/wp-content\\\/uploads\\\/sites\\\/14\\\/kvg_logo-1.svg\",\"contentUrl\":\"https:\\\/\\\/kvg-bus.de\\\/wp-content\\\/uploads\\\/sites\\\/14\\\/kvg_logo-1.svg\",\"caption\":\"KVG Bus Portalseite\"},\"image\":{\"@id\":\"https:\\\/\\\/kvg-bus.de\\\/#\\\/schema\\\/logo\\\/image\\\/\"}},{\"@type\":\"Person\",\"@id\":\"https:\\\/\\\/kvg-bus.de\\\/#\\\/schema\\\/person\\\/5a5abfab092f868ec7cbe0f59e95749b\",\"name\":\"mzimmermann\",\"image\":{\"@type\":\"ImageObject\",\"inLanguage\":\"cs\",\"@id\":\"https:\\\/\\\/secure.gravatar.com\\\/avatar\\\/0f69d8b83e3b3e54f0b766684bb3fd6649f0081ecdbff759ed4b19e5df68d1e4?s=96&d=mm&r=g\",\"url\":\"https:\\\/\\\/secure.gravatar.com\\\/avatar\\\/0f69d8b83e3b3e54f0b766684bb3fd6649f0081ecdbff759ed4b19e5df68d1e4?s=96&d=mm&r=g\",\"contentUrl\":\"https:\\\/\\\/secure.gravatar.com\\\/avatar\\\/0f69d8b83e3b3e54f0b766684bb3fd6649f0081ecdbff759ed4b19e5df68d1e4?s=96&d=mm&r=g\",\"caption\":\"mzimmermann\"},\"url\":\"https:\\\/\\\/kvg-bus.de\\\/cs\\\/author\\\/mzimmermann\\\/\"}]}<\/script>\n<!-- \/ Yoast SEO plugin. -->","yoast_head_json":{"title":"Linky 2024, 2037, 2072 a 2075 | Stavebn\u00ed pr\u00e1ce v Drochtersenu: 04.08.2025 \u2013 29.05.2026 - Port\u00e1l KVG Bus","robots":{"index":"index","follow":"follow","max-snippet":"max-snippet:-1","max-image-preview":"max-image-preview:large","max-video-preview":"max-video-preview:-1"},"canonical":"https:\/\/kvg-bus.de\/cs\/linky-2018-2027-2028-2068-2069-2721-a-2722-stavebni-prace-v-duedenbuettel-04-08-30-11-2025-3\/","og_locale":"cs_CZ","og_type":"article","og_title":"Linien 2024, 2037, 2072 und 2075 | Bauarbeiten in Drochtersen: 04.08.2025 \u2013 29.05.2026 - KVG Bus Portalseite","og_description":"Vom 04. August 2025 bis voraussichtlich 29. Mai 2026 ist die Aschhorner Stra\u00dfe in Drochtersen wegen Bauarbeiten gesperrt.\u27a1\ufe0f Die Linien der KVG sind ab dem 14. August 2025 betroffen. \ud83d\ude8d Linien 2024, 2072 und 2075\u27a1\ufe0f fahren eine Umleitung \u00fcber den Ortsteil Dornbusch.\u2705 Es entfallen keine Haltestellen. \ud83d\ude8d Linie 2037\u27a1\ufe0f bedient aus Richtung Stade kommend alle Haltestellen bis \u201eAschhorn 12\u201c,wendet dann \u00fcber die Haltestelle \u201eAschhorn, Schwarzer Weg\u201cund f\u00e4hrt \u00fcber die Ritschermoorstra\u00dfe zur\u00fcck nach Ritsch,um von dort den regul\u00e4ren Linienweg fortzusetzen. \u274c Die Haltestelle \u201eDrochtersen, Kirche\u201c kann in dieser Zeit nicht bedient werden.","og_url":"https:\/\/kvg-bus.de\/cs\/linky-2018-2027-2028-2068-2069-2721-a-2722-stavebni-prace-v-duedenbuettel-04-08-30-11-2025-3\/","og_site_name":"KVG Bus Portalseite","article_published_time":"2025-08-01T10:28:15+00:00","author":"mzimmermann","twitter_card":"summary_large_image","twitter_misc":{"Napsal(a)":"mzimmermann","Odhadovan\u00e1 doba \u010dten\u00ed":"1 minuta"},"schema":{"@context":"https:\/\/schema.org","@graph":[{"@type":"Article","@id":"https:\/\/kvg-bus.de\/linien-2018-2027-2028-2068-2069-2721-und-2722-bauarbeiten-in-duedenbuettel-04-08-30-11-2025-3\/#article","isPartOf":{"@id":"https:\/\/kvg-bus.de\/linien-2018-2027-2028-2068-2069-2721-und-2722-bauarbeiten-in-duedenbuettel-04-08-30-11-2025-3\/"},"author":{"name":"mzimmermann","@id":"https:\/\/kvg-bus.de\/#\/schema\/person\/5a5abfab092f868ec7cbe0f59e95749b"},"headline":"Linien 2024, 2037, 2072 und 2075 | Bauarbeiten in Drochtersen: 04.08.2025 \u2013 29.05.2026","datePublished":"2025-08-01T10:28:15+00:00","mainEntityOfPage":{"@id":"https:\/\/kvg-bus.de\/linien-2018-2027-2028-2068-2069-2721-und-2722-bauarbeiten-in-duedenbuettel-04-08-30-11-2025-3\/"},"wordCount":100,"commentCount":0,"publisher":{"@id":"https:\/\/kvg-bus.de\/#organization"},"image":{"@id":"https:\/\/kvg-bus.de\/linien-2018-2027-2028-2068-2069-2721-und-2722-bauarbeiten-in-duedenbuettel-04-08-30-11-2025-3\/#primaryimage"},"thumbnailUrl":"https:\/\/kvg-bus.de\/wp-content\/uploads\/sites\/14\/header-subsite_stoerungen.png","articleSection":["Fahrplanabweichungen","Stade"],"inLanguage":"cs","potentialAction":[{"@type":"CommentAction","name":"Comment","target":["https:\/\/kvg-bus.de\/linien-2018-2027-2028-2068-2069-2721-und-2722-bauarbeiten-in-duedenbuettel-04-08-30-11-2025-3\/#respond"]}]},{"@type":"WebPage","@id":"https:\/\/kvg-bus.de\/linien-2018-2027-2028-2068-2069-2721-und-2722-bauarbeiten-in-duedenbuettel-04-08-30-11-2025-3\/","url":"https:\/\/kvg-bus.de\/linien-2018-2027-2028-2068-2069-2721-und-2722-bauarbeiten-in-duedenbuettel-04-08-30-11-2025-3\/","name":"Linky 2024, 2037, 2072 a 2075 | Stavebn\u00ed pr\u00e1ce v Drochtersenu: 04.08.2025 \u2013 29.05.2026 - Port\u00e1l KVG Bus","isPartOf":{"@id":"https:\/\/kvg-bus.de\/#website"},"primaryImageOfPage":{"@id":"https:\/\/kvg-bus.de\/linien-2018-2027-2028-2068-2069-2721-und-2722-bauarbeiten-in-duedenbuettel-04-08-30-11-2025-3\/#primaryimage"},"image":{"@id":"https:\/\/kvg-bus.de\/linien-2018-2027-2028-2068-2069-2721-und-2722-bauarbeiten-in-duedenbuettel-04-08-30-11-2025-3\/#primaryimage"},"thumbnailUrl":"https:\/\/kvg-bus.de\/wp-content\/uploads\/sites\/14\/header-subsite_stoerungen.png","datePublished":"2025-08-01T10:28:15+00:00","breadcrumb":{"@id":"https:\/\/kvg-bus.de\/linien-2018-2027-2028-2068-2069-2721-und-2722-bauarbeiten-in-duedenbuettel-04-08-30-11-2025-3\/#breadcrumb"},"inLanguage":"cs","potentialAction":[{"@type":"ReadAction","target":["https:\/\/kvg-bus.de\/linien-2018-2027-2028-2068-2069-2721-und-2722-bauarbeiten-in-duedenbuettel-04-08-30-11-2025-3\/"]}]},{"@type":"ImageObject","inLanguage":"cs","@id":"https:\/\/kvg-bus.de\/linien-2018-2027-2028-2068-2069-2721-und-2722-bauarbeiten-in-duedenbuettel-04-08-30-11-2025-3\/#primaryimage","url":"https:\/\/kvg-bus.de\/wp-content\/uploads\/sites\/14\/header-subsite_stoerungen.png","contentUrl":"https:\/\/kvg-bus.de\/wp-content\/uploads\/sites\/14\/header-subsite_stoerungen.png"},{"@type":"BreadcrumbList","@id":"https:\/\/kvg-bus.de\/linien-2018-2027-2028-2068-2069-2721-und-2722-bauarbeiten-in-duedenbuettel-04-08-30-11-2025-3\/#breadcrumb","itemListElement":[{"@type":"ListItem","position":1,"name":"Startseite","item":"https:\/\/kvg-bus.de\/"},{"@type":"ListItem","position":2,"name":"Linien 2024, 2037, 2072 und 2075 | Bauarbeiten in Drochtersen: 04.08.2025 \u2013 29.05.2026"}]},{"@type":"WebSite","@id":"https:\/\/kvg-bus.de\/#website","url":"https:\/\/kvg-bus.de\/","name":"Str\u00e1nka port\u00e1lu KVG Bus","description":"","publisher":{"@id":"https:\/\/kvg-bus.de\/#organization"},"potentialAction":[{"@type":"SearchAction","target":{"@type":"EntryPoint","urlTemplate":"https:\/\/kvg-bus.de\/?s={search_term_string}"},"query-input":{"@type":"PropertyValueSpecification","valueRequired":true,"valueName":"search_term_string"}}],"inLanguage":"cs"},{"@type":"Organization","@id":"https:\/\/kvg-bus.de\/#organization","name":"Str\u00e1nka port\u00e1lu KVG Bus","url":"https:\/\/kvg-bus.de\/","logo":{"@type":"ImageObject","inLanguage":"cs","@id":"https:\/\/kvg-bus.de\/#\/schema\/logo\/image\/","url":"https:\/\/kvg-bus.de\/wp-content\/uploads\/sites\/14\/kvg_logo-1.svg","contentUrl":"https:\/\/kvg-bus.de\/wp-content\/uploads\/sites\/14\/kvg_logo-1.svg","caption":"KVG Bus Portalseite"},"image":{"@id":"https:\/\/kvg-bus.de\/#\/schema\/logo\/image\/"}},{"@type":"Person","@id":"https:\/\/kvg-bus.de\/#\/schema\/person\/5a5abfab092f868ec7cbe0f59e95749b","name":"mzimmermann","image":{"@type":"ImageObject","inLanguage":"cs","@id":"https:\/\/secure.gravatar.com\/avatar\/0f69d8b83e3b3e54f0b766684bb3fd6649f0081ecdbff759ed4b19e5df68d1e4?s=96&d=mm&r=g","url":"https:\/\/secure.gravatar.com\/avatar\/0f69d8b83e3b3e54f0b766684bb3fd6649f0081ecdbff759ed4b19e5df68d1e4?s=96&d=mm&r=g","contentUrl":"https:\/\/secure.gravatar.com\/avatar\/0f69d8b83e3b3e54f0b766684bb3fd6649f0081ecdbff759ed4b19e5df68d1e4?s=96&d=mm&r=g","caption":"mzimmermann"},"url":"https:\/\/kvg-bus.de\/cs\/author\/mzimmermann\/"}]}},"_links":{"self":[{"href":"https:\/\/kvg-bus.de\/cs\/wp-json\/wp\/v2\/posts\/192","targetHints":{"allow":["GET"]}}],"collection":[{"href":"https:\/\/kvg-bus.de\/cs\/wp-json\/wp\/v2\/posts"}],"about":[{"href":"https:\/\/kvg-bus.de\/cs\/wp-json\/wp\/v2\/types\/post"}],"author":[{"embeddable":true,"href":"https:\/\/kvg-bus.de\/cs\/wp-json\/wp\/v2\/users\/10"}],"replies":[{"embeddable":true,"href":"https:\/\/kvg-bus.de\/cs\/wp-json\/wp\/v2\/comments?post=192"}],"version-history":[{"count":0,"href":"https:\/\/kvg-bus.de\/cs\/wp-json\/wp\/v2\/posts\/192\/revisions"}],"wp:featuredmedia":[{"embeddable":true,"href":"https:\/\/kvg-bus.de\/cs\/wp-json\/"}],"wp:attachment":[{"href":"https:\/\/kvg-bus.de\/cs\/wp-json\/wp\/v2\/media?parent=192"}],"wp:term":[{"taxonomy":"category","embeddable":true,"href":"https:\/\/kvg-bus.de\/cs\/wp-json\/wp\/v2\/categories?post=192"},{"taxonomy":"post_tag","embeddable":true,"href":"https:\/\/kvg-bus.de\/cs\/wp-json\/wp\/v2\/tags?post=192"}],"curies":[{"name":"wp","href":"https:\/\/api.w.org\/{rel}","templated":true}]}}