{"id":513,"date":"2026-03-17T16:07:56","date_gmt":"2026-03-17T15:07:56","guid":{"rendered":"https:\/\/kvg-bus.de\/cebus\/2026\/03\/17\/linien-257-2040-2043-2044-und-2724-bauarbeiten-in-hamburg-cranz-13-10-19-12-2025-und-12-01-22-03-2026-2-3\/"},"modified":"2026-03-20T11:09:07","modified_gmt":"2026-03-20T10:09:07","slug":"linien-257-2040-2043-2044-und-2724-bauarbeiten-in-hamburg-cranz-13-10-19-12-2025-und-12-01-22-03-2026-2-3","status":"publish","type":"post","link":"https:\/\/kvg-bus.de\/cebus\/2026\/03\/17\/linien-257-2040-2043-2044-und-2724-bauarbeiten-in-hamburg-cranz-13-10-19-12-2025-und-12-01-22-03-2026-2-3\/","title":{"rendered":"Linie 2038 | Bauarbeiten in Appel \/ Oldendorf: 30.03. \u2013 02.04.2026"},"content":{"rendered":"<p data-start=\"87\" data-end=\"236\">Vom <strong>30. M\u00e4rz<\/strong>\u00a0bis <strong data-start=\"113\" data-end=\"130\">02. April 2026<\/strong> ist die Stra\u00dfe <strong data-start=\"146\" data-end=\"161\">Am Rethberg<\/strong> zwischen <strong data-start=\"171\" data-end=\"180\">Appel<\/strong> und <strong data-start=\"185\" data-end=\"198\">Oldendorf<\/strong> wegen <strong data-start=\"205\" data-end=\"224\">Stra\u00dfenarbeiten<\/strong> gesperrt.<\/p>\n<p data-start=\"238\" data-end=\"358\">Die <strong data-start=\"242\" data-end=\"271\">Fahrt 1011 der Linie 2038<\/strong> f\u00e4hrt deshalb eine Umleitung \u00fcber <strong data-start=\"306\" data-end=\"328\">An der Kreisstra\u00dfe<\/strong> und die <strong data-start=\"337\" data-end=\"355\">Appeler Stra\u00dfe<\/strong>.<\/p>\n<p data-start=\"360\" data-end=\"479\" data-is-last-node=\"\" data-is-only-node=\"\">\u27a1\ufe0f Die Haltestellen \u201e<strong data-start=\"381\" data-end=\"404\">Appel, Gemeindehaus<\/strong>\u201c und \u201e<strong data-start=\"411\" data-end=\"434\">Oldendorf, Kreuzung<\/strong>\u201c k\u00f6nnen in dieser Zeit nicht bedient werden.<\/p>\n","protected":false},"excerpt":{"rendered":"<p>Vom 30. M\u00e4rz\u00a0bis 02. April 2026 ist die Stra\u00dfe Am Rethberg zwischen Appel und Oldendorf wegen Stra\u00dfenarbeiten gesperrt. Die Fahrt 1011 der Linie 2038 f\u00e4hrt deshalb eine Umleitung \u00fcber An der Kreisstra\u00dfe und die Appeler Stra\u00dfe. \u27a1\ufe0f Die Haltestellen \u201eAppel, Gemeindehaus\u201c und \u201eOldendorf, Kreuzung\u201c k\u00f6nnen in dieser Zeit nicht bedient werden.<\/p>\n","protected":false},"author":10,"featured_media":0,"comment_status":"open","ping_status":"open","sticky":false,"template":"","format":"standard","meta":{"footnotes":""},"categories":[16,53],"tags":[],"class_list":["post-513","post","type-post","status-publish","format-standard","hentry","category-fahrplanabweichungen","category-stade"],"yoast_head":"<!-- This site is optimized with the Yoast SEO plugin v27.4 - https:\/\/yoast.com\/product\/yoast-seo-wordpress\/ -->\n<title>Linie 2038 | Bauarbeiten in Appel \/ Oldendorf: 30.03. \u2013 02.04.2026 - cebus<\/title>\n<meta name=\"robots\" content=\"index, follow, max-snippet:-1, max-image-preview:large, max-video-preview:-1\" \/>\n<link rel=\"canonical\" href=\"https:\/\/kvg-bus.de\/cebus\/2026\/03\/17\/linien-257-2040-2043-2044-und-2724-bauarbeiten-in-hamburg-cranz-13-10-19-12-2025-und-12-01-22-03-2026-2-3\/\" \/>\n<meta property=\"og:locale\" content=\"de_DE\" \/>\n<meta property=\"og:type\" content=\"article\" \/>\n<meta property=\"og:title\" content=\"Linie 2038 | Bauarbeiten in Appel \/ Oldendorf: 30.03. \u2013 02.04.2026 - cebus\" \/>\n<meta property=\"og:description\" content=\"Vom 30. M\u00e4rz\u00a0bis 02. April 2026 ist die Stra\u00dfe Am Rethberg zwischen Appel und Oldendorf wegen Stra\u00dfenarbeiten gesperrt. Die Fahrt 1011 der Linie 2038 f\u00e4hrt deshalb eine Umleitung \u00fcber An der Kreisstra\u00dfe und die Appeler Stra\u00dfe. \u27a1\ufe0f Die Haltestellen \u201eAppel, Gemeindehaus\u201c und \u201eOldendorf, Kreuzung\u201c k\u00f6nnen in dieser Zeit nicht bedient werden.\" \/>\n<meta property=\"og:url\" content=\"https:\/\/kvg-bus.de\/cebus\/2026\/03\/17\/linien-257-2040-2043-2044-und-2724-bauarbeiten-in-hamburg-cranz-13-10-19-12-2025-und-12-01-22-03-2026-2-3\/\" \/>\n<meta property=\"og:site_name\" content=\"cebus\" \/>\n<meta property=\"article:published_time\" content=\"2026-03-17T15:07:56+00:00\" \/>\n<meta property=\"article:modified_time\" content=\"2026-03-20T10:09:07+00:00\" \/>\n<meta name=\"author\" content=\"mzimmermann\" \/>\n<meta name=\"twitter:card\" content=\"summary_large_image\" \/>\n<meta name=\"twitter:label1\" content=\"Verfasst von\" \/>\n\t<meta name=\"twitter:data1\" content=\"mzimmermann\" \/>\n<script type=\"application\/ld+json\" class=\"yoast-schema-graph\">{\"@context\":\"https:\\\/\\\/schema.org\",\"@graph\":[{\"@type\":\"Article\",\"@id\":\"https:\\\/\\\/kvg-bus.de\\\/cebus\\\/2026\\\/03\\\/17\\\/linien-257-2040-2043-2044-und-2724-bauarbeiten-in-hamburg-cranz-13-10-19-12-2025-und-12-01-22-03-2026-2-3\\\/#article\",\"isPartOf\":{\"@id\":\"https:\\\/\\\/kvg-bus.de\\\/cebus\\\/2026\\\/03\\\/17\\\/linien-257-2040-2043-2044-und-2724-bauarbeiten-in-hamburg-cranz-13-10-19-12-2025-und-12-01-22-03-2026-2-3\\\/\"},\"author\":{\"name\":\"mzimmermann\",\"@id\":\"https:\\\/\\\/kvg-bus.de\\\/cebus\\\/#\\\/schema\\\/person\\\/5a5abfab092f868ec7cbe0f59e95749b\"},\"headline\":\"Linie 2038 | Bauarbeiten in Appel \\\/ Oldendorf: 30.03. \u2013 02.04.2026\",\"datePublished\":\"2026-03-17T15:07:56+00:00\",\"dateModified\":\"2026-03-20T10:09:07+00:00\",\"mainEntityOfPage\":{\"@id\":\"https:\\\/\\\/kvg-bus.de\\\/cebus\\\/2026\\\/03\\\/17\\\/linien-257-2040-2043-2044-und-2724-bauarbeiten-in-hamburg-cranz-13-10-19-12-2025-und-12-01-22-03-2026-2-3\\\/\"},\"wordCount\":58,\"commentCount\":0,\"articleSection\":[\"Fahrplanabweichungen\",\"Stade\"],\"inLanguage\":\"de\",\"potentialAction\":[{\"@type\":\"CommentAction\",\"name\":\"Comment\",\"target\":[\"https:\\\/\\\/kvg-bus.de\\\/cebus\\\/2026\\\/03\\\/17\\\/linien-257-2040-2043-2044-und-2724-bauarbeiten-in-hamburg-cranz-13-10-19-12-2025-und-12-01-22-03-2026-2-3\\\/#respond\"]}]},{\"@type\":\"WebPage\",\"@id\":\"https:\\\/\\\/kvg-bus.de\\\/cebus\\\/2026\\\/03\\\/17\\\/linien-257-2040-2043-2044-und-2724-bauarbeiten-in-hamburg-cranz-13-10-19-12-2025-und-12-01-22-03-2026-2-3\\\/\",\"url\":\"https:\\\/\\\/kvg-bus.de\\\/cebus\\\/2026\\\/03\\\/17\\\/linien-257-2040-2043-2044-und-2724-bauarbeiten-in-hamburg-cranz-13-10-19-12-2025-und-12-01-22-03-2026-2-3\\\/\",\"name\":\"Linie 2038 | Bauarbeiten in Appel \\\/ Oldendorf: 30.03. \u2013 02.04.2026 - cebus\",\"isPartOf\":{\"@id\":\"https:\\\/\\\/kvg-bus.de\\\/cebus\\\/#website\"},\"datePublished\":\"2026-03-17T15:07:56+00:00\",\"dateModified\":\"2026-03-20T10:09:07+00:00\",\"author\":{\"@id\":\"https:\\\/\\\/kvg-bus.de\\\/cebus\\\/#\\\/schema\\\/person\\\/5a5abfab092f868ec7cbe0f59e95749b\"},\"breadcrumb\":{\"@id\":\"https:\\\/\\\/kvg-bus.de\\\/cebus\\\/2026\\\/03\\\/17\\\/linien-257-2040-2043-2044-und-2724-bauarbeiten-in-hamburg-cranz-13-10-19-12-2025-und-12-01-22-03-2026-2-3\\\/#breadcrumb\"},\"inLanguage\":\"de\",\"potentialAction\":[{\"@type\":\"ReadAction\",\"target\":[\"https:\\\/\\\/kvg-bus.de\\\/cebus\\\/2026\\\/03\\\/17\\\/linien-257-2040-2043-2044-und-2724-bauarbeiten-in-hamburg-cranz-13-10-19-12-2025-und-12-01-22-03-2026-2-3\\\/\"]}]},{\"@type\":\"BreadcrumbList\",\"@id\":\"https:\\\/\\\/kvg-bus.de\\\/cebus\\\/2026\\\/03\\\/17\\\/linien-257-2040-2043-2044-und-2724-bauarbeiten-in-hamburg-cranz-13-10-19-12-2025-und-12-01-22-03-2026-2-3\\\/#breadcrumb\",\"itemListElement\":[{\"@type\":\"ListItem\",\"position\":1,\"name\":\"Startseite\",\"item\":\"https:\\\/\\\/kvg-bus.de\\\/cebus\\\/\"},{\"@type\":\"ListItem\",\"position\":2,\"name\":\"Linie 2038 | Bauarbeiten in Appel \\\/ Oldendorf: 23.03. \u2013 29.03.2026\"}]},{\"@type\":\"WebSite\",\"@id\":\"https:\\\/\\\/kvg-bus.de\\\/cebus\\\/#website\",\"url\":\"https:\\\/\\\/kvg-bus.de\\\/cebus\\\/\",\"name\":\"cebus\",\"description\":\"\",\"potentialAction\":[{\"@type\":\"SearchAction\",\"target\":{\"@type\":\"EntryPoint\",\"urlTemplate\":\"https:\\\/\\\/kvg-bus.de\\\/cebus\\\/?s={search_term_string}\"},\"query-input\":{\"@type\":\"PropertyValueSpecification\",\"valueRequired\":true,\"valueName\":\"search_term_string\"}}],\"inLanguage\":\"de\"},{\"@type\":\"Person\",\"@id\":\"https:\\\/\\\/kvg-bus.de\\\/cebus\\\/#\\\/schema\\\/person\\\/5a5abfab092f868ec7cbe0f59e95749b\",\"name\":\"mzimmermann\",\"image\":{\"@type\":\"ImageObject\",\"inLanguage\":\"de\",\"@id\":\"https:\\\/\\\/secure.gravatar.com\\\/avatar\\\/0f69d8b83e3b3e54f0b766684bb3fd6649f0081ecdbff759ed4b19e5df68d1e4?s=96&d=mm&r=g\",\"url\":\"https:\\\/\\\/secure.gravatar.com\\\/avatar\\\/0f69d8b83e3b3e54f0b766684bb3fd6649f0081ecdbff759ed4b19e5df68d1e4?s=96&d=mm&r=g\",\"contentUrl\":\"https:\\\/\\\/secure.gravatar.com\\\/avatar\\\/0f69d8b83e3b3e54f0b766684bb3fd6649f0081ecdbff759ed4b19e5df68d1e4?s=96&d=mm&r=g\",\"caption\":\"mzimmermann\"},\"url\":\"https:\\\/\\\/kvg-bus.de\\\/cebus\\\/author\\\/mzimmermann\\\/\"}]}<\/script>\n<!-- \/ Yoast SEO plugin. -->","yoast_head_json":{"title":"Linie 2038 | Bauarbeiten in Appel \/ Oldendorf: 30.03. \u2013 02.04.2026 - cebus","robots":{"index":"index","follow":"follow","max-snippet":"max-snippet:-1","max-image-preview":"max-image-preview:large","max-video-preview":"max-video-preview:-1"},"canonical":"https:\/\/kvg-bus.de\/cebus\/2026\/03\/17\/linien-257-2040-2043-2044-und-2724-bauarbeiten-in-hamburg-cranz-13-10-19-12-2025-und-12-01-22-03-2026-2-3\/","og_locale":"de_DE","og_type":"article","og_title":"Linie 2038 | Bauarbeiten in Appel \/ Oldendorf: 30.03. \u2013 02.04.2026 - cebus","og_description":"Vom 30. M\u00e4rz\u00a0bis 02. April 2026 ist die Stra\u00dfe Am Rethberg zwischen Appel und Oldendorf wegen Stra\u00dfenarbeiten gesperrt. Die Fahrt 1011 der Linie 2038 f\u00e4hrt deshalb eine Umleitung \u00fcber An der Kreisstra\u00dfe und die Appeler Stra\u00dfe. \u27a1\ufe0f Die Haltestellen \u201eAppel, Gemeindehaus\u201c und \u201eOldendorf, Kreuzung\u201c k\u00f6nnen in dieser Zeit nicht bedient werden.","og_url":"https:\/\/kvg-bus.de\/cebus\/2026\/03\/17\/linien-257-2040-2043-2044-und-2724-bauarbeiten-in-hamburg-cranz-13-10-19-12-2025-und-12-01-22-03-2026-2-3\/","og_site_name":"cebus","article_published_time":"2026-03-17T15:07:56+00:00","article_modified_time":"2026-03-20T10:09:07+00:00","author":"mzimmermann","twitter_card":"summary_large_image","twitter_misc":{"Verfasst von":"mzimmermann"},"schema":{"@context":"https:\/\/schema.org","@graph":[{"@type":"Article","@id":"https:\/\/kvg-bus.de\/cebus\/2026\/03\/17\/linien-257-2040-2043-2044-und-2724-bauarbeiten-in-hamburg-cranz-13-10-19-12-2025-und-12-01-22-03-2026-2-3\/#article","isPartOf":{"@id":"https:\/\/kvg-bus.de\/cebus\/2026\/03\/17\/linien-257-2040-2043-2044-und-2724-bauarbeiten-in-hamburg-cranz-13-10-19-12-2025-und-12-01-22-03-2026-2-3\/"},"author":{"name":"mzimmermann","@id":"https:\/\/kvg-bus.de\/cebus\/#\/schema\/person\/5a5abfab092f868ec7cbe0f59e95749b"},"headline":"Linie 2038 | Bauarbeiten in Appel \/ Oldendorf: 30.03. \u2013 02.04.2026","datePublished":"2026-03-17T15:07:56+00:00","dateModified":"2026-03-20T10:09:07+00:00","mainEntityOfPage":{"@id":"https:\/\/kvg-bus.de\/cebus\/2026\/03\/17\/linien-257-2040-2043-2044-und-2724-bauarbeiten-in-hamburg-cranz-13-10-19-12-2025-und-12-01-22-03-2026-2-3\/"},"wordCount":58,"commentCount":0,"articleSection":["Fahrplanabweichungen","Stade"],"inLanguage":"de","potentialAction":[{"@type":"CommentAction","name":"Comment","target":["https:\/\/kvg-bus.de\/cebus\/2026\/03\/17\/linien-257-2040-2043-2044-und-2724-bauarbeiten-in-hamburg-cranz-13-10-19-12-2025-und-12-01-22-03-2026-2-3\/#respond"]}]},{"@type":"WebPage","@id":"https:\/\/kvg-bus.de\/cebus\/2026\/03\/17\/linien-257-2040-2043-2044-und-2724-bauarbeiten-in-hamburg-cranz-13-10-19-12-2025-und-12-01-22-03-2026-2-3\/","url":"https:\/\/kvg-bus.de\/cebus\/2026\/03\/17\/linien-257-2040-2043-2044-und-2724-bauarbeiten-in-hamburg-cranz-13-10-19-12-2025-und-12-01-22-03-2026-2-3\/","name":"Linie 2038 | Bauarbeiten in Appel \/ Oldendorf: 30.03. \u2013 02.04.2026 - cebus","isPartOf":{"@id":"https:\/\/kvg-bus.de\/cebus\/#website"},"datePublished":"2026-03-17T15:07:56+00:00","dateModified":"2026-03-20T10:09:07+00:00","author":{"@id":"https:\/\/kvg-bus.de\/cebus\/#\/schema\/person\/5a5abfab092f868ec7cbe0f59e95749b"},"breadcrumb":{"@id":"https:\/\/kvg-bus.de\/cebus\/2026\/03\/17\/linien-257-2040-2043-2044-und-2724-bauarbeiten-in-hamburg-cranz-13-10-19-12-2025-und-12-01-22-03-2026-2-3\/#breadcrumb"},"inLanguage":"de","potentialAction":[{"@type":"ReadAction","target":["https:\/\/kvg-bus.de\/cebus\/2026\/03\/17\/linien-257-2040-2043-2044-und-2724-bauarbeiten-in-hamburg-cranz-13-10-19-12-2025-und-12-01-22-03-2026-2-3\/"]}]},{"@type":"BreadcrumbList","@id":"https:\/\/kvg-bus.de\/cebus\/2026\/03\/17\/linien-257-2040-2043-2044-und-2724-bauarbeiten-in-hamburg-cranz-13-10-19-12-2025-und-12-01-22-03-2026-2-3\/#breadcrumb","itemListElement":[{"@type":"ListItem","position":1,"name":"Startseite","item":"https:\/\/kvg-bus.de\/cebus\/"},{"@type":"ListItem","position":2,"name":"Linie 2038 | Bauarbeiten in Appel \/ Oldendorf: 23.03. \u2013 29.03.2026"}]},{"@type":"WebSite","@id":"https:\/\/kvg-bus.de\/cebus\/#website","url":"https:\/\/kvg-bus.de\/cebus\/","name":"cebus","description":"","potentialAction":[{"@type":"SearchAction","target":{"@type":"EntryPoint","urlTemplate":"https:\/\/kvg-bus.de\/cebus\/?s={search_term_string}"},"query-input":{"@type":"PropertyValueSpecification","valueRequired":true,"valueName":"search_term_string"}}],"inLanguage":"de"},{"@type":"Person","@id":"https:\/\/kvg-bus.de\/cebus\/#\/schema\/person\/5a5abfab092f868ec7cbe0f59e95749b","name":"mzimmermann","image":{"@type":"ImageObject","inLanguage":"de","@id":"https:\/\/secure.gravatar.com\/avatar\/0f69d8b83e3b3e54f0b766684bb3fd6649f0081ecdbff759ed4b19e5df68d1e4?s=96&d=mm&r=g","url":"https:\/\/secure.gravatar.com\/avatar\/0f69d8b83e3b3e54f0b766684bb3fd6649f0081ecdbff759ed4b19e5df68d1e4?s=96&d=mm&r=g","contentUrl":"https:\/\/secure.gravatar.com\/avatar\/0f69d8b83e3b3e54f0b766684bb3fd6649f0081ecdbff759ed4b19e5df68d1e4?s=96&d=mm&r=g","caption":"mzimmermann"},"url":"https:\/\/kvg-bus.de\/cebus\/author\/mzimmermann\/"}]}},"_links":{"self":[{"href":"https:\/\/kvg-bus.de\/cebus\/wp-json\/wp\/v2\/posts\/513","targetHints":{"allow":["GET"]}}],"collection":[{"href":"https:\/\/kvg-bus.de\/cebus\/wp-json\/wp\/v2\/posts"}],"about":[{"href":"https:\/\/kvg-bus.de\/cebus\/wp-json\/wp\/v2\/types\/post"}],"author":[{"embeddable":true,"href":"https:\/\/kvg-bus.de\/cebus\/wp-json\/wp\/v2\/users\/10"}],"replies":[{"embeddable":true,"href":"https:\/\/kvg-bus.de\/cebus\/wp-json\/wp\/v2\/comments?post=513"}],"version-history":[{"count":0,"href":"https:\/\/kvg-bus.de\/cebus\/wp-json\/wp\/v2\/posts\/513\/revisions"}],"wp:attachment":[{"href":"https:\/\/kvg-bus.de\/cebus\/wp-json\/wp\/v2\/media?parent=513"}],"wp:term":[{"taxonomy":"category","embeddable":true,"href":"https:\/\/kvg-bus.de\/cebus\/wp-json\/wp\/v2\/categories?post=513"},{"taxonomy":"post_tag","embeddable":true,"href":"https:\/\/kvg-bus.de\/cebus\/wp-json\/wp\/v2\/tags?post=513"}],"curies":[{"name":"wp","href":"https:\/\/api.w.org\/{rel}","templated":true}]}}