{"id":503,"date":"2026-03-06T10:56:14","date_gmt":"2026-03-06T09:56:14","guid":{"rendered":"https:\/\/kvg-bus.de\/cebus\/2026\/03\/06\/linien-2051-2052-und-2054-bauarbeiten-in-hollern-twielenfleth-16-03-26-06-2026-7\/"},"modified":"2026-03-10T16:34:26","modified_gmt":"2026-03-10T15:34:26","slug":"linien-2051-2052-und-2054-bauarbeiten-in-hollern-twielenfleth-16-03-26-06-2026-7","status":"publish","type":"post","link":"https:\/\/kvg-bus.de\/cebus\/2026\/03\/06\/linien-2051-2052-und-2054-bauarbeiten-in-hollern-twielenfleth-16-03-26-06-2026-7\/","title":{"rendered":"Linien 2030, 2035, 2036, 2038, 2040, 2102, 2103, 2105, 2650, 2723 und 2725 | Bauarbeiten in Buxtehude: 26.03. \u2013 28.03.2026"},"content":{"rendered":"<p data-start=\"130\" data-end=\"253\">Vom <strong data-start=\"134\" data-end=\"151\">26. M\u00e4rz 2026<\/strong> bis <strong data-start=\"156\" data-end=\"173\">28. M\u00e4rz 2026<\/strong> ist die <strong data-start=\"182\" data-end=\"200\">Bleicherstra\u00dfe<\/strong> in <strong data-start=\"204\" data-end=\"217\">Buxtehude<\/strong> wegen <strong data-start=\"224\" data-end=\"241\">Kanalarbeiten<\/strong> gesperrt.<\/p>\n<p data-start=\"255\" data-end=\"375\">Die genannten Linien fahren deshalb eine Umleitung \u00fcber <strong data-start=\"311\" data-end=\"326\">Viverstra\u00dfe<\/strong>, <strong data-start=\"328\" data-end=\"343\">Am Geesttor<\/strong> und <strong data-start=\"348\" data-end=\"372\">Zwischen den Br\u00fccken<\/strong>.<\/p>\n<p data-start=\"377\" data-end=\"532\" data-is-last-node=\"\" data-is-only-node=\"\">\u27a1\ufe0f Am <strong data-start=\"383\" data-end=\"400\">ZOB Buxtehude<\/strong> k\u00f6nnen die <strong data-start=\"412\" data-end=\"438\">Abfahrbereiche 6 und 7<\/strong> in dieser Zeit nicht bedient werden.<br data-start=\"475\" data-end=\"478\" \/>Bitte nutz stattdessen die <strong data-start=\"505\" data-end=\"531\">Abfahrbereiche 2 und 4<\/strong>.<\/p>\n","protected":false},"excerpt":{"rendered":"<p>Vom 26. M\u00e4rz 2026 bis 28. M\u00e4rz 2026 ist die Bleicherstra\u00dfe in Buxtehude wegen Kanalarbeiten gesperrt. Die genannten Linien fahren deshalb eine Umleitung \u00fcber Viverstra\u00dfe, Am Geesttor und Zwischen den Br\u00fccken. \u27a1\ufe0f Am ZOB Buxtehude k\u00f6nnen die Abfahrbereiche 6 und 7 in dieser Zeit nicht bedient werden.Bitte nutz stattdessen die Abfahrbereiche 2 und 4.<\/p>\n","protected":false},"author":10,"featured_media":0,"comment_status":"open","ping_status":"open","sticky":false,"template":"","format":"standard","meta":{"footnotes":""},"categories":[16,53],"tags":[],"class_list":["post-503","post","type-post","status-publish","format-standard","hentry","category-fahrplanabweichungen","category-stade"],"yoast_head":"<!-- This site is optimized with the Yoast SEO plugin v27.4 - https:\/\/yoast.com\/product\/yoast-seo-wordpress\/ -->\n<title>Linien 2030, 2035, 2036, 2038, 2040, 2102, 2103, 2105, 2650, 2723 und 2725 | Bauarbeiten in Buxtehude: 26.03. \u2013 28.03.2026 - cebus<\/title>\n<meta name=\"robots\" content=\"index, follow, max-snippet:-1, max-image-preview:large, max-video-preview:-1\" \/>\n<link rel=\"canonical\" href=\"https:\/\/kvg-bus.de\/cebus\/2026\/03\/06\/linien-2051-2052-und-2054-bauarbeiten-in-hollern-twielenfleth-16-03-26-06-2026-7\/\" \/>\n<meta property=\"og:locale\" content=\"de_DE\" \/>\n<meta property=\"og:type\" content=\"article\" \/>\n<meta property=\"og:title\" content=\"Linien 2030, 2035, 2036, 2038, 2040, 2102, 2103, 2105, 2650, 2723 und 2725 | Bauarbeiten in Buxtehude: 26.03. \u2013 28.03.2026 - cebus\" \/>\n<meta property=\"og:description\" content=\"Vom 26. M\u00e4rz 2026 bis 28. M\u00e4rz 2026 ist die Bleicherstra\u00dfe in Buxtehude wegen Kanalarbeiten gesperrt. Die genannten Linien fahren deshalb eine Umleitung \u00fcber Viverstra\u00dfe, Am Geesttor und Zwischen den Br\u00fccken. \u27a1\ufe0f Am ZOB Buxtehude k\u00f6nnen die Abfahrbereiche 6 und 7 in dieser Zeit nicht bedient werden.Bitte nutz stattdessen die Abfahrbereiche 2 und 4.\" \/>\n<meta property=\"og:url\" content=\"https:\/\/kvg-bus.de\/cebus\/2026\/03\/06\/linien-2051-2052-und-2054-bauarbeiten-in-hollern-twielenfleth-16-03-26-06-2026-7\/\" \/>\n<meta property=\"og:site_name\" content=\"cebus\" \/>\n<meta property=\"article:published_time\" content=\"2026-03-06T09:56:14+00:00\" \/>\n<meta property=\"article:modified_time\" content=\"2026-03-10T15:34:26+00:00\" \/>\n<meta name=\"author\" content=\"mzimmermann\" \/>\n<meta name=\"twitter:card\" content=\"summary_large_image\" \/>\n<meta name=\"twitter:label1\" content=\"Verfasst von\" \/>\n\t<meta name=\"twitter:data1\" content=\"mzimmermann\" \/>\n<script type=\"application\/ld+json\" class=\"yoast-schema-graph\">{\"@context\":\"https:\\\/\\\/schema.org\",\"@graph\":[{\"@type\":\"Article\",\"@id\":\"https:\\\/\\\/kvg-bus.de\\\/cebus\\\/2026\\\/03\\\/06\\\/linien-2051-2052-und-2054-bauarbeiten-in-hollern-twielenfleth-16-03-26-06-2026-7\\\/#article\",\"isPartOf\":{\"@id\":\"https:\\\/\\\/kvg-bus.de\\\/cebus\\\/2026\\\/03\\\/06\\\/linien-2051-2052-und-2054-bauarbeiten-in-hollern-twielenfleth-16-03-26-06-2026-7\\\/\"},\"author\":{\"name\":\"mzimmermann\",\"@id\":\"https:\\\/\\\/kvg-bus.de\\\/cebus\\\/#\\\/schema\\\/person\\\/5a5abfab092f868ec7cbe0f59e95749b\"},\"headline\":\"Linien 2030, 2035, 2036, 2038, 2040, 2102, 2103, 2105, 2650, 2723 und 2725 | Bauarbeiten in Buxtehude: 26.03. \u2013 28.03.2026\",\"datePublished\":\"2026-03-06T09:56:14+00:00\",\"dateModified\":\"2026-03-10T15:34:26+00:00\",\"mainEntityOfPage\":{\"@id\":\"https:\\\/\\\/kvg-bus.de\\\/cebus\\\/2026\\\/03\\\/06\\\/linien-2051-2052-und-2054-bauarbeiten-in-hollern-twielenfleth-16-03-26-06-2026-7\\\/\"},\"wordCount\":57,\"commentCount\":0,\"articleSection\":[\"Fahrplanabweichungen\",\"Stade\"],\"inLanguage\":\"de\",\"potentialAction\":[{\"@type\":\"CommentAction\",\"name\":\"Comment\",\"target\":[\"https:\\\/\\\/kvg-bus.de\\\/cebus\\\/2026\\\/03\\\/06\\\/linien-2051-2052-und-2054-bauarbeiten-in-hollern-twielenfleth-16-03-26-06-2026-7\\\/#respond\"]}]},{\"@type\":\"WebPage\",\"@id\":\"https:\\\/\\\/kvg-bus.de\\\/cebus\\\/2026\\\/03\\\/06\\\/linien-2051-2052-und-2054-bauarbeiten-in-hollern-twielenfleth-16-03-26-06-2026-7\\\/\",\"url\":\"https:\\\/\\\/kvg-bus.de\\\/cebus\\\/2026\\\/03\\\/06\\\/linien-2051-2052-und-2054-bauarbeiten-in-hollern-twielenfleth-16-03-26-06-2026-7\\\/\",\"name\":\"Linien 2030, 2035, 2036, 2038, 2040, 2102, 2103, 2105, 2650, 2723 und 2725 | Bauarbeiten in Buxtehude: 26.03. \u2013 28.03.2026 - cebus\",\"isPartOf\":{\"@id\":\"https:\\\/\\\/kvg-bus.de\\\/cebus\\\/#website\"},\"datePublished\":\"2026-03-06T09:56:14+00:00\",\"dateModified\":\"2026-03-10T15:34:26+00:00\",\"author\":{\"@id\":\"https:\\\/\\\/kvg-bus.de\\\/cebus\\\/#\\\/schema\\\/person\\\/5a5abfab092f868ec7cbe0f59e95749b\"},\"breadcrumb\":{\"@id\":\"https:\\\/\\\/kvg-bus.de\\\/cebus\\\/2026\\\/03\\\/06\\\/linien-2051-2052-und-2054-bauarbeiten-in-hollern-twielenfleth-16-03-26-06-2026-7\\\/#breadcrumb\"},\"inLanguage\":\"de\",\"potentialAction\":[{\"@type\":\"ReadAction\",\"target\":[\"https:\\\/\\\/kvg-bus.de\\\/cebus\\\/2026\\\/03\\\/06\\\/linien-2051-2052-und-2054-bauarbeiten-in-hollern-twielenfleth-16-03-26-06-2026-7\\\/\"]}]},{\"@type\":\"BreadcrumbList\",\"@id\":\"https:\\\/\\\/kvg-bus.de\\\/cebus\\\/2026\\\/03\\\/06\\\/linien-2051-2052-und-2054-bauarbeiten-in-hollern-twielenfleth-16-03-26-06-2026-7\\\/#breadcrumb\",\"itemListElement\":[{\"@type\":\"ListItem\",\"position\":1,\"name\":\"Startseite\",\"item\":\"https:\\\/\\\/kvg-bus.de\\\/cebus\\\/\"},{\"@type\":\"ListItem\",\"position\":2,\"name\":\"Linien 2030, 2035, 2036, 2038, 2040, 2102, 2103, 2105, 2650, 2723 und 2725 | Bauarbeiten in Buxtehude: 25.03. \u2013 26.03.2026\"}]},{\"@type\":\"WebSite\",\"@id\":\"https:\\\/\\\/kvg-bus.de\\\/cebus\\\/#website\",\"url\":\"https:\\\/\\\/kvg-bus.de\\\/cebus\\\/\",\"name\":\"cebus\",\"description\":\"\",\"potentialAction\":[{\"@type\":\"SearchAction\",\"target\":{\"@type\":\"EntryPoint\",\"urlTemplate\":\"https:\\\/\\\/kvg-bus.de\\\/cebus\\\/?s={search_term_string}\"},\"query-input\":{\"@type\":\"PropertyValueSpecification\",\"valueRequired\":true,\"valueName\":\"search_term_string\"}}],\"inLanguage\":\"de\"},{\"@type\":\"Person\",\"@id\":\"https:\\\/\\\/kvg-bus.de\\\/cebus\\\/#\\\/schema\\\/person\\\/5a5abfab092f868ec7cbe0f59e95749b\",\"name\":\"mzimmermann\",\"image\":{\"@type\":\"ImageObject\",\"inLanguage\":\"de\",\"@id\":\"https:\\\/\\\/secure.gravatar.com\\\/avatar\\\/0f69d8b83e3b3e54f0b766684bb3fd6649f0081ecdbff759ed4b19e5df68d1e4?s=96&d=mm&r=g\",\"url\":\"https:\\\/\\\/secure.gravatar.com\\\/avatar\\\/0f69d8b83e3b3e54f0b766684bb3fd6649f0081ecdbff759ed4b19e5df68d1e4?s=96&d=mm&r=g\",\"contentUrl\":\"https:\\\/\\\/secure.gravatar.com\\\/avatar\\\/0f69d8b83e3b3e54f0b766684bb3fd6649f0081ecdbff759ed4b19e5df68d1e4?s=96&d=mm&r=g\",\"caption\":\"mzimmermann\"},\"url\":\"https:\\\/\\\/kvg-bus.de\\\/cebus\\\/author\\\/mzimmermann\\\/\"}]}<\/script>\n<!-- \/ Yoast SEO plugin. -->","yoast_head_json":{"title":"Linien 2030, 2035, 2036, 2038, 2040, 2102, 2103, 2105, 2650, 2723 und 2725 | Bauarbeiten in Buxtehude: 26.03. \u2013 28.03.2026 - cebus","robots":{"index":"index","follow":"follow","max-snippet":"max-snippet:-1","max-image-preview":"max-image-preview:large","max-video-preview":"max-video-preview:-1"},"canonical":"https:\/\/kvg-bus.de\/cebus\/2026\/03\/06\/linien-2051-2052-und-2054-bauarbeiten-in-hollern-twielenfleth-16-03-26-06-2026-7\/","og_locale":"de_DE","og_type":"article","og_title":"Linien 2030, 2035, 2036, 2038, 2040, 2102, 2103, 2105, 2650, 2723 und 2725 | Bauarbeiten in Buxtehude: 26.03. \u2013 28.03.2026 - cebus","og_description":"Vom 26. M\u00e4rz 2026 bis 28. M\u00e4rz 2026 ist die Bleicherstra\u00dfe in Buxtehude wegen Kanalarbeiten gesperrt. Die genannten Linien fahren deshalb eine Umleitung \u00fcber Viverstra\u00dfe, Am Geesttor und Zwischen den Br\u00fccken. \u27a1\ufe0f Am ZOB Buxtehude k\u00f6nnen die Abfahrbereiche 6 und 7 in dieser Zeit nicht bedient werden.Bitte nutz stattdessen die Abfahrbereiche 2 und 4.","og_url":"https:\/\/kvg-bus.de\/cebus\/2026\/03\/06\/linien-2051-2052-und-2054-bauarbeiten-in-hollern-twielenfleth-16-03-26-06-2026-7\/","og_site_name":"cebus","article_published_time":"2026-03-06T09:56:14+00:00","article_modified_time":"2026-03-10T15:34:26+00:00","author":"mzimmermann","twitter_card":"summary_large_image","twitter_misc":{"Verfasst von":"mzimmermann"},"schema":{"@context":"https:\/\/schema.org","@graph":[{"@type":"Article","@id":"https:\/\/kvg-bus.de\/cebus\/2026\/03\/06\/linien-2051-2052-und-2054-bauarbeiten-in-hollern-twielenfleth-16-03-26-06-2026-7\/#article","isPartOf":{"@id":"https:\/\/kvg-bus.de\/cebus\/2026\/03\/06\/linien-2051-2052-und-2054-bauarbeiten-in-hollern-twielenfleth-16-03-26-06-2026-7\/"},"author":{"name":"mzimmermann","@id":"https:\/\/kvg-bus.de\/cebus\/#\/schema\/person\/5a5abfab092f868ec7cbe0f59e95749b"},"headline":"Linien 2030, 2035, 2036, 2038, 2040, 2102, 2103, 2105, 2650, 2723 und 2725 | Bauarbeiten in Buxtehude: 26.03. \u2013 28.03.2026","datePublished":"2026-03-06T09:56:14+00:00","dateModified":"2026-03-10T15:34:26+00:00","mainEntityOfPage":{"@id":"https:\/\/kvg-bus.de\/cebus\/2026\/03\/06\/linien-2051-2052-und-2054-bauarbeiten-in-hollern-twielenfleth-16-03-26-06-2026-7\/"},"wordCount":57,"commentCount":0,"articleSection":["Fahrplanabweichungen","Stade"],"inLanguage":"de","potentialAction":[{"@type":"CommentAction","name":"Comment","target":["https:\/\/kvg-bus.de\/cebus\/2026\/03\/06\/linien-2051-2052-und-2054-bauarbeiten-in-hollern-twielenfleth-16-03-26-06-2026-7\/#respond"]}]},{"@type":"WebPage","@id":"https:\/\/kvg-bus.de\/cebus\/2026\/03\/06\/linien-2051-2052-und-2054-bauarbeiten-in-hollern-twielenfleth-16-03-26-06-2026-7\/","url":"https:\/\/kvg-bus.de\/cebus\/2026\/03\/06\/linien-2051-2052-und-2054-bauarbeiten-in-hollern-twielenfleth-16-03-26-06-2026-7\/","name":"Linien 2030, 2035, 2036, 2038, 2040, 2102, 2103, 2105, 2650, 2723 und 2725 | Bauarbeiten in Buxtehude: 26.03. \u2013 28.03.2026 - cebus","isPartOf":{"@id":"https:\/\/kvg-bus.de\/cebus\/#website"},"datePublished":"2026-03-06T09:56:14+00:00","dateModified":"2026-03-10T15:34:26+00:00","author":{"@id":"https:\/\/kvg-bus.de\/cebus\/#\/schema\/person\/5a5abfab092f868ec7cbe0f59e95749b"},"breadcrumb":{"@id":"https:\/\/kvg-bus.de\/cebus\/2026\/03\/06\/linien-2051-2052-und-2054-bauarbeiten-in-hollern-twielenfleth-16-03-26-06-2026-7\/#breadcrumb"},"inLanguage":"de","potentialAction":[{"@type":"ReadAction","target":["https:\/\/kvg-bus.de\/cebus\/2026\/03\/06\/linien-2051-2052-und-2054-bauarbeiten-in-hollern-twielenfleth-16-03-26-06-2026-7\/"]}]},{"@type":"BreadcrumbList","@id":"https:\/\/kvg-bus.de\/cebus\/2026\/03\/06\/linien-2051-2052-und-2054-bauarbeiten-in-hollern-twielenfleth-16-03-26-06-2026-7\/#breadcrumb","itemListElement":[{"@type":"ListItem","position":1,"name":"Startseite","item":"https:\/\/kvg-bus.de\/cebus\/"},{"@type":"ListItem","position":2,"name":"Linien 2030, 2035, 2036, 2038, 2040, 2102, 2103, 2105, 2650, 2723 und 2725 | Bauarbeiten in Buxtehude: 25.03. \u2013 26.03.2026"}]},{"@type":"WebSite","@id":"https:\/\/kvg-bus.de\/cebus\/#website","url":"https:\/\/kvg-bus.de\/cebus\/","name":"cebus","description":"","potentialAction":[{"@type":"SearchAction","target":{"@type":"EntryPoint","urlTemplate":"https:\/\/kvg-bus.de\/cebus\/?s={search_term_string}"},"query-input":{"@type":"PropertyValueSpecification","valueRequired":true,"valueName":"search_term_string"}}],"inLanguage":"de"},{"@type":"Person","@id":"https:\/\/kvg-bus.de\/cebus\/#\/schema\/person\/5a5abfab092f868ec7cbe0f59e95749b","name":"mzimmermann","image":{"@type":"ImageObject","inLanguage":"de","@id":"https:\/\/secure.gravatar.com\/avatar\/0f69d8b83e3b3e54f0b766684bb3fd6649f0081ecdbff759ed4b19e5df68d1e4?s=96&d=mm&r=g","url":"https:\/\/secure.gravatar.com\/avatar\/0f69d8b83e3b3e54f0b766684bb3fd6649f0081ecdbff759ed4b19e5df68d1e4?s=96&d=mm&r=g","contentUrl":"https:\/\/secure.gravatar.com\/avatar\/0f69d8b83e3b3e54f0b766684bb3fd6649f0081ecdbff759ed4b19e5df68d1e4?s=96&d=mm&r=g","caption":"mzimmermann"},"url":"https:\/\/kvg-bus.de\/cebus\/author\/mzimmermann\/"}]}},"_links":{"self":[{"href":"https:\/\/kvg-bus.de\/cebus\/wp-json\/wp\/v2\/posts\/503","targetHints":{"allow":["GET"]}}],"collection":[{"href":"https:\/\/kvg-bus.de\/cebus\/wp-json\/wp\/v2\/posts"}],"about":[{"href":"https:\/\/kvg-bus.de\/cebus\/wp-json\/wp\/v2\/types\/post"}],"author":[{"embeddable":true,"href":"https:\/\/kvg-bus.de\/cebus\/wp-json\/wp\/v2\/users\/10"}],"replies":[{"embeddable":true,"href":"https:\/\/kvg-bus.de\/cebus\/wp-json\/wp\/v2\/comments?post=503"}],"version-history":[{"count":0,"href":"https:\/\/kvg-bus.de\/cebus\/wp-json\/wp\/v2\/posts\/503\/revisions"}],"wp:attachment":[{"href":"https:\/\/kvg-bus.de\/cebus\/wp-json\/wp\/v2\/media?parent=503"}],"wp:term":[{"taxonomy":"category","embeddable":true,"href":"https:\/\/kvg-bus.de\/cebus\/wp-json\/wp\/v2\/categories?post=503"},{"taxonomy":"post_tag","embeddable":true,"href":"https:\/\/kvg-bus.de\/cebus\/wp-json\/wp\/v2\/tags?post=503"}],"curies":[{"name":"wp","href":"https:\/\/api.w.org\/{rel}","templated":true}]}}