{"id":484,"date":"2026-01-07T13:14:33","date_gmt":"2026-01-07T12:14:33","guid":{"rendered":"https:\/\/kvg-bus.de\/cebus\/2026\/01\/07\/linien-2007-und-2021-bauarbeiten-in-stade-wiepenkathen-26-01-06-02-2026\/"},"modified":"2026-02-19T11:25:59","modified_gmt":"2026-02-19T10:25:59","slug":"linien-2007-und-2021-bauarbeiten-in-stade-wiepenkathen-26-01-06-02-2026","status":"publish","type":"post","link":"https:\/\/kvg-bus.de\/cebus\/2026\/01\/07\/linien-2007-und-2021-bauarbeiten-in-stade-wiepenkathen-26-01-06-02-2026\/","title":{"rendered":"Linien 2007 und 2021 | Bauarbeiten in Stade-Wiepenkathen: 23.02. \u2013 06.03.2026"},"content":{"rendered":"<p data-start=\"85\" data-end=\"297\">Vom <strong data-start=\"89\" data-end=\"108\">23. Februar 2026<\/strong> bis <strong data-start=\"113\" data-end=\"133\">06. M\u00e4rz 2026<\/strong> ist die Stra\u00dfe <strong data-start=\"149\" data-end=\"165\">Am Steinkamp<\/strong> in <strong data-start=\"169\" data-end=\"191\">Stade-Wiepenkathen<\/strong> wegen <strong data-start=\"198\" data-end=\"213\">Bauarbeiten<\/strong> <strong data-start=\"214\" data-end=\"237\">halbseitig gesperrt<\/strong> und als <strong data-start=\"246\" data-end=\"281\">Einbahnstra\u00dfe in Richtung Hahle<\/strong> eingerichtet.<\/p>\n<p data-start=\"85\" data-end=\"297\">\u27a1\ufe0f Zu der Baustelle gibt es Baustellenfahrpl\u00e4ne \u2013 diese findest du <a href=\"https:\/\/kvg-bus.de\/stade\/fahrplaene\/\">hier<\/a>.<\/p>\n<p data-start=\"299\" data-end=\"446\">Die <strong data-start=\"303\" data-end=\"327\">Linien 2007 und 2021<\/strong> fahren in Richtung <strong data-start=\"347\" data-end=\"363\">Wiepenkathen<\/strong> deshalb eine Umleitung \u00fcber die <strong data-start=\"396\" data-end=\"415\">Bundesstra\u00dfe 73<\/strong> und die <strong data-start=\"424\" data-end=\"443\">Bundesstra\u00dfe 74<\/strong>.<\/p>\n<p data-start=\"448\" data-end=\"614\" data-is-last-node=\"\" data-is-only-node=\"\">\u27a1\ufe0f Die Haltestelle \u201e<strong data-start=\"468\" data-end=\"496\">Wiepenkathen, Am Lohberg<\/strong>\u201c kann in dieser Zeit in Richtung Wiepenkathen nicht bedient werden.<br data-start=\"539\" data-end=\"542\" \/>Bitte nutz stattdessen die Haltestelle \u201e<strong data-start=\"582\" data-end=\"612\" data-is-only-node=\"\">Wiepenkathen, Am Steinkamp<\/strong>\u201c.<\/p>\n","protected":false},"excerpt":{"rendered":"<p>Vom 23. Februar 2026 bis 06. M\u00e4rz 2026 ist die Stra\u00dfe Am Steinkamp in Stade-Wiepenkathen wegen Bauarbeiten halbseitig gesperrt und als Einbahnstra\u00dfe in Richtung Hahle eingerichtet. \u27a1\ufe0f Zu der Baustelle gibt es Baustellenfahrpl\u00e4ne \u2013 diese findest du hier. Die Linien 2007 und 2021 fahren in Richtung Wiepenkathen deshalb eine Umleitung \u00fcber die Bundesstra\u00dfe 73 und die Bundesstra\u00dfe 74. \u27a1\ufe0f Die Haltestelle \u201eWiepenkathen, Am Lohberg\u201c kann in dieser Zeit in Richtung Wiepenkathen nicht bedient werden.Bitte nutz stattdessen die Haltestelle \u201eWiepenkathen, Am Steinkamp\u201c.<\/p>\n","protected":false},"author":10,"featured_media":0,"comment_status":"open","ping_status":"open","sticky":false,"template":"","format":"standard","meta":{"footnotes":""},"categories":[16,53],"tags":[],"class_list":["post-484","post","type-post","status-publish","format-standard","hentry","category-fahrplanabweichungen","category-stade"],"yoast_head":"<!-- This site is optimized with the Yoast SEO plugin v27.4 - https:\/\/yoast.com\/product\/yoast-seo-wordpress\/ -->\n<title>Linien 2007 und 2021 | Bauarbeiten in Stade-Wiepenkathen: 23.02. \u2013 06.03.2026 - cebus<\/title>\n<meta name=\"robots\" content=\"index, follow, max-snippet:-1, max-image-preview:large, max-video-preview:-1\" \/>\n<link rel=\"canonical\" href=\"https:\/\/kvg-bus.de\/cebus\/2026\/01\/07\/linien-2007-und-2021-bauarbeiten-in-stade-wiepenkathen-26-01-06-02-2026\/\" \/>\n<meta property=\"og:locale\" content=\"de_DE\" \/>\n<meta property=\"og:type\" content=\"article\" \/>\n<meta property=\"og:title\" content=\"Linien 2007 und 2021 | Bauarbeiten in Stade-Wiepenkathen: 23.02. \u2013 06.03.2026 - cebus\" \/>\n<meta property=\"og:description\" content=\"Vom 23. Februar 2026 bis 06. M\u00e4rz 2026 ist die Stra\u00dfe Am Steinkamp in Stade-Wiepenkathen wegen Bauarbeiten halbseitig gesperrt und als Einbahnstra\u00dfe in Richtung Hahle eingerichtet. \u27a1\ufe0f Zu der Baustelle gibt es Baustellenfahrpl\u00e4ne \u2013 diese findest du hier. Die Linien 2007 und 2021 fahren in Richtung Wiepenkathen deshalb eine Umleitung \u00fcber die Bundesstra\u00dfe 73 und die Bundesstra\u00dfe 74. \u27a1\ufe0f Die Haltestelle \u201eWiepenkathen, Am Lohberg\u201c kann in dieser Zeit in Richtung Wiepenkathen nicht bedient werden.Bitte nutz stattdessen die Haltestelle \u201eWiepenkathen, Am Steinkamp\u201c.\" \/>\n<meta property=\"og:url\" content=\"https:\/\/kvg-bus.de\/cebus\/2026\/01\/07\/linien-2007-und-2021-bauarbeiten-in-stade-wiepenkathen-26-01-06-02-2026\/\" \/>\n<meta property=\"og:site_name\" content=\"cebus\" \/>\n<meta property=\"article:published_time\" content=\"2026-01-07T12:14:33+00:00\" \/>\n<meta property=\"article:modified_time\" content=\"2026-02-19T10:25:59+00:00\" \/>\n<meta name=\"author\" content=\"mzimmermann\" \/>\n<meta name=\"twitter:card\" content=\"summary_large_image\" \/>\n<meta name=\"twitter:label1\" content=\"Verfasst von\" \/>\n\t<meta name=\"twitter:data1\" content=\"mzimmermann\" \/>\n\t<meta name=\"twitter:label2\" content=\"Gesch\u00e4tzte Lesezeit\" \/>\n\t<meta name=\"twitter:data2\" content=\"1\u00a0Minute\" \/>\n<script type=\"application\/ld+json\" class=\"yoast-schema-graph\">{\"@context\":\"https:\\\/\\\/schema.org\",\"@graph\":[{\"@type\":\"Article\",\"@id\":\"https:\\\/\\\/kvg-bus.de\\\/cebus\\\/2026\\\/01\\\/07\\\/linien-2007-und-2021-bauarbeiten-in-stade-wiepenkathen-26-01-06-02-2026\\\/#article\",\"isPartOf\":{\"@id\":\"https:\\\/\\\/kvg-bus.de\\\/cebus\\\/2026\\\/01\\\/07\\\/linien-2007-und-2021-bauarbeiten-in-stade-wiepenkathen-26-01-06-02-2026\\\/\"},\"author\":{\"name\":\"mzimmermann\",\"@id\":\"https:\\\/\\\/kvg-bus.de\\\/cebus\\\/#\\\/schema\\\/person\\\/5a5abfab092f868ec7cbe0f59e95749b\"},\"headline\":\"Linien 2007 und 2021 | Bauarbeiten in Stade-Wiepenkathen: 23.02. \u2013 06.03.2026\",\"datePublished\":\"2026-01-07T12:14:33+00:00\",\"dateModified\":\"2026-02-19T10:25:59+00:00\",\"mainEntityOfPage\":{\"@id\":\"https:\\\/\\\/kvg-bus.de\\\/cebus\\\/2026\\\/01\\\/07\\\/linien-2007-und-2021-bauarbeiten-in-stade-wiepenkathen-26-01-06-02-2026\\\/\"},\"wordCount\":82,\"commentCount\":0,\"articleSection\":[\"Fahrplanabweichungen\",\"Stade\"],\"inLanguage\":\"de\",\"potentialAction\":[{\"@type\":\"CommentAction\",\"name\":\"Comment\",\"target\":[\"https:\\\/\\\/kvg-bus.de\\\/cebus\\\/2026\\\/01\\\/07\\\/linien-2007-und-2021-bauarbeiten-in-stade-wiepenkathen-26-01-06-02-2026\\\/#respond\"]}]},{\"@type\":\"WebPage\",\"@id\":\"https:\\\/\\\/kvg-bus.de\\\/cebus\\\/2026\\\/01\\\/07\\\/linien-2007-und-2021-bauarbeiten-in-stade-wiepenkathen-26-01-06-02-2026\\\/\",\"url\":\"https:\\\/\\\/kvg-bus.de\\\/cebus\\\/2026\\\/01\\\/07\\\/linien-2007-und-2021-bauarbeiten-in-stade-wiepenkathen-26-01-06-02-2026\\\/\",\"name\":\"Linien 2007 und 2021 | Bauarbeiten in Stade-Wiepenkathen: 23.02. \u2013 06.03.2026 - cebus\",\"isPartOf\":{\"@id\":\"https:\\\/\\\/kvg-bus.de\\\/cebus\\\/#website\"},\"datePublished\":\"2026-01-07T12:14:33+00:00\",\"dateModified\":\"2026-02-19T10:25:59+00:00\",\"author\":{\"@id\":\"https:\\\/\\\/kvg-bus.de\\\/cebus\\\/#\\\/schema\\\/person\\\/5a5abfab092f868ec7cbe0f59e95749b\"},\"breadcrumb\":{\"@id\":\"https:\\\/\\\/kvg-bus.de\\\/cebus\\\/2026\\\/01\\\/07\\\/linien-2007-und-2021-bauarbeiten-in-stade-wiepenkathen-26-01-06-02-2026\\\/#breadcrumb\"},\"inLanguage\":\"de\",\"potentialAction\":[{\"@type\":\"ReadAction\",\"target\":[\"https:\\\/\\\/kvg-bus.de\\\/cebus\\\/2026\\\/01\\\/07\\\/linien-2007-und-2021-bauarbeiten-in-stade-wiepenkathen-26-01-06-02-2026\\\/\"]}]},{\"@type\":\"BreadcrumbList\",\"@id\":\"https:\\\/\\\/kvg-bus.de\\\/cebus\\\/2026\\\/01\\\/07\\\/linien-2007-und-2021-bauarbeiten-in-stade-wiepenkathen-26-01-06-02-2026\\\/#breadcrumb\",\"itemListElement\":[{\"@type\":\"ListItem\",\"position\":1,\"name\":\"Startseite\",\"item\":\"https:\\\/\\\/kvg-bus.de\\\/cebus\\\/\"},{\"@type\":\"ListItem\",\"position\":2,\"name\":\"Linien 2007 und 2021 | Bauarbeiten in Stade-Wiepenkathen: 23.02. \u2013 07.03.2026\"}]},{\"@type\":\"WebSite\",\"@id\":\"https:\\\/\\\/kvg-bus.de\\\/cebus\\\/#website\",\"url\":\"https:\\\/\\\/kvg-bus.de\\\/cebus\\\/\",\"name\":\"cebus\",\"description\":\"\",\"potentialAction\":[{\"@type\":\"SearchAction\",\"target\":{\"@type\":\"EntryPoint\",\"urlTemplate\":\"https:\\\/\\\/kvg-bus.de\\\/cebus\\\/?s={search_term_string}\"},\"query-input\":{\"@type\":\"PropertyValueSpecification\",\"valueRequired\":true,\"valueName\":\"search_term_string\"}}],\"inLanguage\":\"de\"},{\"@type\":\"Person\",\"@id\":\"https:\\\/\\\/kvg-bus.de\\\/cebus\\\/#\\\/schema\\\/person\\\/5a5abfab092f868ec7cbe0f59e95749b\",\"name\":\"mzimmermann\",\"image\":{\"@type\":\"ImageObject\",\"inLanguage\":\"de\",\"@id\":\"https:\\\/\\\/secure.gravatar.com\\\/avatar\\\/0f69d8b83e3b3e54f0b766684bb3fd6649f0081ecdbff759ed4b19e5df68d1e4?s=96&d=mm&r=g\",\"url\":\"https:\\\/\\\/secure.gravatar.com\\\/avatar\\\/0f69d8b83e3b3e54f0b766684bb3fd6649f0081ecdbff759ed4b19e5df68d1e4?s=96&d=mm&r=g\",\"contentUrl\":\"https:\\\/\\\/secure.gravatar.com\\\/avatar\\\/0f69d8b83e3b3e54f0b766684bb3fd6649f0081ecdbff759ed4b19e5df68d1e4?s=96&d=mm&r=g\",\"caption\":\"mzimmermann\"},\"url\":\"https:\\\/\\\/kvg-bus.de\\\/cebus\\\/author\\\/mzimmermann\\\/\"}]}<\/script>\n<!-- \/ Yoast SEO plugin. -->","yoast_head_json":{"title":"Linien 2007 und 2021 | Bauarbeiten in Stade-Wiepenkathen: 23.02. \u2013 06.03.2026 - cebus","robots":{"index":"index","follow":"follow","max-snippet":"max-snippet:-1","max-image-preview":"max-image-preview:large","max-video-preview":"max-video-preview:-1"},"canonical":"https:\/\/kvg-bus.de\/cebus\/2026\/01\/07\/linien-2007-und-2021-bauarbeiten-in-stade-wiepenkathen-26-01-06-02-2026\/","og_locale":"de_DE","og_type":"article","og_title":"Linien 2007 und 2021 | Bauarbeiten in Stade-Wiepenkathen: 23.02. \u2013 06.03.2026 - cebus","og_description":"Vom 23. Februar 2026 bis 06. M\u00e4rz 2026 ist die Stra\u00dfe Am Steinkamp in Stade-Wiepenkathen wegen Bauarbeiten halbseitig gesperrt und als Einbahnstra\u00dfe in Richtung Hahle eingerichtet. \u27a1\ufe0f Zu der Baustelle gibt es Baustellenfahrpl\u00e4ne \u2013 diese findest du hier. Die Linien 2007 und 2021 fahren in Richtung Wiepenkathen deshalb eine Umleitung \u00fcber die Bundesstra\u00dfe 73 und die Bundesstra\u00dfe 74. \u27a1\ufe0f Die Haltestelle \u201eWiepenkathen, Am Lohberg\u201c kann in dieser Zeit in Richtung Wiepenkathen nicht bedient werden.Bitte nutz stattdessen die Haltestelle \u201eWiepenkathen, Am Steinkamp\u201c.","og_url":"https:\/\/kvg-bus.de\/cebus\/2026\/01\/07\/linien-2007-und-2021-bauarbeiten-in-stade-wiepenkathen-26-01-06-02-2026\/","og_site_name":"cebus","article_published_time":"2026-01-07T12:14:33+00:00","article_modified_time":"2026-02-19T10:25:59+00:00","author":"mzimmermann","twitter_card":"summary_large_image","twitter_misc":{"Verfasst von":"mzimmermann","Gesch\u00e4tzte Lesezeit":"1\u00a0Minute"},"schema":{"@context":"https:\/\/schema.org","@graph":[{"@type":"Article","@id":"https:\/\/kvg-bus.de\/cebus\/2026\/01\/07\/linien-2007-und-2021-bauarbeiten-in-stade-wiepenkathen-26-01-06-02-2026\/#article","isPartOf":{"@id":"https:\/\/kvg-bus.de\/cebus\/2026\/01\/07\/linien-2007-und-2021-bauarbeiten-in-stade-wiepenkathen-26-01-06-02-2026\/"},"author":{"name":"mzimmermann","@id":"https:\/\/kvg-bus.de\/cebus\/#\/schema\/person\/5a5abfab092f868ec7cbe0f59e95749b"},"headline":"Linien 2007 und 2021 | Bauarbeiten in Stade-Wiepenkathen: 23.02. \u2013 06.03.2026","datePublished":"2026-01-07T12:14:33+00:00","dateModified":"2026-02-19T10:25:59+00:00","mainEntityOfPage":{"@id":"https:\/\/kvg-bus.de\/cebus\/2026\/01\/07\/linien-2007-und-2021-bauarbeiten-in-stade-wiepenkathen-26-01-06-02-2026\/"},"wordCount":82,"commentCount":0,"articleSection":["Fahrplanabweichungen","Stade"],"inLanguage":"de","potentialAction":[{"@type":"CommentAction","name":"Comment","target":["https:\/\/kvg-bus.de\/cebus\/2026\/01\/07\/linien-2007-und-2021-bauarbeiten-in-stade-wiepenkathen-26-01-06-02-2026\/#respond"]}]},{"@type":"WebPage","@id":"https:\/\/kvg-bus.de\/cebus\/2026\/01\/07\/linien-2007-und-2021-bauarbeiten-in-stade-wiepenkathen-26-01-06-02-2026\/","url":"https:\/\/kvg-bus.de\/cebus\/2026\/01\/07\/linien-2007-und-2021-bauarbeiten-in-stade-wiepenkathen-26-01-06-02-2026\/","name":"Linien 2007 und 2021 | Bauarbeiten in Stade-Wiepenkathen: 23.02. \u2013 06.03.2026 - cebus","isPartOf":{"@id":"https:\/\/kvg-bus.de\/cebus\/#website"},"datePublished":"2026-01-07T12:14:33+00:00","dateModified":"2026-02-19T10:25:59+00:00","author":{"@id":"https:\/\/kvg-bus.de\/cebus\/#\/schema\/person\/5a5abfab092f868ec7cbe0f59e95749b"},"breadcrumb":{"@id":"https:\/\/kvg-bus.de\/cebus\/2026\/01\/07\/linien-2007-und-2021-bauarbeiten-in-stade-wiepenkathen-26-01-06-02-2026\/#breadcrumb"},"inLanguage":"de","potentialAction":[{"@type":"ReadAction","target":["https:\/\/kvg-bus.de\/cebus\/2026\/01\/07\/linien-2007-und-2021-bauarbeiten-in-stade-wiepenkathen-26-01-06-02-2026\/"]}]},{"@type":"BreadcrumbList","@id":"https:\/\/kvg-bus.de\/cebus\/2026\/01\/07\/linien-2007-und-2021-bauarbeiten-in-stade-wiepenkathen-26-01-06-02-2026\/#breadcrumb","itemListElement":[{"@type":"ListItem","position":1,"name":"Startseite","item":"https:\/\/kvg-bus.de\/cebus\/"},{"@type":"ListItem","position":2,"name":"Linien 2007 und 2021 | Bauarbeiten in Stade-Wiepenkathen: 23.02. \u2013 07.03.2026"}]},{"@type":"WebSite","@id":"https:\/\/kvg-bus.de\/cebus\/#website","url":"https:\/\/kvg-bus.de\/cebus\/","name":"cebus","description":"","potentialAction":[{"@type":"SearchAction","target":{"@type":"EntryPoint","urlTemplate":"https:\/\/kvg-bus.de\/cebus\/?s={search_term_string}"},"query-input":{"@type":"PropertyValueSpecification","valueRequired":true,"valueName":"search_term_string"}}],"inLanguage":"de"},{"@type":"Person","@id":"https:\/\/kvg-bus.de\/cebus\/#\/schema\/person\/5a5abfab092f868ec7cbe0f59e95749b","name":"mzimmermann","image":{"@type":"ImageObject","inLanguage":"de","@id":"https:\/\/secure.gravatar.com\/avatar\/0f69d8b83e3b3e54f0b766684bb3fd6649f0081ecdbff759ed4b19e5df68d1e4?s=96&d=mm&r=g","url":"https:\/\/secure.gravatar.com\/avatar\/0f69d8b83e3b3e54f0b766684bb3fd6649f0081ecdbff759ed4b19e5df68d1e4?s=96&d=mm&r=g","contentUrl":"https:\/\/secure.gravatar.com\/avatar\/0f69d8b83e3b3e54f0b766684bb3fd6649f0081ecdbff759ed4b19e5df68d1e4?s=96&d=mm&r=g","caption":"mzimmermann"},"url":"https:\/\/kvg-bus.de\/cebus\/author\/mzimmermann\/"}]}},"_links":{"self":[{"href":"https:\/\/kvg-bus.de\/cebus\/wp-json\/wp\/v2\/posts\/484","targetHints":{"allow":["GET"]}}],"collection":[{"href":"https:\/\/kvg-bus.de\/cebus\/wp-json\/wp\/v2\/posts"}],"about":[{"href":"https:\/\/kvg-bus.de\/cebus\/wp-json\/wp\/v2\/types\/post"}],"author":[{"embeddable":true,"href":"https:\/\/kvg-bus.de\/cebus\/wp-json\/wp\/v2\/users\/10"}],"replies":[{"embeddable":true,"href":"https:\/\/kvg-bus.de\/cebus\/wp-json\/wp\/v2\/comments?post=484"}],"version-history":[{"count":0,"href":"https:\/\/kvg-bus.de\/cebus\/wp-json\/wp\/v2\/posts\/484\/revisions"}],"wp:attachment":[{"href":"https:\/\/kvg-bus.de\/cebus\/wp-json\/wp\/v2\/media?parent=484"}],"wp:term":[{"taxonomy":"category","embeddable":true,"href":"https:\/\/kvg-bus.de\/cebus\/wp-json\/wp\/v2\/categories?post=484"},{"taxonomy":"post_tag","embeddable":true,"href":"https:\/\/kvg-bus.de\/cebus\/wp-json\/wp\/v2\/tags?post=484"}],"curies":[{"name":"wp","href":"https:\/\/api.w.org\/{rel}","templated":true}]}}