{"id":479,"date":"2026-01-15T16:20:53","date_gmt":"2026-01-15T15:20:53","guid":{"rendered":"https:\/\/kvg-bus.de\/cebus\/2026\/01\/15\/linie-2113-bauarbeiten-in-buxtehude-neukloster-26-01-02-02-2026\/"},"modified":"2026-01-15T16:20:53","modified_gmt":"2026-01-15T15:20:53","slug":"linie-2113-bauarbeiten-in-buxtehude-neukloster-26-01-02-02-2026","status":"publish","type":"post","link":"https:\/\/kvg-bus.de\/cebus\/2026\/01\/15\/linie-2113-bauarbeiten-in-buxtehude-neukloster-26-01-02-02-2026\/","title":{"rendered":"Linie 2113 | Bauarbeiten in Buxtehude-Neukloster: 24.02. \u2013 02.03.2026"},"content":{"rendered":"<p data-start=\"77\" data-end=\"257\">Vom <strong data-start=\"81\" data-end=\"100\">24. Februar 2026<\/strong> bis <strong data-start=\"105\" data-end=\"125\">02. M\u00e4rz 2026<\/strong> ist die Stra\u00dfe <strong data-start=\"141\" data-end=\"154\">Am Gleise<\/strong> in <strong data-start=\"158\" data-end=\"182\">Buxtehude-Neukloster<\/strong> wegen <strong data-start=\"189\" data-end=\"238\">Reparaturarbeiten nach einer Stra\u00dfenabsackung<\/strong> erneut gesperrt.<\/p>\n<p data-start=\"259\" data-end=\"426\">Die <strong data-start=\"263\" data-end=\"277\">Linie 2113<\/strong> f\u00e4hrt deshalb eine Umleitung \u00fcber <strong data-start=\"312\" data-end=\"423\">Apensener Stra\u00dfe, Stader Stra\u00dfe, Gildestra\u00dfe, Giselbertstra\u00dfe, Heitmannshausen, Jorker Stra\u00dfe und Am Gleise<\/strong>.<\/p>\n<p data-start=\"428\" data-end=\"673\" data-is-last-node=\"\" data-is-only-node=\"\">\u27a1\ufe0f Die Haltestellen \u201e<strong data-start=\"449\" data-end=\"474\">Neukloster, Am Gleise<\/strong>\u201c und \u201e<strong data-start=\"481\" data-end=\"510\">Heitmannshausen, Ilkskamp<\/strong>\u201c k\u00f6nnen in dieser Zeit nicht bedient werden.<br data-start=\"555\" data-end=\"558\" \/>Bitte nutz stattdessen die Haltestellen \u201e<strong data-start=\"599\" data-end=\"625\">Neukloster, Bergstra\u00dfe<\/strong>\u201c und \u201e<strong data-start=\"632\" data-end=\"671\">Heitmannshausen, Heitmannshausen 94<\/strong>\u201c.<\/p>\n","protected":false},"excerpt":{"rendered":"<p>Vom 24. Februar 2026 bis 02. M\u00e4rz 2026 ist die Stra\u00dfe Am Gleise in Buxtehude-Neukloster wegen Reparaturarbeiten nach einer Stra\u00dfenabsackung erneut gesperrt. Die Linie 2113 f\u00e4hrt deshalb eine Umleitung \u00fcber Apensener Stra\u00dfe, Stader Stra\u00dfe, Gildestra\u00dfe, Giselbertstra\u00dfe, Heitmannshausen, Jorker Stra\u00dfe und Am Gleise. \u27a1\ufe0f Die Haltestellen \u201eNeukloster, Am Gleise\u201c und \u201eHeitmannshausen, Ilkskamp\u201c k\u00f6nnen in dieser Zeit nicht bedient werden.Bitte nutz stattdessen die Haltestellen \u201eNeukloster, Bergstra\u00dfe\u201c und \u201eHeitmannshausen, Heitmannshausen 94\u201c.<\/p>\n","protected":false},"author":10,"featured_media":0,"comment_status":"open","ping_status":"open","sticky":false,"template":"","format":"standard","meta":{"footnotes":""},"categories":[16,53],"tags":[],"class_list":["post-479","post","type-post","status-publish","format-standard","hentry","category-fahrplanabweichungen","category-stade"],"yoast_head":"<!-- This site is optimized with the Yoast SEO plugin v27.4 - https:\/\/yoast.com\/product\/yoast-seo-wordpress\/ -->\n<title>Linie 2113 | Bauarbeiten in Buxtehude-Neukloster: 24.02. \u2013 02.03.2026 - cebus<\/title>\n<meta name=\"robots\" content=\"index, follow, max-snippet:-1, max-image-preview:large, max-video-preview:-1\" \/>\n<link rel=\"canonical\" href=\"https:\/\/kvg-bus.de\/cebus\/2026\/01\/15\/linie-2113-bauarbeiten-in-buxtehude-neukloster-26-01-02-02-2026\/\" \/>\n<meta property=\"og:locale\" content=\"de_DE\" \/>\n<meta property=\"og:type\" content=\"article\" \/>\n<meta property=\"og:title\" content=\"Linie 2113 | Bauarbeiten in Buxtehude-Neukloster: 24.02. \u2013 02.03.2026 - cebus\" \/>\n<meta property=\"og:description\" content=\"Vom 24. Februar 2026 bis 02. M\u00e4rz 2026 ist die Stra\u00dfe Am Gleise in Buxtehude-Neukloster wegen Reparaturarbeiten nach einer Stra\u00dfenabsackung erneut gesperrt. Die Linie 2113 f\u00e4hrt deshalb eine Umleitung \u00fcber Apensener Stra\u00dfe, Stader Stra\u00dfe, Gildestra\u00dfe, Giselbertstra\u00dfe, Heitmannshausen, Jorker Stra\u00dfe und Am Gleise. \u27a1\ufe0f Die Haltestellen \u201eNeukloster, Am Gleise\u201c und \u201eHeitmannshausen, Ilkskamp\u201c k\u00f6nnen in dieser Zeit nicht bedient werden.Bitte nutz stattdessen die Haltestellen \u201eNeukloster, Bergstra\u00dfe\u201c und \u201eHeitmannshausen, Heitmannshausen 94\u201c.\" \/>\n<meta property=\"og:url\" content=\"https:\/\/kvg-bus.de\/cebus\/2026\/01\/15\/linie-2113-bauarbeiten-in-buxtehude-neukloster-26-01-02-02-2026\/\" \/>\n<meta property=\"og:site_name\" content=\"cebus\" \/>\n<meta property=\"article:published_time\" content=\"2026-01-15T15:20:53+00:00\" \/>\n<meta name=\"author\" content=\"mzimmermann\" \/>\n<meta name=\"twitter:card\" content=\"summary_large_image\" \/>\n<meta name=\"twitter:label1\" content=\"Verfasst von\" \/>\n\t<meta name=\"twitter:data1\" content=\"mzimmermann\" \/>\n\t<meta name=\"twitter:label2\" content=\"Gesch\u00e4tzte Lesezeit\" \/>\n\t<meta name=\"twitter:data2\" content=\"1\u00a0Minute\" \/>\n<script type=\"application\/ld+json\" class=\"yoast-schema-graph\">{\"@context\":\"https:\\\/\\\/schema.org\",\"@graph\":[{\"@type\":\"Article\",\"@id\":\"https:\\\/\\\/kvg-bus.de\\\/cebus\\\/2026\\\/01\\\/15\\\/linie-2113-bauarbeiten-in-buxtehude-neukloster-26-01-02-02-2026\\\/#article\",\"isPartOf\":{\"@id\":\"https:\\\/\\\/kvg-bus.de\\\/cebus\\\/2026\\\/01\\\/15\\\/linie-2113-bauarbeiten-in-buxtehude-neukloster-26-01-02-02-2026\\\/\"},\"author\":{\"name\":\"mzimmermann\",\"@id\":\"https:\\\/\\\/kvg-bus.de\\\/cebus\\\/#\\\/schema\\\/person\\\/5a5abfab092f868ec7cbe0f59e95749b\"},\"headline\":\"Linie 2113 | Bauarbeiten in Buxtehude-Neukloster: 24.02. \u2013 02.03.2026\",\"datePublished\":\"2026-01-15T15:20:53+00:00\",\"mainEntityOfPage\":{\"@id\":\"https:\\\/\\\/kvg-bus.de\\\/cebus\\\/2026\\\/01\\\/15\\\/linie-2113-bauarbeiten-in-buxtehude-neukloster-26-01-02-02-2026\\\/\"},\"wordCount\":77,\"commentCount\":0,\"articleSection\":[\"Fahrplanabweichungen\",\"Stade\"],\"inLanguage\":\"de\",\"potentialAction\":[{\"@type\":\"CommentAction\",\"name\":\"Comment\",\"target\":[\"https:\\\/\\\/kvg-bus.de\\\/cebus\\\/2026\\\/01\\\/15\\\/linie-2113-bauarbeiten-in-buxtehude-neukloster-26-01-02-02-2026\\\/#respond\"]}]},{\"@type\":\"WebPage\",\"@id\":\"https:\\\/\\\/kvg-bus.de\\\/cebus\\\/2026\\\/01\\\/15\\\/linie-2113-bauarbeiten-in-buxtehude-neukloster-26-01-02-02-2026\\\/\",\"url\":\"https:\\\/\\\/kvg-bus.de\\\/cebus\\\/2026\\\/01\\\/15\\\/linie-2113-bauarbeiten-in-buxtehude-neukloster-26-01-02-02-2026\\\/\",\"name\":\"Linie 2113 | Bauarbeiten in Buxtehude-Neukloster: 24.02. \u2013 02.03.2026 - cebus\",\"isPartOf\":{\"@id\":\"https:\\\/\\\/kvg-bus.de\\\/cebus\\\/#website\"},\"datePublished\":\"2026-01-15T15:20:53+00:00\",\"author\":{\"@id\":\"https:\\\/\\\/kvg-bus.de\\\/cebus\\\/#\\\/schema\\\/person\\\/5a5abfab092f868ec7cbe0f59e95749b\"},\"breadcrumb\":{\"@id\":\"https:\\\/\\\/kvg-bus.de\\\/cebus\\\/2026\\\/01\\\/15\\\/linie-2113-bauarbeiten-in-buxtehude-neukloster-26-01-02-02-2026\\\/#breadcrumb\"},\"inLanguage\":\"de\",\"potentialAction\":[{\"@type\":\"ReadAction\",\"target\":[\"https:\\\/\\\/kvg-bus.de\\\/cebus\\\/2026\\\/01\\\/15\\\/linie-2113-bauarbeiten-in-buxtehude-neukloster-26-01-02-02-2026\\\/\"]}]},{\"@type\":\"BreadcrumbList\",\"@id\":\"https:\\\/\\\/kvg-bus.de\\\/cebus\\\/2026\\\/01\\\/15\\\/linie-2113-bauarbeiten-in-buxtehude-neukloster-26-01-02-02-2026\\\/#breadcrumb\",\"itemListElement\":[{\"@type\":\"ListItem\",\"position\":1,\"name\":\"Startseite\",\"item\":\"https:\\\/\\\/kvg-bus.de\\\/cebus\\\/\"},{\"@type\":\"ListItem\",\"position\":2,\"name\":\"Linie 2113 | Bauarbeiten in Buxtehude-Neukloster: 24.02. \u2013 02.03.2026\"}]},{\"@type\":\"WebSite\",\"@id\":\"https:\\\/\\\/kvg-bus.de\\\/cebus\\\/#website\",\"url\":\"https:\\\/\\\/kvg-bus.de\\\/cebus\\\/\",\"name\":\"cebus\",\"description\":\"\",\"potentialAction\":[{\"@type\":\"SearchAction\",\"target\":{\"@type\":\"EntryPoint\",\"urlTemplate\":\"https:\\\/\\\/kvg-bus.de\\\/cebus\\\/?s={search_term_string}\"},\"query-input\":{\"@type\":\"PropertyValueSpecification\",\"valueRequired\":true,\"valueName\":\"search_term_string\"}}],\"inLanguage\":\"de\"},{\"@type\":\"Person\",\"@id\":\"https:\\\/\\\/kvg-bus.de\\\/cebus\\\/#\\\/schema\\\/person\\\/5a5abfab092f868ec7cbe0f59e95749b\",\"name\":\"mzimmermann\",\"image\":{\"@type\":\"ImageObject\",\"inLanguage\":\"de\",\"@id\":\"https:\\\/\\\/secure.gravatar.com\\\/avatar\\\/0f69d8b83e3b3e54f0b766684bb3fd6649f0081ecdbff759ed4b19e5df68d1e4?s=96&d=mm&r=g\",\"url\":\"https:\\\/\\\/secure.gravatar.com\\\/avatar\\\/0f69d8b83e3b3e54f0b766684bb3fd6649f0081ecdbff759ed4b19e5df68d1e4?s=96&d=mm&r=g\",\"contentUrl\":\"https:\\\/\\\/secure.gravatar.com\\\/avatar\\\/0f69d8b83e3b3e54f0b766684bb3fd6649f0081ecdbff759ed4b19e5df68d1e4?s=96&d=mm&r=g\",\"caption\":\"mzimmermann\"},\"url\":\"https:\\\/\\\/kvg-bus.de\\\/cebus\\\/author\\\/mzimmermann\\\/\"}]}<\/script>\n<!-- \/ Yoast SEO plugin. -->","yoast_head_json":{"title":"Linie 2113 | Bauarbeiten in Buxtehude-Neukloster: 24.02. \u2013 02.03.2026 - cebus","robots":{"index":"index","follow":"follow","max-snippet":"max-snippet:-1","max-image-preview":"max-image-preview:large","max-video-preview":"max-video-preview:-1"},"canonical":"https:\/\/kvg-bus.de\/cebus\/2026\/01\/15\/linie-2113-bauarbeiten-in-buxtehude-neukloster-26-01-02-02-2026\/","og_locale":"de_DE","og_type":"article","og_title":"Linie 2113 | Bauarbeiten in Buxtehude-Neukloster: 24.02. \u2013 02.03.2026 - cebus","og_description":"Vom 24. Februar 2026 bis 02. M\u00e4rz 2026 ist die Stra\u00dfe Am Gleise in Buxtehude-Neukloster wegen Reparaturarbeiten nach einer Stra\u00dfenabsackung erneut gesperrt. Die Linie 2113 f\u00e4hrt deshalb eine Umleitung \u00fcber Apensener Stra\u00dfe, Stader Stra\u00dfe, Gildestra\u00dfe, Giselbertstra\u00dfe, Heitmannshausen, Jorker Stra\u00dfe und Am Gleise. \u27a1\ufe0f Die Haltestellen \u201eNeukloster, Am Gleise\u201c und \u201eHeitmannshausen, Ilkskamp\u201c k\u00f6nnen in dieser Zeit nicht bedient werden.Bitte nutz stattdessen die Haltestellen \u201eNeukloster, Bergstra\u00dfe\u201c und \u201eHeitmannshausen, Heitmannshausen 94\u201c.","og_url":"https:\/\/kvg-bus.de\/cebus\/2026\/01\/15\/linie-2113-bauarbeiten-in-buxtehude-neukloster-26-01-02-02-2026\/","og_site_name":"cebus","article_published_time":"2026-01-15T15:20:53+00:00","author":"mzimmermann","twitter_card":"summary_large_image","twitter_misc":{"Verfasst von":"mzimmermann","Gesch\u00e4tzte Lesezeit":"1\u00a0Minute"},"schema":{"@context":"https:\/\/schema.org","@graph":[{"@type":"Article","@id":"https:\/\/kvg-bus.de\/cebus\/2026\/01\/15\/linie-2113-bauarbeiten-in-buxtehude-neukloster-26-01-02-02-2026\/#article","isPartOf":{"@id":"https:\/\/kvg-bus.de\/cebus\/2026\/01\/15\/linie-2113-bauarbeiten-in-buxtehude-neukloster-26-01-02-02-2026\/"},"author":{"name":"mzimmermann","@id":"https:\/\/kvg-bus.de\/cebus\/#\/schema\/person\/5a5abfab092f868ec7cbe0f59e95749b"},"headline":"Linie 2113 | Bauarbeiten in Buxtehude-Neukloster: 24.02. \u2013 02.03.2026","datePublished":"2026-01-15T15:20:53+00:00","mainEntityOfPage":{"@id":"https:\/\/kvg-bus.de\/cebus\/2026\/01\/15\/linie-2113-bauarbeiten-in-buxtehude-neukloster-26-01-02-02-2026\/"},"wordCount":77,"commentCount":0,"articleSection":["Fahrplanabweichungen","Stade"],"inLanguage":"de","potentialAction":[{"@type":"CommentAction","name":"Comment","target":["https:\/\/kvg-bus.de\/cebus\/2026\/01\/15\/linie-2113-bauarbeiten-in-buxtehude-neukloster-26-01-02-02-2026\/#respond"]}]},{"@type":"WebPage","@id":"https:\/\/kvg-bus.de\/cebus\/2026\/01\/15\/linie-2113-bauarbeiten-in-buxtehude-neukloster-26-01-02-02-2026\/","url":"https:\/\/kvg-bus.de\/cebus\/2026\/01\/15\/linie-2113-bauarbeiten-in-buxtehude-neukloster-26-01-02-02-2026\/","name":"Linie 2113 | Bauarbeiten in Buxtehude-Neukloster: 24.02. \u2013 02.03.2026 - cebus","isPartOf":{"@id":"https:\/\/kvg-bus.de\/cebus\/#website"},"datePublished":"2026-01-15T15:20:53+00:00","author":{"@id":"https:\/\/kvg-bus.de\/cebus\/#\/schema\/person\/5a5abfab092f868ec7cbe0f59e95749b"},"breadcrumb":{"@id":"https:\/\/kvg-bus.de\/cebus\/2026\/01\/15\/linie-2113-bauarbeiten-in-buxtehude-neukloster-26-01-02-02-2026\/#breadcrumb"},"inLanguage":"de","potentialAction":[{"@type":"ReadAction","target":["https:\/\/kvg-bus.de\/cebus\/2026\/01\/15\/linie-2113-bauarbeiten-in-buxtehude-neukloster-26-01-02-02-2026\/"]}]},{"@type":"BreadcrumbList","@id":"https:\/\/kvg-bus.de\/cebus\/2026\/01\/15\/linie-2113-bauarbeiten-in-buxtehude-neukloster-26-01-02-02-2026\/#breadcrumb","itemListElement":[{"@type":"ListItem","position":1,"name":"Startseite","item":"https:\/\/kvg-bus.de\/cebus\/"},{"@type":"ListItem","position":2,"name":"Linie 2113 | Bauarbeiten in Buxtehude-Neukloster: 24.02. \u2013 02.03.2026"}]},{"@type":"WebSite","@id":"https:\/\/kvg-bus.de\/cebus\/#website","url":"https:\/\/kvg-bus.de\/cebus\/","name":"cebus","description":"","potentialAction":[{"@type":"SearchAction","target":{"@type":"EntryPoint","urlTemplate":"https:\/\/kvg-bus.de\/cebus\/?s={search_term_string}"},"query-input":{"@type":"PropertyValueSpecification","valueRequired":true,"valueName":"search_term_string"}}],"inLanguage":"de"},{"@type":"Person","@id":"https:\/\/kvg-bus.de\/cebus\/#\/schema\/person\/5a5abfab092f868ec7cbe0f59e95749b","name":"mzimmermann","image":{"@type":"ImageObject","inLanguage":"de","@id":"https:\/\/secure.gravatar.com\/avatar\/0f69d8b83e3b3e54f0b766684bb3fd6649f0081ecdbff759ed4b19e5df68d1e4?s=96&d=mm&r=g","url":"https:\/\/secure.gravatar.com\/avatar\/0f69d8b83e3b3e54f0b766684bb3fd6649f0081ecdbff759ed4b19e5df68d1e4?s=96&d=mm&r=g","contentUrl":"https:\/\/secure.gravatar.com\/avatar\/0f69d8b83e3b3e54f0b766684bb3fd6649f0081ecdbff759ed4b19e5df68d1e4?s=96&d=mm&r=g","caption":"mzimmermann"},"url":"https:\/\/kvg-bus.de\/cebus\/author\/mzimmermann\/"}]}},"_links":{"self":[{"href":"https:\/\/kvg-bus.de\/cebus\/wp-json\/wp\/v2\/posts\/479","targetHints":{"allow":["GET"]}}],"collection":[{"href":"https:\/\/kvg-bus.de\/cebus\/wp-json\/wp\/v2\/posts"}],"about":[{"href":"https:\/\/kvg-bus.de\/cebus\/wp-json\/wp\/v2\/types\/post"}],"author":[{"embeddable":true,"href":"https:\/\/kvg-bus.de\/cebus\/wp-json\/wp\/v2\/users\/10"}],"replies":[{"embeddable":true,"href":"https:\/\/kvg-bus.de\/cebus\/wp-json\/wp\/v2\/comments?post=479"}],"version-history":[{"count":0,"href":"https:\/\/kvg-bus.de\/cebus\/wp-json\/wp\/v2\/posts\/479\/revisions"}],"wp:attachment":[{"href":"https:\/\/kvg-bus.de\/cebus\/wp-json\/wp\/v2\/media?parent=479"}],"wp:term":[{"taxonomy":"category","embeddable":true,"href":"https:\/\/kvg-bus.de\/cebus\/wp-json\/wp\/v2\/categories?post=479"},{"taxonomy":"post_tag","embeddable":true,"href":"https:\/\/kvg-bus.de\/cebus\/wp-json\/wp\/v2\/tags?post=479"}],"curies":[{"name":"wp","href":"https:\/\/api.w.org\/{rel}","templated":true}]}}