{"id":436,"date":"2025-11-27T08:35:29","date_gmt":"2025-11-27T07:35:29","guid":{"rendered":"https:\/\/kvg-bus.de\/cebus\/2025\/09\/22\/linie-4001-bauarbeiten-in-winsen-luhe-22-09-09-11-2025-2\/"},"modified":"2025-11-27T08:35:31","modified_gmt":"2025-11-27T07:35:31","slug":"linie-4001-bauarbeiten-in-winsen-luhe-22-09-09-11-2025-2","status":"publish","type":"post","link":"https:\/\/kvg-bus.de\/cebus\/2025\/11\/27\/linie-4001-bauarbeiten-in-winsen-luhe-22-09-09-11-2025-2\/","title":{"rendered":"Linien 2301 und 2302 | Bauarbeiten in Harsefeld: 08.12. \u2013 19.12.2025"},"content":{"rendered":"<p data-start=\"137\" data-end=\"294\">Vom <strong data-start=\"141\" data-end=\"162\">08. Dezember 2025<\/strong> bis <strong data-start=\"167\" data-end=\"188\">19. Dezember 2025<\/strong> ist die Stra\u00dfe <strong data-start=\"204\" data-end=\"216\">Im Sande<\/strong> in <strong data-start=\"220\" data-end=\"233\">Harsefeld<\/strong> wegen der <strong data-start=\"244\" data-end=\"282\">Verlegung einer Trinkwasserleitung<\/strong> gesperrt.<\/p>\n<p data-start=\"296\" data-end=\"412\">Die <strong data-start=\"300\" data-end=\"324\">Linien 2301 und 2302<\/strong>\u00a0fahren deshalb eine Umleitung \u00fcber die <strong data-start=\"364\" data-end=\"379\">Schulstra\u00dfe<\/strong> und die <strong data-start=\"388\" data-end=\"409\">Buxtehuder Stra\u00dfe<\/strong>.<\/p>\n<p data-start=\"414\" data-end=\"732\">\u27a1\ufe0f Die Haltestellen \u201e<strong data-start=\"435\" data-end=\"460\">Harsefeld, Grashofweg<\/strong>\u201c, \u201e<strong data-start=\"464\" data-end=\"488\">Harsefeld, Koppelweg<\/strong>\u201c, \u201e<strong data-start=\"492\" data-end=\"517\">Harsefeld, Roggenkamp<\/strong>\u201c und \u201e<strong data-start=\"524\" data-end=\"550\">Harsefeld, Im Sande 96<\/strong>\u201c k\u00f6nnen in dieser Zeit nicht bedient werden.<br data-start=\"595\" data-end=\"598\" \/>Bitte nutz stattdessen die Haltestellen \u201e<strong data-start=\"639\" data-end=\"663\">Harsefeld, Auebr\u00fccke<\/strong>\u201c, \u201e<strong data-start=\"667\" data-end=\"696\" data-is-only-node=\"\">Harsefeld, Hellwege-Allee<\/strong>\u201c und \u201e<strong data-start=\"703\" data-end=\"728\">Harsefeld, Handelsweg<\/strong>\u201c.<\/p>\n","protected":false},"excerpt":{"rendered":"<p>Vom 08. Dezember 2025 bis 19. Dezember 2025 ist die Stra\u00dfe Im Sande in Harsefeld wegen der Verlegung einer Trinkwasserleitung gesperrt. Die Linien 2301 und 2302\u00a0fahren deshalb eine Umleitung \u00fcber die Schulstra\u00dfe und die Buxtehuder Stra\u00dfe. \u27a1\ufe0f Die Haltestellen \u201eHarsefeld, Grashofweg\u201c, \u201eHarsefeld, Koppelweg\u201c, \u201eHarsefeld, Roggenkamp\u201c und \u201eHarsefeld, Im Sande 96\u201c k\u00f6nnen in dieser Zeit nicht bedient werden.Bitte nutz stattdessen die Haltestellen \u201eHarsefeld, Auebr\u00fccke\u201c, \u201eHarsefeld, Hellwege-Allee\u201c und \u201eHarsefeld, Handelsweg\u201c.<\/p>\n","protected":false},"author":10,"featured_media":0,"comment_status":"open","ping_status":"open","sticky":false,"template":"","format":"standard","meta":{"footnotes":""},"categories":[16,53],"tags":[],"class_list":["post-436","post","type-post","status-publish","format-standard","hentry","category-fahrplanabweichungen","category-stade"],"yoast_head":"<!-- This site is optimized with the Yoast SEO plugin v27.4 - https:\/\/yoast.com\/product\/yoast-seo-wordpress\/ -->\n<title>Linien 2301 und 2302 | Bauarbeiten in Harsefeld: 08.12. \u2013 19.12.2025 - cebus<\/title>\n<meta name=\"robots\" content=\"index, follow, max-snippet:-1, max-image-preview:large, max-video-preview:-1\" \/>\n<link rel=\"canonical\" href=\"https:\/\/kvg-bus.de\/cebus\/2025\/09\/22\/linie-4001-bauarbeiten-in-winsen-luhe-22-09-09-11-2025-2\/\" \/>\n<meta property=\"og:locale\" content=\"de_DE\" \/>\n<meta property=\"og:type\" content=\"article\" \/>\n<meta property=\"og:title\" content=\"Linien 2301 und 2302 | Bauarbeiten in Harsefeld: 08.12. \u2013 19.12.2025 - cebus\" \/>\n<meta property=\"og:description\" content=\"Vom 08. Dezember 2025 bis 19. Dezember 2025 ist die Stra\u00dfe Im Sande in Harsefeld wegen der Verlegung einer Trinkwasserleitung gesperrt. Die Linien 2301 und 2302\u00a0fahren deshalb eine Umleitung \u00fcber die Schulstra\u00dfe und die Buxtehuder Stra\u00dfe. \u27a1\ufe0f Die Haltestellen \u201eHarsefeld, Grashofweg\u201c, \u201eHarsefeld, Koppelweg\u201c, \u201eHarsefeld, Roggenkamp\u201c und \u201eHarsefeld, Im Sande 96\u201c k\u00f6nnen in dieser Zeit nicht bedient werden.Bitte nutz stattdessen die Haltestellen \u201eHarsefeld, Auebr\u00fccke\u201c, \u201eHarsefeld, Hellwege-Allee\u201c und \u201eHarsefeld, Handelsweg\u201c.\" \/>\n<meta property=\"og:url\" content=\"https:\/\/kvg-bus.de\/cebus\/2025\/09\/22\/linie-4001-bauarbeiten-in-winsen-luhe-22-09-09-11-2025-2\/\" \/>\n<meta property=\"og:site_name\" content=\"cebus\" \/>\n<meta property=\"article:published_time\" content=\"2025-11-27T07:35:29+00:00\" \/>\n<meta property=\"article:modified_time\" content=\"2025-11-27T07:35:31+00:00\" \/>\n<meta name=\"author\" content=\"mzimmermann\" \/>\n<meta name=\"twitter:card\" content=\"summary_large_image\" \/>\n<meta name=\"twitter:label1\" content=\"Verfasst von\" \/>\n\t<meta name=\"twitter:data1\" content=\"mzimmermann\" \/>\n\t<meta name=\"twitter:label2\" content=\"Gesch\u00e4tzte Lesezeit\" \/>\n\t<meta name=\"twitter:data2\" content=\"1\u00a0Minute\" \/>\n<script type=\"application\/ld+json\" class=\"yoast-schema-graph\">{\"@context\":\"https:\\\/\\\/schema.org\",\"@graph\":[{\"@type\":\"Article\",\"@id\":\"https:\\\/\\\/kvg-bus.de\\\/cebus\\\/2025\\\/09\\\/22\\\/linie-4001-bauarbeiten-in-winsen-luhe-22-09-09-11-2025-2\\\/#article\",\"isPartOf\":{\"@id\":\"https:\\\/\\\/kvg-bus.de\\\/cebus\\\/2025\\\/09\\\/22\\\/linie-4001-bauarbeiten-in-winsen-luhe-22-09-09-11-2025-2\\\/\"},\"author\":{\"name\":\"mzimmermann\",\"@id\":\"https:\\\/\\\/kvg-bus.de\\\/cebus\\\/#\\\/schema\\\/person\\\/5a5abfab092f868ec7cbe0f59e95749b\"},\"headline\":\"Linien 2301 und 2302 | Bauarbeiten in Harsefeld: 08.12. \u2013 19.12.2025\",\"datePublished\":\"2025-11-27T07:35:29+00:00\",\"dateModified\":\"2025-11-27T07:35:31+00:00\",\"mainEntityOfPage\":{\"@id\":\"https:\\\/\\\/kvg-bus.de\\\/cebus\\\/2025\\\/09\\\/22\\\/linie-4001-bauarbeiten-in-winsen-luhe-22-09-09-11-2025-2\\\/\"},\"wordCount\":72,\"commentCount\":0,\"articleSection\":[\"Fahrplanabweichungen\",\"Stade\"],\"inLanguage\":\"de\",\"potentialAction\":[{\"@type\":\"CommentAction\",\"name\":\"Comment\",\"target\":[\"https:\\\/\\\/kvg-bus.de\\\/cebus\\\/2025\\\/09\\\/22\\\/linie-4001-bauarbeiten-in-winsen-luhe-22-09-09-11-2025-2\\\/#respond\"]}]},{\"@type\":\"WebPage\",\"@id\":\"https:\\\/\\\/kvg-bus.de\\\/cebus\\\/2025\\\/09\\\/22\\\/linie-4001-bauarbeiten-in-winsen-luhe-22-09-09-11-2025-2\\\/\",\"url\":\"https:\\\/\\\/kvg-bus.de\\\/cebus\\\/2025\\\/09\\\/22\\\/linie-4001-bauarbeiten-in-winsen-luhe-22-09-09-11-2025-2\\\/\",\"name\":\"Linien 2301 und 2302 | Bauarbeiten in Harsefeld: 08.12. \u2013 19.12.2025 - cebus\",\"isPartOf\":{\"@id\":\"https:\\\/\\\/kvg-bus.de\\\/cebus\\\/#website\"},\"datePublished\":\"2025-11-27T07:35:29+00:00\",\"dateModified\":\"2025-11-27T07:35:31+00:00\",\"author\":{\"@id\":\"https:\\\/\\\/kvg-bus.de\\\/cebus\\\/#\\\/schema\\\/person\\\/5a5abfab092f868ec7cbe0f59e95749b\"},\"breadcrumb\":{\"@id\":\"https:\\\/\\\/kvg-bus.de\\\/cebus\\\/2025\\\/09\\\/22\\\/linie-4001-bauarbeiten-in-winsen-luhe-22-09-09-11-2025-2\\\/#breadcrumb\"},\"inLanguage\":\"de\",\"potentialAction\":[{\"@type\":\"ReadAction\",\"target\":[\"https:\\\/\\\/kvg-bus.de\\\/cebus\\\/2025\\\/09\\\/22\\\/linie-4001-bauarbeiten-in-winsen-luhe-22-09-09-11-2025-2\\\/\"]}]},{\"@type\":\"BreadcrumbList\",\"@id\":\"https:\\\/\\\/kvg-bus.de\\\/cebus\\\/2025\\\/09\\\/22\\\/linie-4001-bauarbeiten-in-winsen-luhe-22-09-09-11-2025-2\\\/#breadcrumb\",\"itemListElement\":[{\"@type\":\"ListItem\",\"position\":1,\"name\":\"Startseite\",\"item\":\"https:\\\/\\\/kvg-bus.de\\\/cebus\\\/\"},{\"@type\":\"ListItem\",\"position\":2,\"name\":\"Linien 4148, 4602, 4630 und 4632 | Bauarbeiten in Jesteburg: 22.09. \u2013 14.11.2025\"}]},{\"@type\":\"WebSite\",\"@id\":\"https:\\\/\\\/kvg-bus.de\\\/cebus\\\/#website\",\"url\":\"https:\\\/\\\/kvg-bus.de\\\/cebus\\\/\",\"name\":\"cebus\",\"description\":\"\",\"potentialAction\":[{\"@type\":\"SearchAction\",\"target\":{\"@type\":\"EntryPoint\",\"urlTemplate\":\"https:\\\/\\\/kvg-bus.de\\\/cebus\\\/?s={search_term_string}\"},\"query-input\":{\"@type\":\"PropertyValueSpecification\",\"valueRequired\":true,\"valueName\":\"search_term_string\"}}],\"inLanguage\":\"de\"},{\"@type\":\"Person\",\"@id\":\"https:\\\/\\\/kvg-bus.de\\\/cebus\\\/#\\\/schema\\\/person\\\/5a5abfab092f868ec7cbe0f59e95749b\",\"name\":\"mzimmermann\",\"image\":{\"@type\":\"ImageObject\",\"inLanguage\":\"de\",\"@id\":\"https:\\\/\\\/secure.gravatar.com\\\/avatar\\\/0f69d8b83e3b3e54f0b766684bb3fd6649f0081ecdbff759ed4b19e5df68d1e4?s=96&d=mm&r=g\",\"url\":\"https:\\\/\\\/secure.gravatar.com\\\/avatar\\\/0f69d8b83e3b3e54f0b766684bb3fd6649f0081ecdbff759ed4b19e5df68d1e4?s=96&d=mm&r=g\",\"contentUrl\":\"https:\\\/\\\/secure.gravatar.com\\\/avatar\\\/0f69d8b83e3b3e54f0b766684bb3fd6649f0081ecdbff759ed4b19e5df68d1e4?s=96&d=mm&r=g\",\"caption\":\"mzimmermann\"},\"url\":\"https:\\\/\\\/kvg-bus.de\\\/cebus\\\/author\\\/mzimmermann\\\/\"}]}<\/script>\n<!-- \/ Yoast SEO plugin. -->","yoast_head_json":{"title":"Linien 2301 und 2302 | Bauarbeiten in Harsefeld: 08.12. \u2013 19.12.2025 - cebus","robots":{"index":"index","follow":"follow","max-snippet":"max-snippet:-1","max-image-preview":"max-image-preview:large","max-video-preview":"max-video-preview:-1"},"canonical":"https:\/\/kvg-bus.de\/cebus\/2025\/09\/22\/linie-4001-bauarbeiten-in-winsen-luhe-22-09-09-11-2025-2\/","og_locale":"de_DE","og_type":"article","og_title":"Linien 2301 und 2302 | Bauarbeiten in Harsefeld: 08.12. \u2013 19.12.2025 - cebus","og_description":"Vom 08. Dezember 2025 bis 19. Dezember 2025 ist die Stra\u00dfe Im Sande in Harsefeld wegen der Verlegung einer Trinkwasserleitung gesperrt. Die Linien 2301 und 2302\u00a0fahren deshalb eine Umleitung \u00fcber die Schulstra\u00dfe und die Buxtehuder Stra\u00dfe. \u27a1\ufe0f Die Haltestellen \u201eHarsefeld, Grashofweg\u201c, \u201eHarsefeld, Koppelweg\u201c, \u201eHarsefeld, Roggenkamp\u201c und \u201eHarsefeld, Im Sande 96\u201c k\u00f6nnen in dieser Zeit nicht bedient werden.Bitte nutz stattdessen die Haltestellen \u201eHarsefeld, Auebr\u00fccke\u201c, \u201eHarsefeld, Hellwege-Allee\u201c und \u201eHarsefeld, Handelsweg\u201c.","og_url":"https:\/\/kvg-bus.de\/cebus\/2025\/09\/22\/linie-4001-bauarbeiten-in-winsen-luhe-22-09-09-11-2025-2\/","og_site_name":"cebus","article_published_time":"2025-11-27T07:35:29+00:00","article_modified_time":"2025-11-27T07:35:31+00:00","author":"mzimmermann","twitter_card":"summary_large_image","twitter_misc":{"Verfasst von":"mzimmermann","Gesch\u00e4tzte Lesezeit":"1\u00a0Minute"},"schema":{"@context":"https:\/\/schema.org","@graph":[{"@type":"Article","@id":"https:\/\/kvg-bus.de\/cebus\/2025\/09\/22\/linie-4001-bauarbeiten-in-winsen-luhe-22-09-09-11-2025-2\/#article","isPartOf":{"@id":"https:\/\/kvg-bus.de\/cebus\/2025\/09\/22\/linie-4001-bauarbeiten-in-winsen-luhe-22-09-09-11-2025-2\/"},"author":{"name":"mzimmermann","@id":"https:\/\/kvg-bus.de\/cebus\/#\/schema\/person\/5a5abfab092f868ec7cbe0f59e95749b"},"headline":"Linien 2301 und 2302 | Bauarbeiten in Harsefeld: 08.12. \u2013 19.12.2025","datePublished":"2025-11-27T07:35:29+00:00","dateModified":"2025-11-27T07:35:31+00:00","mainEntityOfPage":{"@id":"https:\/\/kvg-bus.de\/cebus\/2025\/09\/22\/linie-4001-bauarbeiten-in-winsen-luhe-22-09-09-11-2025-2\/"},"wordCount":72,"commentCount":0,"articleSection":["Fahrplanabweichungen","Stade"],"inLanguage":"de","potentialAction":[{"@type":"CommentAction","name":"Comment","target":["https:\/\/kvg-bus.de\/cebus\/2025\/09\/22\/linie-4001-bauarbeiten-in-winsen-luhe-22-09-09-11-2025-2\/#respond"]}]},{"@type":"WebPage","@id":"https:\/\/kvg-bus.de\/cebus\/2025\/09\/22\/linie-4001-bauarbeiten-in-winsen-luhe-22-09-09-11-2025-2\/","url":"https:\/\/kvg-bus.de\/cebus\/2025\/09\/22\/linie-4001-bauarbeiten-in-winsen-luhe-22-09-09-11-2025-2\/","name":"Linien 2301 und 2302 | Bauarbeiten in Harsefeld: 08.12. \u2013 19.12.2025 - cebus","isPartOf":{"@id":"https:\/\/kvg-bus.de\/cebus\/#website"},"datePublished":"2025-11-27T07:35:29+00:00","dateModified":"2025-11-27T07:35:31+00:00","author":{"@id":"https:\/\/kvg-bus.de\/cebus\/#\/schema\/person\/5a5abfab092f868ec7cbe0f59e95749b"},"breadcrumb":{"@id":"https:\/\/kvg-bus.de\/cebus\/2025\/09\/22\/linie-4001-bauarbeiten-in-winsen-luhe-22-09-09-11-2025-2\/#breadcrumb"},"inLanguage":"de","potentialAction":[{"@type":"ReadAction","target":["https:\/\/kvg-bus.de\/cebus\/2025\/09\/22\/linie-4001-bauarbeiten-in-winsen-luhe-22-09-09-11-2025-2\/"]}]},{"@type":"BreadcrumbList","@id":"https:\/\/kvg-bus.de\/cebus\/2025\/09\/22\/linie-4001-bauarbeiten-in-winsen-luhe-22-09-09-11-2025-2\/#breadcrumb","itemListElement":[{"@type":"ListItem","position":1,"name":"Startseite","item":"https:\/\/kvg-bus.de\/cebus\/"},{"@type":"ListItem","position":2,"name":"Linien 4148, 4602, 4630 und 4632 | Bauarbeiten in Jesteburg: 22.09. \u2013 14.11.2025"}]},{"@type":"WebSite","@id":"https:\/\/kvg-bus.de\/cebus\/#website","url":"https:\/\/kvg-bus.de\/cebus\/","name":"cebus","description":"","potentialAction":[{"@type":"SearchAction","target":{"@type":"EntryPoint","urlTemplate":"https:\/\/kvg-bus.de\/cebus\/?s={search_term_string}"},"query-input":{"@type":"PropertyValueSpecification","valueRequired":true,"valueName":"search_term_string"}}],"inLanguage":"de"},{"@type":"Person","@id":"https:\/\/kvg-bus.de\/cebus\/#\/schema\/person\/5a5abfab092f868ec7cbe0f59e95749b","name":"mzimmermann","image":{"@type":"ImageObject","inLanguage":"de","@id":"https:\/\/secure.gravatar.com\/avatar\/0f69d8b83e3b3e54f0b766684bb3fd6649f0081ecdbff759ed4b19e5df68d1e4?s=96&d=mm&r=g","url":"https:\/\/secure.gravatar.com\/avatar\/0f69d8b83e3b3e54f0b766684bb3fd6649f0081ecdbff759ed4b19e5df68d1e4?s=96&d=mm&r=g","contentUrl":"https:\/\/secure.gravatar.com\/avatar\/0f69d8b83e3b3e54f0b766684bb3fd6649f0081ecdbff759ed4b19e5df68d1e4?s=96&d=mm&r=g","caption":"mzimmermann"},"url":"https:\/\/kvg-bus.de\/cebus\/author\/mzimmermann\/"}]}},"_links":{"self":[{"href":"https:\/\/kvg-bus.de\/cebus\/wp-json\/wp\/v2\/posts\/436","targetHints":{"allow":["GET"]}}],"collection":[{"href":"https:\/\/kvg-bus.de\/cebus\/wp-json\/wp\/v2\/posts"}],"about":[{"href":"https:\/\/kvg-bus.de\/cebus\/wp-json\/wp\/v2\/types\/post"}],"author":[{"embeddable":true,"href":"https:\/\/kvg-bus.de\/cebus\/wp-json\/wp\/v2\/users\/10"}],"replies":[{"embeddable":true,"href":"https:\/\/kvg-bus.de\/cebus\/wp-json\/wp\/v2\/comments?post=436"}],"version-history":[{"count":0,"href":"https:\/\/kvg-bus.de\/cebus\/wp-json\/wp\/v2\/posts\/436\/revisions"}],"wp:attachment":[{"href":"https:\/\/kvg-bus.de\/cebus\/wp-json\/wp\/v2\/media?parent=436"}],"wp:term":[{"taxonomy":"category","embeddable":true,"href":"https:\/\/kvg-bus.de\/cebus\/wp-json\/wp\/v2\/categories?post=436"},{"taxonomy":"post_tag","embeddable":true,"href":"https:\/\/kvg-bus.de\/cebus\/wp-json\/wp\/v2\/tags?post=436"}],"curies":[{"name":"wp","href":"https:\/\/api.w.org\/{rel}","templated":true}]}}