{"id":422,"date":"2025-09-30T11:17:25","date_gmt":"2025-09-30T09:17:25","guid":{"rendered":"https:\/\/kvg-bus.de\/cebus\/2025\/09\/30\/linie-2302-bauarbeiten-in-harsefeld-25-09-12-10-2025\/"},"modified":"2025-09-30T11:17:25","modified_gmt":"2025-09-30T09:17:25","slug":"linie-2302-bauarbeiten-in-harsefeld-25-09-12-10-2025","status":"publish","type":"post","link":"https:\/\/kvg-bus.de\/cebus\/2025\/09\/30\/linie-2302-bauarbeiten-in-harsefeld-25-09-12-10-2025\/","title":{"rendered":"Linie 2302 | Bauarbeiten in Harsefeld: 25.09. \u2013 31.10.2025"},"content":{"rendered":"<p data-start=\"129\" data-end=\"331\">Vom <strong data-start=\"133\" data-end=\"155\">25. September 2025<\/strong> bis <strong>31. Oktober 2025<\/strong> ist der <strong data-start=\"190\" data-end=\"204\">Quellenweg<\/strong> sowie die Kreuzungen mit <strong data-start=\"230\" data-end=\"273\">Gierenberg, Wiesenweg und Ostlandstra\u00dfe<\/strong> in <strong data-start=\"277\" data-end=\"290\">Harsefeld<\/strong> wegen <strong data-start=\"297\" data-end=\"319\">Sanierungsarbeiten<\/strong> gesperrt.<\/p>\n<p data-start=\"333\" data-end=\"473\">Die <strong data-start=\"337\" data-end=\"351\">Linie 2302<\/strong> f\u00e4hrt deshalb eine Umleitung \u00fcber <strong data-start=\"386\" data-end=\"470\">Memelstra\u00dfe, Ostlandstra\u00dfe, Steinfeldstra\u00dfe, Gro\u00dfe Gartenstra\u00dfe und Herrenstra\u00dfe<\/strong>.<\/p>\n<p data-start=\"475\" data-end=\"699\">\u27a1\ufe0f Die Haltestellen \u201e<strong data-start=\"496\" data-end=\"520\">Harsefeld, Wiesenweg<\/strong>\u201c und \u201e<strong data-start=\"527\" data-end=\"549\">Harsefeld, Freibad<\/strong>\u201c k\u00f6nnen in dieser Zeit nicht bedient werden.<br data-start=\"594\" data-end=\"597\" \/>Bitte nutz stattdessen die Haltestellen \u201e<strong data-start=\"638\" data-end=\"666\">Harsefeld, Am Bockelfeld<\/strong>\u201c und \u201e<strong data-start=\"673\" data-end=\"695\">Harsefeld, Rathaus<\/strong>\u201c.<\/p>\n","protected":false},"excerpt":{"rendered":"<p>Vom 25. September 2025 bis 31. Oktober 2025 ist der Quellenweg sowie die Kreuzungen mit Gierenberg, Wiesenweg und Ostlandstra\u00dfe in Harsefeld wegen Sanierungsarbeiten gesperrt. Die Linie 2302 f\u00e4hrt deshalb eine Umleitung \u00fcber Memelstra\u00dfe, Ostlandstra\u00dfe, Steinfeldstra\u00dfe, Gro\u00dfe Gartenstra\u00dfe und Herrenstra\u00dfe. \u27a1\ufe0f Die Haltestellen \u201eHarsefeld, Wiesenweg\u201c und \u201eHarsefeld, Freibad\u201c k\u00f6nnen in dieser Zeit nicht bedient werden.Bitte nutz stattdessen die Haltestellen \u201eHarsefeld, Am Bockelfeld\u201c und \u201eHarsefeld, Rathaus\u201c.<\/p>\n","protected":false},"author":10,"featured_media":2753,"comment_status":"open","ping_status":"open","sticky":false,"template":"","format":"standard","meta":{"footnotes":""},"categories":[16,53],"tags":[],"class_list":["post-422","post","type-post","status-publish","format-standard","has-post-thumbnail","hentry","category-fahrplanabweichungen","category-stade"],"yoast_head":"<!-- This site is optimized with the Yoast SEO plugin v27.4 - https:\/\/yoast.com\/product\/yoast-seo-wordpress\/ -->\n<title>Linie 2302 | Bauarbeiten in Harsefeld: 25.09. \u2013 31.10.2025 - cebus<\/title>\n<meta name=\"robots\" content=\"index, follow, max-snippet:-1, max-image-preview:large, max-video-preview:-1\" \/>\n<link rel=\"canonical\" href=\"https:\/\/kvg-bus.de\/cebus\/2025\/09\/30\/linie-2302-bauarbeiten-in-harsefeld-25-09-12-10-2025\/\" \/>\n<meta property=\"og:locale\" content=\"de_DE\" \/>\n<meta property=\"og:type\" content=\"article\" \/>\n<meta property=\"og:title\" content=\"Linie 2302 | Bauarbeiten in Harsefeld: 25.09. \u2013 31.10.2025 - cebus\" \/>\n<meta property=\"og:description\" content=\"Vom 25. September 2025 bis 31. Oktober 2025 ist der Quellenweg sowie die Kreuzungen mit Gierenberg, Wiesenweg und Ostlandstra\u00dfe in Harsefeld wegen Sanierungsarbeiten gesperrt. Die Linie 2302 f\u00e4hrt deshalb eine Umleitung \u00fcber Memelstra\u00dfe, Ostlandstra\u00dfe, Steinfeldstra\u00dfe, Gro\u00dfe Gartenstra\u00dfe und Herrenstra\u00dfe. \u27a1\ufe0f Die Haltestellen \u201eHarsefeld, Wiesenweg\u201c und \u201eHarsefeld, Freibad\u201c k\u00f6nnen in dieser Zeit nicht bedient werden.Bitte nutz stattdessen die Haltestellen \u201eHarsefeld, Am Bockelfeld\u201c und \u201eHarsefeld, Rathaus\u201c.\" \/>\n<meta property=\"og:url\" content=\"https:\/\/kvg-bus.de\/cebus\/2025\/09\/30\/linie-2302-bauarbeiten-in-harsefeld-25-09-12-10-2025\/\" \/>\n<meta property=\"og:site_name\" content=\"cebus\" \/>\n<meta property=\"article:published_time\" content=\"2025-09-30T09:17:25+00:00\" \/>\n<meta name=\"author\" content=\"mzimmermann\" \/>\n<meta name=\"twitter:card\" content=\"summary_large_image\" \/>\n<meta name=\"twitter:label1\" content=\"Verfasst von\" \/>\n\t<meta name=\"twitter:data1\" content=\"mzimmermann\" \/>\n\t<meta name=\"twitter:label2\" content=\"Gesch\u00e4tzte Lesezeit\" \/>\n\t<meta name=\"twitter:data2\" content=\"1\u00a0Minute\" \/>\n<script type=\"application\/ld+json\" class=\"yoast-schema-graph\">{\"@context\":\"https:\\\/\\\/schema.org\",\"@graph\":[{\"@type\":\"Article\",\"@id\":\"https:\\\/\\\/kvg-bus.de\\\/cebus\\\/2025\\\/09\\\/30\\\/linie-2302-bauarbeiten-in-harsefeld-25-09-12-10-2025\\\/#article\",\"isPartOf\":{\"@id\":\"https:\\\/\\\/kvg-bus.de\\\/cebus\\\/2025\\\/09\\\/30\\\/linie-2302-bauarbeiten-in-harsefeld-25-09-12-10-2025\\\/\"},\"author\":{\"name\":\"mzimmermann\",\"@id\":\"https:\\\/\\\/kvg-bus.de\\\/cebus\\\/#\\\/schema\\\/person\\\/5a5abfab092f868ec7cbe0f59e95749b\"},\"headline\":\"Linie 2302 | Bauarbeiten in Harsefeld: 25.09. \u2013 31.10.2025\",\"datePublished\":\"2025-09-30T09:17:25+00:00\",\"mainEntityOfPage\":{\"@id\":\"https:\\\/\\\/kvg-bus.de\\\/cebus\\\/2025\\\/09\\\/30\\\/linie-2302-bauarbeiten-in-harsefeld-25-09-12-10-2025\\\/\"},\"wordCount\":72,\"commentCount\":0,\"image\":{\"@id\":\"https:\\\/\\\/kvg-bus.de\\\/cebus\\\/2025\\\/09\\\/30\\\/linie-2302-bauarbeiten-in-harsefeld-25-09-12-10-2025\\\/#primaryimage\"},\"thumbnailUrl\":\"\",\"articleSection\":[\"Fahrplanabweichungen\",\"Stade\"],\"inLanguage\":\"de\",\"potentialAction\":[{\"@type\":\"CommentAction\",\"name\":\"Comment\",\"target\":[\"https:\\\/\\\/kvg-bus.de\\\/cebus\\\/2025\\\/09\\\/30\\\/linie-2302-bauarbeiten-in-harsefeld-25-09-12-10-2025\\\/#respond\"]}]},{\"@type\":\"WebPage\",\"@id\":\"https:\\\/\\\/kvg-bus.de\\\/cebus\\\/2025\\\/09\\\/30\\\/linie-2302-bauarbeiten-in-harsefeld-25-09-12-10-2025\\\/\",\"url\":\"https:\\\/\\\/kvg-bus.de\\\/cebus\\\/2025\\\/09\\\/30\\\/linie-2302-bauarbeiten-in-harsefeld-25-09-12-10-2025\\\/\",\"name\":\"Linie 2302 | Bauarbeiten in Harsefeld: 25.09. \u2013 31.10.2025 - cebus\",\"isPartOf\":{\"@id\":\"https:\\\/\\\/kvg-bus.de\\\/cebus\\\/#website\"},\"primaryImageOfPage\":{\"@id\":\"https:\\\/\\\/kvg-bus.de\\\/cebus\\\/2025\\\/09\\\/30\\\/linie-2302-bauarbeiten-in-harsefeld-25-09-12-10-2025\\\/#primaryimage\"},\"image\":{\"@id\":\"https:\\\/\\\/kvg-bus.de\\\/cebus\\\/2025\\\/09\\\/30\\\/linie-2302-bauarbeiten-in-harsefeld-25-09-12-10-2025\\\/#primaryimage\"},\"thumbnailUrl\":\"\",\"datePublished\":\"2025-09-30T09:17:25+00:00\",\"author\":{\"@id\":\"https:\\\/\\\/kvg-bus.de\\\/cebus\\\/#\\\/schema\\\/person\\\/5a5abfab092f868ec7cbe0f59e95749b\"},\"breadcrumb\":{\"@id\":\"https:\\\/\\\/kvg-bus.de\\\/cebus\\\/2025\\\/09\\\/30\\\/linie-2302-bauarbeiten-in-harsefeld-25-09-12-10-2025\\\/#breadcrumb\"},\"inLanguage\":\"de\",\"potentialAction\":[{\"@type\":\"ReadAction\",\"target\":[\"https:\\\/\\\/kvg-bus.de\\\/cebus\\\/2025\\\/09\\\/30\\\/linie-2302-bauarbeiten-in-harsefeld-25-09-12-10-2025\\\/\"]}]},{\"@type\":\"ImageObject\",\"inLanguage\":\"de\",\"@id\":\"https:\\\/\\\/kvg-bus.de\\\/cebus\\\/2025\\\/09\\\/30\\\/linie-2302-bauarbeiten-in-harsefeld-25-09-12-10-2025\\\/#primaryimage\",\"url\":\"\",\"contentUrl\":\"\"},{\"@type\":\"BreadcrumbList\",\"@id\":\"https:\\\/\\\/kvg-bus.de\\\/cebus\\\/2025\\\/09\\\/30\\\/linie-2302-bauarbeiten-in-harsefeld-25-09-12-10-2025\\\/#breadcrumb\",\"itemListElement\":[{\"@type\":\"ListItem\",\"position\":1,\"name\":\"Startseite\",\"item\":\"https:\\\/\\\/kvg-bus.de\\\/cebus\\\/\"},{\"@type\":\"ListItem\",\"position\":2,\"name\":\"Linie 2302 | Bauarbeiten in Harsefeld: 25.09. \u2013 31.10.2025\"}]},{\"@type\":\"WebSite\",\"@id\":\"https:\\\/\\\/kvg-bus.de\\\/cebus\\\/#website\",\"url\":\"https:\\\/\\\/kvg-bus.de\\\/cebus\\\/\",\"name\":\"cebus\",\"description\":\"\",\"potentialAction\":[{\"@type\":\"SearchAction\",\"target\":{\"@type\":\"EntryPoint\",\"urlTemplate\":\"https:\\\/\\\/kvg-bus.de\\\/cebus\\\/?s={search_term_string}\"},\"query-input\":{\"@type\":\"PropertyValueSpecification\",\"valueRequired\":true,\"valueName\":\"search_term_string\"}}],\"inLanguage\":\"de\"},{\"@type\":\"Person\",\"@id\":\"https:\\\/\\\/kvg-bus.de\\\/cebus\\\/#\\\/schema\\\/person\\\/5a5abfab092f868ec7cbe0f59e95749b\",\"name\":\"mzimmermann\",\"image\":{\"@type\":\"ImageObject\",\"inLanguage\":\"de\",\"@id\":\"https:\\\/\\\/secure.gravatar.com\\\/avatar\\\/0f69d8b83e3b3e54f0b766684bb3fd6649f0081ecdbff759ed4b19e5df68d1e4?s=96&d=mm&r=g\",\"url\":\"https:\\\/\\\/secure.gravatar.com\\\/avatar\\\/0f69d8b83e3b3e54f0b766684bb3fd6649f0081ecdbff759ed4b19e5df68d1e4?s=96&d=mm&r=g\",\"contentUrl\":\"https:\\\/\\\/secure.gravatar.com\\\/avatar\\\/0f69d8b83e3b3e54f0b766684bb3fd6649f0081ecdbff759ed4b19e5df68d1e4?s=96&d=mm&r=g\",\"caption\":\"mzimmermann\"},\"url\":\"https:\\\/\\\/kvg-bus.de\\\/cebus\\\/author\\\/mzimmermann\\\/\"}]}<\/script>\n<!-- \/ Yoast SEO plugin. -->","yoast_head_json":{"title":"Linie 2302 | Bauarbeiten in Harsefeld: 25.09. \u2013 31.10.2025 - cebus","robots":{"index":"index","follow":"follow","max-snippet":"max-snippet:-1","max-image-preview":"max-image-preview:large","max-video-preview":"max-video-preview:-1"},"canonical":"https:\/\/kvg-bus.de\/cebus\/2025\/09\/30\/linie-2302-bauarbeiten-in-harsefeld-25-09-12-10-2025\/","og_locale":"de_DE","og_type":"article","og_title":"Linie 2302 | Bauarbeiten in Harsefeld: 25.09. \u2013 31.10.2025 - cebus","og_description":"Vom 25. September 2025 bis 31. Oktober 2025 ist der Quellenweg sowie die Kreuzungen mit Gierenberg, Wiesenweg und Ostlandstra\u00dfe in Harsefeld wegen Sanierungsarbeiten gesperrt. Die Linie 2302 f\u00e4hrt deshalb eine Umleitung \u00fcber Memelstra\u00dfe, Ostlandstra\u00dfe, Steinfeldstra\u00dfe, Gro\u00dfe Gartenstra\u00dfe und Herrenstra\u00dfe. \u27a1\ufe0f Die Haltestellen \u201eHarsefeld, Wiesenweg\u201c und \u201eHarsefeld, Freibad\u201c k\u00f6nnen in dieser Zeit nicht bedient werden.Bitte nutz stattdessen die Haltestellen \u201eHarsefeld, Am Bockelfeld\u201c und \u201eHarsefeld, Rathaus\u201c.","og_url":"https:\/\/kvg-bus.de\/cebus\/2025\/09\/30\/linie-2302-bauarbeiten-in-harsefeld-25-09-12-10-2025\/","og_site_name":"cebus","article_published_time":"2025-09-30T09:17:25+00:00","author":"mzimmermann","twitter_card":"summary_large_image","twitter_misc":{"Verfasst von":"mzimmermann","Gesch\u00e4tzte Lesezeit":"1\u00a0Minute"},"schema":{"@context":"https:\/\/schema.org","@graph":[{"@type":"Article","@id":"https:\/\/kvg-bus.de\/cebus\/2025\/09\/30\/linie-2302-bauarbeiten-in-harsefeld-25-09-12-10-2025\/#article","isPartOf":{"@id":"https:\/\/kvg-bus.de\/cebus\/2025\/09\/30\/linie-2302-bauarbeiten-in-harsefeld-25-09-12-10-2025\/"},"author":{"name":"mzimmermann","@id":"https:\/\/kvg-bus.de\/cebus\/#\/schema\/person\/5a5abfab092f868ec7cbe0f59e95749b"},"headline":"Linie 2302 | Bauarbeiten in Harsefeld: 25.09. \u2013 31.10.2025","datePublished":"2025-09-30T09:17:25+00:00","mainEntityOfPage":{"@id":"https:\/\/kvg-bus.de\/cebus\/2025\/09\/30\/linie-2302-bauarbeiten-in-harsefeld-25-09-12-10-2025\/"},"wordCount":72,"commentCount":0,"image":{"@id":"https:\/\/kvg-bus.de\/cebus\/2025\/09\/30\/linie-2302-bauarbeiten-in-harsefeld-25-09-12-10-2025\/#primaryimage"},"thumbnailUrl":"","articleSection":["Fahrplanabweichungen","Stade"],"inLanguage":"de","potentialAction":[{"@type":"CommentAction","name":"Comment","target":["https:\/\/kvg-bus.de\/cebus\/2025\/09\/30\/linie-2302-bauarbeiten-in-harsefeld-25-09-12-10-2025\/#respond"]}]},{"@type":"WebPage","@id":"https:\/\/kvg-bus.de\/cebus\/2025\/09\/30\/linie-2302-bauarbeiten-in-harsefeld-25-09-12-10-2025\/","url":"https:\/\/kvg-bus.de\/cebus\/2025\/09\/30\/linie-2302-bauarbeiten-in-harsefeld-25-09-12-10-2025\/","name":"Linie 2302 | Bauarbeiten in Harsefeld: 25.09. \u2013 31.10.2025 - cebus","isPartOf":{"@id":"https:\/\/kvg-bus.de\/cebus\/#website"},"primaryImageOfPage":{"@id":"https:\/\/kvg-bus.de\/cebus\/2025\/09\/30\/linie-2302-bauarbeiten-in-harsefeld-25-09-12-10-2025\/#primaryimage"},"image":{"@id":"https:\/\/kvg-bus.de\/cebus\/2025\/09\/30\/linie-2302-bauarbeiten-in-harsefeld-25-09-12-10-2025\/#primaryimage"},"thumbnailUrl":"","datePublished":"2025-09-30T09:17:25+00:00","author":{"@id":"https:\/\/kvg-bus.de\/cebus\/#\/schema\/person\/5a5abfab092f868ec7cbe0f59e95749b"},"breadcrumb":{"@id":"https:\/\/kvg-bus.de\/cebus\/2025\/09\/30\/linie-2302-bauarbeiten-in-harsefeld-25-09-12-10-2025\/#breadcrumb"},"inLanguage":"de","potentialAction":[{"@type":"ReadAction","target":["https:\/\/kvg-bus.de\/cebus\/2025\/09\/30\/linie-2302-bauarbeiten-in-harsefeld-25-09-12-10-2025\/"]}]},{"@type":"ImageObject","inLanguage":"de","@id":"https:\/\/kvg-bus.de\/cebus\/2025\/09\/30\/linie-2302-bauarbeiten-in-harsefeld-25-09-12-10-2025\/#primaryimage","url":"","contentUrl":""},{"@type":"BreadcrumbList","@id":"https:\/\/kvg-bus.de\/cebus\/2025\/09\/30\/linie-2302-bauarbeiten-in-harsefeld-25-09-12-10-2025\/#breadcrumb","itemListElement":[{"@type":"ListItem","position":1,"name":"Startseite","item":"https:\/\/kvg-bus.de\/cebus\/"},{"@type":"ListItem","position":2,"name":"Linie 2302 | Bauarbeiten in Harsefeld: 25.09. \u2013 31.10.2025"}]},{"@type":"WebSite","@id":"https:\/\/kvg-bus.de\/cebus\/#website","url":"https:\/\/kvg-bus.de\/cebus\/","name":"cebus","description":"","potentialAction":[{"@type":"SearchAction","target":{"@type":"EntryPoint","urlTemplate":"https:\/\/kvg-bus.de\/cebus\/?s={search_term_string}"},"query-input":{"@type":"PropertyValueSpecification","valueRequired":true,"valueName":"search_term_string"}}],"inLanguage":"de"},{"@type":"Person","@id":"https:\/\/kvg-bus.de\/cebus\/#\/schema\/person\/5a5abfab092f868ec7cbe0f59e95749b","name":"mzimmermann","image":{"@type":"ImageObject","inLanguage":"de","@id":"https:\/\/secure.gravatar.com\/avatar\/0f69d8b83e3b3e54f0b766684bb3fd6649f0081ecdbff759ed4b19e5df68d1e4?s=96&d=mm&r=g","url":"https:\/\/secure.gravatar.com\/avatar\/0f69d8b83e3b3e54f0b766684bb3fd6649f0081ecdbff759ed4b19e5df68d1e4?s=96&d=mm&r=g","contentUrl":"https:\/\/secure.gravatar.com\/avatar\/0f69d8b83e3b3e54f0b766684bb3fd6649f0081ecdbff759ed4b19e5df68d1e4?s=96&d=mm&r=g","caption":"mzimmermann"},"url":"https:\/\/kvg-bus.de\/cebus\/author\/mzimmermann\/"}]}},"_links":{"self":[{"href":"https:\/\/kvg-bus.de\/cebus\/wp-json\/wp\/v2\/posts\/422","targetHints":{"allow":["GET"]}}],"collection":[{"href":"https:\/\/kvg-bus.de\/cebus\/wp-json\/wp\/v2\/posts"}],"about":[{"href":"https:\/\/kvg-bus.de\/cebus\/wp-json\/wp\/v2\/types\/post"}],"author":[{"embeddable":true,"href":"https:\/\/kvg-bus.de\/cebus\/wp-json\/wp\/v2\/users\/10"}],"replies":[{"embeddable":true,"href":"https:\/\/kvg-bus.de\/cebus\/wp-json\/wp\/v2\/comments?post=422"}],"version-history":[{"count":0,"href":"https:\/\/kvg-bus.de\/cebus\/wp-json\/wp\/v2\/posts\/422\/revisions"}],"wp:featuredmedia":[{"embeddable":true,"href":"https:\/\/kvg-bus.de\/cebus\/wp-json\/"}],"wp:attachment":[{"href":"https:\/\/kvg-bus.de\/cebus\/wp-json\/wp\/v2\/media?parent=422"}],"wp:term":[{"taxonomy":"category","embeddable":true,"href":"https:\/\/kvg-bus.de\/cebus\/wp-json\/wp\/v2\/categories?post=422"},{"taxonomy":"post_tag","embeddable":true,"href":"https:\/\/kvg-bus.de\/cebus\/wp-json\/wp\/v2\/tags?post=422"}],"curies":[{"name":"wp","href":"https:\/\/api.w.org\/{rel}","templated":true}]}}