{"id":420,"date":"2025-10-15T12:18:58","date_gmt":"2025-10-15T10:18:58","guid":{"rendered":"https:\/\/kvg-bus.de\/cebus\/2025\/10\/15\/linien-2365-2368-und-2726-bauarbeiten-in-kakerbeck-20-10-14-11-2025\/"},"modified":"2025-10-15T12:18:58","modified_gmt":"2025-10-15T10:18:58","slug":"linien-2365-2368-und-2726-bauarbeiten-in-kakerbeck-20-10-14-11-2025","status":"publish","type":"post","link":"https:\/\/kvg-bus.de\/cebus\/2025\/10\/15\/linien-2365-2368-und-2726-bauarbeiten-in-kakerbeck-20-10-14-11-2025\/","title":{"rendered":"Linien 2365, 2368 und 2726 | Bauarbeiten in Kakerbeck: 20.10. \u2013 14.11.2025"},"content":{"rendered":"<p data-start=\"151\" data-end=\"310\">Vom <strong data-start=\"155\" data-end=\"175\">20. Oktober 2025<\/strong> bis <strong data-start=\"180\" data-end=\"201\">14. November 2025<\/strong> sind die Stra\u00dfen <strong data-start=\"219\" data-end=\"232\">Im Drauen<\/strong> und <strong data-start=\"237\" data-end=\"252\">Neue Stra\u00dfe<\/strong> in <strong data-start=\"256\" data-end=\"269\">Kakerbeck<\/strong> wegen <strong data-start=\"276\" data-end=\"298\">Sanierungsarbeiten<\/strong> gesperrt.<\/p>\n<p data-start=\"312\" data-end=\"510\">Die <strong data-start=\"316\" data-end=\"346\">Linien 2365 und 2368<\/strong>\u00a0fahren deshalb eine Umleitung \u00fcber <strong data-start=\"382\" data-end=\"432\">Stader Stra\u00dfe, Kakerbecker Stra\u00dfe und Bockholt<\/strong> und k\u00f6nnen die Haltestelle \u201e<strong data-start=\"461\" data-end=\"491\">Kakerbeck, Alte Dorfstra\u00dfe<\/strong>\u201c nicht bedienen.<\/p>\n<p data-start=\"512\" data-end=\"596\">Die <strong data-start=\"516\" data-end=\"530\">Linie 2726<\/strong> kann die Haltestelle \u201e<strong data-start=\"553\" data-end=\"577\">Kakerbeck, Im Drauen<\/strong>\u201c nicht bedienen.<\/p>\n<p data-start=\"598\" data-end=\"695\">\u27a1\ufe0f Bitte nutz stattdessen die <strong data-start=\"628\" data-end=\"692\">Ersatzhaltestelle in der Neuen Stra\u00dfe, H\u00f6he der Hausnummer 9<\/strong>.<\/p>\n","protected":false},"excerpt":{"rendered":"<p>Vom 20. Oktober 2025 bis 14. November 2025 sind die Stra\u00dfen Im Drauen und Neue Stra\u00dfe in Kakerbeck wegen Sanierungsarbeiten gesperrt. Die Linien 2365 und 2368\u00a0fahren deshalb eine Umleitung \u00fcber Stader Stra\u00dfe, Kakerbecker Stra\u00dfe und Bockholt und k\u00f6nnen die Haltestelle \u201eKakerbeck, Alte Dorfstra\u00dfe\u201c nicht bedienen. Die Linie 2726 kann die Haltestelle \u201eKakerbeck, Im Drauen\u201c nicht bedienen. \u27a1\ufe0f Bitte nutz stattdessen die Ersatzhaltestelle in der Neuen Stra\u00dfe, H\u00f6he der Hausnummer 9.<\/p>\n","protected":false},"author":10,"featured_media":2753,"comment_status":"open","ping_status":"open","sticky":false,"template":"","format":"standard","meta":{"footnotes":""},"categories":[16,53],"tags":[],"class_list":["post-420","post","type-post","status-publish","format-standard","has-post-thumbnail","hentry","category-fahrplanabweichungen","category-stade"],"yoast_head":"<!-- This site is optimized with the Yoast SEO plugin v27.4 - https:\/\/yoast.com\/product\/yoast-seo-wordpress\/ -->\n<title>Linien 2365, 2368 und 2726 | Bauarbeiten in Kakerbeck: 20.10. \u2013 14.11.2025 - cebus<\/title>\n<meta name=\"robots\" content=\"index, follow, max-snippet:-1, max-image-preview:large, max-video-preview:-1\" \/>\n<link rel=\"canonical\" href=\"https:\/\/kvg-bus.de\/cebus\/2025\/10\/15\/linien-2365-2368-und-2726-bauarbeiten-in-kakerbeck-20-10-14-11-2025\/\" \/>\n<meta property=\"og:locale\" content=\"de_DE\" \/>\n<meta property=\"og:type\" content=\"article\" \/>\n<meta property=\"og:title\" content=\"Linien 2365, 2368 und 2726 | Bauarbeiten in Kakerbeck: 20.10. \u2013 14.11.2025 - cebus\" \/>\n<meta property=\"og:description\" content=\"Vom 20. Oktober 2025 bis 14. November 2025 sind die Stra\u00dfen Im Drauen und Neue Stra\u00dfe in Kakerbeck wegen Sanierungsarbeiten gesperrt. Die Linien 2365 und 2368\u00a0fahren deshalb eine Umleitung \u00fcber Stader Stra\u00dfe, Kakerbecker Stra\u00dfe und Bockholt und k\u00f6nnen die Haltestelle \u201eKakerbeck, Alte Dorfstra\u00dfe\u201c nicht bedienen. Die Linie 2726 kann die Haltestelle \u201eKakerbeck, Im Drauen\u201c nicht bedienen. \u27a1\ufe0f Bitte nutz stattdessen die Ersatzhaltestelle in der Neuen Stra\u00dfe, H\u00f6he der Hausnummer 9.\" \/>\n<meta property=\"og:url\" content=\"https:\/\/kvg-bus.de\/cebus\/2025\/10\/15\/linien-2365-2368-und-2726-bauarbeiten-in-kakerbeck-20-10-14-11-2025\/\" \/>\n<meta property=\"og:site_name\" content=\"cebus\" \/>\n<meta property=\"article:published_time\" content=\"2025-10-15T10:18:58+00:00\" \/>\n<meta name=\"author\" content=\"mzimmermann\" \/>\n<meta name=\"twitter:card\" content=\"summary_large_image\" \/>\n<meta name=\"twitter:label1\" content=\"Verfasst von\" \/>\n\t<meta name=\"twitter:data1\" content=\"mzimmermann\" \/>\n<script type=\"application\/ld+json\" class=\"yoast-schema-graph\">{\"@context\":\"https:\\\/\\\/schema.org\",\"@graph\":[{\"@type\":\"Article\",\"@id\":\"https:\\\/\\\/kvg-bus.de\\\/cebus\\\/2025\\\/10\\\/15\\\/linien-2365-2368-und-2726-bauarbeiten-in-kakerbeck-20-10-14-11-2025\\\/#article\",\"isPartOf\":{\"@id\":\"https:\\\/\\\/kvg-bus.de\\\/cebus\\\/2025\\\/10\\\/15\\\/linien-2365-2368-und-2726-bauarbeiten-in-kakerbeck-20-10-14-11-2025\\\/\"},\"author\":{\"name\":\"mzimmermann\",\"@id\":\"https:\\\/\\\/kvg-bus.de\\\/cebus\\\/#\\\/schema\\\/person\\\/5a5abfab092f868ec7cbe0f59e95749b\"},\"headline\":\"Linien 2365, 2368 und 2726 | Bauarbeiten in Kakerbeck: 20.10. \u2013 14.11.2025\",\"datePublished\":\"2025-10-15T10:18:58+00:00\",\"mainEntityOfPage\":{\"@id\":\"https:\\\/\\\/kvg-bus.de\\\/cebus\\\/2025\\\/10\\\/15\\\/linien-2365-2368-und-2726-bauarbeiten-in-kakerbeck-20-10-14-11-2025\\\/\"},\"wordCount\":75,\"commentCount\":0,\"image\":{\"@id\":\"https:\\\/\\\/kvg-bus.de\\\/cebus\\\/2025\\\/10\\\/15\\\/linien-2365-2368-und-2726-bauarbeiten-in-kakerbeck-20-10-14-11-2025\\\/#primaryimage\"},\"thumbnailUrl\":\"\",\"articleSection\":[\"Fahrplanabweichungen\",\"Stade\"],\"inLanguage\":\"de\",\"potentialAction\":[{\"@type\":\"CommentAction\",\"name\":\"Comment\",\"target\":[\"https:\\\/\\\/kvg-bus.de\\\/cebus\\\/2025\\\/10\\\/15\\\/linien-2365-2368-und-2726-bauarbeiten-in-kakerbeck-20-10-14-11-2025\\\/#respond\"]}]},{\"@type\":\"WebPage\",\"@id\":\"https:\\\/\\\/kvg-bus.de\\\/cebus\\\/2025\\\/10\\\/15\\\/linien-2365-2368-und-2726-bauarbeiten-in-kakerbeck-20-10-14-11-2025\\\/\",\"url\":\"https:\\\/\\\/kvg-bus.de\\\/cebus\\\/2025\\\/10\\\/15\\\/linien-2365-2368-und-2726-bauarbeiten-in-kakerbeck-20-10-14-11-2025\\\/\",\"name\":\"Linien 2365, 2368 und 2726 | Bauarbeiten in Kakerbeck: 20.10. \u2013 14.11.2025 - cebus\",\"isPartOf\":{\"@id\":\"https:\\\/\\\/kvg-bus.de\\\/cebus\\\/#website\"},\"primaryImageOfPage\":{\"@id\":\"https:\\\/\\\/kvg-bus.de\\\/cebus\\\/2025\\\/10\\\/15\\\/linien-2365-2368-und-2726-bauarbeiten-in-kakerbeck-20-10-14-11-2025\\\/#primaryimage\"},\"image\":{\"@id\":\"https:\\\/\\\/kvg-bus.de\\\/cebus\\\/2025\\\/10\\\/15\\\/linien-2365-2368-und-2726-bauarbeiten-in-kakerbeck-20-10-14-11-2025\\\/#primaryimage\"},\"thumbnailUrl\":\"\",\"datePublished\":\"2025-10-15T10:18:58+00:00\",\"author\":{\"@id\":\"https:\\\/\\\/kvg-bus.de\\\/cebus\\\/#\\\/schema\\\/person\\\/5a5abfab092f868ec7cbe0f59e95749b\"},\"breadcrumb\":{\"@id\":\"https:\\\/\\\/kvg-bus.de\\\/cebus\\\/2025\\\/10\\\/15\\\/linien-2365-2368-und-2726-bauarbeiten-in-kakerbeck-20-10-14-11-2025\\\/#breadcrumb\"},\"inLanguage\":\"de\",\"potentialAction\":[{\"@type\":\"ReadAction\",\"target\":[\"https:\\\/\\\/kvg-bus.de\\\/cebus\\\/2025\\\/10\\\/15\\\/linien-2365-2368-und-2726-bauarbeiten-in-kakerbeck-20-10-14-11-2025\\\/\"]}]},{\"@type\":\"ImageObject\",\"inLanguage\":\"de\",\"@id\":\"https:\\\/\\\/kvg-bus.de\\\/cebus\\\/2025\\\/10\\\/15\\\/linien-2365-2368-und-2726-bauarbeiten-in-kakerbeck-20-10-14-11-2025\\\/#primaryimage\",\"url\":\"\",\"contentUrl\":\"\"},{\"@type\":\"BreadcrumbList\",\"@id\":\"https:\\\/\\\/kvg-bus.de\\\/cebus\\\/2025\\\/10\\\/15\\\/linien-2365-2368-und-2726-bauarbeiten-in-kakerbeck-20-10-14-11-2025\\\/#breadcrumb\",\"itemListElement\":[{\"@type\":\"ListItem\",\"position\":1,\"name\":\"Startseite\",\"item\":\"https:\\\/\\\/kvg-bus.de\\\/cebus\\\/\"},{\"@type\":\"ListItem\",\"position\":2,\"name\":\"Linien 2365, 2368 und 2726 | Bauarbeiten in Kakerbeck: 20.10. \u2013 14.11.2025\"}]},{\"@type\":\"WebSite\",\"@id\":\"https:\\\/\\\/kvg-bus.de\\\/cebus\\\/#website\",\"url\":\"https:\\\/\\\/kvg-bus.de\\\/cebus\\\/\",\"name\":\"cebus\",\"description\":\"\",\"potentialAction\":[{\"@type\":\"SearchAction\",\"target\":{\"@type\":\"EntryPoint\",\"urlTemplate\":\"https:\\\/\\\/kvg-bus.de\\\/cebus\\\/?s={search_term_string}\"},\"query-input\":{\"@type\":\"PropertyValueSpecification\",\"valueRequired\":true,\"valueName\":\"search_term_string\"}}],\"inLanguage\":\"de\"},{\"@type\":\"Person\",\"@id\":\"https:\\\/\\\/kvg-bus.de\\\/cebus\\\/#\\\/schema\\\/person\\\/5a5abfab092f868ec7cbe0f59e95749b\",\"name\":\"mzimmermann\",\"image\":{\"@type\":\"ImageObject\",\"inLanguage\":\"de\",\"@id\":\"https:\\\/\\\/secure.gravatar.com\\\/avatar\\\/0f69d8b83e3b3e54f0b766684bb3fd6649f0081ecdbff759ed4b19e5df68d1e4?s=96&d=mm&r=g\",\"url\":\"https:\\\/\\\/secure.gravatar.com\\\/avatar\\\/0f69d8b83e3b3e54f0b766684bb3fd6649f0081ecdbff759ed4b19e5df68d1e4?s=96&d=mm&r=g\",\"contentUrl\":\"https:\\\/\\\/secure.gravatar.com\\\/avatar\\\/0f69d8b83e3b3e54f0b766684bb3fd6649f0081ecdbff759ed4b19e5df68d1e4?s=96&d=mm&r=g\",\"caption\":\"mzimmermann\"},\"url\":\"https:\\\/\\\/kvg-bus.de\\\/cebus\\\/author\\\/mzimmermann\\\/\"}]}<\/script>\n<!-- \/ Yoast SEO plugin. -->","yoast_head_json":{"title":"Linien 2365, 2368 und 2726 | Bauarbeiten in Kakerbeck: 20.10. \u2013 14.11.2025 - cebus","robots":{"index":"index","follow":"follow","max-snippet":"max-snippet:-1","max-image-preview":"max-image-preview:large","max-video-preview":"max-video-preview:-1"},"canonical":"https:\/\/kvg-bus.de\/cebus\/2025\/10\/15\/linien-2365-2368-und-2726-bauarbeiten-in-kakerbeck-20-10-14-11-2025\/","og_locale":"de_DE","og_type":"article","og_title":"Linien 2365, 2368 und 2726 | Bauarbeiten in Kakerbeck: 20.10. \u2013 14.11.2025 - cebus","og_description":"Vom 20. Oktober 2025 bis 14. November 2025 sind die Stra\u00dfen Im Drauen und Neue Stra\u00dfe in Kakerbeck wegen Sanierungsarbeiten gesperrt. Die Linien 2365 und 2368\u00a0fahren deshalb eine Umleitung \u00fcber Stader Stra\u00dfe, Kakerbecker Stra\u00dfe und Bockholt und k\u00f6nnen die Haltestelle \u201eKakerbeck, Alte Dorfstra\u00dfe\u201c nicht bedienen. Die Linie 2726 kann die Haltestelle \u201eKakerbeck, Im Drauen\u201c nicht bedienen. \u27a1\ufe0f Bitte nutz stattdessen die Ersatzhaltestelle in der Neuen Stra\u00dfe, H\u00f6he der Hausnummer 9.","og_url":"https:\/\/kvg-bus.de\/cebus\/2025\/10\/15\/linien-2365-2368-und-2726-bauarbeiten-in-kakerbeck-20-10-14-11-2025\/","og_site_name":"cebus","article_published_time":"2025-10-15T10:18:58+00:00","author":"mzimmermann","twitter_card":"summary_large_image","twitter_misc":{"Verfasst von":"mzimmermann"},"schema":{"@context":"https:\/\/schema.org","@graph":[{"@type":"Article","@id":"https:\/\/kvg-bus.de\/cebus\/2025\/10\/15\/linien-2365-2368-und-2726-bauarbeiten-in-kakerbeck-20-10-14-11-2025\/#article","isPartOf":{"@id":"https:\/\/kvg-bus.de\/cebus\/2025\/10\/15\/linien-2365-2368-und-2726-bauarbeiten-in-kakerbeck-20-10-14-11-2025\/"},"author":{"name":"mzimmermann","@id":"https:\/\/kvg-bus.de\/cebus\/#\/schema\/person\/5a5abfab092f868ec7cbe0f59e95749b"},"headline":"Linien 2365, 2368 und 2726 | Bauarbeiten in Kakerbeck: 20.10. \u2013 14.11.2025","datePublished":"2025-10-15T10:18:58+00:00","mainEntityOfPage":{"@id":"https:\/\/kvg-bus.de\/cebus\/2025\/10\/15\/linien-2365-2368-und-2726-bauarbeiten-in-kakerbeck-20-10-14-11-2025\/"},"wordCount":75,"commentCount":0,"image":{"@id":"https:\/\/kvg-bus.de\/cebus\/2025\/10\/15\/linien-2365-2368-und-2726-bauarbeiten-in-kakerbeck-20-10-14-11-2025\/#primaryimage"},"thumbnailUrl":"","articleSection":["Fahrplanabweichungen","Stade"],"inLanguage":"de","potentialAction":[{"@type":"CommentAction","name":"Comment","target":["https:\/\/kvg-bus.de\/cebus\/2025\/10\/15\/linien-2365-2368-und-2726-bauarbeiten-in-kakerbeck-20-10-14-11-2025\/#respond"]}]},{"@type":"WebPage","@id":"https:\/\/kvg-bus.de\/cebus\/2025\/10\/15\/linien-2365-2368-und-2726-bauarbeiten-in-kakerbeck-20-10-14-11-2025\/","url":"https:\/\/kvg-bus.de\/cebus\/2025\/10\/15\/linien-2365-2368-und-2726-bauarbeiten-in-kakerbeck-20-10-14-11-2025\/","name":"Linien 2365, 2368 und 2726 | Bauarbeiten in Kakerbeck: 20.10. \u2013 14.11.2025 - cebus","isPartOf":{"@id":"https:\/\/kvg-bus.de\/cebus\/#website"},"primaryImageOfPage":{"@id":"https:\/\/kvg-bus.de\/cebus\/2025\/10\/15\/linien-2365-2368-und-2726-bauarbeiten-in-kakerbeck-20-10-14-11-2025\/#primaryimage"},"image":{"@id":"https:\/\/kvg-bus.de\/cebus\/2025\/10\/15\/linien-2365-2368-und-2726-bauarbeiten-in-kakerbeck-20-10-14-11-2025\/#primaryimage"},"thumbnailUrl":"","datePublished":"2025-10-15T10:18:58+00:00","author":{"@id":"https:\/\/kvg-bus.de\/cebus\/#\/schema\/person\/5a5abfab092f868ec7cbe0f59e95749b"},"breadcrumb":{"@id":"https:\/\/kvg-bus.de\/cebus\/2025\/10\/15\/linien-2365-2368-und-2726-bauarbeiten-in-kakerbeck-20-10-14-11-2025\/#breadcrumb"},"inLanguage":"de","potentialAction":[{"@type":"ReadAction","target":["https:\/\/kvg-bus.de\/cebus\/2025\/10\/15\/linien-2365-2368-und-2726-bauarbeiten-in-kakerbeck-20-10-14-11-2025\/"]}]},{"@type":"ImageObject","inLanguage":"de","@id":"https:\/\/kvg-bus.de\/cebus\/2025\/10\/15\/linien-2365-2368-und-2726-bauarbeiten-in-kakerbeck-20-10-14-11-2025\/#primaryimage","url":"","contentUrl":""},{"@type":"BreadcrumbList","@id":"https:\/\/kvg-bus.de\/cebus\/2025\/10\/15\/linien-2365-2368-und-2726-bauarbeiten-in-kakerbeck-20-10-14-11-2025\/#breadcrumb","itemListElement":[{"@type":"ListItem","position":1,"name":"Startseite","item":"https:\/\/kvg-bus.de\/cebus\/"},{"@type":"ListItem","position":2,"name":"Linien 2365, 2368 und 2726 | Bauarbeiten in Kakerbeck: 20.10. \u2013 14.11.2025"}]},{"@type":"WebSite","@id":"https:\/\/kvg-bus.de\/cebus\/#website","url":"https:\/\/kvg-bus.de\/cebus\/","name":"cebus","description":"","potentialAction":[{"@type":"SearchAction","target":{"@type":"EntryPoint","urlTemplate":"https:\/\/kvg-bus.de\/cebus\/?s={search_term_string}"},"query-input":{"@type":"PropertyValueSpecification","valueRequired":true,"valueName":"search_term_string"}}],"inLanguage":"de"},{"@type":"Person","@id":"https:\/\/kvg-bus.de\/cebus\/#\/schema\/person\/5a5abfab092f868ec7cbe0f59e95749b","name":"mzimmermann","image":{"@type":"ImageObject","inLanguage":"de","@id":"https:\/\/secure.gravatar.com\/avatar\/0f69d8b83e3b3e54f0b766684bb3fd6649f0081ecdbff759ed4b19e5df68d1e4?s=96&d=mm&r=g","url":"https:\/\/secure.gravatar.com\/avatar\/0f69d8b83e3b3e54f0b766684bb3fd6649f0081ecdbff759ed4b19e5df68d1e4?s=96&d=mm&r=g","contentUrl":"https:\/\/secure.gravatar.com\/avatar\/0f69d8b83e3b3e54f0b766684bb3fd6649f0081ecdbff759ed4b19e5df68d1e4?s=96&d=mm&r=g","caption":"mzimmermann"},"url":"https:\/\/kvg-bus.de\/cebus\/author\/mzimmermann\/"}]}},"_links":{"self":[{"href":"https:\/\/kvg-bus.de\/cebus\/wp-json\/wp\/v2\/posts\/420","targetHints":{"allow":["GET"]}}],"collection":[{"href":"https:\/\/kvg-bus.de\/cebus\/wp-json\/wp\/v2\/posts"}],"about":[{"href":"https:\/\/kvg-bus.de\/cebus\/wp-json\/wp\/v2\/types\/post"}],"author":[{"embeddable":true,"href":"https:\/\/kvg-bus.de\/cebus\/wp-json\/wp\/v2\/users\/10"}],"replies":[{"embeddable":true,"href":"https:\/\/kvg-bus.de\/cebus\/wp-json\/wp\/v2\/comments?post=420"}],"version-history":[{"count":0,"href":"https:\/\/kvg-bus.de\/cebus\/wp-json\/wp\/v2\/posts\/420\/revisions"}],"wp:featuredmedia":[{"embeddable":true,"href":"https:\/\/kvg-bus.de\/cebus\/wp-json\/"}],"wp:attachment":[{"href":"https:\/\/kvg-bus.de\/cebus\/wp-json\/wp\/v2\/media?parent=420"}],"wp:term":[{"taxonomy":"category","embeddable":true,"href":"https:\/\/kvg-bus.de\/cebus\/wp-json\/wp\/v2\/categories?post=420"},{"taxonomy":"post_tag","embeddable":true,"href":"https:\/\/kvg-bus.de\/cebus\/wp-json\/wp\/v2\/tags?post=420"}],"curies":[{"name":"wp","href":"https:\/\/api.w.org\/{rel}","templated":true}]}}