{"id":417,"date":"2025-10-15T11:24:23","date_gmt":"2025-10-15T09:24:23","guid":{"rendered":"https:\/\/kvg-bus.de\/cebus\/2025\/10\/15\/linien-2030-2043-und-2720-bauarbeiten-in-jork-11-10-31-10-2025-2\/"},"modified":"2025-10-24T09:37:46","modified_gmt":"2025-10-24T07:37:46","slug":"linien-2030-2043-und-2720-bauarbeiten-in-jork-11-10-31-10-2025-2","status":"publish","type":"post","link":"https:\/\/kvg-bus.de\/cebus\/2025\/10\/15\/linien-2030-2043-und-2720-bauarbeiten-in-jork-11-10-31-10-2025-2\/","title":{"rendered":"Linien 2370 und 2371 | Bauarbeiten in Mulsum: 15.10. \u2013 07.11.2025"},"content":{"rendered":"<p data-start=\"136\" data-end=\"294\">Vom <strong data-start=\"140\" data-end=\"160\">15. Oktober 2025<\/strong> bis <strong>07. November 2025<\/strong> sind die Stra\u00dfen <strong data-start=\"203\" data-end=\"218\">H\u00f6chststadt<\/strong> und <strong data-start=\"223\" data-end=\"246\">Alte Schmiedestra\u00dfe<\/strong> in <strong data-start=\"250\" data-end=\"260\">Mulsum<\/strong> wegen <strong data-start=\"267\" data-end=\"282\">Bauarbeiten<\/strong> gesperrt.<\/p>\n<p data-start=\"296\" data-end=\"384\">Die <strong data-start=\"300\" data-end=\"324\">Linien 2370 und 2371<\/strong> fahren deshalb eine Umleitung \u00fcber die <strong data-start=\"364\" data-end=\"381\">Stader Stra\u00dfe<\/strong>.<\/p>\n<p data-start=\"386\" data-end=\"590\">\u27a1\ufe0f Die Haltestelle \u201e<strong data-start=\"406\" data-end=\"428\">Mulsum, Wiesenrain<\/strong>\u201c kann in dieser Zeit nicht bedient werden.<br data-start=\"471\" data-end=\"474\" \/>Bitte nutz stattdessen die <strong data-start=\"501\" data-end=\"587\">Ersatzhaltestelle in der Alten Schmiedestra\u00dfe, 200 Meter \u00f6stlich des Ortsausganges<\/strong>.<\/p>\n","protected":false},"excerpt":{"rendered":"<p>Vom 15. Oktober 2025 bis 07. November 2025 sind die Stra\u00dfen H\u00f6chststadt und Alte Schmiedestra\u00dfe in Mulsum wegen Bauarbeiten gesperrt. Die Linien 2370 und 2371 fahren deshalb eine Umleitung \u00fcber die Stader Stra\u00dfe. \u27a1\ufe0f Die Haltestelle \u201eMulsum, Wiesenrain\u201c kann in dieser Zeit nicht bedient werden.Bitte nutz stattdessen die Ersatzhaltestelle in der Alten Schmiedestra\u00dfe, 200 Meter \u00f6stlich des Ortsausganges.<\/p>\n","protected":false},"author":10,"featured_media":2753,"comment_status":"open","ping_status":"open","sticky":false,"template":"","format":"standard","meta":{"footnotes":""},"categories":[16,53],"tags":[],"class_list":["post-417","post","type-post","status-publish","format-standard","has-post-thumbnail","hentry","category-fahrplanabweichungen","category-stade"],"yoast_head":"<!-- This site is optimized with the Yoast SEO plugin v27.4 - https:\/\/yoast.com\/product\/yoast-seo-wordpress\/ -->\n<title>Linien 2370 und 2371 | Bauarbeiten in Mulsum: 15.10. \u2013 07.11.2025 - cebus<\/title>\n<meta name=\"robots\" content=\"index, follow, max-snippet:-1, max-image-preview:large, max-video-preview:-1\" \/>\n<link rel=\"canonical\" href=\"https:\/\/kvg-bus.de\/cebus\/2025\/10\/15\/linien-2030-2043-und-2720-bauarbeiten-in-jork-11-10-31-10-2025-2\/\" \/>\n<meta property=\"og:locale\" content=\"de_DE\" \/>\n<meta property=\"og:type\" content=\"article\" \/>\n<meta property=\"og:title\" content=\"Linien 2370 und 2371 | Bauarbeiten in Mulsum: 15.10. \u2013 07.11.2025 - cebus\" \/>\n<meta property=\"og:description\" content=\"Vom 15. Oktober 2025 bis 07. November 2025 sind die Stra\u00dfen H\u00f6chststadt und Alte Schmiedestra\u00dfe in Mulsum wegen Bauarbeiten gesperrt. Die Linien 2370 und 2371 fahren deshalb eine Umleitung \u00fcber die Stader Stra\u00dfe. \u27a1\ufe0f Die Haltestelle \u201eMulsum, Wiesenrain\u201c kann in dieser Zeit nicht bedient werden.Bitte nutz stattdessen die Ersatzhaltestelle in der Alten Schmiedestra\u00dfe, 200 Meter \u00f6stlich des Ortsausganges.\" \/>\n<meta property=\"og:url\" content=\"https:\/\/kvg-bus.de\/cebus\/2025\/10\/15\/linien-2030-2043-und-2720-bauarbeiten-in-jork-11-10-31-10-2025-2\/\" \/>\n<meta property=\"og:site_name\" content=\"cebus\" \/>\n<meta property=\"article:published_time\" content=\"2025-10-15T09:24:23+00:00\" \/>\n<meta property=\"article:modified_time\" content=\"2025-10-24T07:37:46+00:00\" \/>\n<meta name=\"author\" content=\"mzimmermann\" \/>\n<meta name=\"twitter:card\" content=\"summary_large_image\" \/>\n<meta name=\"twitter:label1\" content=\"Verfasst von\" \/>\n\t<meta name=\"twitter:data1\" content=\"mzimmermann\" \/>\n<script type=\"application\/ld+json\" class=\"yoast-schema-graph\">{\"@context\":\"https:\\\/\\\/schema.org\",\"@graph\":[{\"@type\":\"Article\",\"@id\":\"https:\\\/\\\/kvg-bus.de\\\/cebus\\\/2025\\\/10\\\/15\\\/linien-2030-2043-und-2720-bauarbeiten-in-jork-11-10-31-10-2025-2\\\/#article\",\"isPartOf\":{\"@id\":\"https:\\\/\\\/kvg-bus.de\\\/cebus\\\/2025\\\/10\\\/15\\\/linien-2030-2043-und-2720-bauarbeiten-in-jork-11-10-31-10-2025-2\\\/\"},\"author\":{\"name\":\"mzimmermann\",\"@id\":\"https:\\\/\\\/kvg-bus.de\\\/cebus\\\/#\\\/schema\\\/person\\\/5a5abfab092f868ec7cbe0f59e95749b\"},\"headline\":\"Linien 2370 und 2371 | Bauarbeiten in Mulsum: 15.10. \u2013 07.11.2025\",\"datePublished\":\"2025-10-15T09:24:23+00:00\",\"dateModified\":\"2025-10-24T07:37:46+00:00\",\"mainEntityOfPage\":{\"@id\":\"https:\\\/\\\/kvg-bus.de\\\/cebus\\\/2025\\\/10\\\/15\\\/linien-2030-2043-und-2720-bauarbeiten-in-jork-11-10-31-10-2025-2\\\/\"},\"wordCount\":61,\"commentCount\":0,\"image\":{\"@id\":\"https:\\\/\\\/kvg-bus.de\\\/cebus\\\/2025\\\/10\\\/15\\\/linien-2030-2043-und-2720-bauarbeiten-in-jork-11-10-31-10-2025-2\\\/#primaryimage\"},\"thumbnailUrl\":\"\",\"articleSection\":[\"Fahrplanabweichungen\",\"Stade\"],\"inLanguage\":\"de\",\"potentialAction\":[{\"@type\":\"CommentAction\",\"name\":\"Comment\",\"target\":[\"https:\\\/\\\/kvg-bus.de\\\/cebus\\\/2025\\\/10\\\/15\\\/linien-2030-2043-und-2720-bauarbeiten-in-jork-11-10-31-10-2025-2\\\/#respond\"]}]},{\"@type\":\"WebPage\",\"@id\":\"https:\\\/\\\/kvg-bus.de\\\/cebus\\\/2025\\\/10\\\/15\\\/linien-2030-2043-und-2720-bauarbeiten-in-jork-11-10-31-10-2025-2\\\/\",\"url\":\"https:\\\/\\\/kvg-bus.de\\\/cebus\\\/2025\\\/10\\\/15\\\/linien-2030-2043-und-2720-bauarbeiten-in-jork-11-10-31-10-2025-2\\\/\",\"name\":\"Linien 2370 und 2371 | Bauarbeiten in Mulsum: 15.10. \u2013 07.11.2025 - cebus\",\"isPartOf\":{\"@id\":\"https:\\\/\\\/kvg-bus.de\\\/cebus\\\/#website\"},\"primaryImageOfPage\":{\"@id\":\"https:\\\/\\\/kvg-bus.de\\\/cebus\\\/2025\\\/10\\\/15\\\/linien-2030-2043-und-2720-bauarbeiten-in-jork-11-10-31-10-2025-2\\\/#primaryimage\"},\"image\":{\"@id\":\"https:\\\/\\\/kvg-bus.de\\\/cebus\\\/2025\\\/10\\\/15\\\/linien-2030-2043-und-2720-bauarbeiten-in-jork-11-10-31-10-2025-2\\\/#primaryimage\"},\"thumbnailUrl\":\"\",\"datePublished\":\"2025-10-15T09:24:23+00:00\",\"dateModified\":\"2025-10-24T07:37:46+00:00\",\"author\":{\"@id\":\"https:\\\/\\\/kvg-bus.de\\\/cebus\\\/#\\\/schema\\\/person\\\/5a5abfab092f868ec7cbe0f59e95749b\"},\"breadcrumb\":{\"@id\":\"https:\\\/\\\/kvg-bus.de\\\/cebus\\\/2025\\\/10\\\/15\\\/linien-2030-2043-und-2720-bauarbeiten-in-jork-11-10-31-10-2025-2\\\/#breadcrumb\"},\"inLanguage\":\"de\",\"potentialAction\":[{\"@type\":\"ReadAction\",\"target\":[\"https:\\\/\\\/kvg-bus.de\\\/cebus\\\/2025\\\/10\\\/15\\\/linien-2030-2043-und-2720-bauarbeiten-in-jork-11-10-31-10-2025-2\\\/\"]}]},{\"@type\":\"ImageObject\",\"inLanguage\":\"de\",\"@id\":\"https:\\\/\\\/kvg-bus.de\\\/cebus\\\/2025\\\/10\\\/15\\\/linien-2030-2043-und-2720-bauarbeiten-in-jork-11-10-31-10-2025-2\\\/#primaryimage\",\"url\":\"\",\"contentUrl\":\"\"},{\"@type\":\"BreadcrumbList\",\"@id\":\"https:\\\/\\\/kvg-bus.de\\\/cebus\\\/2025\\\/10\\\/15\\\/linien-2030-2043-und-2720-bauarbeiten-in-jork-11-10-31-10-2025-2\\\/#breadcrumb\",\"itemListElement\":[{\"@type\":\"ListItem\",\"position\":1,\"name\":\"Startseite\",\"item\":\"https:\\\/\\\/kvg-bus.de\\\/cebus\\\/\"},{\"@type\":\"ListItem\",\"position\":2,\"name\":\"Linien 2370 und 2371 | Bauarbeiten in Mulsum: 15.10. \u2013 24.10.2025\"}]},{\"@type\":\"WebSite\",\"@id\":\"https:\\\/\\\/kvg-bus.de\\\/cebus\\\/#website\",\"url\":\"https:\\\/\\\/kvg-bus.de\\\/cebus\\\/\",\"name\":\"cebus\",\"description\":\"\",\"potentialAction\":[{\"@type\":\"SearchAction\",\"target\":{\"@type\":\"EntryPoint\",\"urlTemplate\":\"https:\\\/\\\/kvg-bus.de\\\/cebus\\\/?s={search_term_string}\"},\"query-input\":{\"@type\":\"PropertyValueSpecification\",\"valueRequired\":true,\"valueName\":\"search_term_string\"}}],\"inLanguage\":\"de\"},{\"@type\":\"Person\",\"@id\":\"https:\\\/\\\/kvg-bus.de\\\/cebus\\\/#\\\/schema\\\/person\\\/5a5abfab092f868ec7cbe0f59e95749b\",\"name\":\"mzimmermann\",\"image\":{\"@type\":\"ImageObject\",\"inLanguage\":\"de\",\"@id\":\"https:\\\/\\\/secure.gravatar.com\\\/avatar\\\/0f69d8b83e3b3e54f0b766684bb3fd6649f0081ecdbff759ed4b19e5df68d1e4?s=96&d=mm&r=g\",\"url\":\"https:\\\/\\\/secure.gravatar.com\\\/avatar\\\/0f69d8b83e3b3e54f0b766684bb3fd6649f0081ecdbff759ed4b19e5df68d1e4?s=96&d=mm&r=g\",\"contentUrl\":\"https:\\\/\\\/secure.gravatar.com\\\/avatar\\\/0f69d8b83e3b3e54f0b766684bb3fd6649f0081ecdbff759ed4b19e5df68d1e4?s=96&d=mm&r=g\",\"caption\":\"mzimmermann\"},\"url\":\"https:\\\/\\\/kvg-bus.de\\\/cebus\\\/author\\\/mzimmermann\\\/\"}]}<\/script>\n<!-- \/ Yoast SEO plugin. -->","yoast_head_json":{"title":"Linien 2370 und 2371 | Bauarbeiten in Mulsum: 15.10. \u2013 07.11.2025 - cebus","robots":{"index":"index","follow":"follow","max-snippet":"max-snippet:-1","max-image-preview":"max-image-preview:large","max-video-preview":"max-video-preview:-1"},"canonical":"https:\/\/kvg-bus.de\/cebus\/2025\/10\/15\/linien-2030-2043-und-2720-bauarbeiten-in-jork-11-10-31-10-2025-2\/","og_locale":"de_DE","og_type":"article","og_title":"Linien 2370 und 2371 | Bauarbeiten in Mulsum: 15.10. \u2013 07.11.2025 - cebus","og_description":"Vom 15. Oktober 2025 bis 07. November 2025 sind die Stra\u00dfen H\u00f6chststadt und Alte Schmiedestra\u00dfe in Mulsum wegen Bauarbeiten gesperrt. Die Linien 2370 und 2371 fahren deshalb eine Umleitung \u00fcber die Stader Stra\u00dfe. \u27a1\ufe0f Die Haltestelle \u201eMulsum, Wiesenrain\u201c kann in dieser Zeit nicht bedient werden.Bitte nutz stattdessen die Ersatzhaltestelle in der Alten Schmiedestra\u00dfe, 200 Meter \u00f6stlich des Ortsausganges.","og_url":"https:\/\/kvg-bus.de\/cebus\/2025\/10\/15\/linien-2030-2043-und-2720-bauarbeiten-in-jork-11-10-31-10-2025-2\/","og_site_name":"cebus","article_published_time":"2025-10-15T09:24:23+00:00","article_modified_time":"2025-10-24T07:37:46+00:00","author":"mzimmermann","twitter_card":"summary_large_image","twitter_misc":{"Verfasst von":"mzimmermann"},"schema":{"@context":"https:\/\/schema.org","@graph":[{"@type":"Article","@id":"https:\/\/kvg-bus.de\/cebus\/2025\/10\/15\/linien-2030-2043-und-2720-bauarbeiten-in-jork-11-10-31-10-2025-2\/#article","isPartOf":{"@id":"https:\/\/kvg-bus.de\/cebus\/2025\/10\/15\/linien-2030-2043-und-2720-bauarbeiten-in-jork-11-10-31-10-2025-2\/"},"author":{"name":"mzimmermann","@id":"https:\/\/kvg-bus.de\/cebus\/#\/schema\/person\/5a5abfab092f868ec7cbe0f59e95749b"},"headline":"Linien 2370 und 2371 | Bauarbeiten in Mulsum: 15.10. \u2013 07.11.2025","datePublished":"2025-10-15T09:24:23+00:00","dateModified":"2025-10-24T07:37:46+00:00","mainEntityOfPage":{"@id":"https:\/\/kvg-bus.de\/cebus\/2025\/10\/15\/linien-2030-2043-und-2720-bauarbeiten-in-jork-11-10-31-10-2025-2\/"},"wordCount":61,"commentCount":0,"image":{"@id":"https:\/\/kvg-bus.de\/cebus\/2025\/10\/15\/linien-2030-2043-und-2720-bauarbeiten-in-jork-11-10-31-10-2025-2\/#primaryimage"},"thumbnailUrl":"","articleSection":["Fahrplanabweichungen","Stade"],"inLanguage":"de","potentialAction":[{"@type":"CommentAction","name":"Comment","target":["https:\/\/kvg-bus.de\/cebus\/2025\/10\/15\/linien-2030-2043-und-2720-bauarbeiten-in-jork-11-10-31-10-2025-2\/#respond"]}]},{"@type":"WebPage","@id":"https:\/\/kvg-bus.de\/cebus\/2025\/10\/15\/linien-2030-2043-und-2720-bauarbeiten-in-jork-11-10-31-10-2025-2\/","url":"https:\/\/kvg-bus.de\/cebus\/2025\/10\/15\/linien-2030-2043-und-2720-bauarbeiten-in-jork-11-10-31-10-2025-2\/","name":"Linien 2370 und 2371 | Bauarbeiten in Mulsum: 15.10. \u2013 07.11.2025 - cebus","isPartOf":{"@id":"https:\/\/kvg-bus.de\/cebus\/#website"},"primaryImageOfPage":{"@id":"https:\/\/kvg-bus.de\/cebus\/2025\/10\/15\/linien-2030-2043-und-2720-bauarbeiten-in-jork-11-10-31-10-2025-2\/#primaryimage"},"image":{"@id":"https:\/\/kvg-bus.de\/cebus\/2025\/10\/15\/linien-2030-2043-und-2720-bauarbeiten-in-jork-11-10-31-10-2025-2\/#primaryimage"},"thumbnailUrl":"","datePublished":"2025-10-15T09:24:23+00:00","dateModified":"2025-10-24T07:37:46+00:00","author":{"@id":"https:\/\/kvg-bus.de\/cebus\/#\/schema\/person\/5a5abfab092f868ec7cbe0f59e95749b"},"breadcrumb":{"@id":"https:\/\/kvg-bus.de\/cebus\/2025\/10\/15\/linien-2030-2043-und-2720-bauarbeiten-in-jork-11-10-31-10-2025-2\/#breadcrumb"},"inLanguage":"de","potentialAction":[{"@type":"ReadAction","target":["https:\/\/kvg-bus.de\/cebus\/2025\/10\/15\/linien-2030-2043-und-2720-bauarbeiten-in-jork-11-10-31-10-2025-2\/"]}]},{"@type":"ImageObject","inLanguage":"de","@id":"https:\/\/kvg-bus.de\/cebus\/2025\/10\/15\/linien-2030-2043-und-2720-bauarbeiten-in-jork-11-10-31-10-2025-2\/#primaryimage","url":"","contentUrl":""},{"@type":"BreadcrumbList","@id":"https:\/\/kvg-bus.de\/cebus\/2025\/10\/15\/linien-2030-2043-und-2720-bauarbeiten-in-jork-11-10-31-10-2025-2\/#breadcrumb","itemListElement":[{"@type":"ListItem","position":1,"name":"Startseite","item":"https:\/\/kvg-bus.de\/cebus\/"},{"@type":"ListItem","position":2,"name":"Linien 2370 und 2371 | Bauarbeiten in Mulsum: 15.10. \u2013 24.10.2025"}]},{"@type":"WebSite","@id":"https:\/\/kvg-bus.de\/cebus\/#website","url":"https:\/\/kvg-bus.de\/cebus\/","name":"cebus","description":"","potentialAction":[{"@type":"SearchAction","target":{"@type":"EntryPoint","urlTemplate":"https:\/\/kvg-bus.de\/cebus\/?s={search_term_string}"},"query-input":{"@type":"PropertyValueSpecification","valueRequired":true,"valueName":"search_term_string"}}],"inLanguage":"de"},{"@type":"Person","@id":"https:\/\/kvg-bus.de\/cebus\/#\/schema\/person\/5a5abfab092f868ec7cbe0f59e95749b","name":"mzimmermann","image":{"@type":"ImageObject","inLanguage":"de","@id":"https:\/\/secure.gravatar.com\/avatar\/0f69d8b83e3b3e54f0b766684bb3fd6649f0081ecdbff759ed4b19e5df68d1e4?s=96&d=mm&r=g","url":"https:\/\/secure.gravatar.com\/avatar\/0f69d8b83e3b3e54f0b766684bb3fd6649f0081ecdbff759ed4b19e5df68d1e4?s=96&d=mm&r=g","contentUrl":"https:\/\/secure.gravatar.com\/avatar\/0f69d8b83e3b3e54f0b766684bb3fd6649f0081ecdbff759ed4b19e5df68d1e4?s=96&d=mm&r=g","caption":"mzimmermann"},"url":"https:\/\/kvg-bus.de\/cebus\/author\/mzimmermann\/"}]}},"_links":{"self":[{"href":"https:\/\/kvg-bus.de\/cebus\/wp-json\/wp\/v2\/posts\/417","targetHints":{"allow":["GET"]}}],"collection":[{"href":"https:\/\/kvg-bus.de\/cebus\/wp-json\/wp\/v2\/posts"}],"about":[{"href":"https:\/\/kvg-bus.de\/cebus\/wp-json\/wp\/v2\/types\/post"}],"author":[{"embeddable":true,"href":"https:\/\/kvg-bus.de\/cebus\/wp-json\/wp\/v2\/users\/10"}],"replies":[{"embeddable":true,"href":"https:\/\/kvg-bus.de\/cebus\/wp-json\/wp\/v2\/comments?post=417"}],"version-history":[{"count":0,"href":"https:\/\/kvg-bus.de\/cebus\/wp-json\/wp\/v2\/posts\/417\/revisions"}],"wp:featuredmedia":[{"embeddable":true,"href":"https:\/\/kvg-bus.de\/cebus\/wp-json\/"}],"wp:attachment":[{"href":"https:\/\/kvg-bus.de\/cebus\/wp-json\/wp\/v2\/media?parent=417"}],"wp:term":[{"taxonomy":"category","embeddable":true,"href":"https:\/\/kvg-bus.de\/cebus\/wp-json\/wp\/v2\/categories?post=417"},{"taxonomy":"post_tag","embeddable":true,"href":"https:\/\/kvg-bus.de\/cebus\/wp-json\/wp\/v2\/tags?post=417"}],"curies":[{"name":"wp","href":"https:\/\/api.w.org\/{rel}","templated":true}]}}