{"id":403,"date":"2025-08-18T14:48:28","date_gmt":"2025-08-18T12:48:28","guid":{"rendered":"https:\/\/kvg-bus.de\/cebus\/2025\/03\/24\/linien-347-448-und-4148-bauarbeiten-in-hittfeld-18-08-31-12-2025\/"},"modified":"2025-12-02T14:34:39","modified_gmt":"2025-12-02T13:34:39","slug":"linien-347-448-und-4148-bauarbeiten-in-hittfeld-18-08-31-12-2025","status":"publish","type":"post","link":"https:\/\/kvg-bus.de\/cebus\/2025\/08\/18\/linien-347-448-und-4148-bauarbeiten-in-hittfeld-18-08-31-12-2025\/","title":{"rendered":"Linien 347, 448 und 4148 | Bauarbeiten in Hittfeld: 14.08. &#8211; 05.12.2025"},"content":{"rendered":"<p data-start=\"192\" data-end=\"548\">Ab dem <strong data-start=\"368\" data-end=\"408\">14. August bis zum 05. Dezember 2025<\/strong> betrifft dies die <strong data-start=\"427\" data-end=\"448\" data-is-only-node=\"\">Bauabschnitte 5\u20139<\/strong>. In dieser Zeit ist die <strong data-start=\"473\" data-end=\"536\">Maschener Stra\u00dfe zwischen Bosteler Feld und An der Reitbahn<\/strong> gesperrt.<\/p>\n<ul data-start=\"550\" data-end=\"1414\">\n<li data-start=\"550\" data-end=\"1016\">\n<p data-start=\"552\" data-end=\"1016\"><strong data-start=\"552\" data-end=\"566\">Linie 4148<\/strong> \u2013 Zweigstrecke nach <strong data-start=\"587\" data-end=\"616\">\u201eHittfeld, Bosteler Feld\u201c<\/strong>:<br data-start=\"617\" data-end=\"620\" \/>\u27a1\ufe0f Umleitung \u00fcber <strong data-start=\"640\" data-end=\"700\">Sch\u00fctzenstra\u00dfe, Karoxbosteler Chaussee und Bosteler Feld<\/strong>.<br data-start=\"701\" data-end=\"704\" \/>\ud83d\udeab Haltestellen <strong data-start=\"722\" data-end=\"760\" data-is-only-node=\"\">\u201eHittfeld, Theodor-Fontane-Stra\u00dfe\u201c<\/strong>, <strong data-start=\"762\" data-end=\"790\">\u201eHittfeld, Uhlandstra\u00dfe\u201c<\/strong> und <strong data-start=\"795\" data-end=\"823\">\u201eHittfeld, Rieselwiesen\u201c<\/strong> entfallen.<br data-start=\"834\" data-end=\"837\" \/>\ud83d\ude8c Fahrg\u00e4ste weichen bitte auf <strong data-start=\"870\" data-end=\"899\">\u201eHittfeld, Bosteler Feld\u201c<\/strong> und <strong data-start=\"904\" data-end=\"926\">\u201eHittfeld, Kirche\u201c<\/strong> aus.<br data-start=\"931\" data-end=\"934\" \/>\u2139\ufe0f F\u00fcr die <strong data-start=\"947\" data-end=\"978\">Zweigstrecke nach Jesteburg<\/strong> bestehen <strong data-start=\"988\" data-end=\"1013\">keine Einschr\u00e4nkungen<\/strong>.<\/p>\n<\/li>\n<li data-start=\"1018\" data-end=\"1414\">\n<p data-start=\"1020\" data-end=\"1414\"><strong data-start=\"1020\" data-end=\"1047\">Linien 347, 448 und 647<\/strong>:<br data-start=\"1048\" data-end=\"1051\" \/>\u27a1\ufe0f Umleitung \u00fcber <strong data-start=\"1071\" data-end=\"1131\">Bosteler Feld, Karoxbosteler Chaussee und Sch\u00fctzenstra\u00dfe<\/strong> (teilweise weiter \u00fcber <strong data-start=\"1155\" data-end=\"1214\">Hittfelder Schulstra\u00dfe, Bahnhofstra\u00dfe und Am G\u00f6hlenbach<\/strong>).<br data-start=\"1216\" data-end=\"1219\" \/>\ud83d\udeab Haltestellen <strong data-start=\"1237\" data-end=\"1275\" data-is-only-node=\"\">\u201eHittfeld, Theodor-Fontane-Stra\u00dfe\u201c<\/strong>, <strong data-start=\"1277\" data-end=\"1305\">\u201eHittfeld, Uhlandstra\u00dfe\u201c<\/strong> und <strong data-start=\"1310\" data-end=\"1338\">\u201eHittfeld, Rieselwiesen\u201c<\/strong> entfallen.<br data-start=\"1349\" data-end=\"1352\" \/>\ud83d\ude8c Fahrg\u00e4ste weichen bitte auf <strong data-start=\"1385\" data-end=\"1407\">\u201eHittfeld, Kirche\u201c<\/strong> aus.<\/p>\n<\/li>\n<\/ul>\n","protected":false},"excerpt":{"rendered":"<p>Ab dem 14. August bis zum 05. Dezember 2025 betrifft dies die Bauabschnitte 5\u20139. In dieser Zeit ist die Maschener Stra\u00dfe zwischen Bosteler Feld und An der Reitbahn gesperrt. Linie 4148 \u2013 Zweigstrecke nach \u201eHittfeld, Bosteler Feld\u201c:\u27a1\ufe0f Umleitung \u00fcber Sch\u00fctzenstra\u00dfe, Karoxbosteler Chaussee und Bosteler Feld.\ud83d\udeab Haltestellen \u201eHittfeld, Theodor-Fontane-Stra\u00dfe\u201c, \u201eHittfeld, Uhlandstra\u00dfe\u201c und \u201eHittfeld, Rieselwiesen\u201c entfallen.\ud83d\ude8c Fahrg\u00e4ste weichen bitte auf \u201eHittfeld, Bosteler Feld\u201c und \u201eHittfeld, Kirche\u201c aus.\u2139\ufe0f F\u00fcr die Zweigstrecke nach Jesteburg bestehen keine Einschr\u00e4nkungen. Linien 347, 448 und 647:\u27a1\ufe0f Umleitung \u00fcber Bosteler Feld, Karoxbosteler Chaussee und Sch\u00fctzenstra\u00dfe (teilweise weiter \u00fcber Hittfelder Schulstra\u00dfe, Bahnhofstra\u00dfe und Am G\u00f6hlenbach).\ud83d\udeab Haltestellen \u201eHittfeld, Theodor-Fontane-Stra\u00dfe\u201c, \u201eHittfeld, Uhlandstra\u00dfe\u201c und \u201eHittfeld, Rieselwiesen\u201c entfallen.\ud83d\ude8c Fahrg\u00e4ste weichen bitte auf \u201eHittfeld, Kirche\u201c aus.<\/p>\n","protected":false},"author":4,"featured_media":2753,"comment_status":"open","ping_status":"open","sticky":false,"template":"","format":"standard","meta":{"footnotes":""},"categories":[16,55],"tags":[],"class_list":["post-403","post","type-post","status-publish","format-standard","has-post-thumbnail","hentry","category-fahrplanabweichungen","category-harburg"],"yoast_head":"<!-- This site is optimized with the Yoast SEO plugin v27.4 - https:\/\/yoast.com\/product\/yoast-seo-wordpress\/ -->\n<title>Linien 347, 448 und 4148 | Bauarbeiten in Hittfeld: 14.08. - 05.12.2025 - cebus<\/title>\n<meta name=\"robots\" content=\"index, follow, max-snippet:-1, max-image-preview:large, max-video-preview:-1\" \/>\n<link rel=\"canonical\" href=\"https:\/\/kvg-bus.de\/cebus\/2025\/08\/18\/linien-347-448-und-4148-bauarbeiten-in-hittfeld-18-08-31-12-2025\/\" \/>\n<meta property=\"og:locale\" content=\"de_DE\" \/>\n<meta property=\"og:type\" content=\"article\" \/>\n<meta property=\"og:title\" content=\"Linien 347, 448 und 4148 | Bauarbeiten in Hittfeld: 14.08. - 05.12.2025 - cebus\" \/>\n<meta property=\"og:description\" content=\"Ab dem 14. August bis zum 05. Dezember 2025 betrifft dies die Bauabschnitte 5\u20139. In dieser Zeit ist die Maschener Stra\u00dfe zwischen Bosteler Feld und An der Reitbahn gesperrt. Linie 4148 \u2013 Zweigstrecke nach \u201eHittfeld, Bosteler Feld\u201c:\u27a1\ufe0f Umleitung \u00fcber Sch\u00fctzenstra\u00dfe, Karoxbosteler Chaussee und Bosteler Feld.\ud83d\udeab Haltestellen \u201eHittfeld, Theodor-Fontane-Stra\u00dfe\u201c, \u201eHittfeld, Uhlandstra\u00dfe\u201c und \u201eHittfeld, Rieselwiesen\u201c entfallen.\ud83d\ude8c Fahrg\u00e4ste weichen bitte auf \u201eHittfeld, Bosteler Feld\u201c und \u201eHittfeld, Kirche\u201c aus.\u2139\ufe0f F\u00fcr die Zweigstrecke nach Jesteburg bestehen keine Einschr\u00e4nkungen. Linien 347, 448 und 647:\u27a1\ufe0f Umleitung \u00fcber Bosteler Feld, Karoxbosteler Chaussee und Sch\u00fctzenstra\u00dfe (teilweise weiter \u00fcber Hittfelder Schulstra\u00dfe, Bahnhofstra\u00dfe und Am G\u00f6hlenbach).\ud83d\udeab Haltestellen \u201eHittfeld, Theodor-Fontane-Stra\u00dfe\u201c, \u201eHittfeld, Uhlandstra\u00dfe\u201c und \u201eHittfeld, Rieselwiesen\u201c entfallen.\ud83d\ude8c Fahrg\u00e4ste weichen bitte auf \u201eHittfeld, Kirche\u201c aus.\" \/>\n<meta property=\"og:url\" content=\"https:\/\/kvg-bus.de\/cebus\/2025\/08\/18\/linien-347-448-und-4148-bauarbeiten-in-hittfeld-18-08-31-12-2025\/\" \/>\n<meta property=\"og:site_name\" content=\"cebus\" \/>\n<meta property=\"article:published_time\" content=\"2025-08-18T12:48:28+00:00\" \/>\n<meta property=\"article:modified_time\" content=\"2025-12-02T13:34:39+00:00\" \/>\n<meta name=\"author\" content=\"sprager\" \/>\n<meta name=\"twitter:card\" content=\"summary_large_image\" \/>\n<meta name=\"twitter:label1\" content=\"Verfasst von\" \/>\n\t<meta name=\"twitter:data1\" content=\"sprager\" \/>\n\t<meta name=\"twitter:label2\" content=\"Gesch\u00e4tzte Lesezeit\" \/>\n\t<meta name=\"twitter:data2\" content=\"1\u00a0Minute\" \/>\n<script type=\"application\/ld+json\" class=\"yoast-schema-graph\">{\"@context\":\"https:\\\/\\\/schema.org\",\"@graph\":[{\"@type\":\"Article\",\"@id\":\"https:\\\/\\\/kvg-bus.de\\\/cebus\\\/2025\\\/08\\\/18\\\/linien-347-448-und-4148-bauarbeiten-in-hittfeld-18-08-31-12-2025\\\/#article\",\"isPartOf\":{\"@id\":\"https:\\\/\\\/kvg-bus.de\\\/cebus\\\/2025\\\/08\\\/18\\\/linien-347-448-und-4148-bauarbeiten-in-hittfeld-18-08-31-12-2025\\\/\"},\"author\":{\"name\":\"sprager\",\"@id\":\"https:\\\/\\\/kvg-bus.de\\\/cebus\\\/#\\\/schema\\\/person\\\/b008f998d49926c8ddca013e5a810139\"},\"headline\":\"Linien 347, 448 und 4148 | Bauarbeiten in Hittfeld: 14.08. &#8211; 05.12.2025\",\"datePublished\":\"2025-08-18T12:48:28+00:00\",\"dateModified\":\"2025-12-02T13:34:39+00:00\",\"mainEntityOfPage\":{\"@id\":\"https:\\\/\\\/kvg-bus.de\\\/cebus\\\/2025\\\/08\\\/18\\\/linien-347-448-und-4148-bauarbeiten-in-hittfeld-18-08-31-12-2025\\\/\"},\"wordCount\":124,\"commentCount\":0,\"image\":{\"@id\":\"https:\\\/\\\/kvg-bus.de\\\/cebus\\\/2025\\\/08\\\/18\\\/linien-347-448-und-4148-bauarbeiten-in-hittfeld-18-08-31-12-2025\\\/#primaryimage\"},\"thumbnailUrl\":\"\",\"articleSection\":[\"Fahrplanabweichungen\",\"Harburg\"],\"inLanguage\":\"de\",\"potentialAction\":[{\"@type\":\"CommentAction\",\"name\":\"Comment\",\"target\":[\"https:\\\/\\\/kvg-bus.de\\\/cebus\\\/2025\\\/08\\\/18\\\/linien-347-448-und-4148-bauarbeiten-in-hittfeld-18-08-31-12-2025\\\/#respond\"]}]},{\"@type\":\"WebPage\",\"@id\":\"https:\\\/\\\/kvg-bus.de\\\/cebus\\\/2025\\\/08\\\/18\\\/linien-347-448-und-4148-bauarbeiten-in-hittfeld-18-08-31-12-2025\\\/\",\"url\":\"https:\\\/\\\/kvg-bus.de\\\/cebus\\\/2025\\\/08\\\/18\\\/linien-347-448-und-4148-bauarbeiten-in-hittfeld-18-08-31-12-2025\\\/\",\"name\":\"Linien 347, 448 und 4148 | Bauarbeiten in Hittfeld: 14.08. - 05.12.2025 - cebus\",\"isPartOf\":{\"@id\":\"https:\\\/\\\/kvg-bus.de\\\/cebus\\\/#website\"},\"primaryImageOfPage\":{\"@id\":\"https:\\\/\\\/kvg-bus.de\\\/cebus\\\/2025\\\/08\\\/18\\\/linien-347-448-und-4148-bauarbeiten-in-hittfeld-18-08-31-12-2025\\\/#primaryimage\"},\"image\":{\"@id\":\"https:\\\/\\\/kvg-bus.de\\\/cebus\\\/2025\\\/08\\\/18\\\/linien-347-448-und-4148-bauarbeiten-in-hittfeld-18-08-31-12-2025\\\/#primaryimage\"},\"thumbnailUrl\":\"\",\"datePublished\":\"2025-08-18T12:48:28+00:00\",\"dateModified\":\"2025-12-02T13:34:39+00:00\",\"author\":{\"@id\":\"https:\\\/\\\/kvg-bus.de\\\/cebus\\\/#\\\/schema\\\/person\\\/b008f998d49926c8ddca013e5a810139\"},\"breadcrumb\":{\"@id\":\"https:\\\/\\\/kvg-bus.de\\\/cebus\\\/2025\\\/08\\\/18\\\/linien-347-448-und-4148-bauarbeiten-in-hittfeld-18-08-31-12-2025\\\/#breadcrumb\"},\"inLanguage\":\"de\",\"potentialAction\":[{\"@type\":\"ReadAction\",\"target\":[\"https:\\\/\\\/kvg-bus.de\\\/cebus\\\/2025\\\/08\\\/18\\\/linien-347-448-und-4148-bauarbeiten-in-hittfeld-18-08-31-12-2025\\\/\"]}]},{\"@type\":\"ImageObject\",\"inLanguage\":\"de\",\"@id\":\"https:\\\/\\\/kvg-bus.de\\\/cebus\\\/2025\\\/08\\\/18\\\/linien-347-448-und-4148-bauarbeiten-in-hittfeld-18-08-31-12-2025\\\/#primaryimage\",\"url\":\"\",\"contentUrl\":\"\"},{\"@type\":\"BreadcrumbList\",\"@id\":\"https:\\\/\\\/kvg-bus.de\\\/cebus\\\/2025\\\/08\\\/18\\\/linien-347-448-und-4148-bauarbeiten-in-hittfeld-18-08-31-12-2025\\\/#breadcrumb\",\"itemListElement\":[{\"@type\":\"ListItem\",\"position\":1,\"name\":\"Startseite\",\"item\":\"https:\\\/\\\/kvg-bus.de\\\/cebus\\\/\"},{\"@type\":\"ListItem\",\"position\":2,\"name\":\"Linien 347, 448 und 4148 | Bauarbeiten in Hittfeld: 14.08. &#8211; 31.12.2025\"}]},{\"@type\":\"WebSite\",\"@id\":\"https:\\\/\\\/kvg-bus.de\\\/cebus\\\/#website\",\"url\":\"https:\\\/\\\/kvg-bus.de\\\/cebus\\\/\",\"name\":\"cebus\",\"description\":\"\",\"potentialAction\":[{\"@type\":\"SearchAction\",\"target\":{\"@type\":\"EntryPoint\",\"urlTemplate\":\"https:\\\/\\\/kvg-bus.de\\\/cebus\\\/?s={search_term_string}\"},\"query-input\":{\"@type\":\"PropertyValueSpecification\",\"valueRequired\":true,\"valueName\":\"search_term_string\"}}],\"inLanguage\":\"de\"},{\"@type\":\"Person\",\"@id\":\"https:\\\/\\\/kvg-bus.de\\\/cebus\\\/#\\\/schema\\\/person\\\/b008f998d49926c8ddca013e5a810139\",\"name\":\"sprager\",\"image\":{\"@type\":\"ImageObject\",\"inLanguage\":\"de\",\"@id\":\"https:\\\/\\\/secure.gravatar.com\\\/avatar\\\/c9f4904d5ee6846a305eba03c67dfde589dc71ebb212f17ea973f97cbdd5f980?s=96&d=mm&r=g\",\"url\":\"https:\\\/\\\/secure.gravatar.com\\\/avatar\\\/c9f4904d5ee6846a305eba03c67dfde589dc71ebb212f17ea973f97cbdd5f980?s=96&d=mm&r=g\",\"contentUrl\":\"https:\\\/\\\/secure.gravatar.com\\\/avatar\\\/c9f4904d5ee6846a305eba03c67dfde589dc71ebb212f17ea973f97cbdd5f980?s=96&d=mm&r=g\",\"caption\":\"sprager\"},\"url\":\"https:\\\/\\\/kvg-bus.de\\\/cebus\\\/author\\\/sprager\\\/\"}]}<\/script>\n<!-- \/ Yoast SEO plugin. -->","yoast_head_json":{"title":"Linien 347, 448 und 4148 | Bauarbeiten in Hittfeld: 14.08. - 05.12.2025 - cebus","robots":{"index":"index","follow":"follow","max-snippet":"max-snippet:-1","max-image-preview":"max-image-preview:large","max-video-preview":"max-video-preview:-1"},"canonical":"https:\/\/kvg-bus.de\/cebus\/2025\/08\/18\/linien-347-448-und-4148-bauarbeiten-in-hittfeld-18-08-31-12-2025\/","og_locale":"de_DE","og_type":"article","og_title":"Linien 347, 448 und 4148 | Bauarbeiten in Hittfeld: 14.08. - 05.12.2025 - cebus","og_description":"Ab dem 14. August bis zum 05. Dezember 2025 betrifft dies die Bauabschnitte 5\u20139. In dieser Zeit ist die Maschener Stra\u00dfe zwischen Bosteler Feld und An der Reitbahn gesperrt. Linie 4148 \u2013 Zweigstrecke nach \u201eHittfeld, Bosteler Feld\u201c:\u27a1\ufe0f Umleitung \u00fcber Sch\u00fctzenstra\u00dfe, Karoxbosteler Chaussee und Bosteler Feld.\ud83d\udeab Haltestellen \u201eHittfeld, Theodor-Fontane-Stra\u00dfe\u201c, \u201eHittfeld, Uhlandstra\u00dfe\u201c und \u201eHittfeld, Rieselwiesen\u201c entfallen.\ud83d\ude8c Fahrg\u00e4ste weichen bitte auf \u201eHittfeld, Bosteler Feld\u201c und \u201eHittfeld, Kirche\u201c aus.\u2139\ufe0f F\u00fcr die Zweigstrecke nach Jesteburg bestehen keine Einschr\u00e4nkungen. Linien 347, 448 und 647:\u27a1\ufe0f Umleitung \u00fcber Bosteler Feld, Karoxbosteler Chaussee und Sch\u00fctzenstra\u00dfe (teilweise weiter \u00fcber Hittfelder Schulstra\u00dfe, Bahnhofstra\u00dfe und Am G\u00f6hlenbach).\ud83d\udeab Haltestellen \u201eHittfeld, Theodor-Fontane-Stra\u00dfe\u201c, \u201eHittfeld, Uhlandstra\u00dfe\u201c und \u201eHittfeld, Rieselwiesen\u201c entfallen.\ud83d\ude8c Fahrg\u00e4ste weichen bitte auf \u201eHittfeld, Kirche\u201c aus.","og_url":"https:\/\/kvg-bus.de\/cebus\/2025\/08\/18\/linien-347-448-und-4148-bauarbeiten-in-hittfeld-18-08-31-12-2025\/","og_site_name":"cebus","article_published_time":"2025-08-18T12:48:28+00:00","article_modified_time":"2025-12-02T13:34:39+00:00","author":"sprager","twitter_card":"summary_large_image","twitter_misc":{"Verfasst von":"sprager","Gesch\u00e4tzte Lesezeit":"1\u00a0Minute"},"schema":{"@context":"https:\/\/schema.org","@graph":[{"@type":"Article","@id":"https:\/\/kvg-bus.de\/cebus\/2025\/08\/18\/linien-347-448-und-4148-bauarbeiten-in-hittfeld-18-08-31-12-2025\/#article","isPartOf":{"@id":"https:\/\/kvg-bus.de\/cebus\/2025\/08\/18\/linien-347-448-und-4148-bauarbeiten-in-hittfeld-18-08-31-12-2025\/"},"author":{"name":"sprager","@id":"https:\/\/kvg-bus.de\/cebus\/#\/schema\/person\/b008f998d49926c8ddca013e5a810139"},"headline":"Linien 347, 448 und 4148 | Bauarbeiten in Hittfeld: 14.08. &#8211; 05.12.2025","datePublished":"2025-08-18T12:48:28+00:00","dateModified":"2025-12-02T13:34:39+00:00","mainEntityOfPage":{"@id":"https:\/\/kvg-bus.de\/cebus\/2025\/08\/18\/linien-347-448-und-4148-bauarbeiten-in-hittfeld-18-08-31-12-2025\/"},"wordCount":124,"commentCount":0,"image":{"@id":"https:\/\/kvg-bus.de\/cebus\/2025\/08\/18\/linien-347-448-und-4148-bauarbeiten-in-hittfeld-18-08-31-12-2025\/#primaryimage"},"thumbnailUrl":"","articleSection":["Fahrplanabweichungen","Harburg"],"inLanguage":"de","potentialAction":[{"@type":"CommentAction","name":"Comment","target":["https:\/\/kvg-bus.de\/cebus\/2025\/08\/18\/linien-347-448-und-4148-bauarbeiten-in-hittfeld-18-08-31-12-2025\/#respond"]}]},{"@type":"WebPage","@id":"https:\/\/kvg-bus.de\/cebus\/2025\/08\/18\/linien-347-448-und-4148-bauarbeiten-in-hittfeld-18-08-31-12-2025\/","url":"https:\/\/kvg-bus.de\/cebus\/2025\/08\/18\/linien-347-448-und-4148-bauarbeiten-in-hittfeld-18-08-31-12-2025\/","name":"Linien 347, 448 und 4148 | Bauarbeiten in Hittfeld: 14.08. - 05.12.2025 - cebus","isPartOf":{"@id":"https:\/\/kvg-bus.de\/cebus\/#website"},"primaryImageOfPage":{"@id":"https:\/\/kvg-bus.de\/cebus\/2025\/08\/18\/linien-347-448-und-4148-bauarbeiten-in-hittfeld-18-08-31-12-2025\/#primaryimage"},"image":{"@id":"https:\/\/kvg-bus.de\/cebus\/2025\/08\/18\/linien-347-448-und-4148-bauarbeiten-in-hittfeld-18-08-31-12-2025\/#primaryimage"},"thumbnailUrl":"","datePublished":"2025-08-18T12:48:28+00:00","dateModified":"2025-12-02T13:34:39+00:00","author":{"@id":"https:\/\/kvg-bus.de\/cebus\/#\/schema\/person\/b008f998d49926c8ddca013e5a810139"},"breadcrumb":{"@id":"https:\/\/kvg-bus.de\/cebus\/2025\/08\/18\/linien-347-448-und-4148-bauarbeiten-in-hittfeld-18-08-31-12-2025\/#breadcrumb"},"inLanguage":"de","potentialAction":[{"@type":"ReadAction","target":["https:\/\/kvg-bus.de\/cebus\/2025\/08\/18\/linien-347-448-und-4148-bauarbeiten-in-hittfeld-18-08-31-12-2025\/"]}]},{"@type":"ImageObject","inLanguage":"de","@id":"https:\/\/kvg-bus.de\/cebus\/2025\/08\/18\/linien-347-448-und-4148-bauarbeiten-in-hittfeld-18-08-31-12-2025\/#primaryimage","url":"","contentUrl":""},{"@type":"BreadcrumbList","@id":"https:\/\/kvg-bus.de\/cebus\/2025\/08\/18\/linien-347-448-und-4148-bauarbeiten-in-hittfeld-18-08-31-12-2025\/#breadcrumb","itemListElement":[{"@type":"ListItem","position":1,"name":"Startseite","item":"https:\/\/kvg-bus.de\/cebus\/"},{"@type":"ListItem","position":2,"name":"Linien 347, 448 und 4148 | Bauarbeiten in Hittfeld: 14.08. &#8211; 31.12.2025"}]},{"@type":"WebSite","@id":"https:\/\/kvg-bus.de\/cebus\/#website","url":"https:\/\/kvg-bus.de\/cebus\/","name":"cebus","description":"","potentialAction":[{"@type":"SearchAction","target":{"@type":"EntryPoint","urlTemplate":"https:\/\/kvg-bus.de\/cebus\/?s={search_term_string}"},"query-input":{"@type":"PropertyValueSpecification","valueRequired":true,"valueName":"search_term_string"}}],"inLanguage":"de"},{"@type":"Person","@id":"https:\/\/kvg-bus.de\/cebus\/#\/schema\/person\/b008f998d49926c8ddca013e5a810139","name":"sprager","image":{"@type":"ImageObject","inLanguage":"de","@id":"https:\/\/secure.gravatar.com\/avatar\/c9f4904d5ee6846a305eba03c67dfde589dc71ebb212f17ea973f97cbdd5f980?s=96&d=mm&r=g","url":"https:\/\/secure.gravatar.com\/avatar\/c9f4904d5ee6846a305eba03c67dfde589dc71ebb212f17ea973f97cbdd5f980?s=96&d=mm&r=g","contentUrl":"https:\/\/secure.gravatar.com\/avatar\/c9f4904d5ee6846a305eba03c67dfde589dc71ebb212f17ea973f97cbdd5f980?s=96&d=mm&r=g","caption":"sprager"},"url":"https:\/\/kvg-bus.de\/cebus\/author\/sprager\/"}]}},"_links":{"self":[{"href":"https:\/\/kvg-bus.de\/cebus\/wp-json\/wp\/v2\/posts\/403","targetHints":{"allow":["GET"]}}],"collection":[{"href":"https:\/\/kvg-bus.de\/cebus\/wp-json\/wp\/v2\/posts"}],"about":[{"href":"https:\/\/kvg-bus.de\/cebus\/wp-json\/wp\/v2\/types\/post"}],"author":[{"embeddable":true,"href":"https:\/\/kvg-bus.de\/cebus\/wp-json\/wp\/v2\/users\/4"}],"replies":[{"embeddable":true,"href":"https:\/\/kvg-bus.de\/cebus\/wp-json\/wp\/v2\/comments?post=403"}],"version-history":[{"count":0,"href":"https:\/\/kvg-bus.de\/cebus\/wp-json\/wp\/v2\/posts\/403\/revisions"}],"wp:featuredmedia":[{"embeddable":true,"href":"https:\/\/kvg-bus.de\/cebus\/wp-json\/"}],"wp:attachment":[{"href":"https:\/\/kvg-bus.de\/cebus\/wp-json\/wp\/v2\/media?parent=403"}],"wp:term":[{"taxonomy":"category","embeddable":true,"href":"https:\/\/kvg-bus.de\/cebus\/wp-json\/wp\/v2\/categories?post=403"},{"taxonomy":"post_tag","embeddable":true,"href":"https:\/\/kvg-bus.de\/cebus\/wp-json\/wp\/v2\/tags?post=403"}],"curies":[{"name":"wp","href":"https:\/\/api.w.org\/{rel}","templated":true}]}}