{"id":392,"date":"2025-08-07T09:40:19","date_gmt":"2025-08-07T07:40:19","guid":{"rendered":"https:\/\/kvg-bus.de\/cebus\/2025\/08\/07\/linien-447-und-4609-bauarbeiten-in-woxdorf-13-08-12-09-2025\/"},"modified":"2025-08-07T09:40:19","modified_gmt":"2025-08-07T07:40:19","slug":"linien-447-und-4609-bauarbeiten-in-woxdorf-13-08-12-09-2025","status":"publish","type":"post","link":"https:\/\/kvg-bus.de\/cebus\/2025\/08\/07\/linien-447-und-4609-bauarbeiten-in-woxdorf-13-08-12-09-2025\/","title":{"rendered":"Linien 447 und 4609 | Bauarbeiten in Woxdorf: 13.08. \u2013 12.09.2025"},"content":{"rendered":"<p data-start=\"141\" data-end=\"309\">Ab dem <strong data-start=\"148\" data-end=\"189\">13. August bis zum 12. September 2025<\/strong> ist die <strong data-start=\"198\" data-end=\"231\">Beckedorfer Stra\u00dfe in Woxdorf<\/strong> wegen <strong data-start=\"238\" data-end=\"299\">einer St\u00f6rungsbeseitigung des Wasserbeschaffungsverbandes<\/strong> gesperrt.<\/p>\n<ul data-start=\"311\" data-end=\"499\">\n<li data-start=\"311\" data-end=\"499\">\n<p data-start=\"313\" data-end=\"499\">Die <strong data-start=\"317\" data-end=\"340\">Linien 447 und 4609<\/strong> fahren eine <strong data-start=\"353\" data-end=\"388\">Umleitung \u00fcber die Lindenstra\u00dfe<\/strong>.<br data-start=\"389\" data-end=\"392\" \/>\u27a1\ufe0f Die Haltestellen <strong data-start=\"414\" data-end=\"436\">\u201eMetzelndorf, Ort\u201c<\/strong> und <strong data-start=\"441\" data-end=\"466\">\u201eEmmelndorf, Hohlweg\u201c<\/strong> k\u00f6nnen <strong data-start=\"474\" data-end=\"483\" data-is-only-node=\"\">nicht<\/strong> bedient werden.<\/p>\n<\/li>\n<\/ul>\n","protected":false},"excerpt":{"rendered":"<p>Ab dem 13. August bis zum 12. September 2025 ist die Beckedorfer Stra\u00dfe in Woxdorf wegen einer St\u00f6rungsbeseitigung des Wasserbeschaffungsverbandes gesperrt. Die Linien 447 und 4609 fahren eine Umleitung \u00fcber die Lindenstra\u00dfe.\u27a1\ufe0f Die Haltestellen \u201eMetzelndorf, Ort\u201c und \u201eEmmelndorf, Hohlweg\u201c k\u00f6nnen nicht bedient werden.<\/p>\n","protected":false},"author":10,"featured_media":2753,"comment_status":"open","ping_status":"open","sticky":false,"template":"","format":"standard","meta":{"footnotes":""},"categories":[16,55],"tags":[],"class_list":["post-392","post","type-post","status-publish","format-standard","has-post-thumbnail","hentry","category-fahrplanabweichungen","category-harburg"],"yoast_head":"<!-- This site is optimized with the Yoast SEO plugin v27.4 - https:\/\/yoast.com\/product\/yoast-seo-wordpress\/ -->\n<title>Linien 447 und 4609 | Bauarbeiten in Woxdorf: 13.08. \u2013 12.09.2025 - cebus<\/title>\n<meta name=\"robots\" content=\"index, follow, max-snippet:-1, max-image-preview:large, max-video-preview:-1\" \/>\n<link rel=\"canonical\" href=\"https:\/\/kvg-bus.de\/cebus\/2025\/08\/07\/linien-447-und-4609-bauarbeiten-in-woxdorf-13-08-12-09-2025\/\" \/>\n<meta property=\"og:locale\" content=\"de_DE\" \/>\n<meta property=\"og:type\" content=\"article\" \/>\n<meta property=\"og:title\" content=\"Linien 447 und 4609 | Bauarbeiten in Woxdorf: 13.08. \u2013 12.09.2025 - cebus\" \/>\n<meta property=\"og:description\" content=\"Ab dem 13. August bis zum 12. September 2025 ist die Beckedorfer Stra\u00dfe in Woxdorf wegen einer St\u00f6rungsbeseitigung des Wasserbeschaffungsverbandes gesperrt. Die Linien 447 und 4609 fahren eine Umleitung \u00fcber die Lindenstra\u00dfe.\u27a1\ufe0f Die Haltestellen \u201eMetzelndorf, Ort\u201c und \u201eEmmelndorf, Hohlweg\u201c k\u00f6nnen nicht bedient werden.\" \/>\n<meta property=\"og:url\" content=\"https:\/\/kvg-bus.de\/cebus\/2025\/08\/07\/linien-447-und-4609-bauarbeiten-in-woxdorf-13-08-12-09-2025\/\" \/>\n<meta property=\"og:site_name\" content=\"cebus\" \/>\n<meta property=\"article:published_time\" content=\"2025-08-07T07:40:19+00:00\" \/>\n<meta name=\"author\" content=\"mzimmermann\" \/>\n<meta name=\"twitter:card\" content=\"summary_large_image\" \/>\n<meta name=\"twitter:label1\" content=\"Verfasst von\" \/>\n\t<meta name=\"twitter:data1\" content=\"mzimmermann\" \/>\n<script type=\"application\/ld+json\" class=\"yoast-schema-graph\">{\"@context\":\"https:\\\/\\\/schema.org\",\"@graph\":[{\"@type\":\"Article\",\"@id\":\"https:\\\/\\\/kvg-bus.de\\\/cebus\\\/2025\\\/08\\\/07\\\/linien-447-und-4609-bauarbeiten-in-woxdorf-13-08-12-09-2025\\\/#article\",\"isPartOf\":{\"@id\":\"https:\\\/\\\/kvg-bus.de\\\/cebus\\\/2025\\\/08\\\/07\\\/linien-447-und-4609-bauarbeiten-in-woxdorf-13-08-12-09-2025\\\/\"},\"author\":{\"name\":\"mzimmermann\",\"@id\":\"https:\\\/\\\/kvg-bus.de\\\/cebus\\\/#\\\/schema\\\/person\\\/5a5abfab092f868ec7cbe0f59e95749b\"},\"headline\":\"Linien 447 und 4609 | Bauarbeiten in Woxdorf: 13.08. \u2013 12.09.2025\",\"datePublished\":\"2025-08-07T07:40:19+00:00\",\"mainEntityOfPage\":{\"@id\":\"https:\\\/\\\/kvg-bus.de\\\/cebus\\\/2025\\\/08\\\/07\\\/linien-447-und-4609-bauarbeiten-in-woxdorf-13-08-12-09-2025\\\/\"},\"wordCount\":47,\"commentCount\":0,\"image\":{\"@id\":\"https:\\\/\\\/kvg-bus.de\\\/cebus\\\/2025\\\/08\\\/07\\\/linien-447-und-4609-bauarbeiten-in-woxdorf-13-08-12-09-2025\\\/#primaryimage\"},\"thumbnailUrl\":\"\",\"articleSection\":[\"Fahrplanabweichungen\",\"Harburg\"],\"inLanguage\":\"de\",\"potentialAction\":[{\"@type\":\"CommentAction\",\"name\":\"Comment\",\"target\":[\"https:\\\/\\\/kvg-bus.de\\\/cebus\\\/2025\\\/08\\\/07\\\/linien-447-und-4609-bauarbeiten-in-woxdorf-13-08-12-09-2025\\\/#respond\"]}]},{\"@type\":\"WebPage\",\"@id\":\"https:\\\/\\\/kvg-bus.de\\\/cebus\\\/2025\\\/08\\\/07\\\/linien-447-und-4609-bauarbeiten-in-woxdorf-13-08-12-09-2025\\\/\",\"url\":\"https:\\\/\\\/kvg-bus.de\\\/cebus\\\/2025\\\/08\\\/07\\\/linien-447-und-4609-bauarbeiten-in-woxdorf-13-08-12-09-2025\\\/\",\"name\":\"Linien 447 und 4609 | Bauarbeiten in Woxdorf: 13.08. \u2013 12.09.2025 - cebus\",\"isPartOf\":{\"@id\":\"https:\\\/\\\/kvg-bus.de\\\/cebus\\\/#website\"},\"primaryImageOfPage\":{\"@id\":\"https:\\\/\\\/kvg-bus.de\\\/cebus\\\/2025\\\/08\\\/07\\\/linien-447-und-4609-bauarbeiten-in-woxdorf-13-08-12-09-2025\\\/#primaryimage\"},\"image\":{\"@id\":\"https:\\\/\\\/kvg-bus.de\\\/cebus\\\/2025\\\/08\\\/07\\\/linien-447-und-4609-bauarbeiten-in-woxdorf-13-08-12-09-2025\\\/#primaryimage\"},\"thumbnailUrl\":\"\",\"datePublished\":\"2025-08-07T07:40:19+00:00\",\"author\":{\"@id\":\"https:\\\/\\\/kvg-bus.de\\\/cebus\\\/#\\\/schema\\\/person\\\/5a5abfab092f868ec7cbe0f59e95749b\"},\"breadcrumb\":{\"@id\":\"https:\\\/\\\/kvg-bus.de\\\/cebus\\\/2025\\\/08\\\/07\\\/linien-447-und-4609-bauarbeiten-in-woxdorf-13-08-12-09-2025\\\/#breadcrumb\"},\"inLanguage\":\"de\",\"potentialAction\":[{\"@type\":\"ReadAction\",\"target\":[\"https:\\\/\\\/kvg-bus.de\\\/cebus\\\/2025\\\/08\\\/07\\\/linien-447-und-4609-bauarbeiten-in-woxdorf-13-08-12-09-2025\\\/\"]}]},{\"@type\":\"ImageObject\",\"inLanguage\":\"de\",\"@id\":\"https:\\\/\\\/kvg-bus.de\\\/cebus\\\/2025\\\/08\\\/07\\\/linien-447-und-4609-bauarbeiten-in-woxdorf-13-08-12-09-2025\\\/#primaryimage\",\"url\":\"\",\"contentUrl\":\"\"},{\"@type\":\"BreadcrumbList\",\"@id\":\"https:\\\/\\\/kvg-bus.de\\\/cebus\\\/2025\\\/08\\\/07\\\/linien-447-und-4609-bauarbeiten-in-woxdorf-13-08-12-09-2025\\\/#breadcrumb\",\"itemListElement\":[{\"@type\":\"ListItem\",\"position\":1,\"name\":\"Startseite\",\"item\":\"https:\\\/\\\/kvg-bus.de\\\/cebus\\\/\"},{\"@type\":\"ListItem\",\"position\":2,\"name\":\"Linien 447 und 4609 | Bauarbeiten in Woxdorf: 13.08. \u2013 12.09.2025\"}]},{\"@type\":\"WebSite\",\"@id\":\"https:\\\/\\\/kvg-bus.de\\\/cebus\\\/#website\",\"url\":\"https:\\\/\\\/kvg-bus.de\\\/cebus\\\/\",\"name\":\"cebus\",\"description\":\"\",\"potentialAction\":[{\"@type\":\"SearchAction\",\"target\":{\"@type\":\"EntryPoint\",\"urlTemplate\":\"https:\\\/\\\/kvg-bus.de\\\/cebus\\\/?s={search_term_string}\"},\"query-input\":{\"@type\":\"PropertyValueSpecification\",\"valueRequired\":true,\"valueName\":\"search_term_string\"}}],\"inLanguage\":\"de\"},{\"@type\":\"Person\",\"@id\":\"https:\\\/\\\/kvg-bus.de\\\/cebus\\\/#\\\/schema\\\/person\\\/5a5abfab092f868ec7cbe0f59e95749b\",\"name\":\"mzimmermann\",\"image\":{\"@type\":\"ImageObject\",\"inLanguage\":\"de\",\"@id\":\"https:\\\/\\\/secure.gravatar.com\\\/avatar\\\/0f69d8b83e3b3e54f0b766684bb3fd6649f0081ecdbff759ed4b19e5df68d1e4?s=96&d=mm&r=g\",\"url\":\"https:\\\/\\\/secure.gravatar.com\\\/avatar\\\/0f69d8b83e3b3e54f0b766684bb3fd6649f0081ecdbff759ed4b19e5df68d1e4?s=96&d=mm&r=g\",\"contentUrl\":\"https:\\\/\\\/secure.gravatar.com\\\/avatar\\\/0f69d8b83e3b3e54f0b766684bb3fd6649f0081ecdbff759ed4b19e5df68d1e4?s=96&d=mm&r=g\",\"caption\":\"mzimmermann\"},\"url\":\"https:\\\/\\\/kvg-bus.de\\\/cebus\\\/author\\\/mzimmermann\\\/\"}]}<\/script>\n<!-- \/ Yoast SEO plugin. -->","yoast_head_json":{"title":"Linien 447 und 4609 | Bauarbeiten in Woxdorf: 13.08. \u2013 12.09.2025 - cebus","robots":{"index":"index","follow":"follow","max-snippet":"max-snippet:-1","max-image-preview":"max-image-preview:large","max-video-preview":"max-video-preview:-1"},"canonical":"https:\/\/kvg-bus.de\/cebus\/2025\/08\/07\/linien-447-und-4609-bauarbeiten-in-woxdorf-13-08-12-09-2025\/","og_locale":"de_DE","og_type":"article","og_title":"Linien 447 und 4609 | Bauarbeiten in Woxdorf: 13.08. \u2013 12.09.2025 - cebus","og_description":"Ab dem 13. August bis zum 12. September 2025 ist die Beckedorfer Stra\u00dfe in Woxdorf wegen einer St\u00f6rungsbeseitigung des Wasserbeschaffungsverbandes gesperrt. Die Linien 447 und 4609 fahren eine Umleitung \u00fcber die Lindenstra\u00dfe.\u27a1\ufe0f Die Haltestellen \u201eMetzelndorf, Ort\u201c und \u201eEmmelndorf, Hohlweg\u201c k\u00f6nnen nicht bedient werden.","og_url":"https:\/\/kvg-bus.de\/cebus\/2025\/08\/07\/linien-447-und-4609-bauarbeiten-in-woxdorf-13-08-12-09-2025\/","og_site_name":"cebus","article_published_time":"2025-08-07T07:40:19+00:00","author":"mzimmermann","twitter_card":"summary_large_image","twitter_misc":{"Verfasst von":"mzimmermann"},"schema":{"@context":"https:\/\/schema.org","@graph":[{"@type":"Article","@id":"https:\/\/kvg-bus.de\/cebus\/2025\/08\/07\/linien-447-und-4609-bauarbeiten-in-woxdorf-13-08-12-09-2025\/#article","isPartOf":{"@id":"https:\/\/kvg-bus.de\/cebus\/2025\/08\/07\/linien-447-und-4609-bauarbeiten-in-woxdorf-13-08-12-09-2025\/"},"author":{"name":"mzimmermann","@id":"https:\/\/kvg-bus.de\/cebus\/#\/schema\/person\/5a5abfab092f868ec7cbe0f59e95749b"},"headline":"Linien 447 und 4609 | Bauarbeiten in Woxdorf: 13.08. \u2013 12.09.2025","datePublished":"2025-08-07T07:40:19+00:00","mainEntityOfPage":{"@id":"https:\/\/kvg-bus.de\/cebus\/2025\/08\/07\/linien-447-und-4609-bauarbeiten-in-woxdorf-13-08-12-09-2025\/"},"wordCount":47,"commentCount":0,"image":{"@id":"https:\/\/kvg-bus.de\/cebus\/2025\/08\/07\/linien-447-und-4609-bauarbeiten-in-woxdorf-13-08-12-09-2025\/#primaryimage"},"thumbnailUrl":"","articleSection":["Fahrplanabweichungen","Harburg"],"inLanguage":"de","potentialAction":[{"@type":"CommentAction","name":"Comment","target":["https:\/\/kvg-bus.de\/cebus\/2025\/08\/07\/linien-447-und-4609-bauarbeiten-in-woxdorf-13-08-12-09-2025\/#respond"]}]},{"@type":"WebPage","@id":"https:\/\/kvg-bus.de\/cebus\/2025\/08\/07\/linien-447-und-4609-bauarbeiten-in-woxdorf-13-08-12-09-2025\/","url":"https:\/\/kvg-bus.de\/cebus\/2025\/08\/07\/linien-447-und-4609-bauarbeiten-in-woxdorf-13-08-12-09-2025\/","name":"Linien 447 und 4609 | Bauarbeiten in Woxdorf: 13.08. \u2013 12.09.2025 - cebus","isPartOf":{"@id":"https:\/\/kvg-bus.de\/cebus\/#website"},"primaryImageOfPage":{"@id":"https:\/\/kvg-bus.de\/cebus\/2025\/08\/07\/linien-447-und-4609-bauarbeiten-in-woxdorf-13-08-12-09-2025\/#primaryimage"},"image":{"@id":"https:\/\/kvg-bus.de\/cebus\/2025\/08\/07\/linien-447-und-4609-bauarbeiten-in-woxdorf-13-08-12-09-2025\/#primaryimage"},"thumbnailUrl":"","datePublished":"2025-08-07T07:40:19+00:00","author":{"@id":"https:\/\/kvg-bus.de\/cebus\/#\/schema\/person\/5a5abfab092f868ec7cbe0f59e95749b"},"breadcrumb":{"@id":"https:\/\/kvg-bus.de\/cebus\/2025\/08\/07\/linien-447-und-4609-bauarbeiten-in-woxdorf-13-08-12-09-2025\/#breadcrumb"},"inLanguage":"de","potentialAction":[{"@type":"ReadAction","target":["https:\/\/kvg-bus.de\/cebus\/2025\/08\/07\/linien-447-und-4609-bauarbeiten-in-woxdorf-13-08-12-09-2025\/"]}]},{"@type":"ImageObject","inLanguage":"de","@id":"https:\/\/kvg-bus.de\/cebus\/2025\/08\/07\/linien-447-und-4609-bauarbeiten-in-woxdorf-13-08-12-09-2025\/#primaryimage","url":"","contentUrl":""},{"@type":"BreadcrumbList","@id":"https:\/\/kvg-bus.de\/cebus\/2025\/08\/07\/linien-447-und-4609-bauarbeiten-in-woxdorf-13-08-12-09-2025\/#breadcrumb","itemListElement":[{"@type":"ListItem","position":1,"name":"Startseite","item":"https:\/\/kvg-bus.de\/cebus\/"},{"@type":"ListItem","position":2,"name":"Linien 447 und 4609 | Bauarbeiten in Woxdorf: 13.08. \u2013 12.09.2025"}]},{"@type":"WebSite","@id":"https:\/\/kvg-bus.de\/cebus\/#website","url":"https:\/\/kvg-bus.de\/cebus\/","name":"cebus","description":"","potentialAction":[{"@type":"SearchAction","target":{"@type":"EntryPoint","urlTemplate":"https:\/\/kvg-bus.de\/cebus\/?s={search_term_string}"},"query-input":{"@type":"PropertyValueSpecification","valueRequired":true,"valueName":"search_term_string"}}],"inLanguage":"de"},{"@type":"Person","@id":"https:\/\/kvg-bus.de\/cebus\/#\/schema\/person\/5a5abfab092f868ec7cbe0f59e95749b","name":"mzimmermann","image":{"@type":"ImageObject","inLanguage":"de","@id":"https:\/\/secure.gravatar.com\/avatar\/0f69d8b83e3b3e54f0b766684bb3fd6649f0081ecdbff759ed4b19e5df68d1e4?s=96&d=mm&r=g","url":"https:\/\/secure.gravatar.com\/avatar\/0f69d8b83e3b3e54f0b766684bb3fd6649f0081ecdbff759ed4b19e5df68d1e4?s=96&d=mm&r=g","contentUrl":"https:\/\/secure.gravatar.com\/avatar\/0f69d8b83e3b3e54f0b766684bb3fd6649f0081ecdbff759ed4b19e5df68d1e4?s=96&d=mm&r=g","caption":"mzimmermann"},"url":"https:\/\/kvg-bus.de\/cebus\/author\/mzimmermann\/"}]}},"_links":{"self":[{"href":"https:\/\/kvg-bus.de\/cebus\/wp-json\/wp\/v2\/posts\/392","targetHints":{"allow":["GET"]}}],"collection":[{"href":"https:\/\/kvg-bus.de\/cebus\/wp-json\/wp\/v2\/posts"}],"about":[{"href":"https:\/\/kvg-bus.de\/cebus\/wp-json\/wp\/v2\/types\/post"}],"author":[{"embeddable":true,"href":"https:\/\/kvg-bus.de\/cebus\/wp-json\/wp\/v2\/users\/10"}],"replies":[{"embeddable":true,"href":"https:\/\/kvg-bus.de\/cebus\/wp-json\/wp\/v2\/comments?post=392"}],"version-history":[{"count":0,"href":"https:\/\/kvg-bus.de\/cebus\/wp-json\/wp\/v2\/posts\/392\/revisions"}],"wp:featuredmedia":[{"embeddable":true,"href":"https:\/\/kvg-bus.de\/cebus\/wp-json\/"}],"wp:attachment":[{"href":"https:\/\/kvg-bus.de\/cebus\/wp-json\/wp\/v2\/media?parent=392"}],"wp:term":[{"taxonomy":"category","embeddable":true,"href":"https:\/\/kvg-bus.de\/cebus\/wp-json\/wp\/v2\/categories?post=392"},{"taxonomy":"post_tag","embeddable":true,"href":"https:\/\/kvg-bus.de\/cebus\/wp-json\/wp\/v2\/tags?post=392"}],"curies":[{"name":"wp","href":"https:\/\/api.w.org\/{rel}","templated":true}]}}