{"id":391,"date":"2025-08-07T09:26:43","date_gmt":"2025-08-07T07:26:43","guid":{"rendered":"https:\/\/kvg-bus.de\/cebus\/2025\/08\/07\/linien-4603-und-4609-bauarbeiten-in-klecken-11-08-26-10-2025\/"},"modified":"2025-08-07T09:26:43","modified_gmt":"2025-08-07T07:26:43","slug":"linien-4603-und-4609-bauarbeiten-in-klecken-11-08-26-10-2025","status":"publish","type":"post","link":"https:\/\/kvg-bus.de\/cebus\/2025\/08\/07\/linien-4603-und-4609-bauarbeiten-in-klecken-11-08-26-10-2025\/","title":{"rendered":"Linien 4603 und 4609 | Bauarbeiten in Klecken: 11.08. \u2013 26.10.2025"},"content":{"rendered":"<p data-start=\"150\" data-end=\"285\">Ab dem <strong data-start=\"157\" data-end=\"196\">11. August bis zum 26. Oktober 2025<\/strong> ist der <strong data-start=\"205\" data-end=\"230\">Lerchenweg in Klecken<\/strong> wegen <strong data-start=\"237\" data-end=\"275\">der Erneuerung von Wasserleitungen<\/strong> gesperrt.<\/p>\n<ul data-start=\"287\" data-end=\"653\">\n<li data-start=\"287\" data-end=\"653\">\n<p data-start=\"289\" data-end=\"653\">Die <strong data-start=\"293\" data-end=\"317\">Linien 4603 und 4609<\/strong> fahren eine <strong data-start=\"330\" data-end=\"401\">Umleitung \u00fcber Hainbuchenweg, Bahnhofstra\u00dfe und Bendestorfer Stra\u00dfe<\/strong>.<br data-start=\"402\" data-end=\"405\" \/>\u27a1\ufe0f Die Haltestelle <strong data-start=\"426\" data-end=\"451\">\u201eKlecken, Wachtelweg\u201c<\/strong> kann nicht bedient werden.<br data-start=\"478\" data-end=\"481\" \/>\u2705 Fahrg\u00e4ste weichen bitte auf die Haltestelle <strong data-start=\"529\" data-end=\"558\">\u201eNeu Eckel, Stieglitzweg\u201c<\/strong> aus.<br data-start=\"563\" data-end=\"566\" \/>\u26a0\ufe0f Die <strong data-start=\"575\" data-end=\"604\">Fahrt 3651 der Linie 4603<\/strong> kann die Ausweichhaltestelle <strong data-start=\"634\" data-end=\"643\">nicht<\/strong> bedienen.<\/p>\n<\/li>\n<\/ul>\n","protected":false},"excerpt":{"rendered":"<p>Ab dem 11. August bis zum 26. Oktober 2025 ist der Lerchenweg in Klecken wegen der Erneuerung von Wasserleitungen gesperrt. Die Linien 4603 und 4609 fahren eine Umleitung \u00fcber Hainbuchenweg, Bahnhofstra\u00dfe und Bendestorfer Stra\u00dfe.\u27a1\ufe0f Die Haltestelle \u201eKlecken, Wachtelweg\u201c kann nicht bedient werden.\u2705 Fahrg\u00e4ste weichen bitte auf die Haltestelle \u201eNeu Eckel, Stieglitzweg\u201c aus.\u26a0\ufe0f Die Fahrt 3651 der Linie 4603 kann die Ausweichhaltestelle nicht bedienen.<\/p>\n","protected":false},"author":10,"featured_media":2753,"comment_status":"open","ping_status":"open","sticky":false,"template":"","format":"standard","meta":{"footnotes":""},"categories":[16,55],"tags":[],"class_list":["post-391","post","type-post","status-publish","format-standard","has-post-thumbnail","hentry","category-fahrplanabweichungen","category-harburg"],"yoast_head":"<!-- This site is optimized with the Yoast SEO plugin v27.4 - https:\/\/yoast.com\/product\/yoast-seo-wordpress\/ -->\n<title>Linien 4603 und 4609 | Bauarbeiten in Klecken: 11.08. \u2013 26.10.2025 - cebus<\/title>\n<meta name=\"robots\" content=\"index, follow, max-snippet:-1, max-image-preview:large, max-video-preview:-1\" \/>\n<link rel=\"canonical\" href=\"https:\/\/kvg-bus.de\/cebus\/2025\/08\/07\/linien-4603-und-4609-bauarbeiten-in-klecken-11-08-26-10-2025\/\" \/>\n<meta property=\"og:locale\" content=\"de_DE\" \/>\n<meta property=\"og:type\" content=\"article\" \/>\n<meta property=\"og:title\" content=\"Linien 4603 und 4609 | Bauarbeiten in Klecken: 11.08. \u2013 26.10.2025 - cebus\" \/>\n<meta property=\"og:description\" content=\"Ab dem 11. August bis zum 26. Oktober 2025 ist der Lerchenweg in Klecken wegen der Erneuerung von Wasserleitungen gesperrt. Die Linien 4603 und 4609 fahren eine Umleitung \u00fcber Hainbuchenweg, Bahnhofstra\u00dfe und Bendestorfer Stra\u00dfe.\u27a1\ufe0f Die Haltestelle \u201eKlecken, Wachtelweg\u201c kann nicht bedient werden.\u2705 Fahrg\u00e4ste weichen bitte auf die Haltestelle \u201eNeu Eckel, Stieglitzweg\u201c aus.\u26a0\ufe0f Die Fahrt 3651 der Linie 4603 kann die Ausweichhaltestelle nicht bedienen.\" \/>\n<meta property=\"og:url\" content=\"https:\/\/kvg-bus.de\/cebus\/2025\/08\/07\/linien-4603-und-4609-bauarbeiten-in-klecken-11-08-26-10-2025\/\" \/>\n<meta property=\"og:site_name\" content=\"cebus\" \/>\n<meta property=\"article:published_time\" content=\"2025-08-07T07:26:43+00:00\" \/>\n<meta name=\"author\" content=\"mzimmermann\" \/>\n<meta name=\"twitter:card\" content=\"summary_large_image\" \/>\n<meta name=\"twitter:label1\" content=\"Verfasst von\" \/>\n\t<meta name=\"twitter:data1\" content=\"mzimmermann\" \/>\n<script type=\"application\/ld+json\" class=\"yoast-schema-graph\">{\"@context\":\"https:\\\/\\\/schema.org\",\"@graph\":[{\"@type\":\"Article\",\"@id\":\"https:\\\/\\\/kvg-bus.de\\\/cebus\\\/2025\\\/08\\\/07\\\/linien-4603-und-4609-bauarbeiten-in-klecken-11-08-26-10-2025\\\/#article\",\"isPartOf\":{\"@id\":\"https:\\\/\\\/kvg-bus.de\\\/cebus\\\/2025\\\/08\\\/07\\\/linien-4603-und-4609-bauarbeiten-in-klecken-11-08-26-10-2025\\\/\"},\"author\":{\"name\":\"mzimmermann\",\"@id\":\"https:\\\/\\\/kvg-bus.de\\\/cebus\\\/#\\\/schema\\\/person\\\/5a5abfab092f868ec7cbe0f59e95749b\"},\"headline\":\"Linien 4603 und 4609 | Bauarbeiten in Klecken: 11.08. \u2013 26.10.2025\",\"datePublished\":\"2025-08-07T07:26:43+00:00\",\"mainEntityOfPage\":{\"@id\":\"https:\\\/\\\/kvg-bus.de\\\/cebus\\\/2025\\\/08\\\/07\\\/linien-4603-und-4609-bauarbeiten-in-klecken-11-08-26-10-2025\\\/\"},\"wordCount\":64,\"commentCount\":0,\"image\":{\"@id\":\"https:\\\/\\\/kvg-bus.de\\\/cebus\\\/2025\\\/08\\\/07\\\/linien-4603-und-4609-bauarbeiten-in-klecken-11-08-26-10-2025\\\/#primaryimage\"},\"thumbnailUrl\":\"\",\"articleSection\":[\"Fahrplanabweichungen\",\"Harburg\"],\"inLanguage\":\"de\",\"potentialAction\":[{\"@type\":\"CommentAction\",\"name\":\"Comment\",\"target\":[\"https:\\\/\\\/kvg-bus.de\\\/cebus\\\/2025\\\/08\\\/07\\\/linien-4603-und-4609-bauarbeiten-in-klecken-11-08-26-10-2025\\\/#respond\"]}]},{\"@type\":\"WebPage\",\"@id\":\"https:\\\/\\\/kvg-bus.de\\\/cebus\\\/2025\\\/08\\\/07\\\/linien-4603-und-4609-bauarbeiten-in-klecken-11-08-26-10-2025\\\/\",\"url\":\"https:\\\/\\\/kvg-bus.de\\\/cebus\\\/2025\\\/08\\\/07\\\/linien-4603-und-4609-bauarbeiten-in-klecken-11-08-26-10-2025\\\/\",\"name\":\"Linien 4603 und 4609 | Bauarbeiten in Klecken: 11.08. \u2013 26.10.2025 - cebus\",\"isPartOf\":{\"@id\":\"https:\\\/\\\/kvg-bus.de\\\/cebus\\\/#website\"},\"primaryImageOfPage\":{\"@id\":\"https:\\\/\\\/kvg-bus.de\\\/cebus\\\/2025\\\/08\\\/07\\\/linien-4603-und-4609-bauarbeiten-in-klecken-11-08-26-10-2025\\\/#primaryimage\"},\"image\":{\"@id\":\"https:\\\/\\\/kvg-bus.de\\\/cebus\\\/2025\\\/08\\\/07\\\/linien-4603-und-4609-bauarbeiten-in-klecken-11-08-26-10-2025\\\/#primaryimage\"},\"thumbnailUrl\":\"\",\"datePublished\":\"2025-08-07T07:26:43+00:00\",\"author\":{\"@id\":\"https:\\\/\\\/kvg-bus.de\\\/cebus\\\/#\\\/schema\\\/person\\\/5a5abfab092f868ec7cbe0f59e95749b\"},\"breadcrumb\":{\"@id\":\"https:\\\/\\\/kvg-bus.de\\\/cebus\\\/2025\\\/08\\\/07\\\/linien-4603-und-4609-bauarbeiten-in-klecken-11-08-26-10-2025\\\/#breadcrumb\"},\"inLanguage\":\"de\",\"potentialAction\":[{\"@type\":\"ReadAction\",\"target\":[\"https:\\\/\\\/kvg-bus.de\\\/cebus\\\/2025\\\/08\\\/07\\\/linien-4603-und-4609-bauarbeiten-in-klecken-11-08-26-10-2025\\\/\"]}]},{\"@type\":\"ImageObject\",\"inLanguage\":\"de\",\"@id\":\"https:\\\/\\\/kvg-bus.de\\\/cebus\\\/2025\\\/08\\\/07\\\/linien-4603-und-4609-bauarbeiten-in-klecken-11-08-26-10-2025\\\/#primaryimage\",\"url\":\"\",\"contentUrl\":\"\"},{\"@type\":\"BreadcrumbList\",\"@id\":\"https:\\\/\\\/kvg-bus.de\\\/cebus\\\/2025\\\/08\\\/07\\\/linien-4603-und-4609-bauarbeiten-in-klecken-11-08-26-10-2025\\\/#breadcrumb\",\"itemListElement\":[{\"@type\":\"ListItem\",\"position\":1,\"name\":\"Startseite\",\"item\":\"https:\\\/\\\/kvg-bus.de\\\/cebus\\\/\"},{\"@type\":\"ListItem\",\"position\":2,\"name\":\"Linien 4603 und 4609 | Bauarbeiten in Klecken: 11.08. \u2013 26.10.2025\"}]},{\"@type\":\"WebSite\",\"@id\":\"https:\\\/\\\/kvg-bus.de\\\/cebus\\\/#website\",\"url\":\"https:\\\/\\\/kvg-bus.de\\\/cebus\\\/\",\"name\":\"cebus\",\"description\":\"\",\"potentialAction\":[{\"@type\":\"SearchAction\",\"target\":{\"@type\":\"EntryPoint\",\"urlTemplate\":\"https:\\\/\\\/kvg-bus.de\\\/cebus\\\/?s={search_term_string}\"},\"query-input\":{\"@type\":\"PropertyValueSpecification\",\"valueRequired\":true,\"valueName\":\"search_term_string\"}}],\"inLanguage\":\"de\"},{\"@type\":\"Person\",\"@id\":\"https:\\\/\\\/kvg-bus.de\\\/cebus\\\/#\\\/schema\\\/person\\\/5a5abfab092f868ec7cbe0f59e95749b\",\"name\":\"mzimmermann\",\"image\":{\"@type\":\"ImageObject\",\"inLanguage\":\"de\",\"@id\":\"https:\\\/\\\/secure.gravatar.com\\\/avatar\\\/0f69d8b83e3b3e54f0b766684bb3fd6649f0081ecdbff759ed4b19e5df68d1e4?s=96&d=mm&r=g\",\"url\":\"https:\\\/\\\/secure.gravatar.com\\\/avatar\\\/0f69d8b83e3b3e54f0b766684bb3fd6649f0081ecdbff759ed4b19e5df68d1e4?s=96&d=mm&r=g\",\"contentUrl\":\"https:\\\/\\\/secure.gravatar.com\\\/avatar\\\/0f69d8b83e3b3e54f0b766684bb3fd6649f0081ecdbff759ed4b19e5df68d1e4?s=96&d=mm&r=g\",\"caption\":\"mzimmermann\"},\"url\":\"https:\\\/\\\/kvg-bus.de\\\/cebus\\\/author\\\/mzimmermann\\\/\"}]}<\/script>\n<!-- \/ Yoast SEO plugin. -->","yoast_head_json":{"title":"Linien 4603 und 4609 | Bauarbeiten in Klecken: 11.08. \u2013 26.10.2025 - cebus","robots":{"index":"index","follow":"follow","max-snippet":"max-snippet:-1","max-image-preview":"max-image-preview:large","max-video-preview":"max-video-preview:-1"},"canonical":"https:\/\/kvg-bus.de\/cebus\/2025\/08\/07\/linien-4603-und-4609-bauarbeiten-in-klecken-11-08-26-10-2025\/","og_locale":"de_DE","og_type":"article","og_title":"Linien 4603 und 4609 | Bauarbeiten in Klecken: 11.08. \u2013 26.10.2025 - cebus","og_description":"Ab dem 11. August bis zum 26. Oktober 2025 ist der Lerchenweg in Klecken wegen der Erneuerung von Wasserleitungen gesperrt. Die Linien 4603 und 4609 fahren eine Umleitung \u00fcber Hainbuchenweg, Bahnhofstra\u00dfe und Bendestorfer Stra\u00dfe.\u27a1\ufe0f Die Haltestelle \u201eKlecken, Wachtelweg\u201c kann nicht bedient werden.\u2705 Fahrg\u00e4ste weichen bitte auf die Haltestelle \u201eNeu Eckel, Stieglitzweg\u201c aus.\u26a0\ufe0f Die Fahrt 3651 der Linie 4603 kann die Ausweichhaltestelle nicht bedienen.","og_url":"https:\/\/kvg-bus.de\/cebus\/2025\/08\/07\/linien-4603-und-4609-bauarbeiten-in-klecken-11-08-26-10-2025\/","og_site_name":"cebus","article_published_time":"2025-08-07T07:26:43+00:00","author":"mzimmermann","twitter_card":"summary_large_image","twitter_misc":{"Verfasst von":"mzimmermann"},"schema":{"@context":"https:\/\/schema.org","@graph":[{"@type":"Article","@id":"https:\/\/kvg-bus.de\/cebus\/2025\/08\/07\/linien-4603-und-4609-bauarbeiten-in-klecken-11-08-26-10-2025\/#article","isPartOf":{"@id":"https:\/\/kvg-bus.de\/cebus\/2025\/08\/07\/linien-4603-und-4609-bauarbeiten-in-klecken-11-08-26-10-2025\/"},"author":{"name":"mzimmermann","@id":"https:\/\/kvg-bus.de\/cebus\/#\/schema\/person\/5a5abfab092f868ec7cbe0f59e95749b"},"headline":"Linien 4603 und 4609 | Bauarbeiten in Klecken: 11.08. \u2013 26.10.2025","datePublished":"2025-08-07T07:26:43+00:00","mainEntityOfPage":{"@id":"https:\/\/kvg-bus.de\/cebus\/2025\/08\/07\/linien-4603-und-4609-bauarbeiten-in-klecken-11-08-26-10-2025\/"},"wordCount":64,"commentCount":0,"image":{"@id":"https:\/\/kvg-bus.de\/cebus\/2025\/08\/07\/linien-4603-und-4609-bauarbeiten-in-klecken-11-08-26-10-2025\/#primaryimage"},"thumbnailUrl":"","articleSection":["Fahrplanabweichungen","Harburg"],"inLanguage":"de","potentialAction":[{"@type":"CommentAction","name":"Comment","target":["https:\/\/kvg-bus.de\/cebus\/2025\/08\/07\/linien-4603-und-4609-bauarbeiten-in-klecken-11-08-26-10-2025\/#respond"]}]},{"@type":"WebPage","@id":"https:\/\/kvg-bus.de\/cebus\/2025\/08\/07\/linien-4603-und-4609-bauarbeiten-in-klecken-11-08-26-10-2025\/","url":"https:\/\/kvg-bus.de\/cebus\/2025\/08\/07\/linien-4603-und-4609-bauarbeiten-in-klecken-11-08-26-10-2025\/","name":"Linien 4603 und 4609 | Bauarbeiten in Klecken: 11.08. \u2013 26.10.2025 - cebus","isPartOf":{"@id":"https:\/\/kvg-bus.de\/cebus\/#website"},"primaryImageOfPage":{"@id":"https:\/\/kvg-bus.de\/cebus\/2025\/08\/07\/linien-4603-und-4609-bauarbeiten-in-klecken-11-08-26-10-2025\/#primaryimage"},"image":{"@id":"https:\/\/kvg-bus.de\/cebus\/2025\/08\/07\/linien-4603-und-4609-bauarbeiten-in-klecken-11-08-26-10-2025\/#primaryimage"},"thumbnailUrl":"","datePublished":"2025-08-07T07:26:43+00:00","author":{"@id":"https:\/\/kvg-bus.de\/cebus\/#\/schema\/person\/5a5abfab092f868ec7cbe0f59e95749b"},"breadcrumb":{"@id":"https:\/\/kvg-bus.de\/cebus\/2025\/08\/07\/linien-4603-und-4609-bauarbeiten-in-klecken-11-08-26-10-2025\/#breadcrumb"},"inLanguage":"de","potentialAction":[{"@type":"ReadAction","target":["https:\/\/kvg-bus.de\/cebus\/2025\/08\/07\/linien-4603-und-4609-bauarbeiten-in-klecken-11-08-26-10-2025\/"]}]},{"@type":"ImageObject","inLanguage":"de","@id":"https:\/\/kvg-bus.de\/cebus\/2025\/08\/07\/linien-4603-und-4609-bauarbeiten-in-klecken-11-08-26-10-2025\/#primaryimage","url":"","contentUrl":""},{"@type":"BreadcrumbList","@id":"https:\/\/kvg-bus.de\/cebus\/2025\/08\/07\/linien-4603-und-4609-bauarbeiten-in-klecken-11-08-26-10-2025\/#breadcrumb","itemListElement":[{"@type":"ListItem","position":1,"name":"Startseite","item":"https:\/\/kvg-bus.de\/cebus\/"},{"@type":"ListItem","position":2,"name":"Linien 4603 und 4609 | Bauarbeiten in Klecken: 11.08. \u2013 26.10.2025"}]},{"@type":"WebSite","@id":"https:\/\/kvg-bus.de\/cebus\/#website","url":"https:\/\/kvg-bus.de\/cebus\/","name":"cebus","description":"","potentialAction":[{"@type":"SearchAction","target":{"@type":"EntryPoint","urlTemplate":"https:\/\/kvg-bus.de\/cebus\/?s={search_term_string}"},"query-input":{"@type":"PropertyValueSpecification","valueRequired":true,"valueName":"search_term_string"}}],"inLanguage":"de"},{"@type":"Person","@id":"https:\/\/kvg-bus.de\/cebus\/#\/schema\/person\/5a5abfab092f868ec7cbe0f59e95749b","name":"mzimmermann","image":{"@type":"ImageObject","inLanguage":"de","@id":"https:\/\/secure.gravatar.com\/avatar\/0f69d8b83e3b3e54f0b766684bb3fd6649f0081ecdbff759ed4b19e5df68d1e4?s=96&d=mm&r=g","url":"https:\/\/secure.gravatar.com\/avatar\/0f69d8b83e3b3e54f0b766684bb3fd6649f0081ecdbff759ed4b19e5df68d1e4?s=96&d=mm&r=g","contentUrl":"https:\/\/secure.gravatar.com\/avatar\/0f69d8b83e3b3e54f0b766684bb3fd6649f0081ecdbff759ed4b19e5df68d1e4?s=96&d=mm&r=g","caption":"mzimmermann"},"url":"https:\/\/kvg-bus.de\/cebus\/author\/mzimmermann\/"}]}},"_links":{"self":[{"href":"https:\/\/kvg-bus.de\/cebus\/wp-json\/wp\/v2\/posts\/391","targetHints":{"allow":["GET"]}}],"collection":[{"href":"https:\/\/kvg-bus.de\/cebus\/wp-json\/wp\/v2\/posts"}],"about":[{"href":"https:\/\/kvg-bus.de\/cebus\/wp-json\/wp\/v2\/types\/post"}],"author":[{"embeddable":true,"href":"https:\/\/kvg-bus.de\/cebus\/wp-json\/wp\/v2\/users\/10"}],"replies":[{"embeddable":true,"href":"https:\/\/kvg-bus.de\/cebus\/wp-json\/wp\/v2\/comments?post=391"}],"version-history":[{"count":0,"href":"https:\/\/kvg-bus.de\/cebus\/wp-json\/wp\/v2\/posts\/391\/revisions"}],"wp:featuredmedia":[{"embeddable":true,"href":"https:\/\/kvg-bus.de\/cebus\/wp-json\/"}],"wp:attachment":[{"href":"https:\/\/kvg-bus.de\/cebus\/wp-json\/wp\/v2\/media?parent=391"}],"wp:term":[{"taxonomy":"category","embeddable":true,"href":"https:\/\/kvg-bus.de\/cebus\/wp-json\/wp\/v2\/categories?post=391"},{"taxonomy":"post_tag","embeddable":true,"href":"https:\/\/kvg-bus.de\/cebus\/wp-json\/wp\/v2\/tags?post=391"}],"curies":[{"name":"wp","href":"https:\/\/api.w.org\/{rel}","templated":true}]}}