{"id":390,"date":"2025-08-07T08:55:14","date_gmt":"2025-08-07T06:55:14","guid":{"rendered":"https:\/\/kvg-bus.de\/cebus\/2025\/08\/07\/linien-2365-2370-und-2375-bauarbeiten-in-fredenbeck-11-08-22-08-2025\/"},"modified":"2025-08-07T08:55:14","modified_gmt":"2025-08-07T06:55:14","slug":"linien-2365-2370-und-2375-bauarbeiten-in-fredenbeck-11-08-22-08-2025","status":"publish","type":"post","link":"https:\/\/kvg-bus.de\/cebus\/2025\/08\/07\/linien-2365-2370-und-2375-bauarbeiten-in-fredenbeck-11-08-22-08-2025\/","title":{"rendered":"Linien 2365, 2370 und 2375 | Bauarbeiten in Fredenbeck: 11.08. \u2013 22.08.2025"},"content":{"rendered":"<p data-start=\"157\" data-end=\"290\">Ab dem <strong data-start=\"164\" data-end=\"202\">11. August bis zum 22. August 2025<\/strong> ist die <strong data-start=\"211\" data-end=\"242\">Bahnhofstra\u00dfe in Fredenbeck<\/strong> wegen <strong data-start=\"249\" data-end=\"280\">Bauarbeiten am Bahn\u00fcbergang<\/strong> gesperrt.<\/p>\n<ul data-start=\"292\" data-end=\"855\">\n<li data-start=\"292\" data-end=\"855\">\n<p data-start=\"294\" data-end=\"855\">Die <strong data-start=\"298\" data-end=\"328\">Linien 2365, 2370 und 2375<\/strong> fahren eine <strong data-start=\"341\" data-end=\"394\">Umleitung \u00fcber Dinghorner Stra\u00dfe und Mulsumer Weg<\/strong>.<br data-start=\"395\" data-end=\"398\" \/>\u27a1\ufe0f Die Haltestellen <strong data-start=\"420\" data-end=\"445\">\u201eFredenbeck, Bahnhof\u201c<\/strong> und <strong data-start=\"450\" data-end=\"481\">\u201eWedel (STD), Mulsumer Weg\u201c<\/strong> k\u00f6nnen nicht bedient werden.<br data-start=\"510\" data-end=\"513\" data-is-only-node=\"\" \/>\u2705 Fahrg\u00e4ste weichen bitte auf die Haltestelle <strong data-start=\"561\" data-end=\"590\">\u201eFredenbeck, Hauptstra\u00dfe\u201c<\/strong> oder auf die <strong data-start=\"604\" data-end=\"646\">Ersatzhaltestelle auf dem Mulsumer Weg<\/strong> aus.<br data-start=\"651\" data-end=\"654\" \/>\ud83d\udd01 In Richtung <strong data-start=\"671\" data-end=\"694\">Wedel und Harsefeld<\/strong> befindet sich diese <strong data-start=\"715\" data-end=\"762\">westlich der Kreuzung zur Stra\u00dfe Eichenhain<\/strong>,<br data-start=\"763\" data-end=\"766\" \/>in Richtung <strong data-start=\"780\" data-end=\"804\">Fredenbeck und Stade<\/strong> <strong data-start=\"805\" data-end=\"854\">westlich der Kreuzung zur Wedeler Hauptstra\u00dfe<\/strong>.<\/p>\n<\/li>\n<\/ul>\n","protected":false},"excerpt":{"rendered":"<p>Ab dem 11. August bis zum 22. August 2025 ist die Bahnhofstra\u00dfe in Fredenbeck wegen Bauarbeiten am Bahn\u00fcbergang gesperrt. Die Linien 2365, 2370 und 2375 fahren eine Umleitung \u00fcber Dinghorner Stra\u00dfe und Mulsumer Weg.\u27a1\ufe0f Die Haltestellen \u201eFredenbeck, Bahnhof\u201c und \u201eWedel (STD), Mulsumer Weg\u201c k\u00f6nnen nicht bedient werden.\u2705 Fahrg\u00e4ste weichen bitte auf die Haltestelle \u201eFredenbeck, Hauptstra\u00dfe\u201c oder auf die Ersatzhaltestelle auf dem Mulsumer Weg aus.\ud83d\udd01 In Richtung Wedel und Harsefeld befindet sich diese westlich der Kreuzung zur Stra\u00dfe Eichenhain,in Richtung Fredenbeck und Stade westlich der Kreuzung zur Wedeler Hauptstra\u00dfe.<\/p>\n","protected":false},"author":10,"featured_media":2753,"comment_status":"open","ping_status":"open","sticky":false,"template":"","format":"standard","meta":{"footnotes":""},"categories":[16,53],"tags":[],"class_list":["post-390","post","type-post","status-publish","format-standard","has-post-thumbnail","hentry","category-fahrplanabweichungen","category-stade"],"yoast_head":"<!-- This site is optimized with the Yoast SEO plugin v27.4 - https:\/\/yoast.com\/product\/yoast-seo-wordpress\/ -->\n<title>Linien 2365, 2370 und 2375 | Bauarbeiten in Fredenbeck: 11.08. \u2013 22.08.2025 - cebus<\/title>\n<meta name=\"robots\" content=\"index, follow, max-snippet:-1, max-image-preview:large, max-video-preview:-1\" \/>\n<link rel=\"canonical\" href=\"https:\/\/kvg-bus.de\/cebus\/2025\/08\/07\/linien-2365-2370-und-2375-bauarbeiten-in-fredenbeck-11-08-22-08-2025\/\" \/>\n<meta property=\"og:locale\" content=\"de_DE\" \/>\n<meta property=\"og:type\" content=\"article\" \/>\n<meta property=\"og:title\" content=\"Linien 2365, 2370 und 2375 | Bauarbeiten in Fredenbeck: 11.08. \u2013 22.08.2025 - cebus\" \/>\n<meta property=\"og:description\" content=\"Ab dem 11. August bis zum 22. August 2025 ist die Bahnhofstra\u00dfe in Fredenbeck wegen Bauarbeiten am Bahn\u00fcbergang gesperrt. Die Linien 2365, 2370 und 2375 fahren eine Umleitung \u00fcber Dinghorner Stra\u00dfe und Mulsumer Weg.\u27a1\ufe0f Die Haltestellen \u201eFredenbeck, Bahnhof\u201c und \u201eWedel (STD), Mulsumer Weg\u201c k\u00f6nnen nicht bedient werden.\u2705 Fahrg\u00e4ste weichen bitte auf die Haltestelle \u201eFredenbeck, Hauptstra\u00dfe\u201c oder auf die Ersatzhaltestelle auf dem Mulsumer Weg aus.\ud83d\udd01 In Richtung Wedel und Harsefeld befindet sich diese westlich der Kreuzung zur Stra\u00dfe Eichenhain,in Richtung Fredenbeck und Stade westlich der Kreuzung zur Wedeler Hauptstra\u00dfe.\" \/>\n<meta property=\"og:url\" content=\"https:\/\/kvg-bus.de\/cebus\/2025\/08\/07\/linien-2365-2370-und-2375-bauarbeiten-in-fredenbeck-11-08-22-08-2025\/\" \/>\n<meta property=\"og:site_name\" content=\"cebus\" \/>\n<meta property=\"article:published_time\" content=\"2025-08-07T06:55:14+00:00\" \/>\n<meta name=\"author\" content=\"mzimmermann\" \/>\n<meta name=\"twitter:card\" content=\"summary_large_image\" \/>\n<meta name=\"twitter:label1\" content=\"Verfasst von\" \/>\n\t<meta name=\"twitter:data1\" content=\"mzimmermann\" \/>\n<script type=\"application\/ld+json\" class=\"yoast-schema-graph\">{\"@context\":\"https:\\\/\\\/schema.org\",\"@graph\":[{\"@type\":\"Article\",\"@id\":\"https:\\\/\\\/kvg-bus.de\\\/cebus\\\/2025\\\/08\\\/07\\\/linien-2365-2370-und-2375-bauarbeiten-in-fredenbeck-11-08-22-08-2025\\\/#article\",\"isPartOf\":{\"@id\":\"https:\\\/\\\/kvg-bus.de\\\/cebus\\\/2025\\\/08\\\/07\\\/linien-2365-2370-und-2375-bauarbeiten-in-fredenbeck-11-08-22-08-2025\\\/\"},\"author\":{\"name\":\"mzimmermann\",\"@id\":\"https:\\\/\\\/kvg-bus.de\\\/cebus\\\/#\\\/schema\\\/person\\\/5a5abfab092f868ec7cbe0f59e95749b\"},\"headline\":\"Linien 2365, 2370 und 2375 | Bauarbeiten in Fredenbeck: 11.08. \u2013 22.08.2025\",\"datePublished\":\"2025-08-07T06:55:14+00:00\",\"mainEntityOfPage\":{\"@id\":\"https:\\\/\\\/kvg-bus.de\\\/cebus\\\/2025\\\/08\\\/07\\\/linien-2365-2370-und-2375-bauarbeiten-in-fredenbeck-11-08-22-08-2025\\\/\"},\"wordCount\":96,\"commentCount\":0,\"image\":{\"@id\":\"https:\\\/\\\/kvg-bus.de\\\/cebus\\\/2025\\\/08\\\/07\\\/linien-2365-2370-und-2375-bauarbeiten-in-fredenbeck-11-08-22-08-2025\\\/#primaryimage\"},\"thumbnailUrl\":\"\",\"articleSection\":[\"Fahrplanabweichungen\",\"Stade\"],\"inLanguage\":\"de\",\"potentialAction\":[{\"@type\":\"CommentAction\",\"name\":\"Comment\",\"target\":[\"https:\\\/\\\/kvg-bus.de\\\/cebus\\\/2025\\\/08\\\/07\\\/linien-2365-2370-und-2375-bauarbeiten-in-fredenbeck-11-08-22-08-2025\\\/#respond\"]}]},{\"@type\":\"WebPage\",\"@id\":\"https:\\\/\\\/kvg-bus.de\\\/cebus\\\/2025\\\/08\\\/07\\\/linien-2365-2370-und-2375-bauarbeiten-in-fredenbeck-11-08-22-08-2025\\\/\",\"url\":\"https:\\\/\\\/kvg-bus.de\\\/cebus\\\/2025\\\/08\\\/07\\\/linien-2365-2370-und-2375-bauarbeiten-in-fredenbeck-11-08-22-08-2025\\\/\",\"name\":\"Linien 2365, 2370 und 2375 | Bauarbeiten in Fredenbeck: 11.08. \u2013 22.08.2025 - cebus\",\"isPartOf\":{\"@id\":\"https:\\\/\\\/kvg-bus.de\\\/cebus\\\/#website\"},\"primaryImageOfPage\":{\"@id\":\"https:\\\/\\\/kvg-bus.de\\\/cebus\\\/2025\\\/08\\\/07\\\/linien-2365-2370-und-2375-bauarbeiten-in-fredenbeck-11-08-22-08-2025\\\/#primaryimage\"},\"image\":{\"@id\":\"https:\\\/\\\/kvg-bus.de\\\/cebus\\\/2025\\\/08\\\/07\\\/linien-2365-2370-und-2375-bauarbeiten-in-fredenbeck-11-08-22-08-2025\\\/#primaryimage\"},\"thumbnailUrl\":\"\",\"datePublished\":\"2025-08-07T06:55:14+00:00\",\"author\":{\"@id\":\"https:\\\/\\\/kvg-bus.de\\\/cebus\\\/#\\\/schema\\\/person\\\/5a5abfab092f868ec7cbe0f59e95749b\"},\"breadcrumb\":{\"@id\":\"https:\\\/\\\/kvg-bus.de\\\/cebus\\\/2025\\\/08\\\/07\\\/linien-2365-2370-und-2375-bauarbeiten-in-fredenbeck-11-08-22-08-2025\\\/#breadcrumb\"},\"inLanguage\":\"de\",\"potentialAction\":[{\"@type\":\"ReadAction\",\"target\":[\"https:\\\/\\\/kvg-bus.de\\\/cebus\\\/2025\\\/08\\\/07\\\/linien-2365-2370-und-2375-bauarbeiten-in-fredenbeck-11-08-22-08-2025\\\/\"]}]},{\"@type\":\"ImageObject\",\"inLanguage\":\"de\",\"@id\":\"https:\\\/\\\/kvg-bus.de\\\/cebus\\\/2025\\\/08\\\/07\\\/linien-2365-2370-und-2375-bauarbeiten-in-fredenbeck-11-08-22-08-2025\\\/#primaryimage\",\"url\":\"\",\"contentUrl\":\"\"},{\"@type\":\"BreadcrumbList\",\"@id\":\"https:\\\/\\\/kvg-bus.de\\\/cebus\\\/2025\\\/08\\\/07\\\/linien-2365-2370-und-2375-bauarbeiten-in-fredenbeck-11-08-22-08-2025\\\/#breadcrumb\",\"itemListElement\":[{\"@type\":\"ListItem\",\"position\":1,\"name\":\"Startseite\",\"item\":\"https:\\\/\\\/kvg-bus.de\\\/cebus\\\/\"},{\"@type\":\"ListItem\",\"position\":2,\"name\":\"Linien 2365, 2370 und 2375 | Bauarbeiten in Fredenbeck: 11.08. \u2013 22.08.2025\"}]},{\"@type\":\"WebSite\",\"@id\":\"https:\\\/\\\/kvg-bus.de\\\/cebus\\\/#website\",\"url\":\"https:\\\/\\\/kvg-bus.de\\\/cebus\\\/\",\"name\":\"cebus\",\"description\":\"\",\"potentialAction\":[{\"@type\":\"SearchAction\",\"target\":{\"@type\":\"EntryPoint\",\"urlTemplate\":\"https:\\\/\\\/kvg-bus.de\\\/cebus\\\/?s={search_term_string}\"},\"query-input\":{\"@type\":\"PropertyValueSpecification\",\"valueRequired\":true,\"valueName\":\"search_term_string\"}}],\"inLanguage\":\"de\"},{\"@type\":\"Person\",\"@id\":\"https:\\\/\\\/kvg-bus.de\\\/cebus\\\/#\\\/schema\\\/person\\\/5a5abfab092f868ec7cbe0f59e95749b\",\"name\":\"mzimmermann\",\"image\":{\"@type\":\"ImageObject\",\"inLanguage\":\"de\",\"@id\":\"https:\\\/\\\/secure.gravatar.com\\\/avatar\\\/0f69d8b83e3b3e54f0b766684bb3fd6649f0081ecdbff759ed4b19e5df68d1e4?s=96&d=mm&r=g\",\"url\":\"https:\\\/\\\/secure.gravatar.com\\\/avatar\\\/0f69d8b83e3b3e54f0b766684bb3fd6649f0081ecdbff759ed4b19e5df68d1e4?s=96&d=mm&r=g\",\"contentUrl\":\"https:\\\/\\\/secure.gravatar.com\\\/avatar\\\/0f69d8b83e3b3e54f0b766684bb3fd6649f0081ecdbff759ed4b19e5df68d1e4?s=96&d=mm&r=g\",\"caption\":\"mzimmermann\"},\"url\":\"https:\\\/\\\/kvg-bus.de\\\/cebus\\\/author\\\/mzimmermann\\\/\"}]}<\/script>\n<!-- \/ Yoast SEO plugin. -->","yoast_head_json":{"title":"Linien 2365, 2370 und 2375 | Bauarbeiten in Fredenbeck: 11.08. \u2013 22.08.2025 - cebus","robots":{"index":"index","follow":"follow","max-snippet":"max-snippet:-1","max-image-preview":"max-image-preview:large","max-video-preview":"max-video-preview:-1"},"canonical":"https:\/\/kvg-bus.de\/cebus\/2025\/08\/07\/linien-2365-2370-und-2375-bauarbeiten-in-fredenbeck-11-08-22-08-2025\/","og_locale":"de_DE","og_type":"article","og_title":"Linien 2365, 2370 und 2375 | Bauarbeiten in Fredenbeck: 11.08. \u2013 22.08.2025 - cebus","og_description":"Ab dem 11. August bis zum 22. August 2025 ist die Bahnhofstra\u00dfe in Fredenbeck wegen Bauarbeiten am Bahn\u00fcbergang gesperrt. Die Linien 2365, 2370 und 2375 fahren eine Umleitung \u00fcber Dinghorner Stra\u00dfe und Mulsumer Weg.\u27a1\ufe0f Die Haltestellen \u201eFredenbeck, Bahnhof\u201c und \u201eWedel (STD), Mulsumer Weg\u201c k\u00f6nnen nicht bedient werden.\u2705 Fahrg\u00e4ste weichen bitte auf die Haltestelle \u201eFredenbeck, Hauptstra\u00dfe\u201c oder auf die Ersatzhaltestelle auf dem Mulsumer Weg aus.\ud83d\udd01 In Richtung Wedel und Harsefeld befindet sich diese westlich der Kreuzung zur Stra\u00dfe Eichenhain,in Richtung Fredenbeck und Stade westlich der Kreuzung zur Wedeler Hauptstra\u00dfe.","og_url":"https:\/\/kvg-bus.de\/cebus\/2025\/08\/07\/linien-2365-2370-und-2375-bauarbeiten-in-fredenbeck-11-08-22-08-2025\/","og_site_name":"cebus","article_published_time":"2025-08-07T06:55:14+00:00","author":"mzimmermann","twitter_card":"summary_large_image","twitter_misc":{"Verfasst von":"mzimmermann"},"schema":{"@context":"https:\/\/schema.org","@graph":[{"@type":"Article","@id":"https:\/\/kvg-bus.de\/cebus\/2025\/08\/07\/linien-2365-2370-und-2375-bauarbeiten-in-fredenbeck-11-08-22-08-2025\/#article","isPartOf":{"@id":"https:\/\/kvg-bus.de\/cebus\/2025\/08\/07\/linien-2365-2370-und-2375-bauarbeiten-in-fredenbeck-11-08-22-08-2025\/"},"author":{"name":"mzimmermann","@id":"https:\/\/kvg-bus.de\/cebus\/#\/schema\/person\/5a5abfab092f868ec7cbe0f59e95749b"},"headline":"Linien 2365, 2370 und 2375 | Bauarbeiten in Fredenbeck: 11.08. \u2013 22.08.2025","datePublished":"2025-08-07T06:55:14+00:00","mainEntityOfPage":{"@id":"https:\/\/kvg-bus.de\/cebus\/2025\/08\/07\/linien-2365-2370-und-2375-bauarbeiten-in-fredenbeck-11-08-22-08-2025\/"},"wordCount":96,"commentCount":0,"image":{"@id":"https:\/\/kvg-bus.de\/cebus\/2025\/08\/07\/linien-2365-2370-und-2375-bauarbeiten-in-fredenbeck-11-08-22-08-2025\/#primaryimage"},"thumbnailUrl":"","articleSection":["Fahrplanabweichungen","Stade"],"inLanguage":"de","potentialAction":[{"@type":"CommentAction","name":"Comment","target":["https:\/\/kvg-bus.de\/cebus\/2025\/08\/07\/linien-2365-2370-und-2375-bauarbeiten-in-fredenbeck-11-08-22-08-2025\/#respond"]}]},{"@type":"WebPage","@id":"https:\/\/kvg-bus.de\/cebus\/2025\/08\/07\/linien-2365-2370-und-2375-bauarbeiten-in-fredenbeck-11-08-22-08-2025\/","url":"https:\/\/kvg-bus.de\/cebus\/2025\/08\/07\/linien-2365-2370-und-2375-bauarbeiten-in-fredenbeck-11-08-22-08-2025\/","name":"Linien 2365, 2370 und 2375 | Bauarbeiten in Fredenbeck: 11.08. \u2013 22.08.2025 - cebus","isPartOf":{"@id":"https:\/\/kvg-bus.de\/cebus\/#website"},"primaryImageOfPage":{"@id":"https:\/\/kvg-bus.de\/cebus\/2025\/08\/07\/linien-2365-2370-und-2375-bauarbeiten-in-fredenbeck-11-08-22-08-2025\/#primaryimage"},"image":{"@id":"https:\/\/kvg-bus.de\/cebus\/2025\/08\/07\/linien-2365-2370-und-2375-bauarbeiten-in-fredenbeck-11-08-22-08-2025\/#primaryimage"},"thumbnailUrl":"","datePublished":"2025-08-07T06:55:14+00:00","author":{"@id":"https:\/\/kvg-bus.de\/cebus\/#\/schema\/person\/5a5abfab092f868ec7cbe0f59e95749b"},"breadcrumb":{"@id":"https:\/\/kvg-bus.de\/cebus\/2025\/08\/07\/linien-2365-2370-und-2375-bauarbeiten-in-fredenbeck-11-08-22-08-2025\/#breadcrumb"},"inLanguage":"de","potentialAction":[{"@type":"ReadAction","target":["https:\/\/kvg-bus.de\/cebus\/2025\/08\/07\/linien-2365-2370-und-2375-bauarbeiten-in-fredenbeck-11-08-22-08-2025\/"]}]},{"@type":"ImageObject","inLanguage":"de","@id":"https:\/\/kvg-bus.de\/cebus\/2025\/08\/07\/linien-2365-2370-und-2375-bauarbeiten-in-fredenbeck-11-08-22-08-2025\/#primaryimage","url":"","contentUrl":""},{"@type":"BreadcrumbList","@id":"https:\/\/kvg-bus.de\/cebus\/2025\/08\/07\/linien-2365-2370-und-2375-bauarbeiten-in-fredenbeck-11-08-22-08-2025\/#breadcrumb","itemListElement":[{"@type":"ListItem","position":1,"name":"Startseite","item":"https:\/\/kvg-bus.de\/cebus\/"},{"@type":"ListItem","position":2,"name":"Linien 2365, 2370 und 2375 | Bauarbeiten in Fredenbeck: 11.08. \u2013 22.08.2025"}]},{"@type":"WebSite","@id":"https:\/\/kvg-bus.de\/cebus\/#website","url":"https:\/\/kvg-bus.de\/cebus\/","name":"cebus","description":"","potentialAction":[{"@type":"SearchAction","target":{"@type":"EntryPoint","urlTemplate":"https:\/\/kvg-bus.de\/cebus\/?s={search_term_string}"},"query-input":{"@type":"PropertyValueSpecification","valueRequired":true,"valueName":"search_term_string"}}],"inLanguage":"de"},{"@type":"Person","@id":"https:\/\/kvg-bus.de\/cebus\/#\/schema\/person\/5a5abfab092f868ec7cbe0f59e95749b","name":"mzimmermann","image":{"@type":"ImageObject","inLanguage":"de","@id":"https:\/\/secure.gravatar.com\/avatar\/0f69d8b83e3b3e54f0b766684bb3fd6649f0081ecdbff759ed4b19e5df68d1e4?s=96&d=mm&r=g","url":"https:\/\/secure.gravatar.com\/avatar\/0f69d8b83e3b3e54f0b766684bb3fd6649f0081ecdbff759ed4b19e5df68d1e4?s=96&d=mm&r=g","contentUrl":"https:\/\/secure.gravatar.com\/avatar\/0f69d8b83e3b3e54f0b766684bb3fd6649f0081ecdbff759ed4b19e5df68d1e4?s=96&d=mm&r=g","caption":"mzimmermann"},"url":"https:\/\/kvg-bus.de\/cebus\/author\/mzimmermann\/"}]}},"_links":{"self":[{"href":"https:\/\/kvg-bus.de\/cebus\/wp-json\/wp\/v2\/posts\/390","targetHints":{"allow":["GET"]}}],"collection":[{"href":"https:\/\/kvg-bus.de\/cebus\/wp-json\/wp\/v2\/posts"}],"about":[{"href":"https:\/\/kvg-bus.de\/cebus\/wp-json\/wp\/v2\/types\/post"}],"author":[{"embeddable":true,"href":"https:\/\/kvg-bus.de\/cebus\/wp-json\/wp\/v2\/users\/10"}],"replies":[{"embeddable":true,"href":"https:\/\/kvg-bus.de\/cebus\/wp-json\/wp\/v2\/comments?post=390"}],"version-history":[{"count":0,"href":"https:\/\/kvg-bus.de\/cebus\/wp-json\/wp\/v2\/posts\/390\/revisions"}],"wp:featuredmedia":[{"embeddable":true,"href":"https:\/\/kvg-bus.de\/cebus\/wp-json\/"}],"wp:attachment":[{"href":"https:\/\/kvg-bus.de\/cebus\/wp-json\/wp\/v2\/media?parent=390"}],"wp:term":[{"taxonomy":"category","embeddable":true,"href":"https:\/\/kvg-bus.de\/cebus\/wp-json\/wp\/v2\/categories?post=390"},{"taxonomy":"post_tag","embeddable":true,"href":"https:\/\/kvg-bus.de\/cebus\/wp-json\/wp\/v2\/tags?post=390"}],"curies":[{"name":"wp","href":"https:\/\/api.w.org\/{rel}","templated":true}]}}