{"id":386,"date":"2025-08-01T11:53:40","date_gmt":"2025-08-01T09:53:40","guid":{"rendered":"https:\/\/kvg-bus.de\/cebus\/2025\/08\/01\/linien-2018-2027-2028-2068-2069-2721-und-2722-bauarbeiten-in-duedenbuettel-04-08-30-11-2025-2\/"},"modified":"2025-11-04T12:48:54","modified_gmt":"2025-11-04T11:48:54","slug":"linien-2018-2027-2028-2068-2069-2721-und-2722-bauarbeiten-in-duedenbuettel-04-08-30-11-2025-2","status":"publish","type":"post","link":"https:\/\/kvg-bus.de\/cebus\/2025\/08\/01\/linien-2018-2027-2028-2068-2069-2721-und-2722-bauarbeiten-in-duedenbuettel-04-08-30-11-2025-2\/","title":{"rendered":"Linien 2002, 2017 und 2037 | Bauarbeiten in Stade: 04.08. \u2013 05.11.2025"},"content":{"rendered":"<p data-start=\"158\" data-end=\"290\">Vom <strong data-start=\"162\" data-end=\"202\">04. August bis zum 05. November 2025<\/strong> ist die Stra\u00dfe <strong data-start=\"218\" data-end=\"244\">Am Hohenwedel in Stade<\/strong> wegen <strong data-start=\"251\" data-end=\"280\">Stra\u00dfensanierungsarbeiten<\/strong> gesperrt.<\/p>\n<p data-start=\"158\" data-end=\"290\">\u27a1\ufe0fZu der Bauma\u00dfnahme gibt es Baustellenfahrpl\u00e4ne &#8211; diese findest du <a href=\"https:\/\/kvg-bus.de\/stade\/fahrplaene\/\">hier<\/a>.<\/p>\n<p data-start=\"292\" data-end=\"361\">Die <strong data-start=\"296\" data-end=\"326\">Linien 2002, 2017 und 2037<\/strong> fahren in dieser Zeit Umleitungen.<\/p>\n<hr data-start=\"363\" data-end=\"366\" \/>\n<p data-start=\"368\" data-end=\"649\"><strong data-start=\"368\" data-end=\"385\">\ud83d\ude8d Linie 2002<\/strong><br data-start=\"385\" data-end=\"388\" \/>\u27a1\ufe0f f\u00e4hrt eine Umleitung \u00fcber <strong data-start=\"417\" data-end=\"478\">Gl\u00fcckst\u00e4dter Stra\u00dfe, Hohenwedeler Weg und Bockhorster Weg<\/strong>.<br data-start=\"479\" data-end=\"482\" \/>\u274c Die Haltestellen<br data-start=\"500\" data-end=\"503\" \/>\u2022 <strong data-start=\"505\" data-end=\"536\">\u201eSch\u00f6lisch, Zum Wiesenland\u201c<\/strong><br data-start=\"536\" data-end=\"539\" \/>\u2022 <strong data-start=\"541\" data-end=\"579\">\u201eSch\u00f6lisch, Sch\u00f6lischer Stra\u00dfe 63\u201c<\/strong><br data-start=\"579\" data-end=\"582\" \/>\u2022 <strong data-start=\"584\" data-end=\"618\">\u201eSch\u00f6lisch, G\u00f6tzdorfer Stra\u00dfe\u201c<\/strong><br data-start=\"618\" data-end=\"621\" \/>k\u00f6nnen nicht bedient werden.<\/p>\n<hr data-start=\"651\" data-end=\"654\" \/>\n<p data-start=\"656\" data-end=\"899\"><strong data-start=\"656\" data-end=\"673\">\ud83d\ude8d Linie 2017<\/strong><br data-start=\"673\" data-end=\"676\" \/>\u2022 <strong data-start=\"678\" data-end=\"690\">Morgens:<\/strong> Nach der Haltestelle <strong data-start=\"712\" data-end=\"746\">\u201eSch\u00f6lisch, G\u00f6tzdorfer Stra\u00dfe\u201c<\/strong> wendet die Linie im Kreisverkehr und f\u00e4hrt dann eine Umleitung \u00fcber <strong data-start=\"815\" data-end=\"896\">Sch\u00f6lischer Stra\u00dfe, Gl\u00fcckst\u00e4dter Stra\u00dfe, Hohenwedeler Weg und Bockhorster Weg<\/strong>.<\/p>\n<p data-start=\"901\" data-end=\"1281\">\u2022 <strong data-start=\"903\" data-end=\"915\">Mittags:<\/strong> Start an der Haltestelle <strong data-start=\"941\" data-end=\"969\">\u201eStade, Bockhorster Weg\u201c<\/strong>, dann \u00fcber <strong data-start=\"981\" data-end=\"998\">Am Hohenwedel<\/strong> zur Haltestelle <strong data-start=\"1015\" data-end=\"1043\">\u201eStade, Beethovenstra\u00dfe\u201c<\/strong>, anschlie\u00dfend Umleitung \u00fcber <strong data-start=\"1073\" data-end=\"1117\">Hohenwedeler Weg und Gl\u00fcckst\u00e4dter Stra\u00dfe<\/strong>.<br data-start=\"1118\" data-end=\"1121\" \/>\u2705 Danach werden zuerst die Haltestellen <strong data-start=\"1161\" data-end=\"1186\">\u201eStade, In der H\u00f6rne\u201c<\/strong> und <strong data-start=\"1191\" data-end=\"1209\">\u201eStade, H\u00f6rne\u201c<\/strong>, anschlie\u00dfend die Haltestellen in <strong data-start=\"1244\" data-end=\"1272\">Sch\u00f6lisch und Stadermoor<\/strong> bedient.<\/p>\n<hr data-start=\"1283\" data-end=\"1286\" \/>\n<p data-start=\"1288\" data-end=\"1422\"><strong data-start=\"1288\" data-end=\"1305\">\ud83d\ude8d Linie 2037<\/strong><br data-start=\"1305\" data-end=\"1308\" \/>\u2022 <strong data-start=\"1310\" data-end=\"1322\">Morgens:<\/strong> Umleitung \u00fcber <strong data-start=\"1338\" data-end=\"1419\">Sch\u00f6lischer Stra\u00dfe, Gl\u00fcckst\u00e4dter Stra\u00dfe, Hohenwedeler Weg und Bockhorster Weg<\/strong>.<\/p>\n<p data-start=\"1424\" data-end=\"1661\">\u2022 <strong data-start=\"1426\" data-end=\"1438\">Mittags:<\/strong> Start an der Haltestelle <strong data-start=\"1464\" data-end=\"1492\">\u201eStade, Bockhorster Weg\u201c<\/strong>, dann \u00fcber <strong data-start=\"1504\" data-end=\"1521\">Am Hohenwedel<\/strong> zur Haltestelle <strong data-start=\"1538\" data-end=\"1566\">\u201eStade, Beethovenstra\u00dfe\u201c<\/strong>, anschlie\u00dfend Umleitung \u00fcber <strong data-start=\"1596\" data-end=\"1660\">Hohenwedeler Weg, Gl\u00fcckst\u00e4dter Stra\u00dfe und Sch\u00f6lischer Stra\u00dfe<\/strong>.<\/p>\n","protected":false},"excerpt":{"rendered":"<p>Vom 04. August bis zum 05. November 2025 ist die Stra\u00dfe Am Hohenwedel in Stade wegen Stra\u00dfensanierungsarbeiten gesperrt. \u27a1\ufe0fZu der Bauma\u00dfnahme gibt es Baustellenfahrpl\u00e4ne &#8211; diese findest du hier. Die Linien 2002, 2017 und 2037 fahren in dieser Zeit Umleitungen. \ud83d\ude8d Linie 2002\u27a1\ufe0f f\u00e4hrt eine Umleitung \u00fcber Gl\u00fcckst\u00e4dter Stra\u00dfe, Hohenwedeler Weg und Bockhorster Weg.\u274c Die Haltestellen\u2022 \u201eSch\u00f6lisch, Zum Wiesenland\u201c\u2022 \u201eSch\u00f6lisch, Sch\u00f6lischer Stra\u00dfe 63\u201c\u2022 \u201eSch\u00f6lisch, G\u00f6tzdorfer Stra\u00dfe\u201ck\u00f6nnen nicht bedient werden. \ud83d\ude8d Linie 2017\u2022 Morgens: Nach der Haltestelle \u201eSch\u00f6lisch, G\u00f6tzdorfer Stra\u00dfe\u201c wendet die Linie im Kreisverkehr und f\u00e4hrt dann eine Umleitung \u00fcber Sch\u00f6lischer Stra\u00dfe, Gl\u00fcckst\u00e4dter Stra\u00dfe, Hohenwedeler Weg und Bockhorster Weg. \u2022 Mittags: Start an der Haltestelle \u201eStade, Bockhorster Weg\u201c, dann \u00fcber Am Hohenwedel zur Haltestelle \u201eStade, Beethovenstra\u00dfe\u201c, anschlie\u00dfend Umleitung \u00fcber Hohenwedeler Weg und Gl\u00fcckst\u00e4dter Stra\u00dfe.\u2705 Danach werden zuerst die Haltestellen \u201eStade, In der H\u00f6rne\u201c und \u201eStade, H\u00f6rne\u201c, anschlie\u00dfend die Haltestellen in Sch\u00f6lisch und Stadermoor bedient. \ud83d\ude8d Linie 2037\u2022 Morgens: Umleitung \u00fcber Sch\u00f6lischer Stra\u00dfe, Gl\u00fcckst\u00e4dter Stra\u00dfe, Hohenwedeler Weg und Bockhorster Weg. \u2022 Mittags: Start an der Haltestelle \u201eStade, Bockhorster Weg\u201c, dann \u00fcber Am Hohenwedel zur Haltestelle \u201eStade, Beethovenstra\u00dfe\u201c, anschlie\u00dfend Umleitung \u00fcber Hohenwedeler Weg, Gl\u00fcckst\u00e4dter Stra\u00dfe und Sch\u00f6lischer Stra\u00dfe.<\/p>\n","protected":false},"author":10,"featured_media":2753,"comment_status":"open","ping_status":"open","sticky":false,"template":"","format":"standard","meta":{"footnotes":""},"categories":[16,53],"tags":[],"class_list":["post-386","post","type-post","status-publish","format-standard","has-post-thumbnail","hentry","category-fahrplanabweichungen","category-stade"],"yoast_head":"<!-- This site is optimized with the Yoast SEO plugin v27.4 - https:\/\/yoast.com\/product\/yoast-seo-wordpress\/ -->\n<title>Linien 2002, 2017 und 2037 | Bauarbeiten in Stade: 04.08. \u2013 05.11.2025 - cebus<\/title>\n<meta name=\"robots\" content=\"index, follow, max-snippet:-1, max-image-preview:large, max-video-preview:-1\" \/>\n<link rel=\"canonical\" href=\"https:\/\/kvg-bus.de\/cebus\/2025\/08\/01\/linien-2018-2027-2028-2068-2069-2721-und-2722-bauarbeiten-in-duedenbuettel-04-08-30-11-2025-2\/\" \/>\n<meta property=\"og:locale\" content=\"de_DE\" \/>\n<meta property=\"og:type\" content=\"article\" \/>\n<meta property=\"og:title\" content=\"Linien 2002, 2017 und 2037 | Bauarbeiten in Stade: 04.08. \u2013 05.11.2025 - cebus\" \/>\n<meta property=\"og:description\" content=\"Vom 04. August bis zum 05. November 2025 ist die Stra\u00dfe Am Hohenwedel in Stade wegen Stra\u00dfensanierungsarbeiten gesperrt. \u27a1\ufe0fZu der Bauma\u00dfnahme gibt es Baustellenfahrpl\u00e4ne &#8211; diese findest du hier. Die Linien 2002, 2017 und 2037 fahren in dieser Zeit Umleitungen. \ud83d\ude8d Linie 2002\u27a1\ufe0f f\u00e4hrt eine Umleitung \u00fcber Gl\u00fcckst\u00e4dter Stra\u00dfe, Hohenwedeler Weg und Bockhorster Weg.\u274c Die Haltestellen\u2022 \u201eSch\u00f6lisch, Zum Wiesenland\u201c\u2022 \u201eSch\u00f6lisch, Sch\u00f6lischer Stra\u00dfe 63\u201c\u2022 \u201eSch\u00f6lisch, G\u00f6tzdorfer Stra\u00dfe\u201ck\u00f6nnen nicht bedient werden. \ud83d\ude8d Linie 2017\u2022 Morgens: Nach der Haltestelle \u201eSch\u00f6lisch, G\u00f6tzdorfer Stra\u00dfe\u201c wendet die Linie im Kreisverkehr und f\u00e4hrt dann eine Umleitung \u00fcber Sch\u00f6lischer Stra\u00dfe, Gl\u00fcckst\u00e4dter Stra\u00dfe, Hohenwedeler Weg und Bockhorster Weg. \u2022 Mittags: Start an der Haltestelle \u201eStade, Bockhorster Weg\u201c, dann \u00fcber Am Hohenwedel zur Haltestelle \u201eStade, Beethovenstra\u00dfe\u201c, anschlie\u00dfend Umleitung \u00fcber Hohenwedeler Weg und Gl\u00fcckst\u00e4dter Stra\u00dfe.\u2705 Danach werden zuerst die Haltestellen \u201eStade, In der H\u00f6rne\u201c und \u201eStade, H\u00f6rne\u201c, anschlie\u00dfend die Haltestellen in Sch\u00f6lisch und Stadermoor bedient. \ud83d\ude8d Linie 2037\u2022 Morgens: Umleitung \u00fcber Sch\u00f6lischer Stra\u00dfe, Gl\u00fcckst\u00e4dter Stra\u00dfe, Hohenwedeler Weg und Bockhorster Weg. \u2022 Mittags: Start an der Haltestelle \u201eStade, Bockhorster Weg\u201c, dann \u00fcber Am Hohenwedel zur Haltestelle \u201eStade, Beethovenstra\u00dfe\u201c, anschlie\u00dfend Umleitung \u00fcber Hohenwedeler Weg, Gl\u00fcckst\u00e4dter Stra\u00dfe und Sch\u00f6lischer Stra\u00dfe.\" \/>\n<meta property=\"og:url\" content=\"https:\/\/kvg-bus.de\/cebus\/2025\/08\/01\/linien-2018-2027-2028-2068-2069-2721-und-2722-bauarbeiten-in-duedenbuettel-04-08-30-11-2025-2\/\" \/>\n<meta property=\"og:site_name\" content=\"cebus\" \/>\n<meta property=\"article:published_time\" content=\"2025-08-01T09:53:40+00:00\" \/>\n<meta property=\"article:modified_time\" content=\"2025-11-04T11:48:54+00:00\" \/>\n<meta name=\"author\" content=\"mzimmermann\" \/>\n<meta name=\"twitter:card\" content=\"summary_large_image\" \/>\n<meta name=\"twitter:label1\" content=\"Verfasst von\" \/>\n\t<meta name=\"twitter:data1\" content=\"mzimmermann\" \/>\n\t<meta name=\"twitter:label2\" content=\"Gesch\u00e4tzte Lesezeit\" \/>\n\t<meta name=\"twitter:data2\" content=\"1\u00a0Minute\" \/>\n<script type=\"application\/ld+json\" class=\"yoast-schema-graph\">{\"@context\":\"https:\\\/\\\/schema.org\",\"@graph\":[{\"@type\":\"Article\",\"@id\":\"https:\\\/\\\/kvg-bus.de\\\/cebus\\\/2025\\\/08\\\/01\\\/linien-2018-2027-2028-2068-2069-2721-und-2722-bauarbeiten-in-duedenbuettel-04-08-30-11-2025-2\\\/#article\",\"isPartOf\":{\"@id\":\"https:\\\/\\\/kvg-bus.de\\\/cebus\\\/2025\\\/08\\\/01\\\/linien-2018-2027-2028-2068-2069-2721-und-2722-bauarbeiten-in-duedenbuettel-04-08-30-11-2025-2\\\/\"},\"author\":{\"name\":\"mzimmermann\",\"@id\":\"https:\\\/\\\/kvg-bus.de\\\/cebus\\\/#\\\/schema\\\/person\\\/5a5abfab092f868ec7cbe0f59e95749b\"},\"headline\":\"Linien 2002, 2017 und 2037 | Bauarbeiten in Stade: 04.08. \u2013 05.11.2025\",\"datePublished\":\"2025-08-01T09:53:40+00:00\",\"dateModified\":\"2025-11-04T11:48:54+00:00\",\"mainEntityOfPage\":{\"@id\":\"https:\\\/\\\/kvg-bus.de\\\/cebus\\\/2025\\\/08\\\/01\\\/linien-2018-2027-2028-2068-2069-2721-und-2722-bauarbeiten-in-duedenbuettel-04-08-30-11-2025-2\\\/\"},\"wordCount\":223,\"commentCount\":0,\"image\":{\"@id\":\"https:\\\/\\\/kvg-bus.de\\\/cebus\\\/2025\\\/08\\\/01\\\/linien-2018-2027-2028-2068-2069-2721-und-2722-bauarbeiten-in-duedenbuettel-04-08-30-11-2025-2\\\/#primaryimage\"},\"thumbnailUrl\":\"\",\"articleSection\":[\"Fahrplanabweichungen\",\"Stade\"],\"inLanguage\":\"de\",\"potentialAction\":[{\"@type\":\"CommentAction\",\"name\":\"Comment\",\"target\":[\"https:\\\/\\\/kvg-bus.de\\\/cebus\\\/2025\\\/08\\\/01\\\/linien-2018-2027-2028-2068-2069-2721-und-2722-bauarbeiten-in-duedenbuettel-04-08-30-11-2025-2\\\/#respond\"]}]},{\"@type\":\"WebPage\",\"@id\":\"https:\\\/\\\/kvg-bus.de\\\/cebus\\\/2025\\\/08\\\/01\\\/linien-2018-2027-2028-2068-2069-2721-und-2722-bauarbeiten-in-duedenbuettel-04-08-30-11-2025-2\\\/\",\"url\":\"https:\\\/\\\/kvg-bus.de\\\/cebus\\\/2025\\\/08\\\/01\\\/linien-2018-2027-2028-2068-2069-2721-und-2722-bauarbeiten-in-duedenbuettel-04-08-30-11-2025-2\\\/\",\"name\":\"Linien 2002, 2017 und 2037 | Bauarbeiten in Stade: 04.08. \u2013 05.11.2025 - cebus\",\"isPartOf\":{\"@id\":\"https:\\\/\\\/kvg-bus.de\\\/cebus\\\/#website\"},\"primaryImageOfPage\":{\"@id\":\"https:\\\/\\\/kvg-bus.de\\\/cebus\\\/2025\\\/08\\\/01\\\/linien-2018-2027-2028-2068-2069-2721-und-2722-bauarbeiten-in-duedenbuettel-04-08-30-11-2025-2\\\/#primaryimage\"},\"image\":{\"@id\":\"https:\\\/\\\/kvg-bus.de\\\/cebus\\\/2025\\\/08\\\/01\\\/linien-2018-2027-2028-2068-2069-2721-und-2722-bauarbeiten-in-duedenbuettel-04-08-30-11-2025-2\\\/#primaryimage\"},\"thumbnailUrl\":\"\",\"datePublished\":\"2025-08-01T09:53:40+00:00\",\"dateModified\":\"2025-11-04T11:48:54+00:00\",\"author\":{\"@id\":\"https:\\\/\\\/kvg-bus.de\\\/cebus\\\/#\\\/schema\\\/person\\\/5a5abfab092f868ec7cbe0f59e95749b\"},\"breadcrumb\":{\"@id\":\"https:\\\/\\\/kvg-bus.de\\\/cebus\\\/2025\\\/08\\\/01\\\/linien-2018-2027-2028-2068-2069-2721-und-2722-bauarbeiten-in-duedenbuettel-04-08-30-11-2025-2\\\/#breadcrumb\"},\"inLanguage\":\"de\",\"potentialAction\":[{\"@type\":\"ReadAction\",\"target\":[\"https:\\\/\\\/kvg-bus.de\\\/cebus\\\/2025\\\/08\\\/01\\\/linien-2018-2027-2028-2068-2069-2721-und-2722-bauarbeiten-in-duedenbuettel-04-08-30-11-2025-2\\\/\"]}]},{\"@type\":\"ImageObject\",\"inLanguage\":\"de\",\"@id\":\"https:\\\/\\\/kvg-bus.de\\\/cebus\\\/2025\\\/08\\\/01\\\/linien-2018-2027-2028-2068-2069-2721-und-2722-bauarbeiten-in-duedenbuettel-04-08-30-11-2025-2\\\/#primaryimage\",\"url\":\"\",\"contentUrl\":\"\"},{\"@type\":\"BreadcrumbList\",\"@id\":\"https:\\\/\\\/kvg-bus.de\\\/cebus\\\/2025\\\/08\\\/01\\\/linien-2018-2027-2028-2068-2069-2721-und-2722-bauarbeiten-in-duedenbuettel-04-08-30-11-2025-2\\\/#breadcrumb\",\"itemListElement\":[{\"@type\":\"ListItem\",\"position\":1,\"name\":\"Startseite\",\"item\":\"https:\\\/\\\/kvg-bus.de\\\/cebus\\\/\"},{\"@type\":\"ListItem\",\"position\":2,\"name\":\"Linien 2002, 2017 und 2037 | Bauarbeiten in Stade: 04.08. \u2013 15.11.2025\"}]},{\"@type\":\"WebSite\",\"@id\":\"https:\\\/\\\/kvg-bus.de\\\/cebus\\\/#website\",\"url\":\"https:\\\/\\\/kvg-bus.de\\\/cebus\\\/\",\"name\":\"cebus\",\"description\":\"\",\"potentialAction\":[{\"@type\":\"SearchAction\",\"target\":{\"@type\":\"EntryPoint\",\"urlTemplate\":\"https:\\\/\\\/kvg-bus.de\\\/cebus\\\/?s={search_term_string}\"},\"query-input\":{\"@type\":\"PropertyValueSpecification\",\"valueRequired\":true,\"valueName\":\"search_term_string\"}}],\"inLanguage\":\"de\"},{\"@type\":\"Person\",\"@id\":\"https:\\\/\\\/kvg-bus.de\\\/cebus\\\/#\\\/schema\\\/person\\\/5a5abfab092f868ec7cbe0f59e95749b\",\"name\":\"mzimmermann\",\"image\":{\"@type\":\"ImageObject\",\"inLanguage\":\"de\",\"@id\":\"https:\\\/\\\/secure.gravatar.com\\\/avatar\\\/0f69d8b83e3b3e54f0b766684bb3fd6649f0081ecdbff759ed4b19e5df68d1e4?s=96&d=mm&r=g\",\"url\":\"https:\\\/\\\/secure.gravatar.com\\\/avatar\\\/0f69d8b83e3b3e54f0b766684bb3fd6649f0081ecdbff759ed4b19e5df68d1e4?s=96&d=mm&r=g\",\"contentUrl\":\"https:\\\/\\\/secure.gravatar.com\\\/avatar\\\/0f69d8b83e3b3e54f0b766684bb3fd6649f0081ecdbff759ed4b19e5df68d1e4?s=96&d=mm&r=g\",\"caption\":\"mzimmermann\"},\"url\":\"https:\\\/\\\/kvg-bus.de\\\/cebus\\\/author\\\/mzimmermann\\\/\"}]}<\/script>\n<!-- \/ Yoast SEO plugin. -->","yoast_head_json":{"title":"Linien 2002, 2017 und 2037 | Bauarbeiten in Stade: 04.08. \u2013 05.11.2025 - cebus","robots":{"index":"index","follow":"follow","max-snippet":"max-snippet:-1","max-image-preview":"max-image-preview:large","max-video-preview":"max-video-preview:-1"},"canonical":"https:\/\/kvg-bus.de\/cebus\/2025\/08\/01\/linien-2018-2027-2028-2068-2069-2721-und-2722-bauarbeiten-in-duedenbuettel-04-08-30-11-2025-2\/","og_locale":"de_DE","og_type":"article","og_title":"Linien 2002, 2017 und 2037 | Bauarbeiten in Stade: 04.08. \u2013 05.11.2025 - cebus","og_description":"Vom 04. August bis zum 05. November 2025 ist die Stra\u00dfe Am Hohenwedel in Stade wegen Stra\u00dfensanierungsarbeiten gesperrt. \u27a1\ufe0fZu der Bauma\u00dfnahme gibt es Baustellenfahrpl\u00e4ne &#8211; diese findest du hier. Die Linien 2002, 2017 und 2037 fahren in dieser Zeit Umleitungen. \ud83d\ude8d Linie 2002\u27a1\ufe0f f\u00e4hrt eine Umleitung \u00fcber Gl\u00fcckst\u00e4dter Stra\u00dfe, Hohenwedeler Weg und Bockhorster Weg.\u274c Die Haltestellen\u2022 \u201eSch\u00f6lisch, Zum Wiesenland\u201c\u2022 \u201eSch\u00f6lisch, Sch\u00f6lischer Stra\u00dfe 63\u201c\u2022 \u201eSch\u00f6lisch, G\u00f6tzdorfer Stra\u00dfe\u201ck\u00f6nnen nicht bedient werden. \ud83d\ude8d Linie 2017\u2022 Morgens: Nach der Haltestelle \u201eSch\u00f6lisch, G\u00f6tzdorfer Stra\u00dfe\u201c wendet die Linie im Kreisverkehr und f\u00e4hrt dann eine Umleitung \u00fcber Sch\u00f6lischer Stra\u00dfe, Gl\u00fcckst\u00e4dter Stra\u00dfe, Hohenwedeler Weg und Bockhorster Weg. \u2022 Mittags: Start an der Haltestelle \u201eStade, Bockhorster Weg\u201c, dann \u00fcber Am Hohenwedel zur Haltestelle \u201eStade, Beethovenstra\u00dfe\u201c, anschlie\u00dfend Umleitung \u00fcber Hohenwedeler Weg und Gl\u00fcckst\u00e4dter Stra\u00dfe.\u2705 Danach werden zuerst die Haltestellen \u201eStade, In der H\u00f6rne\u201c und \u201eStade, H\u00f6rne\u201c, anschlie\u00dfend die Haltestellen in Sch\u00f6lisch und Stadermoor bedient. \ud83d\ude8d Linie 2037\u2022 Morgens: Umleitung \u00fcber Sch\u00f6lischer Stra\u00dfe, Gl\u00fcckst\u00e4dter Stra\u00dfe, Hohenwedeler Weg und Bockhorster Weg. \u2022 Mittags: Start an der Haltestelle \u201eStade, Bockhorster Weg\u201c, dann \u00fcber Am Hohenwedel zur Haltestelle \u201eStade, Beethovenstra\u00dfe\u201c, anschlie\u00dfend Umleitung \u00fcber Hohenwedeler Weg, Gl\u00fcckst\u00e4dter Stra\u00dfe und Sch\u00f6lischer Stra\u00dfe.","og_url":"https:\/\/kvg-bus.de\/cebus\/2025\/08\/01\/linien-2018-2027-2028-2068-2069-2721-und-2722-bauarbeiten-in-duedenbuettel-04-08-30-11-2025-2\/","og_site_name":"cebus","article_published_time":"2025-08-01T09:53:40+00:00","article_modified_time":"2025-11-04T11:48:54+00:00","author":"mzimmermann","twitter_card":"summary_large_image","twitter_misc":{"Verfasst von":"mzimmermann","Gesch\u00e4tzte Lesezeit":"1\u00a0Minute"},"schema":{"@context":"https:\/\/schema.org","@graph":[{"@type":"Article","@id":"https:\/\/kvg-bus.de\/cebus\/2025\/08\/01\/linien-2018-2027-2028-2068-2069-2721-und-2722-bauarbeiten-in-duedenbuettel-04-08-30-11-2025-2\/#article","isPartOf":{"@id":"https:\/\/kvg-bus.de\/cebus\/2025\/08\/01\/linien-2018-2027-2028-2068-2069-2721-und-2722-bauarbeiten-in-duedenbuettel-04-08-30-11-2025-2\/"},"author":{"name":"mzimmermann","@id":"https:\/\/kvg-bus.de\/cebus\/#\/schema\/person\/5a5abfab092f868ec7cbe0f59e95749b"},"headline":"Linien 2002, 2017 und 2037 | Bauarbeiten in Stade: 04.08. \u2013 05.11.2025","datePublished":"2025-08-01T09:53:40+00:00","dateModified":"2025-11-04T11:48:54+00:00","mainEntityOfPage":{"@id":"https:\/\/kvg-bus.de\/cebus\/2025\/08\/01\/linien-2018-2027-2028-2068-2069-2721-und-2722-bauarbeiten-in-duedenbuettel-04-08-30-11-2025-2\/"},"wordCount":223,"commentCount":0,"image":{"@id":"https:\/\/kvg-bus.de\/cebus\/2025\/08\/01\/linien-2018-2027-2028-2068-2069-2721-und-2722-bauarbeiten-in-duedenbuettel-04-08-30-11-2025-2\/#primaryimage"},"thumbnailUrl":"","articleSection":["Fahrplanabweichungen","Stade"],"inLanguage":"de","potentialAction":[{"@type":"CommentAction","name":"Comment","target":["https:\/\/kvg-bus.de\/cebus\/2025\/08\/01\/linien-2018-2027-2028-2068-2069-2721-und-2722-bauarbeiten-in-duedenbuettel-04-08-30-11-2025-2\/#respond"]}]},{"@type":"WebPage","@id":"https:\/\/kvg-bus.de\/cebus\/2025\/08\/01\/linien-2018-2027-2028-2068-2069-2721-und-2722-bauarbeiten-in-duedenbuettel-04-08-30-11-2025-2\/","url":"https:\/\/kvg-bus.de\/cebus\/2025\/08\/01\/linien-2018-2027-2028-2068-2069-2721-und-2722-bauarbeiten-in-duedenbuettel-04-08-30-11-2025-2\/","name":"Linien 2002, 2017 und 2037 | Bauarbeiten in Stade: 04.08. \u2013 05.11.2025 - cebus","isPartOf":{"@id":"https:\/\/kvg-bus.de\/cebus\/#website"},"primaryImageOfPage":{"@id":"https:\/\/kvg-bus.de\/cebus\/2025\/08\/01\/linien-2018-2027-2028-2068-2069-2721-und-2722-bauarbeiten-in-duedenbuettel-04-08-30-11-2025-2\/#primaryimage"},"image":{"@id":"https:\/\/kvg-bus.de\/cebus\/2025\/08\/01\/linien-2018-2027-2028-2068-2069-2721-und-2722-bauarbeiten-in-duedenbuettel-04-08-30-11-2025-2\/#primaryimage"},"thumbnailUrl":"","datePublished":"2025-08-01T09:53:40+00:00","dateModified":"2025-11-04T11:48:54+00:00","author":{"@id":"https:\/\/kvg-bus.de\/cebus\/#\/schema\/person\/5a5abfab092f868ec7cbe0f59e95749b"},"breadcrumb":{"@id":"https:\/\/kvg-bus.de\/cebus\/2025\/08\/01\/linien-2018-2027-2028-2068-2069-2721-und-2722-bauarbeiten-in-duedenbuettel-04-08-30-11-2025-2\/#breadcrumb"},"inLanguage":"de","potentialAction":[{"@type":"ReadAction","target":["https:\/\/kvg-bus.de\/cebus\/2025\/08\/01\/linien-2018-2027-2028-2068-2069-2721-und-2722-bauarbeiten-in-duedenbuettel-04-08-30-11-2025-2\/"]}]},{"@type":"ImageObject","inLanguage":"de","@id":"https:\/\/kvg-bus.de\/cebus\/2025\/08\/01\/linien-2018-2027-2028-2068-2069-2721-und-2722-bauarbeiten-in-duedenbuettel-04-08-30-11-2025-2\/#primaryimage","url":"","contentUrl":""},{"@type":"BreadcrumbList","@id":"https:\/\/kvg-bus.de\/cebus\/2025\/08\/01\/linien-2018-2027-2028-2068-2069-2721-und-2722-bauarbeiten-in-duedenbuettel-04-08-30-11-2025-2\/#breadcrumb","itemListElement":[{"@type":"ListItem","position":1,"name":"Startseite","item":"https:\/\/kvg-bus.de\/cebus\/"},{"@type":"ListItem","position":2,"name":"Linien 2002, 2017 und 2037 | Bauarbeiten in Stade: 04.08. \u2013 15.11.2025"}]},{"@type":"WebSite","@id":"https:\/\/kvg-bus.de\/cebus\/#website","url":"https:\/\/kvg-bus.de\/cebus\/","name":"cebus","description":"","potentialAction":[{"@type":"SearchAction","target":{"@type":"EntryPoint","urlTemplate":"https:\/\/kvg-bus.de\/cebus\/?s={search_term_string}"},"query-input":{"@type":"PropertyValueSpecification","valueRequired":true,"valueName":"search_term_string"}}],"inLanguage":"de"},{"@type":"Person","@id":"https:\/\/kvg-bus.de\/cebus\/#\/schema\/person\/5a5abfab092f868ec7cbe0f59e95749b","name":"mzimmermann","image":{"@type":"ImageObject","inLanguage":"de","@id":"https:\/\/secure.gravatar.com\/avatar\/0f69d8b83e3b3e54f0b766684bb3fd6649f0081ecdbff759ed4b19e5df68d1e4?s=96&d=mm&r=g","url":"https:\/\/secure.gravatar.com\/avatar\/0f69d8b83e3b3e54f0b766684bb3fd6649f0081ecdbff759ed4b19e5df68d1e4?s=96&d=mm&r=g","contentUrl":"https:\/\/secure.gravatar.com\/avatar\/0f69d8b83e3b3e54f0b766684bb3fd6649f0081ecdbff759ed4b19e5df68d1e4?s=96&d=mm&r=g","caption":"mzimmermann"},"url":"https:\/\/kvg-bus.de\/cebus\/author\/mzimmermann\/"}]}},"_links":{"self":[{"href":"https:\/\/kvg-bus.de\/cebus\/wp-json\/wp\/v2\/posts\/386","targetHints":{"allow":["GET"]}}],"collection":[{"href":"https:\/\/kvg-bus.de\/cebus\/wp-json\/wp\/v2\/posts"}],"about":[{"href":"https:\/\/kvg-bus.de\/cebus\/wp-json\/wp\/v2\/types\/post"}],"author":[{"embeddable":true,"href":"https:\/\/kvg-bus.de\/cebus\/wp-json\/wp\/v2\/users\/10"}],"replies":[{"embeddable":true,"href":"https:\/\/kvg-bus.de\/cebus\/wp-json\/wp\/v2\/comments?post=386"}],"version-history":[{"count":0,"href":"https:\/\/kvg-bus.de\/cebus\/wp-json\/wp\/v2\/posts\/386\/revisions"}],"wp:featuredmedia":[{"embeddable":true,"href":"https:\/\/kvg-bus.de\/cebus\/wp-json\/"}],"wp:attachment":[{"href":"https:\/\/kvg-bus.de\/cebus\/wp-json\/wp\/v2\/media?parent=386"}],"wp:term":[{"taxonomy":"category","embeddable":true,"href":"https:\/\/kvg-bus.de\/cebus\/wp-json\/wp\/v2\/categories?post=386"},{"taxonomy":"post_tag","embeddable":true,"href":"https:\/\/kvg-bus.de\/cebus\/wp-json\/wp\/v2\/tags?post=386"}],"curies":[{"name":"wp","href":"https:\/\/api.w.org\/{rel}","templated":true}]}}