{"id":383,"date":"2025-08-01T10:12:53","date_gmt":"2025-08-01T08:12:53","guid":{"rendered":"https:\/\/kvg-bus.de\/cebus\/2025\/08\/01\/linie-1824-bauarbeiten-in-wingst-04-08-29-08-2025-3\/"},"modified":"2025-08-01T10:12:53","modified_gmt":"2025-08-01T08:12:53","slug":"linie-1824-bauarbeiten-in-wingst-04-08-29-08-2025-3","status":"publish","type":"post","link":"https:\/\/kvg-bus.de\/cebus\/2025\/08\/01\/linie-1824-bauarbeiten-in-wingst-04-08-29-08-2025-3\/","title":{"rendered":"Linien 2030, 2035, 2036, 2038, 2040, 2102, 2103, 2105, 2650, 2723 und 2725 | Bauarbeiten in Buxtehude: 01.08. \u2013 03.08.2025"},"content":{"rendered":"<p data-start=\"191\" data-end=\"307\">Vom <strong data-start=\"195\" data-end=\"233\">01. August bis zum 03. August 2025<\/strong> ist die <strong data-start=\"242\" data-end=\"273\">Bleicherstra\u00dfe in Buxtehude<\/strong> wegen <strong data-start=\"280\" data-end=\"297\">Kanalarbeiten<\/strong> gesperrt.<\/p>\n<p data-start=\"309\" data-end=\"481\">Die <strong data-start=\"313\" data-end=\"391\">Linien 2030, 2035, 2036, 2038, 2040, 2102, 2103, 2105, 2650, 2723 und 2725<\/strong> fahren deshalb eine Umleitung \u00fcber <strong data-start=\"427\" data-end=\"480\">Viverstra\u00dfe, Am Geesttor und Zwischen den Br\u00fccken<\/strong>.<\/p>\n<p data-start=\"483\" data-end=\"651\">\u27a1\ufe0f Am <strong data-start=\"489\" data-end=\"509\">ZOB in Buxtehude<\/strong> k\u00f6nnen die <strong data-start=\"521\" data-end=\"549\">Abfahrtsbereiche 6 und 7<\/strong> in dieser Zeit nicht bedient werden.<br data-start=\"586\" data-end=\"589\" \/>\u2705 Stattdessen werden die <strong data-start=\"614\" data-end=\"642\">Abfahrtsbereiche 2 und 4<\/strong> bedient.<\/p>\n","protected":false},"excerpt":{"rendered":"<p>Vom 01. August bis zum 03. August 2025 ist die Bleicherstra\u00dfe in Buxtehude wegen Kanalarbeiten gesperrt. Die Linien 2030, 2035, 2036, 2038, 2040, 2102, 2103, 2105, 2650, 2723 und 2725 fahren deshalb eine Umleitung \u00fcber Viverstra\u00dfe, Am Geesttor und Zwischen den Br\u00fccken. \u27a1\ufe0f Am ZOB in Buxtehude k\u00f6nnen die Abfahrtsbereiche 6 und 7 in dieser Zeit nicht bedient werden.\u2705 Stattdessen werden die Abfahrtsbereiche 2 und 4 bedient.<\/p>\n","protected":false},"author":10,"featured_media":2753,"comment_status":"open","ping_status":"open","sticky":false,"template":"","format":"standard","meta":{"footnotes":""},"categories":[16,53],"tags":[],"class_list":["post-383","post","type-post","status-publish","format-standard","has-post-thumbnail","hentry","category-fahrplanabweichungen","category-stade"],"yoast_head":"<!-- This site is optimized with the Yoast SEO plugin v27.4 - https:\/\/yoast.com\/product\/yoast-seo-wordpress\/ -->\n<title>Linien 2030, 2035, 2036, 2038, 2040, 2102, 2103, 2105, 2650, 2723 und 2725 | Bauarbeiten in Buxtehude: 01.08. \u2013 03.08.2025 - cebus<\/title>\n<meta name=\"robots\" content=\"index, follow, max-snippet:-1, max-image-preview:large, max-video-preview:-1\" \/>\n<link rel=\"canonical\" href=\"https:\/\/kvg-bus.de\/cebus\/2025\/08\/01\/linie-1824-bauarbeiten-in-wingst-04-08-29-08-2025-3\/\" \/>\n<meta property=\"og:locale\" content=\"de_DE\" \/>\n<meta property=\"og:type\" content=\"article\" \/>\n<meta property=\"og:title\" content=\"Linien 2030, 2035, 2036, 2038, 2040, 2102, 2103, 2105, 2650, 2723 und 2725 | Bauarbeiten in Buxtehude: 01.08. \u2013 03.08.2025 - cebus\" \/>\n<meta property=\"og:description\" content=\"Vom 01. August bis zum 03. August 2025 ist die Bleicherstra\u00dfe in Buxtehude wegen Kanalarbeiten gesperrt. Die Linien 2030, 2035, 2036, 2038, 2040, 2102, 2103, 2105, 2650, 2723 und 2725 fahren deshalb eine Umleitung \u00fcber Viverstra\u00dfe, Am Geesttor und Zwischen den Br\u00fccken. \u27a1\ufe0f Am ZOB in Buxtehude k\u00f6nnen die Abfahrtsbereiche 6 und 7 in dieser Zeit nicht bedient werden.\u2705 Stattdessen werden die Abfahrtsbereiche 2 und 4 bedient.\" \/>\n<meta property=\"og:url\" content=\"https:\/\/kvg-bus.de\/cebus\/2025\/08\/01\/linie-1824-bauarbeiten-in-wingst-04-08-29-08-2025-3\/\" \/>\n<meta property=\"og:site_name\" content=\"cebus\" \/>\n<meta property=\"article:published_time\" content=\"2025-08-01T08:12:53+00:00\" \/>\n<meta name=\"author\" content=\"mzimmermann\" \/>\n<meta name=\"twitter:card\" content=\"summary_large_image\" \/>\n<meta name=\"twitter:label1\" content=\"Verfasst von\" \/>\n\t<meta name=\"twitter:data1\" content=\"mzimmermann\" \/>\n<script type=\"application\/ld+json\" class=\"yoast-schema-graph\">{\"@context\":\"https:\\\/\\\/schema.org\",\"@graph\":[{\"@type\":\"Article\",\"@id\":\"https:\\\/\\\/kvg-bus.de\\\/cebus\\\/2025\\\/08\\\/01\\\/linie-1824-bauarbeiten-in-wingst-04-08-29-08-2025-3\\\/#article\",\"isPartOf\":{\"@id\":\"https:\\\/\\\/kvg-bus.de\\\/cebus\\\/2025\\\/08\\\/01\\\/linie-1824-bauarbeiten-in-wingst-04-08-29-08-2025-3\\\/\"},\"author\":{\"name\":\"mzimmermann\",\"@id\":\"https:\\\/\\\/kvg-bus.de\\\/cebus\\\/#\\\/schema\\\/person\\\/5a5abfab092f868ec7cbe0f59e95749b\"},\"headline\":\"Linien 2030, 2035, 2036, 2038, 2040, 2102, 2103, 2105, 2650, 2723 und 2725 | Bauarbeiten in Buxtehude: 01.08. \u2013 03.08.2025\",\"datePublished\":\"2025-08-01T08:12:53+00:00\",\"mainEntityOfPage\":{\"@id\":\"https:\\\/\\\/kvg-bus.de\\\/cebus\\\/2025\\\/08\\\/01\\\/linie-1824-bauarbeiten-in-wingst-04-08-29-08-2025-3\\\/\"},\"wordCount\":57,\"commentCount\":0,\"image\":{\"@id\":\"https:\\\/\\\/kvg-bus.de\\\/cebus\\\/2025\\\/08\\\/01\\\/linie-1824-bauarbeiten-in-wingst-04-08-29-08-2025-3\\\/#primaryimage\"},\"thumbnailUrl\":\"\",\"articleSection\":[\"Fahrplanabweichungen\",\"Stade\"],\"inLanguage\":\"de\",\"potentialAction\":[{\"@type\":\"CommentAction\",\"name\":\"Comment\",\"target\":[\"https:\\\/\\\/kvg-bus.de\\\/cebus\\\/2025\\\/08\\\/01\\\/linie-1824-bauarbeiten-in-wingst-04-08-29-08-2025-3\\\/#respond\"]}]},{\"@type\":\"WebPage\",\"@id\":\"https:\\\/\\\/kvg-bus.de\\\/cebus\\\/2025\\\/08\\\/01\\\/linie-1824-bauarbeiten-in-wingst-04-08-29-08-2025-3\\\/\",\"url\":\"https:\\\/\\\/kvg-bus.de\\\/cebus\\\/2025\\\/08\\\/01\\\/linie-1824-bauarbeiten-in-wingst-04-08-29-08-2025-3\\\/\",\"name\":\"Linien 2030, 2035, 2036, 2038, 2040, 2102, 2103, 2105, 2650, 2723 und 2725 | Bauarbeiten in Buxtehude: 01.08. \u2013 03.08.2025 - cebus\",\"isPartOf\":{\"@id\":\"https:\\\/\\\/kvg-bus.de\\\/cebus\\\/#website\"},\"primaryImageOfPage\":{\"@id\":\"https:\\\/\\\/kvg-bus.de\\\/cebus\\\/2025\\\/08\\\/01\\\/linie-1824-bauarbeiten-in-wingst-04-08-29-08-2025-3\\\/#primaryimage\"},\"image\":{\"@id\":\"https:\\\/\\\/kvg-bus.de\\\/cebus\\\/2025\\\/08\\\/01\\\/linie-1824-bauarbeiten-in-wingst-04-08-29-08-2025-3\\\/#primaryimage\"},\"thumbnailUrl\":\"\",\"datePublished\":\"2025-08-01T08:12:53+00:00\",\"author\":{\"@id\":\"https:\\\/\\\/kvg-bus.de\\\/cebus\\\/#\\\/schema\\\/person\\\/5a5abfab092f868ec7cbe0f59e95749b\"},\"breadcrumb\":{\"@id\":\"https:\\\/\\\/kvg-bus.de\\\/cebus\\\/2025\\\/08\\\/01\\\/linie-1824-bauarbeiten-in-wingst-04-08-29-08-2025-3\\\/#breadcrumb\"},\"inLanguage\":\"de\",\"potentialAction\":[{\"@type\":\"ReadAction\",\"target\":[\"https:\\\/\\\/kvg-bus.de\\\/cebus\\\/2025\\\/08\\\/01\\\/linie-1824-bauarbeiten-in-wingst-04-08-29-08-2025-3\\\/\"]}]},{\"@type\":\"ImageObject\",\"inLanguage\":\"de\",\"@id\":\"https:\\\/\\\/kvg-bus.de\\\/cebus\\\/2025\\\/08\\\/01\\\/linie-1824-bauarbeiten-in-wingst-04-08-29-08-2025-3\\\/#primaryimage\",\"url\":\"\",\"contentUrl\":\"\"},{\"@type\":\"BreadcrumbList\",\"@id\":\"https:\\\/\\\/kvg-bus.de\\\/cebus\\\/2025\\\/08\\\/01\\\/linie-1824-bauarbeiten-in-wingst-04-08-29-08-2025-3\\\/#breadcrumb\",\"itemListElement\":[{\"@type\":\"ListItem\",\"position\":1,\"name\":\"Startseite\",\"item\":\"https:\\\/\\\/kvg-bus.de\\\/cebus\\\/\"},{\"@type\":\"ListItem\",\"position\":2,\"name\":\"Linien 2030, 2035, 2036, 2038, 2040, 2102, 2103, 2105, 2650, 2723 und 2725 | Bauarbeiten in Buxtehude: 01.08. \u2013 03.08.2025\"}]},{\"@type\":\"WebSite\",\"@id\":\"https:\\\/\\\/kvg-bus.de\\\/cebus\\\/#website\",\"url\":\"https:\\\/\\\/kvg-bus.de\\\/cebus\\\/\",\"name\":\"cebus\",\"description\":\"\",\"potentialAction\":[{\"@type\":\"SearchAction\",\"target\":{\"@type\":\"EntryPoint\",\"urlTemplate\":\"https:\\\/\\\/kvg-bus.de\\\/cebus\\\/?s={search_term_string}\"},\"query-input\":{\"@type\":\"PropertyValueSpecification\",\"valueRequired\":true,\"valueName\":\"search_term_string\"}}],\"inLanguage\":\"de\"},{\"@type\":\"Person\",\"@id\":\"https:\\\/\\\/kvg-bus.de\\\/cebus\\\/#\\\/schema\\\/person\\\/5a5abfab092f868ec7cbe0f59e95749b\",\"name\":\"mzimmermann\",\"image\":{\"@type\":\"ImageObject\",\"inLanguage\":\"de\",\"@id\":\"https:\\\/\\\/secure.gravatar.com\\\/avatar\\\/0f69d8b83e3b3e54f0b766684bb3fd6649f0081ecdbff759ed4b19e5df68d1e4?s=96&d=mm&r=g\",\"url\":\"https:\\\/\\\/secure.gravatar.com\\\/avatar\\\/0f69d8b83e3b3e54f0b766684bb3fd6649f0081ecdbff759ed4b19e5df68d1e4?s=96&d=mm&r=g\",\"contentUrl\":\"https:\\\/\\\/secure.gravatar.com\\\/avatar\\\/0f69d8b83e3b3e54f0b766684bb3fd6649f0081ecdbff759ed4b19e5df68d1e4?s=96&d=mm&r=g\",\"caption\":\"mzimmermann\"},\"url\":\"https:\\\/\\\/kvg-bus.de\\\/cebus\\\/author\\\/mzimmermann\\\/\"}]}<\/script>\n<!-- \/ Yoast SEO plugin. -->","yoast_head_json":{"title":"Linien 2030, 2035, 2036, 2038, 2040, 2102, 2103, 2105, 2650, 2723 und 2725 | Bauarbeiten in Buxtehude: 01.08. \u2013 03.08.2025 - cebus","robots":{"index":"index","follow":"follow","max-snippet":"max-snippet:-1","max-image-preview":"max-image-preview:large","max-video-preview":"max-video-preview:-1"},"canonical":"https:\/\/kvg-bus.de\/cebus\/2025\/08\/01\/linie-1824-bauarbeiten-in-wingst-04-08-29-08-2025-3\/","og_locale":"de_DE","og_type":"article","og_title":"Linien 2030, 2035, 2036, 2038, 2040, 2102, 2103, 2105, 2650, 2723 und 2725 | Bauarbeiten in Buxtehude: 01.08. \u2013 03.08.2025 - cebus","og_description":"Vom 01. August bis zum 03. August 2025 ist die Bleicherstra\u00dfe in Buxtehude wegen Kanalarbeiten gesperrt. Die Linien 2030, 2035, 2036, 2038, 2040, 2102, 2103, 2105, 2650, 2723 und 2725 fahren deshalb eine Umleitung \u00fcber Viverstra\u00dfe, Am Geesttor und Zwischen den Br\u00fccken. \u27a1\ufe0f Am ZOB in Buxtehude k\u00f6nnen die Abfahrtsbereiche 6 und 7 in dieser Zeit nicht bedient werden.\u2705 Stattdessen werden die Abfahrtsbereiche 2 und 4 bedient.","og_url":"https:\/\/kvg-bus.de\/cebus\/2025\/08\/01\/linie-1824-bauarbeiten-in-wingst-04-08-29-08-2025-3\/","og_site_name":"cebus","article_published_time":"2025-08-01T08:12:53+00:00","author":"mzimmermann","twitter_card":"summary_large_image","twitter_misc":{"Verfasst von":"mzimmermann"},"schema":{"@context":"https:\/\/schema.org","@graph":[{"@type":"Article","@id":"https:\/\/kvg-bus.de\/cebus\/2025\/08\/01\/linie-1824-bauarbeiten-in-wingst-04-08-29-08-2025-3\/#article","isPartOf":{"@id":"https:\/\/kvg-bus.de\/cebus\/2025\/08\/01\/linie-1824-bauarbeiten-in-wingst-04-08-29-08-2025-3\/"},"author":{"name":"mzimmermann","@id":"https:\/\/kvg-bus.de\/cebus\/#\/schema\/person\/5a5abfab092f868ec7cbe0f59e95749b"},"headline":"Linien 2030, 2035, 2036, 2038, 2040, 2102, 2103, 2105, 2650, 2723 und 2725 | Bauarbeiten in Buxtehude: 01.08. \u2013 03.08.2025","datePublished":"2025-08-01T08:12:53+00:00","mainEntityOfPage":{"@id":"https:\/\/kvg-bus.de\/cebus\/2025\/08\/01\/linie-1824-bauarbeiten-in-wingst-04-08-29-08-2025-3\/"},"wordCount":57,"commentCount":0,"image":{"@id":"https:\/\/kvg-bus.de\/cebus\/2025\/08\/01\/linie-1824-bauarbeiten-in-wingst-04-08-29-08-2025-3\/#primaryimage"},"thumbnailUrl":"","articleSection":["Fahrplanabweichungen","Stade"],"inLanguage":"de","potentialAction":[{"@type":"CommentAction","name":"Comment","target":["https:\/\/kvg-bus.de\/cebus\/2025\/08\/01\/linie-1824-bauarbeiten-in-wingst-04-08-29-08-2025-3\/#respond"]}]},{"@type":"WebPage","@id":"https:\/\/kvg-bus.de\/cebus\/2025\/08\/01\/linie-1824-bauarbeiten-in-wingst-04-08-29-08-2025-3\/","url":"https:\/\/kvg-bus.de\/cebus\/2025\/08\/01\/linie-1824-bauarbeiten-in-wingst-04-08-29-08-2025-3\/","name":"Linien 2030, 2035, 2036, 2038, 2040, 2102, 2103, 2105, 2650, 2723 und 2725 | Bauarbeiten in Buxtehude: 01.08. \u2013 03.08.2025 - cebus","isPartOf":{"@id":"https:\/\/kvg-bus.de\/cebus\/#website"},"primaryImageOfPage":{"@id":"https:\/\/kvg-bus.de\/cebus\/2025\/08\/01\/linie-1824-bauarbeiten-in-wingst-04-08-29-08-2025-3\/#primaryimage"},"image":{"@id":"https:\/\/kvg-bus.de\/cebus\/2025\/08\/01\/linie-1824-bauarbeiten-in-wingst-04-08-29-08-2025-3\/#primaryimage"},"thumbnailUrl":"","datePublished":"2025-08-01T08:12:53+00:00","author":{"@id":"https:\/\/kvg-bus.de\/cebus\/#\/schema\/person\/5a5abfab092f868ec7cbe0f59e95749b"},"breadcrumb":{"@id":"https:\/\/kvg-bus.de\/cebus\/2025\/08\/01\/linie-1824-bauarbeiten-in-wingst-04-08-29-08-2025-3\/#breadcrumb"},"inLanguage":"de","potentialAction":[{"@type":"ReadAction","target":["https:\/\/kvg-bus.de\/cebus\/2025\/08\/01\/linie-1824-bauarbeiten-in-wingst-04-08-29-08-2025-3\/"]}]},{"@type":"ImageObject","inLanguage":"de","@id":"https:\/\/kvg-bus.de\/cebus\/2025\/08\/01\/linie-1824-bauarbeiten-in-wingst-04-08-29-08-2025-3\/#primaryimage","url":"","contentUrl":""},{"@type":"BreadcrumbList","@id":"https:\/\/kvg-bus.de\/cebus\/2025\/08\/01\/linie-1824-bauarbeiten-in-wingst-04-08-29-08-2025-3\/#breadcrumb","itemListElement":[{"@type":"ListItem","position":1,"name":"Startseite","item":"https:\/\/kvg-bus.de\/cebus\/"},{"@type":"ListItem","position":2,"name":"Linien 2030, 2035, 2036, 2038, 2040, 2102, 2103, 2105, 2650, 2723 und 2725 | Bauarbeiten in Buxtehude: 01.08. \u2013 03.08.2025"}]},{"@type":"WebSite","@id":"https:\/\/kvg-bus.de\/cebus\/#website","url":"https:\/\/kvg-bus.de\/cebus\/","name":"cebus","description":"","potentialAction":[{"@type":"SearchAction","target":{"@type":"EntryPoint","urlTemplate":"https:\/\/kvg-bus.de\/cebus\/?s={search_term_string}"},"query-input":{"@type":"PropertyValueSpecification","valueRequired":true,"valueName":"search_term_string"}}],"inLanguage":"de"},{"@type":"Person","@id":"https:\/\/kvg-bus.de\/cebus\/#\/schema\/person\/5a5abfab092f868ec7cbe0f59e95749b","name":"mzimmermann","image":{"@type":"ImageObject","inLanguage":"de","@id":"https:\/\/secure.gravatar.com\/avatar\/0f69d8b83e3b3e54f0b766684bb3fd6649f0081ecdbff759ed4b19e5df68d1e4?s=96&d=mm&r=g","url":"https:\/\/secure.gravatar.com\/avatar\/0f69d8b83e3b3e54f0b766684bb3fd6649f0081ecdbff759ed4b19e5df68d1e4?s=96&d=mm&r=g","contentUrl":"https:\/\/secure.gravatar.com\/avatar\/0f69d8b83e3b3e54f0b766684bb3fd6649f0081ecdbff759ed4b19e5df68d1e4?s=96&d=mm&r=g","caption":"mzimmermann"},"url":"https:\/\/kvg-bus.de\/cebus\/author\/mzimmermann\/"}]}},"_links":{"self":[{"href":"https:\/\/kvg-bus.de\/cebus\/wp-json\/wp\/v2\/posts\/383","targetHints":{"allow":["GET"]}}],"collection":[{"href":"https:\/\/kvg-bus.de\/cebus\/wp-json\/wp\/v2\/posts"}],"about":[{"href":"https:\/\/kvg-bus.de\/cebus\/wp-json\/wp\/v2\/types\/post"}],"author":[{"embeddable":true,"href":"https:\/\/kvg-bus.de\/cebus\/wp-json\/wp\/v2\/users\/10"}],"replies":[{"embeddable":true,"href":"https:\/\/kvg-bus.de\/cebus\/wp-json\/wp\/v2\/comments?post=383"}],"version-history":[{"count":0,"href":"https:\/\/kvg-bus.de\/cebus\/wp-json\/wp\/v2\/posts\/383\/revisions"}],"wp:featuredmedia":[{"embeddable":true,"href":"https:\/\/kvg-bus.de\/cebus\/wp-json\/"}],"wp:attachment":[{"href":"https:\/\/kvg-bus.de\/cebus\/wp-json\/wp\/v2\/media?parent=383"}],"wp:term":[{"taxonomy":"category","embeddable":true,"href":"https:\/\/kvg-bus.de\/cebus\/wp-json\/wp\/v2\/categories?post=383"},{"taxonomy":"post_tag","embeddable":true,"href":"https:\/\/kvg-bus.de\/cebus\/wp-json\/wp\/v2\/tags?post=383"}],"curies":[{"name":"wp","href":"https:\/\/api.w.org\/{rel}","templated":true}]}}