{"id":376,"date":"2025-06-03T14:07:49","date_gmt":"2025-06-03T12:07:49","guid":{"rendered":"https:\/\/kvg-bus.de\/cebus\/2025\/06\/03\/linien-2301-und-2302-bauarbeiten-in-harsefeld-02-06-19-09-2025\/"},"modified":"2025-10-27T16:24:18","modified_gmt":"2025-10-27T15:24:18","slug":"linien-2301-und-2302-bauarbeiten-in-harsefeld-02-06-19-09-2025","status":"publish","type":"post","link":"https:\/\/kvg-bus.de\/cebus\/2025\/06\/03\/linien-2301-und-2302-bauarbeiten-in-harsefeld-02-06-19-09-2025\/","title":{"rendered":"Linien 2301 und 2302 | Bauarbeiten in Harsefeld: 02.06. &#8211; 21.11.2025"},"content":{"rendered":"<p>Vom 02. Juni bis 21. November 2025 ist Stra\u00dfe Im Sande in Harsefeld wegen der Verlegung einer Trinkwasserleitung gesperrt.<\/p>\n<p>Die Linien 2301 und 2303 fahren eine Umleitung \u00fcber die Schulstra\u00dfe und die Buxtehuder Stra\u00dfe.<\/p>\n<p>\u27a1\ufe0f Die Haltestellen \u201eHarsefeld, Grashofweg\u201c, \u201eHarsefeld, Koppelweg\u201c, \u201eHarsefeld, Roggenkamp\u201c und \u201eHarsefeld, Im Sande 96\u201c k\u00f6nnen in dieser Zeit nicht bedient werden.<br \/>\nBitte nutz stattdessen die Haltestellen \u201eHarsefeld, Auebr\u00fccke\u201c, \u201eHarsefeld, Hellwege-Allee\u201c und \u201eHarsefeld, Handelsweg\u201c.<\/p>\n","protected":false},"excerpt":{"rendered":"<p>Vom 02. Juni bis 21. November 2025 ist Stra\u00dfe Im Sande in Harsefeld wegen der Verlegung einer Trinkwasserleitung gesperrt. Die Linien 2301 und 2303 fahren eine Umleitung \u00fcber die Schulstra\u00dfe und die Buxtehuder Stra\u00dfe. \u27a1\ufe0f Die Haltestellen \u201eHarsefeld, Grashofweg\u201c, \u201eHarsefeld, Koppelweg\u201c, \u201eHarsefeld, Roggenkamp\u201c und \u201eHarsefeld, Im Sande 96\u201c k\u00f6nnen in dieser Zeit nicht bedient werden. Bitte nutz stattdessen die Haltestellen \u201eHarsefeld, Auebr\u00fccke\u201c, \u201eHarsefeld, Hellwege-Allee\u201c und \u201eHarsefeld, Handelsweg\u201c.<\/p>\n","protected":false},"author":4,"featured_media":2753,"comment_status":"open","ping_status":"open","sticky":false,"template":"","format":"standard","meta":{"footnotes":""},"categories":[16,53],"tags":[],"class_list":["post-376","post","type-post","status-publish","format-standard","has-post-thumbnail","hentry","category-fahrplanabweichungen","category-stade"],"yoast_head":"<!-- This site is optimized with the Yoast SEO plugin v27.4 - https:\/\/yoast.com\/product\/yoast-seo-wordpress\/ -->\n<title>Linien 2301 und 2302 | Bauarbeiten in Harsefeld: 02.06. - 21.11.2025 - cebus<\/title>\n<meta name=\"robots\" content=\"index, follow, max-snippet:-1, max-image-preview:large, max-video-preview:-1\" \/>\n<link rel=\"canonical\" href=\"https:\/\/kvg-bus.de\/cebus\/2025\/06\/03\/linien-2301-und-2302-bauarbeiten-in-harsefeld-02-06-19-09-2025\/\" \/>\n<meta property=\"og:locale\" content=\"de_DE\" \/>\n<meta property=\"og:type\" content=\"article\" \/>\n<meta property=\"og:title\" content=\"Linien 2301 und 2302 | Bauarbeiten in Harsefeld: 02.06. - 21.11.2025 - cebus\" \/>\n<meta property=\"og:description\" content=\"Vom 02. Juni bis 21. November 2025 ist Stra\u00dfe Im Sande in Harsefeld wegen der Verlegung einer Trinkwasserleitung gesperrt. Die Linien 2301 und 2303 fahren eine Umleitung \u00fcber die Schulstra\u00dfe und die Buxtehuder Stra\u00dfe. \u27a1\ufe0f Die Haltestellen \u201eHarsefeld, Grashofweg\u201c, \u201eHarsefeld, Koppelweg\u201c, \u201eHarsefeld, Roggenkamp\u201c und \u201eHarsefeld, Im Sande 96\u201c k\u00f6nnen in dieser Zeit nicht bedient werden. Bitte nutz stattdessen die Haltestellen \u201eHarsefeld, Auebr\u00fccke\u201c, \u201eHarsefeld, Hellwege-Allee\u201c und \u201eHarsefeld, Handelsweg\u201c.\" \/>\n<meta property=\"og:url\" content=\"https:\/\/kvg-bus.de\/cebus\/2025\/06\/03\/linien-2301-und-2302-bauarbeiten-in-harsefeld-02-06-19-09-2025\/\" \/>\n<meta property=\"og:site_name\" content=\"cebus\" \/>\n<meta property=\"article:published_time\" content=\"2025-06-03T12:07:49+00:00\" \/>\n<meta property=\"article:modified_time\" content=\"2025-10-27T15:24:18+00:00\" \/>\n<meta name=\"author\" content=\"sprager\" \/>\n<meta name=\"twitter:card\" content=\"summary_large_image\" \/>\n<meta name=\"twitter:label1\" content=\"Verfasst von\" \/>\n\t<meta name=\"twitter:data1\" content=\"sprager\" \/>\n\t<meta name=\"twitter:label2\" content=\"Gesch\u00e4tzte Lesezeit\" \/>\n\t<meta name=\"twitter:data2\" content=\"1\u00a0Minute\" \/>\n<script type=\"application\/ld+json\" class=\"yoast-schema-graph\">{\"@context\":\"https:\\\/\\\/schema.org\",\"@graph\":[{\"@type\":\"Article\",\"@id\":\"https:\\\/\\\/kvg-bus.de\\\/cebus\\\/2025\\\/06\\\/03\\\/linien-2301-und-2302-bauarbeiten-in-harsefeld-02-06-19-09-2025\\\/#article\",\"isPartOf\":{\"@id\":\"https:\\\/\\\/kvg-bus.de\\\/cebus\\\/2025\\\/06\\\/03\\\/linien-2301-und-2302-bauarbeiten-in-harsefeld-02-06-19-09-2025\\\/\"},\"author\":{\"name\":\"sprager\",\"@id\":\"https:\\\/\\\/kvg-bus.de\\\/cebus\\\/#\\\/schema\\\/person\\\/b008f998d49926c8ddca013e5a810139\"},\"headline\":\"Linien 2301 und 2302 | Bauarbeiten in Harsefeld: 02.06. &#8211; 21.11.2025\",\"datePublished\":\"2025-06-03T12:07:49+00:00\",\"dateModified\":\"2025-10-27T15:24:18+00:00\",\"mainEntityOfPage\":{\"@id\":\"https:\\\/\\\/kvg-bus.de\\\/cebus\\\/2025\\\/06\\\/03\\\/linien-2301-und-2302-bauarbeiten-in-harsefeld-02-06-19-09-2025\\\/\"},\"wordCount\":71,\"commentCount\":0,\"image\":{\"@id\":\"https:\\\/\\\/kvg-bus.de\\\/cebus\\\/2025\\\/06\\\/03\\\/linien-2301-und-2302-bauarbeiten-in-harsefeld-02-06-19-09-2025\\\/#primaryimage\"},\"thumbnailUrl\":\"\",\"articleSection\":[\"Fahrplanabweichungen\",\"Stade\"],\"inLanguage\":\"de\",\"potentialAction\":[{\"@type\":\"CommentAction\",\"name\":\"Comment\",\"target\":[\"https:\\\/\\\/kvg-bus.de\\\/cebus\\\/2025\\\/06\\\/03\\\/linien-2301-und-2302-bauarbeiten-in-harsefeld-02-06-19-09-2025\\\/#respond\"]}]},{\"@type\":\"WebPage\",\"@id\":\"https:\\\/\\\/kvg-bus.de\\\/cebus\\\/2025\\\/06\\\/03\\\/linien-2301-und-2302-bauarbeiten-in-harsefeld-02-06-19-09-2025\\\/\",\"url\":\"https:\\\/\\\/kvg-bus.de\\\/cebus\\\/2025\\\/06\\\/03\\\/linien-2301-und-2302-bauarbeiten-in-harsefeld-02-06-19-09-2025\\\/\",\"name\":\"Linien 2301 und 2302 | Bauarbeiten in Harsefeld: 02.06. - 21.11.2025 - cebus\",\"isPartOf\":{\"@id\":\"https:\\\/\\\/kvg-bus.de\\\/cebus\\\/#website\"},\"primaryImageOfPage\":{\"@id\":\"https:\\\/\\\/kvg-bus.de\\\/cebus\\\/2025\\\/06\\\/03\\\/linien-2301-und-2302-bauarbeiten-in-harsefeld-02-06-19-09-2025\\\/#primaryimage\"},\"image\":{\"@id\":\"https:\\\/\\\/kvg-bus.de\\\/cebus\\\/2025\\\/06\\\/03\\\/linien-2301-und-2302-bauarbeiten-in-harsefeld-02-06-19-09-2025\\\/#primaryimage\"},\"thumbnailUrl\":\"\",\"datePublished\":\"2025-06-03T12:07:49+00:00\",\"dateModified\":\"2025-10-27T15:24:18+00:00\",\"author\":{\"@id\":\"https:\\\/\\\/kvg-bus.de\\\/cebus\\\/#\\\/schema\\\/person\\\/b008f998d49926c8ddca013e5a810139\"},\"breadcrumb\":{\"@id\":\"https:\\\/\\\/kvg-bus.de\\\/cebus\\\/2025\\\/06\\\/03\\\/linien-2301-und-2302-bauarbeiten-in-harsefeld-02-06-19-09-2025\\\/#breadcrumb\"},\"inLanguage\":\"de\",\"potentialAction\":[{\"@type\":\"ReadAction\",\"target\":[\"https:\\\/\\\/kvg-bus.de\\\/cebus\\\/2025\\\/06\\\/03\\\/linien-2301-und-2302-bauarbeiten-in-harsefeld-02-06-19-09-2025\\\/\"]}]},{\"@type\":\"ImageObject\",\"inLanguage\":\"de\",\"@id\":\"https:\\\/\\\/kvg-bus.de\\\/cebus\\\/2025\\\/06\\\/03\\\/linien-2301-und-2302-bauarbeiten-in-harsefeld-02-06-19-09-2025\\\/#primaryimage\",\"url\":\"\",\"contentUrl\":\"\"},{\"@type\":\"BreadcrumbList\",\"@id\":\"https:\\\/\\\/kvg-bus.de\\\/cebus\\\/2025\\\/06\\\/03\\\/linien-2301-und-2302-bauarbeiten-in-harsefeld-02-06-19-09-2025\\\/#breadcrumb\",\"itemListElement\":[{\"@type\":\"ListItem\",\"position\":1,\"name\":\"Startseite\",\"item\":\"https:\\\/\\\/kvg-bus.de\\\/cebus\\\/\"},{\"@type\":\"ListItem\",\"position\":2,\"name\":\"Linien 2301 und 2302 | Bauarbeiten in Harsefeld: 02.06. &#8211; 19.09.2025\"}]},{\"@type\":\"WebSite\",\"@id\":\"https:\\\/\\\/kvg-bus.de\\\/cebus\\\/#website\",\"url\":\"https:\\\/\\\/kvg-bus.de\\\/cebus\\\/\",\"name\":\"cebus\",\"description\":\"\",\"potentialAction\":[{\"@type\":\"SearchAction\",\"target\":{\"@type\":\"EntryPoint\",\"urlTemplate\":\"https:\\\/\\\/kvg-bus.de\\\/cebus\\\/?s={search_term_string}\"},\"query-input\":{\"@type\":\"PropertyValueSpecification\",\"valueRequired\":true,\"valueName\":\"search_term_string\"}}],\"inLanguage\":\"de\"},{\"@type\":\"Person\",\"@id\":\"https:\\\/\\\/kvg-bus.de\\\/cebus\\\/#\\\/schema\\\/person\\\/b008f998d49926c8ddca013e5a810139\",\"name\":\"sprager\",\"image\":{\"@type\":\"ImageObject\",\"inLanguage\":\"de\",\"@id\":\"https:\\\/\\\/secure.gravatar.com\\\/avatar\\\/c9f4904d5ee6846a305eba03c67dfde589dc71ebb212f17ea973f97cbdd5f980?s=96&d=mm&r=g\",\"url\":\"https:\\\/\\\/secure.gravatar.com\\\/avatar\\\/c9f4904d5ee6846a305eba03c67dfde589dc71ebb212f17ea973f97cbdd5f980?s=96&d=mm&r=g\",\"contentUrl\":\"https:\\\/\\\/secure.gravatar.com\\\/avatar\\\/c9f4904d5ee6846a305eba03c67dfde589dc71ebb212f17ea973f97cbdd5f980?s=96&d=mm&r=g\",\"caption\":\"sprager\"},\"url\":\"https:\\\/\\\/kvg-bus.de\\\/cebus\\\/author\\\/sprager\\\/\"}]}<\/script>\n<!-- \/ Yoast SEO plugin. -->","yoast_head_json":{"title":"Linien 2301 und 2302 | Bauarbeiten in Harsefeld: 02.06. - 21.11.2025 - cebus","robots":{"index":"index","follow":"follow","max-snippet":"max-snippet:-1","max-image-preview":"max-image-preview:large","max-video-preview":"max-video-preview:-1"},"canonical":"https:\/\/kvg-bus.de\/cebus\/2025\/06\/03\/linien-2301-und-2302-bauarbeiten-in-harsefeld-02-06-19-09-2025\/","og_locale":"de_DE","og_type":"article","og_title":"Linien 2301 und 2302 | Bauarbeiten in Harsefeld: 02.06. - 21.11.2025 - cebus","og_description":"Vom 02. Juni bis 21. November 2025 ist Stra\u00dfe Im Sande in Harsefeld wegen der Verlegung einer Trinkwasserleitung gesperrt. Die Linien 2301 und 2303 fahren eine Umleitung \u00fcber die Schulstra\u00dfe und die Buxtehuder Stra\u00dfe. \u27a1\ufe0f Die Haltestellen \u201eHarsefeld, Grashofweg\u201c, \u201eHarsefeld, Koppelweg\u201c, \u201eHarsefeld, Roggenkamp\u201c und \u201eHarsefeld, Im Sande 96\u201c k\u00f6nnen in dieser Zeit nicht bedient werden. Bitte nutz stattdessen die Haltestellen \u201eHarsefeld, Auebr\u00fccke\u201c, \u201eHarsefeld, Hellwege-Allee\u201c und \u201eHarsefeld, Handelsweg\u201c.","og_url":"https:\/\/kvg-bus.de\/cebus\/2025\/06\/03\/linien-2301-und-2302-bauarbeiten-in-harsefeld-02-06-19-09-2025\/","og_site_name":"cebus","article_published_time":"2025-06-03T12:07:49+00:00","article_modified_time":"2025-10-27T15:24:18+00:00","author":"sprager","twitter_card":"summary_large_image","twitter_misc":{"Verfasst von":"sprager","Gesch\u00e4tzte Lesezeit":"1\u00a0Minute"},"schema":{"@context":"https:\/\/schema.org","@graph":[{"@type":"Article","@id":"https:\/\/kvg-bus.de\/cebus\/2025\/06\/03\/linien-2301-und-2302-bauarbeiten-in-harsefeld-02-06-19-09-2025\/#article","isPartOf":{"@id":"https:\/\/kvg-bus.de\/cebus\/2025\/06\/03\/linien-2301-und-2302-bauarbeiten-in-harsefeld-02-06-19-09-2025\/"},"author":{"name":"sprager","@id":"https:\/\/kvg-bus.de\/cebus\/#\/schema\/person\/b008f998d49926c8ddca013e5a810139"},"headline":"Linien 2301 und 2302 | Bauarbeiten in Harsefeld: 02.06. &#8211; 21.11.2025","datePublished":"2025-06-03T12:07:49+00:00","dateModified":"2025-10-27T15:24:18+00:00","mainEntityOfPage":{"@id":"https:\/\/kvg-bus.de\/cebus\/2025\/06\/03\/linien-2301-und-2302-bauarbeiten-in-harsefeld-02-06-19-09-2025\/"},"wordCount":71,"commentCount":0,"image":{"@id":"https:\/\/kvg-bus.de\/cebus\/2025\/06\/03\/linien-2301-und-2302-bauarbeiten-in-harsefeld-02-06-19-09-2025\/#primaryimage"},"thumbnailUrl":"","articleSection":["Fahrplanabweichungen","Stade"],"inLanguage":"de","potentialAction":[{"@type":"CommentAction","name":"Comment","target":["https:\/\/kvg-bus.de\/cebus\/2025\/06\/03\/linien-2301-und-2302-bauarbeiten-in-harsefeld-02-06-19-09-2025\/#respond"]}]},{"@type":"WebPage","@id":"https:\/\/kvg-bus.de\/cebus\/2025\/06\/03\/linien-2301-und-2302-bauarbeiten-in-harsefeld-02-06-19-09-2025\/","url":"https:\/\/kvg-bus.de\/cebus\/2025\/06\/03\/linien-2301-und-2302-bauarbeiten-in-harsefeld-02-06-19-09-2025\/","name":"Linien 2301 und 2302 | Bauarbeiten in Harsefeld: 02.06. - 21.11.2025 - cebus","isPartOf":{"@id":"https:\/\/kvg-bus.de\/cebus\/#website"},"primaryImageOfPage":{"@id":"https:\/\/kvg-bus.de\/cebus\/2025\/06\/03\/linien-2301-und-2302-bauarbeiten-in-harsefeld-02-06-19-09-2025\/#primaryimage"},"image":{"@id":"https:\/\/kvg-bus.de\/cebus\/2025\/06\/03\/linien-2301-und-2302-bauarbeiten-in-harsefeld-02-06-19-09-2025\/#primaryimage"},"thumbnailUrl":"","datePublished":"2025-06-03T12:07:49+00:00","dateModified":"2025-10-27T15:24:18+00:00","author":{"@id":"https:\/\/kvg-bus.de\/cebus\/#\/schema\/person\/b008f998d49926c8ddca013e5a810139"},"breadcrumb":{"@id":"https:\/\/kvg-bus.de\/cebus\/2025\/06\/03\/linien-2301-und-2302-bauarbeiten-in-harsefeld-02-06-19-09-2025\/#breadcrumb"},"inLanguage":"de","potentialAction":[{"@type":"ReadAction","target":["https:\/\/kvg-bus.de\/cebus\/2025\/06\/03\/linien-2301-und-2302-bauarbeiten-in-harsefeld-02-06-19-09-2025\/"]}]},{"@type":"ImageObject","inLanguage":"de","@id":"https:\/\/kvg-bus.de\/cebus\/2025\/06\/03\/linien-2301-und-2302-bauarbeiten-in-harsefeld-02-06-19-09-2025\/#primaryimage","url":"","contentUrl":""},{"@type":"BreadcrumbList","@id":"https:\/\/kvg-bus.de\/cebus\/2025\/06\/03\/linien-2301-und-2302-bauarbeiten-in-harsefeld-02-06-19-09-2025\/#breadcrumb","itemListElement":[{"@type":"ListItem","position":1,"name":"Startseite","item":"https:\/\/kvg-bus.de\/cebus\/"},{"@type":"ListItem","position":2,"name":"Linien 2301 und 2302 | Bauarbeiten in Harsefeld: 02.06. &#8211; 19.09.2025"}]},{"@type":"WebSite","@id":"https:\/\/kvg-bus.de\/cebus\/#website","url":"https:\/\/kvg-bus.de\/cebus\/","name":"cebus","description":"","potentialAction":[{"@type":"SearchAction","target":{"@type":"EntryPoint","urlTemplate":"https:\/\/kvg-bus.de\/cebus\/?s={search_term_string}"},"query-input":{"@type":"PropertyValueSpecification","valueRequired":true,"valueName":"search_term_string"}}],"inLanguage":"de"},{"@type":"Person","@id":"https:\/\/kvg-bus.de\/cebus\/#\/schema\/person\/b008f998d49926c8ddca013e5a810139","name":"sprager","image":{"@type":"ImageObject","inLanguage":"de","@id":"https:\/\/secure.gravatar.com\/avatar\/c9f4904d5ee6846a305eba03c67dfde589dc71ebb212f17ea973f97cbdd5f980?s=96&d=mm&r=g","url":"https:\/\/secure.gravatar.com\/avatar\/c9f4904d5ee6846a305eba03c67dfde589dc71ebb212f17ea973f97cbdd5f980?s=96&d=mm&r=g","contentUrl":"https:\/\/secure.gravatar.com\/avatar\/c9f4904d5ee6846a305eba03c67dfde589dc71ebb212f17ea973f97cbdd5f980?s=96&d=mm&r=g","caption":"sprager"},"url":"https:\/\/kvg-bus.de\/cebus\/author\/sprager\/"}]}},"_links":{"self":[{"href":"https:\/\/kvg-bus.de\/cebus\/wp-json\/wp\/v2\/posts\/376","targetHints":{"allow":["GET"]}}],"collection":[{"href":"https:\/\/kvg-bus.de\/cebus\/wp-json\/wp\/v2\/posts"}],"about":[{"href":"https:\/\/kvg-bus.de\/cebus\/wp-json\/wp\/v2\/types\/post"}],"author":[{"embeddable":true,"href":"https:\/\/kvg-bus.de\/cebus\/wp-json\/wp\/v2\/users\/4"}],"replies":[{"embeddable":true,"href":"https:\/\/kvg-bus.de\/cebus\/wp-json\/wp\/v2\/comments?post=376"}],"version-history":[{"count":0,"href":"https:\/\/kvg-bus.de\/cebus\/wp-json\/wp\/v2\/posts\/376\/revisions"}],"wp:featuredmedia":[{"embeddable":true,"href":"https:\/\/kvg-bus.de\/cebus\/wp-json\/"}],"wp:attachment":[{"href":"https:\/\/kvg-bus.de\/cebus\/wp-json\/wp\/v2\/media?parent=376"}],"wp:term":[{"taxonomy":"category","embeddable":true,"href":"https:\/\/kvg-bus.de\/cebus\/wp-json\/wp\/v2\/categories?post=376"},{"taxonomy":"post_tag","embeddable":true,"href":"https:\/\/kvg-bus.de\/cebus\/wp-json\/wp\/v2\/tags?post=376"}],"curies":[{"name":"wp","href":"https:\/\/api.w.org\/{rel}","templated":true}]}}