{"id":373,"date":"2025-07-22T10:50:43","date_gmt":"2025-07-22T08:50:43","guid":{"rendered":"https:\/\/kvg-bus.de\/cebus\/2025\/07\/22\/linie-2725-bauarbeiten-in-horneburg-22-07-23-07-2025\/"},"modified":"2025-07-22T10:50:43","modified_gmt":"2025-07-22T08:50:43","slug":"linie-2725-bauarbeiten-in-horneburg-22-07-23-07-2025","status":"publish","type":"post","link":"https:\/\/kvg-bus.de\/cebus\/2025\/07\/22\/linie-2725-bauarbeiten-in-horneburg-22-07-23-07-2025\/","title":{"rendered":"Linie 2725 | Bauarbeiten in Horneburg: 22.07. \u2013 23.07.2025"},"content":{"rendered":"<p data-start=\"136\" data-end=\"288\">Vom <strong data-start=\"140\" data-end=\"201\">22. Juli 2025, 21:00 Uhr bis zum 23. Juli 2025, 06:00 Uhr<\/strong> ist die Stra\u00dfe <strong data-start=\"217\" data-end=\"241\">Vordamm in Horneburg<\/strong> wegen <strong data-start=\"248\" data-end=\"278\">Bauarbeiten an den Gleisen<\/strong> gesperrt.<\/p>\n<p data-start=\"290\" data-end=\"386\">Die <strong data-start=\"294\" data-end=\"308\">Linie 2725<\/strong> f\u00e4hrt deshalb eine Umleitung \u00fcber den <strong data-start=\"347\" data-end=\"385\">Sch\u00fctzenweg und die Kreisstra\u00dfe 36<\/strong>.<\/p>\n<p data-start=\"388\" data-end=\"545\">\u27a1\ufe0f Die Haltestelle <strong data-start=\"407\" data-end=\"434\">\u201eNottensdorf, Claustal\u201c<\/strong> kann in dieser Zeit nicht bedient werden.<br data-start=\"476\" data-end=\"479\" \/>Bitte nutz stattdessen die Haltestelle <strong data-start=\"518\" data-end=\"544\">\u201eHorneburg, Am Tivoli\u201c<\/strong>.<\/p>\n","protected":false},"excerpt":{"rendered":"<p>Vom 22. Juli 2025, 21:00 Uhr bis zum 23. Juli 2025, 06:00 Uhr ist die Stra\u00dfe Vordamm in Horneburg wegen Bauarbeiten an den Gleisen gesperrt. Die Linie 2725 f\u00e4hrt deshalb eine Umleitung \u00fcber den Sch\u00fctzenweg und die Kreisstra\u00dfe 36. \u27a1\ufe0f Die Haltestelle \u201eNottensdorf, Claustal\u201c kann in dieser Zeit nicht bedient werden.Bitte nutz stattdessen die Haltestelle \u201eHorneburg, Am Tivoli\u201c.<\/p>\n","protected":false},"author":10,"featured_media":2753,"comment_status":"open","ping_status":"open","sticky":false,"template":"","format":"standard","meta":{"footnotes":""},"categories":[16,53],"tags":[],"class_list":["post-373","post","type-post","status-publish","format-standard","has-post-thumbnail","hentry","category-fahrplanabweichungen","category-stade"],"yoast_head":"<!-- This site is optimized with the Yoast SEO plugin v27.4 - https:\/\/yoast.com\/product\/yoast-seo-wordpress\/ -->\n<title>Linie 2725 | Bauarbeiten in Horneburg: 22.07. \u2013 23.07.2025 - cebus<\/title>\n<meta name=\"robots\" content=\"index, follow, max-snippet:-1, max-image-preview:large, max-video-preview:-1\" \/>\n<link rel=\"canonical\" href=\"https:\/\/kvg-bus.de\/cebus\/2025\/07\/22\/linie-2725-bauarbeiten-in-horneburg-22-07-23-07-2025\/\" \/>\n<meta property=\"og:locale\" content=\"de_DE\" \/>\n<meta property=\"og:type\" content=\"article\" \/>\n<meta property=\"og:title\" content=\"Linie 2725 | Bauarbeiten in Horneburg: 22.07. \u2013 23.07.2025 - cebus\" \/>\n<meta property=\"og:description\" content=\"Vom 22. Juli 2025, 21:00 Uhr bis zum 23. Juli 2025, 06:00 Uhr ist die Stra\u00dfe Vordamm in Horneburg wegen Bauarbeiten an den Gleisen gesperrt. Die Linie 2725 f\u00e4hrt deshalb eine Umleitung \u00fcber den Sch\u00fctzenweg und die Kreisstra\u00dfe 36. \u27a1\ufe0f Die Haltestelle \u201eNottensdorf, Claustal\u201c kann in dieser Zeit nicht bedient werden.Bitte nutz stattdessen die Haltestelle \u201eHorneburg, Am Tivoli\u201c.\" \/>\n<meta property=\"og:url\" content=\"https:\/\/kvg-bus.de\/cebus\/2025\/07\/22\/linie-2725-bauarbeiten-in-horneburg-22-07-23-07-2025\/\" \/>\n<meta property=\"og:site_name\" content=\"cebus\" \/>\n<meta property=\"article:published_time\" content=\"2025-07-22T08:50:43+00:00\" \/>\n<meta name=\"author\" content=\"mzimmermann\" \/>\n<meta name=\"twitter:card\" content=\"summary_large_image\" \/>\n<meta name=\"twitter:label1\" content=\"Verfasst von\" \/>\n\t<meta name=\"twitter:data1\" content=\"mzimmermann\" \/>\n<script type=\"application\/ld+json\" class=\"yoast-schema-graph\">{\"@context\":\"https:\\\/\\\/schema.org\",\"@graph\":[{\"@type\":\"Article\",\"@id\":\"https:\\\/\\\/kvg-bus.de\\\/cebus\\\/2025\\\/07\\\/22\\\/linie-2725-bauarbeiten-in-horneburg-22-07-23-07-2025\\\/#article\",\"isPartOf\":{\"@id\":\"https:\\\/\\\/kvg-bus.de\\\/cebus\\\/2025\\\/07\\\/22\\\/linie-2725-bauarbeiten-in-horneburg-22-07-23-07-2025\\\/\"},\"author\":{\"name\":\"mzimmermann\",\"@id\":\"https:\\\/\\\/kvg-bus.de\\\/cebus\\\/#\\\/schema\\\/person\\\/5a5abfab092f868ec7cbe0f59e95749b\"},\"headline\":\"Linie 2725 | Bauarbeiten in Horneburg: 22.07. \u2013 23.07.2025\",\"datePublished\":\"2025-07-22T08:50:43+00:00\",\"mainEntityOfPage\":{\"@id\":\"https:\\\/\\\/kvg-bus.de\\\/cebus\\\/2025\\\/07\\\/22\\\/linie-2725-bauarbeiten-in-horneburg-22-07-23-07-2025\\\/\"},\"wordCount\":58,\"commentCount\":0,\"image\":{\"@id\":\"https:\\\/\\\/kvg-bus.de\\\/cebus\\\/2025\\\/07\\\/22\\\/linie-2725-bauarbeiten-in-horneburg-22-07-23-07-2025\\\/#primaryimage\"},\"thumbnailUrl\":\"\",\"articleSection\":[\"Fahrplanabweichungen\",\"Stade\"],\"inLanguage\":\"de\",\"potentialAction\":[{\"@type\":\"CommentAction\",\"name\":\"Comment\",\"target\":[\"https:\\\/\\\/kvg-bus.de\\\/cebus\\\/2025\\\/07\\\/22\\\/linie-2725-bauarbeiten-in-horneburg-22-07-23-07-2025\\\/#respond\"]}]},{\"@type\":\"WebPage\",\"@id\":\"https:\\\/\\\/kvg-bus.de\\\/cebus\\\/2025\\\/07\\\/22\\\/linie-2725-bauarbeiten-in-horneburg-22-07-23-07-2025\\\/\",\"url\":\"https:\\\/\\\/kvg-bus.de\\\/cebus\\\/2025\\\/07\\\/22\\\/linie-2725-bauarbeiten-in-horneburg-22-07-23-07-2025\\\/\",\"name\":\"Linie 2725 | Bauarbeiten in Horneburg: 22.07. \u2013 23.07.2025 - cebus\",\"isPartOf\":{\"@id\":\"https:\\\/\\\/kvg-bus.de\\\/cebus\\\/#website\"},\"primaryImageOfPage\":{\"@id\":\"https:\\\/\\\/kvg-bus.de\\\/cebus\\\/2025\\\/07\\\/22\\\/linie-2725-bauarbeiten-in-horneburg-22-07-23-07-2025\\\/#primaryimage\"},\"image\":{\"@id\":\"https:\\\/\\\/kvg-bus.de\\\/cebus\\\/2025\\\/07\\\/22\\\/linie-2725-bauarbeiten-in-horneburg-22-07-23-07-2025\\\/#primaryimage\"},\"thumbnailUrl\":\"\",\"datePublished\":\"2025-07-22T08:50:43+00:00\",\"author\":{\"@id\":\"https:\\\/\\\/kvg-bus.de\\\/cebus\\\/#\\\/schema\\\/person\\\/5a5abfab092f868ec7cbe0f59e95749b\"},\"breadcrumb\":{\"@id\":\"https:\\\/\\\/kvg-bus.de\\\/cebus\\\/2025\\\/07\\\/22\\\/linie-2725-bauarbeiten-in-horneburg-22-07-23-07-2025\\\/#breadcrumb\"},\"inLanguage\":\"de\",\"potentialAction\":[{\"@type\":\"ReadAction\",\"target\":[\"https:\\\/\\\/kvg-bus.de\\\/cebus\\\/2025\\\/07\\\/22\\\/linie-2725-bauarbeiten-in-horneburg-22-07-23-07-2025\\\/\"]}]},{\"@type\":\"ImageObject\",\"inLanguage\":\"de\",\"@id\":\"https:\\\/\\\/kvg-bus.de\\\/cebus\\\/2025\\\/07\\\/22\\\/linie-2725-bauarbeiten-in-horneburg-22-07-23-07-2025\\\/#primaryimage\",\"url\":\"\",\"contentUrl\":\"\"},{\"@type\":\"BreadcrumbList\",\"@id\":\"https:\\\/\\\/kvg-bus.de\\\/cebus\\\/2025\\\/07\\\/22\\\/linie-2725-bauarbeiten-in-horneburg-22-07-23-07-2025\\\/#breadcrumb\",\"itemListElement\":[{\"@type\":\"ListItem\",\"position\":1,\"name\":\"Startseite\",\"item\":\"https:\\\/\\\/kvg-bus.de\\\/cebus\\\/\"},{\"@type\":\"ListItem\",\"position\":2,\"name\":\"Linie 2725 | Bauarbeiten in Horneburg: 22.07. \u2013 23.07.2025\"}]},{\"@type\":\"WebSite\",\"@id\":\"https:\\\/\\\/kvg-bus.de\\\/cebus\\\/#website\",\"url\":\"https:\\\/\\\/kvg-bus.de\\\/cebus\\\/\",\"name\":\"cebus\",\"description\":\"\",\"potentialAction\":[{\"@type\":\"SearchAction\",\"target\":{\"@type\":\"EntryPoint\",\"urlTemplate\":\"https:\\\/\\\/kvg-bus.de\\\/cebus\\\/?s={search_term_string}\"},\"query-input\":{\"@type\":\"PropertyValueSpecification\",\"valueRequired\":true,\"valueName\":\"search_term_string\"}}],\"inLanguage\":\"de\"},{\"@type\":\"Person\",\"@id\":\"https:\\\/\\\/kvg-bus.de\\\/cebus\\\/#\\\/schema\\\/person\\\/5a5abfab092f868ec7cbe0f59e95749b\",\"name\":\"mzimmermann\",\"image\":{\"@type\":\"ImageObject\",\"inLanguage\":\"de\",\"@id\":\"https:\\\/\\\/secure.gravatar.com\\\/avatar\\\/0f69d8b83e3b3e54f0b766684bb3fd6649f0081ecdbff759ed4b19e5df68d1e4?s=96&d=mm&r=g\",\"url\":\"https:\\\/\\\/secure.gravatar.com\\\/avatar\\\/0f69d8b83e3b3e54f0b766684bb3fd6649f0081ecdbff759ed4b19e5df68d1e4?s=96&d=mm&r=g\",\"contentUrl\":\"https:\\\/\\\/secure.gravatar.com\\\/avatar\\\/0f69d8b83e3b3e54f0b766684bb3fd6649f0081ecdbff759ed4b19e5df68d1e4?s=96&d=mm&r=g\",\"caption\":\"mzimmermann\"},\"url\":\"https:\\\/\\\/kvg-bus.de\\\/cebus\\\/author\\\/mzimmermann\\\/\"}]}<\/script>\n<!-- \/ Yoast SEO plugin. -->","yoast_head_json":{"title":"Linie 2725 | Bauarbeiten in Horneburg: 22.07. \u2013 23.07.2025 - cebus","robots":{"index":"index","follow":"follow","max-snippet":"max-snippet:-1","max-image-preview":"max-image-preview:large","max-video-preview":"max-video-preview:-1"},"canonical":"https:\/\/kvg-bus.de\/cebus\/2025\/07\/22\/linie-2725-bauarbeiten-in-horneburg-22-07-23-07-2025\/","og_locale":"de_DE","og_type":"article","og_title":"Linie 2725 | Bauarbeiten in Horneburg: 22.07. \u2013 23.07.2025 - cebus","og_description":"Vom 22. Juli 2025, 21:00 Uhr bis zum 23. Juli 2025, 06:00 Uhr ist die Stra\u00dfe Vordamm in Horneburg wegen Bauarbeiten an den Gleisen gesperrt. Die Linie 2725 f\u00e4hrt deshalb eine Umleitung \u00fcber den Sch\u00fctzenweg und die Kreisstra\u00dfe 36. \u27a1\ufe0f Die Haltestelle \u201eNottensdorf, Claustal\u201c kann in dieser Zeit nicht bedient werden.Bitte nutz stattdessen die Haltestelle \u201eHorneburg, Am Tivoli\u201c.","og_url":"https:\/\/kvg-bus.de\/cebus\/2025\/07\/22\/linie-2725-bauarbeiten-in-horneburg-22-07-23-07-2025\/","og_site_name":"cebus","article_published_time":"2025-07-22T08:50:43+00:00","author":"mzimmermann","twitter_card":"summary_large_image","twitter_misc":{"Verfasst von":"mzimmermann"},"schema":{"@context":"https:\/\/schema.org","@graph":[{"@type":"Article","@id":"https:\/\/kvg-bus.de\/cebus\/2025\/07\/22\/linie-2725-bauarbeiten-in-horneburg-22-07-23-07-2025\/#article","isPartOf":{"@id":"https:\/\/kvg-bus.de\/cebus\/2025\/07\/22\/linie-2725-bauarbeiten-in-horneburg-22-07-23-07-2025\/"},"author":{"name":"mzimmermann","@id":"https:\/\/kvg-bus.de\/cebus\/#\/schema\/person\/5a5abfab092f868ec7cbe0f59e95749b"},"headline":"Linie 2725 | Bauarbeiten in Horneburg: 22.07. \u2013 23.07.2025","datePublished":"2025-07-22T08:50:43+00:00","mainEntityOfPage":{"@id":"https:\/\/kvg-bus.de\/cebus\/2025\/07\/22\/linie-2725-bauarbeiten-in-horneburg-22-07-23-07-2025\/"},"wordCount":58,"commentCount":0,"image":{"@id":"https:\/\/kvg-bus.de\/cebus\/2025\/07\/22\/linie-2725-bauarbeiten-in-horneburg-22-07-23-07-2025\/#primaryimage"},"thumbnailUrl":"","articleSection":["Fahrplanabweichungen","Stade"],"inLanguage":"de","potentialAction":[{"@type":"CommentAction","name":"Comment","target":["https:\/\/kvg-bus.de\/cebus\/2025\/07\/22\/linie-2725-bauarbeiten-in-horneburg-22-07-23-07-2025\/#respond"]}]},{"@type":"WebPage","@id":"https:\/\/kvg-bus.de\/cebus\/2025\/07\/22\/linie-2725-bauarbeiten-in-horneburg-22-07-23-07-2025\/","url":"https:\/\/kvg-bus.de\/cebus\/2025\/07\/22\/linie-2725-bauarbeiten-in-horneburg-22-07-23-07-2025\/","name":"Linie 2725 | Bauarbeiten in Horneburg: 22.07. \u2013 23.07.2025 - cebus","isPartOf":{"@id":"https:\/\/kvg-bus.de\/cebus\/#website"},"primaryImageOfPage":{"@id":"https:\/\/kvg-bus.de\/cebus\/2025\/07\/22\/linie-2725-bauarbeiten-in-horneburg-22-07-23-07-2025\/#primaryimage"},"image":{"@id":"https:\/\/kvg-bus.de\/cebus\/2025\/07\/22\/linie-2725-bauarbeiten-in-horneburg-22-07-23-07-2025\/#primaryimage"},"thumbnailUrl":"","datePublished":"2025-07-22T08:50:43+00:00","author":{"@id":"https:\/\/kvg-bus.de\/cebus\/#\/schema\/person\/5a5abfab092f868ec7cbe0f59e95749b"},"breadcrumb":{"@id":"https:\/\/kvg-bus.de\/cebus\/2025\/07\/22\/linie-2725-bauarbeiten-in-horneburg-22-07-23-07-2025\/#breadcrumb"},"inLanguage":"de","potentialAction":[{"@type":"ReadAction","target":["https:\/\/kvg-bus.de\/cebus\/2025\/07\/22\/linie-2725-bauarbeiten-in-horneburg-22-07-23-07-2025\/"]}]},{"@type":"ImageObject","inLanguage":"de","@id":"https:\/\/kvg-bus.de\/cebus\/2025\/07\/22\/linie-2725-bauarbeiten-in-horneburg-22-07-23-07-2025\/#primaryimage","url":"","contentUrl":""},{"@type":"BreadcrumbList","@id":"https:\/\/kvg-bus.de\/cebus\/2025\/07\/22\/linie-2725-bauarbeiten-in-horneburg-22-07-23-07-2025\/#breadcrumb","itemListElement":[{"@type":"ListItem","position":1,"name":"Startseite","item":"https:\/\/kvg-bus.de\/cebus\/"},{"@type":"ListItem","position":2,"name":"Linie 2725 | Bauarbeiten in Horneburg: 22.07. \u2013 23.07.2025"}]},{"@type":"WebSite","@id":"https:\/\/kvg-bus.de\/cebus\/#website","url":"https:\/\/kvg-bus.de\/cebus\/","name":"cebus","description":"","potentialAction":[{"@type":"SearchAction","target":{"@type":"EntryPoint","urlTemplate":"https:\/\/kvg-bus.de\/cebus\/?s={search_term_string}"},"query-input":{"@type":"PropertyValueSpecification","valueRequired":true,"valueName":"search_term_string"}}],"inLanguage":"de"},{"@type":"Person","@id":"https:\/\/kvg-bus.de\/cebus\/#\/schema\/person\/5a5abfab092f868ec7cbe0f59e95749b","name":"mzimmermann","image":{"@type":"ImageObject","inLanguage":"de","@id":"https:\/\/secure.gravatar.com\/avatar\/0f69d8b83e3b3e54f0b766684bb3fd6649f0081ecdbff759ed4b19e5df68d1e4?s=96&d=mm&r=g","url":"https:\/\/secure.gravatar.com\/avatar\/0f69d8b83e3b3e54f0b766684bb3fd6649f0081ecdbff759ed4b19e5df68d1e4?s=96&d=mm&r=g","contentUrl":"https:\/\/secure.gravatar.com\/avatar\/0f69d8b83e3b3e54f0b766684bb3fd6649f0081ecdbff759ed4b19e5df68d1e4?s=96&d=mm&r=g","caption":"mzimmermann"},"url":"https:\/\/kvg-bus.de\/cebus\/author\/mzimmermann\/"}]}},"_links":{"self":[{"href":"https:\/\/kvg-bus.de\/cebus\/wp-json\/wp\/v2\/posts\/373","targetHints":{"allow":["GET"]}}],"collection":[{"href":"https:\/\/kvg-bus.de\/cebus\/wp-json\/wp\/v2\/posts"}],"about":[{"href":"https:\/\/kvg-bus.de\/cebus\/wp-json\/wp\/v2\/types\/post"}],"author":[{"embeddable":true,"href":"https:\/\/kvg-bus.de\/cebus\/wp-json\/wp\/v2\/users\/10"}],"replies":[{"embeddable":true,"href":"https:\/\/kvg-bus.de\/cebus\/wp-json\/wp\/v2\/comments?post=373"}],"version-history":[{"count":0,"href":"https:\/\/kvg-bus.de\/cebus\/wp-json\/wp\/v2\/posts\/373\/revisions"}],"wp:featuredmedia":[{"embeddable":true,"href":"https:\/\/kvg-bus.de\/cebus\/wp-json\/"}],"wp:attachment":[{"href":"https:\/\/kvg-bus.de\/cebus\/wp-json\/wp\/v2\/media?parent=373"}],"wp:term":[{"taxonomy":"category","embeddable":true,"href":"https:\/\/kvg-bus.de\/cebus\/wp-json\/wp\/v2\/categories?post=373"},{"taxonomy":"post_tag","embeddable":true,"href":"https:\/\/kvg-bus.de\/cebus\/wp-json\/wp\/v2\/tags?post=373"}],"curies":[{"name":"wp","href":"https:\/\/api.w.org\/{rel}","templated":true}]}}