{"id":370,"date":"2025-07-17T08:07:47","date_gmt":"2025-07-17T06:07:47","guid":{"rendered":"https:\/\/kvg-bus.de\/cebus\/2025\/07\/17\/linien-5009-und-5404-bauarbeiten-in-lueneburg-21-07-12-10-2025\/"},"modified":"2025-07-17T08:07:47","modified_gmt":"2025-07-17T06:07:47","slug":"linien-5009-und-5404-bauarbeiten-in-lueneburg-21-07-12-10-2025","status":"publish","type":"post","link":"https:\/\/kvg-bus.de\/cebus\/2025\/07\/17\/linien-5009-und-5404-bauarbeiten-in-lueneburg-21-07-12-10-2025\/","title":{"rendered":"Linien 5009 und 5404 | Bauarbeiten in L\u00fcneburg: 21.07. \u2013 12.10.2025"},"content":{"rendered":"<p data-start=\"134\" data-end=\"312\">Vom <strong data-start=\"138\" data-end=\"175\">21. Juli bis zum 12. Oktober 2025<\/strong> ist die Stra\u00dfe <strong data-start=\"191\" data-end=\"227\">Am Wieneb\u00fctteler Weg in L\u00fcneburg<\/strong> wegen des <strong data-start=\"238\" data-end=\"302\">Neubaus eines Kreisverkehrsplatzes auf H\u00f6he des Eberlingwegs<\/strong> gesperrt.<\/p>\n<p data-start=\"314\" data-end=\"424\">Die <strong data-start=\"318\" data-end=\"342\">Linien 5009 und 5404<\/strong> fahren deshalb eine Umleitung \u00fcber eine <strong data-start=\"383\" data-end=\"423\">provisorische Fahrbahn \u00fcber das Feld<\/strong>.<\/p>\n<p data-start=\"426\" data-end=\"588\">\u27a1\ufe0f Die Haltestelle <strong data-start=\"445\" data-end=\"471\">\u201eL\u00fcneburg, Tennispark\u201c<\/strong> kann in dieser Zeit nicht bedient werden.<br data-start=\"513\" data-end=\"516\" \/>Bitte nutz stattdessen die Haltestelle <strong data-start=\"555\" data-end=\"587\">\u201eL\u00fcneburg, Brockwinkler Weg\u201c<\/strong>.<\/p>\n","protected":false},"excerpt":{"rendered":"<p>Vom 21. Juli bis zum 12. Oktober 2025 ist die Stra\u00dfe Am Wieneb\u00fctteler Weg in L\u00fcneburg wegen des Neubaus eines Kreisverkehrsplatzes auf H\u00f6he des Eberlingwegs gesperrt. Die Linien 5009 und 5404 fahren deshalb eine Umleitung \u00fcber eine provisorische Fahrbahn \u00fcber das Feld. \u27a1\ufe0f Die Haltestelle \u201eL\u00fcneburg, Tennispark\u201c kann in dieser Zeit nicht bedient werden.Bitte nutz stattdessen die Haltestelle \u201eL\u00fcneburg, Brockwinkler Weg\u201c.<\/p>\n","protected":false},"author":10,"featured_media":2753,"comment_status":"open","ping_status":"open","sticky":false,"template":"","format":"standard","meta":{"footnotes":""},"categories":[16,57],"tags":[],"class_list":["post-370","post","type-post","status-publish","format-standard","has-post-thumbnail","hentry","category-fahrplanabweichungen","category-lueneburg"],"yoast_head":"<!-- This site is optimized with the Yoast SEO plugin v27.4 - https:\/\/yoast.com\/product\/yoast-seo-wordpress\/ -->\n<title>Linien 5009 und 5404 | Bauarbeiten in L\u00fcneburg: 21.07. \u2013 12.10.2025 - cebus<\/title>\n<meta name=\"robots\" content=\"index, follow, max-snippet:-1, max-image-preview:large, max-video-preview:-1\" \/>\n<link rel=\"canonical\" href=\"https:\/\/kvg-bus.de\/cebus\/2025\/07\/17\/linien-5009-und-5404-bauarbeiten-in-lueneburg-21-07-12-10-2025\/\" \/>\n<meta property=\"og:locale\" content=\"de_DE\" \/>\n<meta property=\"og:type\" content=\"article\" \/>\n<meta property=\"og:title\" content=\"Linien 5009 und 5404 | Bauarbeiten in L\u00fcneburg: 21.07. \u2013 12.10.2025 - cebus\" \/>\n<meta property=\"og:description\" content=\"Vom 21. Juli bis zum 12. Oktober 2025 ist die Stra\u00dfe Am Wieneb\u00fctteler Weg in L\u00fcneburg wegen des Neubaus eines Kreisverkehrsplatzes auf H\u00f6he des Eberlingwegs gesperrt. Die Linien 5009 und 5404 fahren deshalb eine Umleitung \u00fcber eine provisorische Fahrbahn \u00fcber das Feld. \u27a1\ufe0f Die Haltestelle \u201eL\u00fcneburg, Tennispark\u201c kann in dieser Zeit nicht bedient werden.Bitte nutz stattdessen die Haltestelle \u201eL\u00fcneburg, Brockwinkler Weg\u201c.\" \/>\n<meta property=\"og:url\" content=\"https:\/\/kvg-bus.de\/cebus\/2025\/07\/17\/linien-5009-und-5404-bauarbeiten-in-lueneburg-21-07-12-10-2025\/\" \/>\n<meta property=\"og:site_name\" content=\"cebus\" \/>\n<meta property=\"article:published_time\" content=\"2025-07-17T06:07:47+00:00\" \/>\n<meta name=\"author\" content=\"mzimmermann\" \/>\n<meta name=\"twitter:card\" content=\"summary_large_image\" \/>\n<meta name=\"twitter:label1\" content=\"Verfasst von\" \/>\n\t<meta name=\"twitter:data1\" content=\"mzimmermann\" \/>\n<script type=\"application\/ld+json\" class=\"yoast-schema-graph\">{\"@context\":\"https:\\\/\\\/schema.org\",\"@graph\":[{\"@type\":\"Article\",\"@id\":\"https:\\\/\\\/kvg-bus.de\\\/cebus\\\/2025\\\/07\\\/17\\\/linien-5009-und-5404-bauarbeiten-in-lueneburg-21-07-12-10-2025\\\/#article\",\"isPartOf\":{\"@id\":\"https:\\\/\\\/kvg-bus.de\\\/cebus\\\/2025\\\/07\\\/17\\\/linien-5009-und-5404-bauarbeiten-in-lueneburg-21-07-12-10-2025\\\/\"},\"author\":{\"name\":\"mzimmermann\",\"@id\":\"https:\\\/\\\/kvg-bus.de\\\/cebus\\\/#\\\/schema\\\/person\\\/5a5abfab092f868ec7cbe0f59e95749b\"},\"headline\":\"Linien 5009 und 5404 | Bauarbeiten in L\u00fcneburg: 21.07. \u2013 12.10.2025\",\"datePublished\":\"2025-07-17T06:07:47+00:00\",\"mainEntityOfPage\":{\"@id\":\"https:\\\/\\\/kvg-bus.de\\\/cebus\\\/2025\\\/07\\\/17\\\/linien-5009-und-5404-bauarbeiten-in-lueneburg-21-07-12-10-2025\\\/\"},\"wordCount\":68,\"commentCount\":0,\"image\":{\"@id\":\"https:\\\/\\\/kvg-bus.de\\\/cebus\\\/2025\\\/07\\\/17\\\/linien-5009-und-5404-bauarbeiten-in-lueneburg-21-07-12-10-2025\\\/#primaryimage\"},\"thumbnailUrl\":\"\",\"articleSection\":[\"Fahrplanabweichungen\",\"L\u00fcneburg\"],\"inLanguage\":\"de\",\"potentialAction\":[{\"@type\":\"CommentAction\",\"name\":\"Comment\",\"target\":[\"https:\\\/\\\/kvg-bus.de\\\/cebus\\\/2025\\\/07\\\/17\\\/linien-5009-und-5404-bauarbeiten-in-lueneburg-21-07-12-10-2025\\\/#respond\"]}]},{\"@type\":\"WebPage\",\"@id\":\"https:\\\/\\\/kvg-bus.de\\\/cebus\\\/2025\\\/07\\\/17\\\/linien-5009-und-5404-bauarbeiten-in-lueneburg-21-07-12-10-2025\\\/\",\"url\":\"https:\\\/\\\/kvg-bus.de\\\/cebus\\\/2025\\\/07\\\/17\\\/linien-5009-und-5404-bauarbeiten-in-lueneburg-21-07-12-10-2025\\\/\",\"name\":\"Linien 5009 und 5404 | Bauarbeiten in L\u00fcneburg: 21.07. \u2013 12.10.2025 - cebus\",\"isPartOf\":{\"@id\":\"https:\\\/\\\/kvg-bus.de\\\/cebus\\\/#website\"},\"primaryImageOfPage\":{\"@id\":\"https:\\\/\\\/kvg-bus.de\\\/cebus\\\/2025\\\/07\\\/17\\\/linien-5009-und-5404-bauarbeiten-in-lueneburg-21-07-12-10-2025\\\/#primaryimage\"},\"image\":{\"@id\":\"https:\\\/\\\/kvg-bus.de\\\/cebus\\\/2025\\\/07\\\/17\\\/linien-5009-und-5404-bauarbeiten-in-lueneburg-21-07-12-10-2025\\\/#primaryimage\"},\"thumbnailUrl\":\"\",\"datePublished\":\"2025-07-17T06:07:47+00:00\",\"author\":{\"@id\":\"https:\\\/\\\/kvg-bus.de\\\/cebus\\\/#\\\/schema\\\/person\\\/5a5abfab092f868ec7cbe0f59e95749b\"},\"breadcrumb\":{\"@id\":\"https:\\\/\\\/kvg-bus.de\\\/cebus\\\/2025\\\/07\\\/17\\\/linien-5009-und-5404-bauarbeiten-in-lueneburg-21-07-12-10-2025\\\/#breadcrumb\"},\"inLanguage\":\"de\",\"potentialAction\":[{\"@type\":\"ReadAction\",\"target\":[\"https:\\\/\\\/kvg-bus.de\\\/cebus\\\/2025\\\/07\\\/17\\\/linien-5009-und-5404-bauarbeiten-in-lueneburg-21-07-12-10-2025\\\/\"]}]},{\"@type\":\"ImageObject\",\"inLanguage\":\"de\",\"@id\":\"https:\\\/\\\/kvg-bus.de\\\/cebus\\\/2025\\\/07\\\/17\\\/linien-5009-und-5404-bauarbeiten-in-lueneburg-21-07-12-10-2025\\\/#primaryimage\",\"url\":\"\",\"contentUrl\":\"\"},{\"@type\":\"BreadcrumbList\",\"@id\":\"https:\\\/\\\/kvg-bus.de\\\/cebus\\\/2025\\\/07\\\/17\\\/linien-5009-und-5404-bauarbeiten-in-lueneburg-21-07-12-10-2025\\\/#breadcrumb\",\"itemListElement\":[{\"@type\":\"ListItem\",\"position\":1,\"name\":\"Startseite\",\"item\":\"https:\\\/\\\/kvg-bus.de\\\/cebus\\\/\"},{\"@type\":\"ListItem\",\"position\":2,\"name\":\"Linien 5009 und 5404 | Bauarbeiten in L\u00fcneburg: 21.07. \u2013 12.10.2025\"}]},{\"@type\":\"WebSite\",\"@id\":\"https:\\\/\\\/kvg-bus.de\\\/cebus\\\/#website\",\"url\":\"https:\\\/\\\/kvg-bus.de\\\/cebus\\\/\",\"name\":\"cebus\",\"description\":\"\",\"potentialAction\":[{\"@type\":\"SearchAction\",\"target\":{\"@type\":\"EntryPoint\",\"urlTemplate\":\"https:\\\/\\\/kvg-bus.de\\\/cebus\\\/?s={search_term_string}\"},\"query-input\":{\"@type\":\"PropertyValueSpecification\",\"valueRequired\":true,\"valueName\":\"search_term_string\"}}],\"inLanguage\":\"de\"},{\"@type\":\"Person\",\"@id\":\"https:\\\/\\\/kvg-bus.de\\\/cebus\\\/#\\\/schema\\\/person\\\/5a5abfab092f868ec7cbe0f59e95749b\",\"name\":\"mzimmermann\",\"image\":{\"@type\":\"ImageObject\",\"inLanguage\":\"de\",\"@id\":\"https:\\\/\\\/secure.gravatar.com\\\/avatar\\\/0f69d8b83e3b3e54f0b766684bb3fd6649f0081ecdbff759ed4b19e5df68d1e4?s=96&d=mm&r=g\",\"url\":\"https:\\\/\\\/secure.gravatar.com\\\/avatar\\\/0f69d8b83e3b3e54f0b766684bb3fd6649f0081ecdbff759ed4b19e5df68d1e4?s=96&d=mm&r=g\",\"contentUrl\":\"https:\\\/\\\/secure.gravatar.com\\\/avatar\\\/0f69d8b83e3b3e54f0b766684bb3fd6649f0081ecdbff759ed4b19e5df68d1e4?s=96&d=mm&r=g\",\"caption\":\"mzimmermann\"},\"url\":\"https:\\\/\\\/kvg-bus.de\\\/cebus\\\/author\\\/mzimmermann\\\/\"}]}<\/script>\n<!-- \/ Yoast SEO plugin. -->","yoast_head_json":{"title":"Linien 5009 und 5404 | Bauarbeiten in L\u00fcneburg: 21.07. \u2013 12.10.2025 - cebus","robots":{"index":"index","follow":"follow","max-snippet":"max-snippet:-1","max-image-preview":"max-image-preview:large","max-video-preview":"max-video-preview:-1"},"canonical":"https:\/\/kvg-bus.de\/cebus\/2025\/07\/17\/linien-5009-und-5404-bauarbeiten-in-lueneburg-21-07-12-10-2025\/","og_locale":"de_DE","og_type":"article","og_title":"Linien 5009 und 5404 | Bauarbeiten in L\u00fcneburg: 21.07. \u2013 12.10.2025 - cebus","og_description":"Vom 21. Juli bis zum 12. Oktober 2025 ist die Stra\u00dfe Am Wieneb\u00fctteler Weg in L\u00fcneburg wegen des Neubaus eines Kreisverkehrsplatzes auf H\u00f6he des Eberlingwegs gesperrt. Die Linien 5009 und 5404 fahren deshalb eine Umleitung \u00fcber eine provisorische Fahrbahn \u00fcber das Feld. \u27a1\ufe0f Die Haltestelle \u201eL\u00fcneburg, Tennispark\u201c kann in dieser Zeit nicht bedient werden.Bitte nutz stattdessen die Haltestelle \u201eL\u00fcneburg, Brockwinkler Weg\u201c.","og_url":"https:\/\/kvg-bus.de\/cebus\/2025\/07\/17\/linien-5009-und-5404-bauarbeiten-in-lueneburg-21-07-12-10-2025\/","og_site_name":"cebus","article_published_time":"2025-07-17T06:07:47+00:00","author":"mzimmermann","twitter_card":"summary_large_image","twitter_misc":{"Verfasst von":"mzimmermann"},"schema":{"@context":"https:\/\/schema.org","@graph":[{"@type":"Article","@id":"https:\/\/kvg-bus.de\/cebus\/2025\/07\/17\/linien-5009-und-5404-bauarbeiten-in-lueneburg-21-07-12-10-2025\/#article","isPartOf":{"@id":"https:\/\/kvg-bus.de\/cebus\/2025\/07\/17\/linien-5009-und-5404-bauarbeiten-in-lueneburg-21-07-12-10-2025\/"},"author":{"name":"mzimmermann","@id":"https:\/\/kvg-bus.de\/cebus\/#\/schema\/person\/5a5abfab092f868ec7cbe0f59e95749b"},"headline":"Linien 5009 und 5404 | Bauarbeiten in L\u00fcneburg: 21.07. \u2013 12.10.2025","datePublished":"2025-07-17T06:07:47+00:00","mainEntityOfPage":{"@id":"https:\/\/kvg-bus.de\/cebus\/2025\/07\/17\/linien-5009-und-5404-bauarbeiten-in-lueneburg-21-07-12-10-2025\/"},"wordCount":68,"commentCount":0,"image":{"@id":"https:\/\/kvg-bus.de\/cebus\/2025\/07\/17\/linien-5009-und-5404-bauarbeiten-in-lueneburg-21-07-12-10-2025\/#primaryimage"},"thumbnailUrl":"","articleSection":["Fahrplanabweichungen","L\u00fcneburg"],"inLanguage":"de","potentialAction":[{"@type":"CommentAction","name":"Comment","target":["https:\/\/kvg-bus.de\/cebus\/2025\/07\/17\/linien-5009-und-5404-bauarbeiten-in-lueneburg-21-07-12-10-2025\/#respond"]}]},{"@type":"WebPage","@id":"https:\/\/kvg-bus.de\/cebus\/2025\/07\/17\/linien-5009-und-5404-bauarbeiten-in-lueneburg-21-07-12-10-2025\/","url":"https:\/\/kvg-bus.de\/cebus\/2025\/07\/17\/linien-5009-und-5404-bauarbeiten-in-lueneburg-21-07-12-10-2025\/","name":"Linien 5009 und 5404 | Bauarbeiten in L\u00fcneburg: 21.07. \u2013 12.10.2025 - cebus","isPartOf":{"@id":"https:\/\/kvg-bus.de\/cebus\/#website"},"primaryImageOfPage":{"@id":"https:\/\/kvg-bus.de\/cebus\/2025\/07\/17\/linien-5009-und-5404-bauarbeiten-in-lueneburg-21-07-12-10-2025\/#primaryimage"},"image":{"@id":"https:\/\/kvg-bus.de\/cebus\/2025\/07\/17\/linien-5009-und-5404-bauarbeiten-in-lueneburg-21-07-12-10-2025\/#primaryimage"},"thumbnailUrl":"","datePublished":"2025-07-17T06:07:47+00:00","author":{"@id":"https:\/\/kvg-bus.de\/cebus\/#\/schema\/person\/5a5abfab092f868ec7cbe0f59e95749b"},"breadcrumb":{"@id":"https:\/\/kvg-bus.de\/cebus\/2025\/07\/17\/linien-5009-und-5404-bauarbeiten-in-lueneburg-21-07-12-10-2025\/#breadcrumb"},"inLanguage":"de","potentialAction":[{"@type":"ReadAction","target":["https:\/\/kvg-bus.de\/cebus\/2025\/07\/17\/linien-5009-und-5404-bauarbeiten-in-lueneburg-21-07-12-10-2025\/"]}]},{"@type":"ImageObject","inLanguage":"de","@id":"https:\/\/kvg-bus.de\/cebus\/2025\/07\/17\/linien-5009-und-5404-bauarbeiten-in-lueneburg-21-07-12-10-2025\/#primaryimage","url":"","contentUrl":""},{"@type":"BreadcrumbList","@id":"https:\/\/kvg-bus.de\/cebus\/2025\/07\/17\/linien-5009-und-5404-bauarbeiten-in-lueneburg-21-07-12-10-2025\/#breadcrumb","itemListElement":[{"@type":"ListItem","position":1,"name":"Startseite","item":"https:\/\/kvg-bus.de\/cebus\/"},{"@type":"ListItem","position":2,"name":"Linien 5009 und 5404 | Bauarbeiten in L\u00fcneburg: 21.07. \u2013 12.10.2025"}]},{"@type":"WebSite","@id":"https:\/\/kvg-bus.de\/cebus\/#website","url":"https:\/\/kvg-bus.de\/cebus\/","name":"cebus","description":"","potentialAction":[{"@type":"SearchAction","target":{"@type":"EntryPoint","urlTemplate":"https:\/\/kvg-bus.de\/cebus\/?s={search_term_string}"},"query-input":{"@type":"PropertyValueSpecification","valueRequired":true,"valueName":"search_term_string"}}],"inLanguage":"de"},{"@type":"Person","@id":"https:\/\/kvg-bus.de\/cebus\/#\/schema\/person\/5a5abfab092f868ec7cbe0f59e95749b","name":"mzimmermann","image":{"@type":"ImageObject","inLanguage":"de","@id":"https:\/\/secure.gravatar.com\/avatar\/0f69d8b83e3b3e54f0b766684bb3fd6649f0081ecdbff759ed4b19e5df68d1e4?s=96&d=mm&r=g","url":"https:\/\/secure.gravatar.com\/avatar\/0f69d8b83e3b3e54f0b766684bb3fd6649f0081ecdbff759ed4b19e5df68d1e4?s=96&d=mm&r=g","contentUrl":"https:\/\/secure.gravatar.com\/avatar\/0f69d8b83e3b3e54f0b766684bb3fd6649f0081ecdbff759ed4b19e5df68d1e4?s=96&d=mm&r=g","caption":"mzimmermann"},"url":"https:\/\/kvg-bus.de\/cebus\/author\/mzimmermann\/"}]}},"_links":{"self":[{"href":"https:\/\/kvg-bus.de\/cebus\/wp-json\/wp\/v2\/posts\/370","targetHints":{"allow":["GET"]}}],"collection":[{"href":"https:\/\/kvg-bus.de\/cebus\/wp-json\/wp\/v2\/posts"}],"about":[{"href":"https:\/\/kvg-bus.de\/cebus\/wp-json\/wp\/v2\/types\/post"}],"author":[{"embeddable":true,"href":"https:\/\/kvg-bus.de\/cebus\/wp-json\/wp\/v2\/users\/10"}],"replies":[{"embeddable":true,"href":"https:\/\/kvg-bus.de\/cebus\/wp-json\/wp\/v2\/comments?post=370"}],"version-history":[{"count":0,"href":"https:\/\/kvg-bus.de\/cebus\/wp-json\/wp\/v2\/posts\/370\/revisions"}],"wp:featuredmedia":[{"embeddable":true,"href":"https:\/\/kvg-bus.de\/cebus\/wp-json\/"}],"wp:attachment":[{"href":"https:\/\/kvg-bus.de\/cebus\/wp-json\/wp\/v2\/media?parent=370"}],"wp:term":[{"taxonomy":"category","embeddable":true,"href":"https:\/\/kvg-bus.de\/cebus\/wp-json\/wp\/v2\/categories?post=370"},{"taxonomy":"post_tag","embeddable":true,"href":"https:\/\/kvg-bus.de\/cebus\/wp-json\/wp\/v2\/tags?post=370"}],"curies":[{"name":"wp","href":"https:\/\/api.w.org\/{rel}","templated":true}]}}