{"id":365,"date":"2025-07-11T10:31:27","date_gmt":"2025-07-11T08:31:27","guid":{"rendered":"https:\/\/kvg-bus.de\/cebus\/2025\/07\/11\/linien-2001-und-2060-bauarbeiten-in-stade-23-07-30-07-2025\/"},"modified":"2025-07-11T10:31:27","modified_gmt":"2025-07-11T08:31:27","slug":"linien-2001-und-2060-bauarbeiten-in-stade-23-07-30-07-2025","status":"publish","type":"post","link":"https:\/\/kvg-bus.de\/cebus\/2025\/07\/11\/linien-2001-und-2060-bauarbeiten-in-stade-23-07-30-07-2025\/","title":{"rendered":"Linien 2001 und 2060 | Bauarbeiten in Stade: 23.07. \u2013 30.07.2025"},"content":{"rendered":"<p data-start=\"147\" data-end=\"291\">Vom <strong data-start=\"151\" data-end=\"185\">23. Juli bis zum 30. Juli 2025<\/strong> ist der <strong data-start=\"194\" data-end=\"245\">Stadtweg in Stade zwischen Riensf\u00f6rde und Hagen<\/strong> wegen <strong data-start=\"252\" data-end=\"281\">Stra\u00dfensanierungsarbeiten<\/strong> gesperrt.<\/p>\n<hr data-start=\"293\" data-end=\"296\" \/>\n<p data-start=\"298\" data-end=\"568\"><strong data-start=\"298\" data-end=\"315\">\ud83d\ude8d Linie 2001<\/strong><br data-start=\"315\" data-end=\"318\" \/>\u27a1\ufe0f f\u00e4hrt eine Umleitung \u00fcber <strong data-start=\"347\" data-end=\"447\">Celler Stra\u00dfe, L\u00fcneburger Stra\u00dfe, Stadtweg, Harsefelder Stra\u00dfe, Harsefelder Landstra\u00dfe und Odamm<\/strong>.<br data-start=\"448\" data-end=\"451\" \/>\ud83d\udd01 Die Runden in <strong data-start=\"468\" data-end=\"492\">Riensf\u00f6rde und Hagen<\/strong> werden jeweils <strong data-start=\"508\" data-end=\"558\">immer und in beide Richtungen im Uhrzeigersinn<\/strong> gefahren.<\/p>\n<p data-start=\"570\" data-end=\"718\">\u274c Die Haltestelle <strong data-start=\"588\" data-end=\"618\">\u201eStade, L\u00fcneburger Stra\u00dfe\u201c<\/strong> kann nicht bedient werden.<br data-start=\"645\" data-end=\"648\" \/>\u2705 Bitte nutz stattdessen die Haltestelle <strong data-start=\"689\" data-end=\"717\">\u201eStade, Soltauer Stra\u00dfe\u201c<\/strong>.<\/p>\n<hr data-start=\"720\" data-end=\"723\" \/>\n<p data-start=\"725\" data-end=\"824\"><strong data-start=\"725\" data-end=\"742\">\ud83d\ude8d Linie 2060<\/strong><br data-start=\"742\" data-end=\"745\" \/>\u27a1\ufe0f f\u00e4hrt eine Umleitung \u00fcber <strong data-start=\"774\" data-end=\"823\">Harsefelder Stra\u00dfe und Harsefelder Landstra\u00dfe<\/strong>.<\/p>\n<p data-start=\"826\" data-end=\"1078\">\u274c Die Haltestellen<br data-start=\"844\" data-end=\"847\" \/>\u2022 <strong data-start=\"849\" data-end=\"877\">\u201eStade, Soltauer Stra\u00dfe\u201c<\/strong><br data-start=\"877\" data-end=\"880\" \/>\u2022 <strong data-start=\"882\" data-end=\"912\">\u201eStade, L\u00fcneburger Stra\u00dfe\u201c<\/strong><br data-start=\"912\" data-end=\"915\" \/>\u2022 <strong data-start=\"917\" data-end=\"959\">\u201eHagen bei Stade, Hagener Hauptstra\u00dfe\u201c<\/strong><br data-start=\"959\" data-end=\"962\" \/>\u2022 <strong data-start=\"964\" data-end=\"999\">\u201eHagen bei Stade, Eichenstra\u00dfe\u201c<\/strong><br data-start=\"999\" data-end=\"1002\" \/>\u2022 <strong data-start=\"1004\" data-end=\"1032\">\u201eHagen bei Stade, Odamm\u201c<\/strong><br data-start=\"1032\" data-end=\"1035\" \/>k\u00f6nnen in dieser Zeit nicht bedient werden.<\/p>\n<p data-start=\"1080\" data-end=\"1247\">\u2705 Stattdessen werden die Haltestellen<br data-start=\"1117\" data-end=\"1120\" \/>\u2022 <strong data-start=\"1122\" data-end=\"1160\">\u201eStade, Bildungscampus Riensf\u00f6rde\u201c<\/strong><br data-start=\"1160\" data-end=\"1163\" \/>\u2022 <strong data-start=\"1165\" data-end=\"1199\">\u201eHagen bei Stade, Schanzenhof\u201c<\/strong><br data-start=\"1199\" data-end=\"1202\" \/>\u2022 <strong data-start=\"1204\" data-end=\"1236\">\u201eHagen bei Stade, Steinbeck\u201c<\/strong><br data-start=\"1236\" data-end=\"1239\" \/>bedient.<\/p>\n","protected":false},"excerpt":{"rendered":"<p>Vom 23. Juli bis zum 30. Juli 2025 ist der Stadtweg in Stade zwischen Riensf\u00f6rde und Hagen wegen Stra\u00dfensanierungsarbeiten gesperrt. \ud83d\ude8d Linie 2001\u27a1\ufe0f f\u00e4hrt eine Umleitung \u00fcber Celler Stra\u00dfe, L\u00fcneburger Stra\u00dfe, Stadtweg, Harsefelder Stra\u00dfe, Harsefelder Landstra\u00dfe und Odamm.\ud83d\udd01 Die Runden in Riensf\u00f6rde und Hagen werden jeweils immer und in beide Richtungen im Uhrzeigersinn gefahren. \u274c Die Haltestelle \u201eStade, L\u00fcneburger Stra\u00dfe\u201c kann nicht bedient werden.\u2705 Bitte nutz stattdessen die Haltestelle \u201eStade, Soltauer Stra\u00dfe\u201c. \ud83d\ude8d Linie 2060\u27a1\ufe0f f\u00e4hrt eine Umleitung \u00fcber Harsefelder Stra\u00dfe und Harsefelder Landstra\u00dfe. \u274c Die Haltestellen\u2022 \u201eStade, Soltauer Stra\u00dfe\u201c\u2022 \u201eStade, L\u00fcneburger Stra\u00dfe\u201c\u2022 \u201eHagen bei Stade, Hagener Hauptstra\u00dfe\u201c\u2022 \u201eHagen bei Stade, Eichenstra\u00dfe\u201c\u2022 \u201eHagen bei Stade, Odamm\u201ck\u00f6nnen in dieser Zeit nicht bedient werden. \u2705 Stattdessen werden die Haltestellen\u2022 \u201eStade, Bildungscampus Riensf\u00f6rde\u201c\u2022 \u201eHagen bei Stade, Schanzenhof\u201c\u2022 \u201eHagen bei Stade, Steinbeck\u201cbedient.<\/p>\n","protected":false},"author":10,"featured_media":2753,"comment_status":"open","ping_status":"open","sticky":false,"template":"","format":"standard","meta":{"footnotes":""},"categories":[16,53],"tags":[],"class_list":["post-365","post","type-post","status-publish","format-standard","has-post-thumbnail","hentry","category-fahrplanabweichungen","category-stade"],"yoast_head":"<!-- This site is optimized with the Yoast SEO plugin v27.4 - https:\/\/yoast.com\/product\/yoast-seo-wordpress\/ -->\n<title>Linien 2001 und 2060 | Bauarbeiten in Stade: 23.07. \u2013 30.07.2025 - cebus<\/title>\n<meta name=\"robots\" content=\"index, follow, max-snippet:-1, max-image-preview:large, max-video-preview:-1\" \/>\n<link rel=\"canonical\" href=\"https:\/\/kvg-bus.de\/cebus\/2025\/07\/11\/linien-2001-und-2060-bauarbeiten-in-stade-23-07-30-07-2025\/\" \/>\n<meta property=\"og:locale\" content=\"de_DE\" \/>\n<meta property=\"og:type\" content=\"article\" \/>\n<meta property=\"og:title\" content=\"Linien 2001 und 2060 | Bauarbeiten in Stade: 23.07. \u2013 30.07.2025 - cebus\" \/>\n<meta property=\"og:description\" content=\"Vom 23. Juli bis zum 30. Juli 2025 ist der Stadtweg in Stade zwischen Riensf\u00f6rde und Hagen wegen Stra\u00dfensanierungsarbeiten gesperrt. \ud83d\ude8d Linie 2001\u27a1\ufe0f f\u00e4hrt eine Umleitung \u00fcber Celler Stra\u00dfe, L\u00fcneburger Stra\u00dfe, Stadtweg, Harsefelder Stra\u00dfe, Harsefelder Landstra\u00dfe und Odamm.\ud83d\udd01 Die Runden in Riensf\u00f6rde und Hagen werden jeweils immer und in beide Richtungen im Uhrzeigersinn gefahren. \u274c Die Haltestelle \u201eStade, L\u00fcneburger Stra\u00dfe\u201c kann nicht bedient werden.\u2705 Bitte nutz stattdessen die Haltestelle \u201eStade, Soltauer Stra\u00dfe\u201c. \ud83d\ude8d Linie 2060\u27a1\ufe0f f\u00e4hrt eine Umleitung \u00fcber Harsefelder Stra\u00dfe und Harsefelder Landstra\u00dfe. \u274c Die Haltestellen\u2022 \u201eStade, Soltauer Stra\u00dfe\u201c\u2022 \u201eStade, L\u00fcneburger Stra\u00dfe\u201c\u2022 \u201eHagen bei Stade, Hagener Hauptstra\u00dfe\u201c\u2022 \u201eHagen bei Stade, Eichenstra\u00dfe\u201c\u2022 \u201eHagen bei Stade, Odamm\u201ck\u00f6nnen in dieser Zeit nicht bedient werden. \u2705 Stattdessen werden die Haltestellen\u2022 \u201eStade, Bildungscampus Riensf\u00f6rde\u201c\u2022 \u201eHagen bei Stade, Schanzenhof\u201c\u2022 \u201eHagen bei Stade, Steinbeck\u201cbedient.\" \/>\n<meta property=\"og:url\" content=\"https:\/\/kvg-bus.de\/cebus\/2025\/07\/11\/linien-2001-und-2060-bauarbeiten-in-stade-23-07-30-07-2025\/\" \/>\n<meta property=\"og:site_name\" content=\"cebus\" \/>\n<meta property=\"article:published_time\" content=\"2025-07-11T08:31:27+00:00\" \/>\n<meta name=\"author\" content=\"mzimmermann\" \/>\n<meta name=\"twitter:card\" content=\"summary_large_image\" \/>\n<meta name=\"twitter:label1\" content=\"Verfasst von\" \/>\n\t<meta name=\"twitter:data1\" content=\"mzimmermann\" \/>\n\t<meta name=\"twitter:label2\" content=\"Gesch\u00e4tzte Lesezeit\" \/>\n\t<meta name=\"twitter:data2\" content=\"1\u00a0Minute\" \/>\n<script type=\"application\/ld+json\" class=\"yoast-schema-graph\">{\"@context\":\"https:\\\/\\\/schema.org\",\"@graph\":[{\"@type\":\"Article\",\"@id\":\"https:\\\/\\\/kvg-bus.de\\\/cebus\\\/2025\\\/07\\\/11\\\/linien-2001-und-2060-bauarbeiten-in-stade-23-07-30-07-2025\\\/#article\",\"isPartOf\":{\"@id\":\"https:\\\/\\\/kvg-bus.de\\\/cebus\\\/2025\\\/07\\\/11\\\/linien-2001-und-2060-bauarbeiten-in-stade-23-07-30-07-2025\\\/\"},\"author\":{\"name\":\"mzimmermann\",\"@id\":\"https:\\\/\\\/kvg-bus.de\\\/cebus\\\/#\\\/schema\\\/person\\\/5a5abfab092f868ec7cbe0f59e95749b\"},\"headline\":\"Linien 2001 und 2060 | Bauarbeiten in Stade: 23.07. \u2013 30.07.2025\",\"datePublished\":\"2025-07-11T08:31:27+00:00\",\"mainEntityOfPage\":{\"@id\":\"https:\\\/\\\/kvg-bus.de\\\/cebus\\\/2025\\\/07\\\/11\\\/linien-2001-und-2060-bauarbeiten-in-stade-23-07-30-07-2025\\\/\"},\"wordCount\":147,\"commentCount\":0,\"image\":{\"@id\":\"https:\\\/\\\/kvg-bus.de\\\/cebus\\\/2025\\\/07\\\/11\\\/linien-2001-und-2060-bauarbeiten-in-stade-23-07-30-07-2025\\\/#primaryimage\"},\"thumbnailUrl\":\"\",\"articleSection\":[\"Fahrplanabweichungen\",\"Stade\"],\"inLanguage\":\"de\",\"potentialAction\":[{\"@type\":\"CommentAction\",\"name\":\"Comment\",\"target\":[\"https:\\\/\\\/kvg-bus.de\\\/cebus\\\/2025\\\/07\\\/11\\\/linien-2001-und-2060-bauarbeiten-in-stade-23-07-30-07-2025\\\/#respond\"]}]},{\"@type\":\"WebPage\",\"@id\":\"https:\\\/\\\/kvg-bus.de\\\/cebus\\\/2025\\\/07\\\/11\\\/linien-2001-und-2060-bauarbeiten-in-stade-23-07-30-07-2025\\\/\",\"url\":\"https:\\\/\\\/kvg-bus.de\\\/cebus\\\/2025\\\/07\\\/11\\\/linien-2001-und-2060-bauarbeiten-in-stade-23-07-30-07-2025\\\/\",\"name\":\"Linien 2001 und 2060 | Bauarbeiten in Stade: 23.07. \u2013 30.07.2025 - cebus\",\"isPartOf\":{\"@id\":\"https:\\\/\\\/kvg-bus.de\\\/cebus\\\/#website\"},\"primaryImageOfPage\":{\"@id\":\"https:\\\/\\\/kvg-bus.de\\\/cebus\\\/2025\\\/07\\\/11\\\/linien-2001-und-2060-bauarbeiten-in-stade-23-07-30-07-2025\\\/#primaryimage\"},\"image\":{\"@id\":\"https:\\\/\\\/kvg-bus.de\\\/cebus\\\/2025\\\/07\\\/11\\\/linien-2001-und-2060-bauarbeiten-in-stade-23-07-30-07-2025\\\/#primaryimage\"},\"thumbnailUrl\":\"\",\"datePublished\":\"2025-07-11T08:31:27+00:00\",\"author\":{\"@id\":\"https:\\\/\\\/kvg-bus.de\\\/cebus\\\/#\\\/schema\\\/person\\\/5a5abfab092f868ec7cbe0f59e95749b\"},\"breadcrumb\":{\"@id\":\"https:\\\/\\\/kvg-bus.de\\\/cebus\\\/2025\\\/07\\\/11\\\/linien-2001-und-2060-bauarbeiten-in-stade-23-07-30-07-2025\\\/#breadcrumb\"},\"inLanguage\":\"de\",\"potentialAction\":[{\"@type\":\"ReadAction\",\"target\":[\"https:\\\/\\\/kvg-bus.de\\\/cebus\\\/2025\\\/07\\\/11\\\/linien-2001-und-2060-bauarbeiten-in-stade-23-07-30-07-2025\\\/\"]}]},{\"@type\":\"ImageObject\",\"inLanguage\":\"de\",\"@id\":\"https:\\\/\\\/kvg-bus.de\\\/cebus\\\/2025\\\/07\\\/11\\\/linien-2001-und-2060-bauarbeiten-in-stade-23-07-30-07-2025\\\/#primaryimage\",\"url\":\"\",\"contentUrl\":\"\"},{\"@type\":\"BreadcrumbList\",\"@id\":\"https:\\\/\\\/kvg-bus.de\\\/cebus\\\/2025\\\/07\\\/11\\\/linien-2001-und-2060-bauarbeiten-in-stade-23-07-30-07-2025\\\/#breadcrumb\",\"itemListElement\":[{\"@type\":\"ListItem\",\"position\":1,\"name\":\"Startseite\",\"item\":\"https:\\\/\\\/kvg-bus.de\\\/cebus\\\/\"},{\"@type\":\"ListItem\",\"position\":2,\"name\":\"Linien 2001 und 2060 | Bauarbeiten in Stade: 23.07. \u2013 30.07.2025\"}]},{\"@type\":\"WebSite\",\"@id\":\"https:\\\/\\\/kvg-bus.de\\\/cebus\\\/#website\",\"url\":\"https:\\\/\\\/kvg-bus.de\\\/cebus\\\/\",\"name\":\"cebus\",\"description\":\"\",\"potentialAction\":[{\"@type\":\"SearchAction\",\"target\":{\"@type\":\"EntryPoint\",\"urlTemplate\":\"https:\\\/\\\/kvg-bus.de\\\/cebus\\\/?s={search_term_string}\"},\"query-input\":{\"@type\":\"PropertyValueSpecification\",\"valueRequired\":true,\"valueName\":\"search_term_string\"}}],\"inLanguage\":\"de\"},{\"@type\":\"Person\",\"@id\":\"https:\\\/\\\/kvg-bus.de\\\/cebus\\\/#\\\/schema\\\/person\\\/5a5abfab092f868ec7cbe0f59e95749b\",\"name\":\"mzimmermann\",\"image\":{\"@type\":\"ImageObject\",\"inLanguage\":\"de\",\"@id\":\"https:\\\/\\\/secure.gravatar.com\\\/avatar\\\/0f69d8b83e3b3e54f0b766684bb3fd6649f0081ecdbff759ed4b19e5df68d1e4?s=96&d=mm&r=g\",\"url\":\"https:\\\/\\\/secure.gravatar.com\\\/avatar\\\/0f69d8b83e3b3e54f0b766684bb3fd6649f0081ecdbff759ed4b19e5df68d1e4?s=96&d=mm&r=g\",\"contentUrl\":\"https:\\\/\\\/secure.gravatar.com\\\/avatar\\\/0f69d8b83e3b3e54f0b766684bb3fd6649f0081ecdbff759ed4b19e5df68d1e4?s=96&d=mm&r=g\",\"caption\":\"mzimmermann\"},\"url\":\"https:\\\/\\\/kvg-bus.de\\\/cebus\\\/author\\\/mzimmermann\\\/\"}]}<\/script>\n<!-- \/ Yoast SEO plugin. -->","yoast_head_json":{"title":"Linien 2001 und 2060 | Bauarbeiten in Stade: 23.07. \u2013 30.07.2025 - cebus","robots":{"index":"index","follow":"follow","max-snippet":"max-snippet:-1","max-image-preview":"max-image-preview:large","max-video-preview":"max-video-preview:-1"},"canonical":"https:\/\/kvg-bus.de\/cebus\/2025\/07\/11\/linien-2001-und-2060-bauarbeiten-in-stade-23-07-30-07-2025\/","og_locale":"de_DE","og_type":"article","og_title":"Linien 2001 und 2060 | Bauarbeiten in Stade: 23.07. \u2013 30.07.2025 - cebus","og_description":"Vom 23. Juli bis zum 30. Juli 2025 ist der Stadtweg in Stade zwischen Riensf\u00f6rde und Hagen wegen Stra\u00dfensanierungsarbeiten gesperrt. \ud83d\ude8d Linie 2001\u27a1\ufe0f f\u00e4hrt eine Umleitung \u00fcber Celler Stra\u00dfe, L\u00fcneburger Stra\u00dfe, Stadtweg, Harsefelder Stra\u00dfe, Harsefelder Landstra\u00dfe und Odamm.\ud83d\udd01 Die Runden in Riensf\u00f6rde und Hagen werden jeweils immer und in beide Richtungen im Uhrzeigersinn gefahren. \u274c Die Haltestelle \u201eStade, L\u00fcneburger Stra\u00dfe\u201c kann nicht bedient werden.\u2705 Bitte nutz stattdessen die Haltestelle \u201eStade, Soltauer Stra\u00dfe\u201c. \ud83d\ude8d Linie 2060\u27a1\ufe0f f\u00e4hrt eine Umleitung \u00fcber Harsefelder Stra\u00dfe und Harsefelder Landstra\u00dfe. \u274c Die Haltestellen\u2022 \u201eStade, Soltauer Stra\u00dfe\u201c\u2022 \u201eStade, L\u00fcneburger Stra\u00dfe\u201c\u2022 \u201eHagen bei Stade, Hagener Hauptstra\u00dfe\u201c\u2022 \u201eHagen bei Stade, Eichenstra\u00dfe\u201c\u2022 \u201eHagen bei Stade, Odamm\u201ck\u00f6nnen in dieser Zeit nicht bedient werden. \u2705 Stattdessen werden die Haltestellen\u2022 \u201eStade, Bildungscampus Riensf\u00f6rde\u201c\u2022 \u201eHagen bei Stade, Schanzenhof\u201c\u2022 \u201eHagen bei Stade, Steinbeck\u201cbedient.","og_url":"https:\/\/kvg-bus.de\/cebus\/2025\/07\/11\/linien-2001-und-2060-bauarbeiten-in-stade-23-07-30-07-2025\/","og_site_name":"cebus","article_published_time":"2025-07-11T08:31:27+00:00","author":"mzimmermann","twitter_card":"summary_large_image","twitter_misc":{"Verfasst von":"mzimmermann","Gesch\u00e4tzte Lesezeit":"1\u00a0Minute"},"schema":{"@context":"https:\/\/schema.org","@graph":[{"@type":"Article","@id":"https:\/\/kvg-bus.de\/cebus\/2025\/07\/11\/linien-2001-und-2060-bauarbeiten-in-stade-23-07-30-07-2025\/#article","isPartOf":{"@id":"https:\/\/kvg-bus.de\/cebus\/2025\/07\/11\/linien-2001-und-2060-bauarbeiten-in-stade-23-07-30-07-2025\/"},"author":{"name":"mzimmermann","@id":"https:\/\/kvg-bus.de\/cebus\/#\/schema\/person\/5a5abfab092f868ec7cbe0f59e95749b"},"headline":"Linien 2001 und 2060 | Bauarbeiten in Stade: 23.07. \u2013 30.07.2025","datePublished":"2025-07-11T08:31:27+00:00","mainEntityOfPage":{"@id":"https:\/\/kvg-bus.de\/cebus\/2025\/07\/11\/linien-2001-und-2060-bauarbeiten-in-stade-23-07-30-07-2025\/"},"wordCount":147,"commentCount":0,"image":{"@id":"https:\/\/kvg-bus.de\/cebus\/2025\/07\/11\/linien-2001-und-2060-bauarbeiten-in-stade-23-07-30-07-2025\/#primaryimage"},"thumbnailUrl":"","articleSection":["Fahrplanabweichungen","Stade"],"inLanguage":"de","potentialAction":[{"@type":"CommentAction","name":"Comment","target":["https:\/\/kvg-bus.de\/cebus\/2025\/07\/11\/linien-2001-und-2060-bauarbeiten-in-stade-23-07-30-07-2025\/#respond"]}]},{"@type":"WebPage","@id":"https:\/\/kvg-bus.de\/cebus\/2025\/07\/11\/linien-2001-und-2060-bauarbeiten-in-stade-23-07-30-07-2025\/","url":"https:\/\/kvg-bus.de\/cebus\/2025\/07\/11\/linien-2001-und-2060-bauarbeiten-in-stade-23-07-30-07-2025\/","name":"Linien 2001 und 2060 | Bauarbeiten in Stade: 23.07. \u2013 30.07.2025 - cebus","isPartOf":{"@id":"https:\/\/kvg-bus.de\/cebus\/#website"},"primaryImageOfPage":{"@id":"https:\/\/kvg-bus.de\/cebus\/2025\/07\/11\/linien-2001-und-2060-bauarbeiten-in-stade-23-07-30-07-2025\/#primaryimage"},"image":{"@id":"https:\/\/kvg-bus.de\/cebus\/2025\/07\/11\/linien-2001-und-2060-bauarbeiten-in-stade-23-07-30-07-2025\/#primaryimage"},"thumbnailUrl":"","datePublished":"2025-07-11T08:31:27+00:00","author":{"@id":"https:\/\/kvg-bus.de\/cebus\/#\/schema\/person\/5a5abfab092f868ec7cbe0f59e95749b"},"breadcrumb":{"@id":"https:\/\/kvg-bus.de\/cebus\/2025\/07\/11\/linien-2001-und-2060-bauarbeiten-in-stade-23-07-30-07-2025\/#breadcrumb"},"inLanguage":"de","potentialAction":[{"@type":"ReadAction","target":["https:\/\/kvg-bus.de\/cebus\/2025\/07\/11\/linien-2001-und-2060-bauarbeiten-in-stade-23-07-30-07-2025\/"]}]},{"@type":"ImageObject","inLanguage":"de","@id":"https:\/\/kvg-bus.de\/cebus\/2025\/07\/11\/linien-2001-und-2060-bauarbeiten-in-stade-23-07-30-07-2025\/#primaryimage","url":"","contentUrl":""},{"@type":"BreadcrumbList","@id":"https:\/\/kvg-bus.de\/cebus\/2025\/07\/11\/linien-2001-und-2060-bauarbeiten-in-stade-23-07-30-07-2025\/#breadcrumb","itemListElement":[{"@type":"ListItem","position":1,"name":"Startseite","item":"https:\/\/kvg-bus.de\/cebus\/"},{"@type":"ListItem","position":2,"name":"Linien 2001 und 2060 | Bauarbeiten in Stade: 23.07. \u2013 30.07.2025"}]},{"@type":"WebSite","@id":"https:\/\/kvg-bus.de\/cebus\/#website","url":"https:\/\/kvg-bus.de\/cebus\/","name":"cebus","description":"","potentialAction":[{"@type":"SearchAction","target":{"@type":"EntryPoint","urlTemplate":"https:\/\/kvg-bus.de\/cebus\/?s={search_term_string}"},"query-input":{"@type":"PropertyValueSpecification","valueRequired":true,"valueName":"search_term_string"}}],"inLanguage":"de"},{"@type":"Person","@id":"https:\/\/kvg-bus.de\/cebus\/#\/schema\/person\/5a5abfab092f868ec7cbe0f59e95749b","name":"mzimmermann","image":{"@type":"ImageObject","inLanguage":"de","@id":"https:\/\/secure.gravatar.com\/avatar\/0f69d8b83e3b3e54f0b766684bb3fd6649f0081ecdbff759ed4b19e5df68d1e4?s=96&d=mm&r=g","url":"https:\/\/secure.gravatar.com\/avatar\/0f69d8b83e3b3e54f0b766684bb3fd6649f0081ecdbff759ed4b19e5df68d1e4?s=96&d=mm&r=g","contentUrl":"https:\/\/secure.gravatar.com\/avatar\/0f69d8b83e3b3e54f0b766684bb3fd6649f0081ecdbff759ed4b19e5df68d1e4?s=96&d=mm&r=g","caption":"mzimmermann"},"url":"https:\/\/kvg-bus.de\/cebus\/author\/mzimmermann\/"}]}},"_links":{"self":[{"href":"https:\/\/kvg-bus.de\/cebus\/wp-json\/wp\/v2\/posts\/365","targetHints":{"allow":["GET"]}}],"collection":[{"href":"https:\/\/kvg-bus.de\/cebus\/wp-json\/wp\/v2\/posts"}],"about":[{"href":"https:\/\/kvg-bus.de\/cebus\/wp-json\/wp\/v2\/types\/post"}],"author":[{"embeddable":true,"href":"https:\/\/kvg-bus.de\/cebus\/wp-json\/wp\/v2\/users\/10"}],"replies":[{"embeddable":true,"href":"https:\/\/kvg-bus.de\/cebus\/wp-json\/wp\/v2\/comments?post=365"}],"version-history":[{"count":0,"href":"https:\/\/kvg-bus.de\/cebus\/wp-json\/wp\/v2\/posts\/365\/revisions"}],"wp:featuredmedia":[{"embeddable":true,"href":"https:\/\/kvg-bus.de\/cebus\/wp-json\/"}],"wp:attachment":[{"href":"https:\/\/kvg-bus.de\/cebus\/wp-json\/wp\/v2\/media?parent=365"}],"wp:term":[{"taxonomy":"category","embeddable":true,"href":"https:\/\/kvg-bus.de\/cebus\/wp-json\/wp\/v2\/categories?post=365"},{"taxonomy":"post_tag","embeddable":true,"href":"https:\/\/kvg-bus.de\/cebus\/wp-json\/wp\/v2\/tags?post=365"}],"curies":[{"name":"wp","href":"https:\/\/api.w.org\/{rel}","templated":true}]}}