{"id":360,"date":"2025-07-10T16:07:21","date_gmt":"2025-07-10T14:07:21","guid":{"rendered":"https:\/\/kvg-bus.de\/cebus\/2025\/07\/10\/linien-1824-2007-2021-2025-und-2721-bauarbeiten-in-stade-15-07-17-07-2025-3\/"},"modified":"2025-07-10T16:08:29","modified_gmt":"2025-07-10T14:08:29","slug":"linien-1824-2007-2021-2025-und-2721-bauarbeiten-in-stade-15-07-17-07-2025-3","status":"publish","type":"post","link":"https:\/\/kvg-bus.de\/cebus\/2025\/07\/10\/linien-1824-2007-2021-2025-und-2721-bauarbeiten-in-stade-15-07-17-07-2025-3\/","title":{"rendered":"Linie 2104 | Bauarbeiten in Buxtehude: 18.07. \u2013 20.07.2025"},"content":{"rendered":"<p data-start=\"125\" data-end=\"344\">Vom <strong data-start=\"129\" data-end=\"163\">18. Juli bis zum 20. Juli 2025<\/strong> ist der <strong data-start=\"172\" data-end=\"201\">Alte Postweg in Buxtehude<\/strong> wegen der <strong data-start=\"212\" data-end=\"258\">Sanierung der Glasfaserstrecke Nano-Trench<\/strong> <strong data-start=\"259\" data-end=\"282\">halbseitig gesperrt<\/strong> und als <strong data-start=\"291\" data-end=\"330\">Einbahnstra\u00dfe in Richtung Ovelg\u00f6nne<\/strong> eingerichtet.<\/p>\n<p data-start=\"346\" data-end=\"524\">Die <strong data-start=\"350\" data-end=\"364\">Linie 2104<\/strong> f\u00e4hrt in Richtung <strong data-start=\"383\" data-end=\"404\">Bahnhof Buxtehude<\/strong> eine Umleitung \u00fcber die <strong data-start=\"429\" data-end=\"523\">Felix-Wankel-Stra\u00dfe, Ostmoorweg, Harburger Stra\u00dfe, Konrad-Adenauer-Allee und Stader Stra\u00dfe<\/strong>.<\/p>\n<p data-start=\"526\" data-end=\"746\">\u27a1\ufe0f Die Haltestellen <strong data-start=\"546\" data-end=\"581\">\u201eBuxtehude, L\u00fcneburger Schanze\u201c<\/strong> und <strong data-start=\"586\" data-end=\"624\">\u201eBuxtehude, Schanzenstra\u00dfe (Nord)\u201c<\/strong> k\u00f6nnen in dieser Zeit in Richtung Bahnhof nicht bedient werden.<br data-start=\"668\" data-end=\"671\" \/>Bitte nutz stattdessen die Haltestelle <strong data-start=\"710\" data-end=\"745\">\u201eBuxtehude, An den Geestbergen\u201c<\/strong>.<\/p>\n","protected":false},"excerpt":{"rendered":"<p>Vom 18. Juli bis zum 20. Juli 2025 ist der Alte Postweg in Buxtehude wegen der Sanierung der Glasfaserstrecke Nano-Trench halbseitig gesperrt und als Einbahnstra\u00dfe in Richtung Ovelg\u00f6nne eingerichtet. Die Linie 2104 f\u00e4hrt in Richtung Bahnhof Buxtehude eine Umleitung \u00fcber die Felix-Wankel-Stra\u00dfe, Ostmoorweg, Harburger Stra\u00dfe, Konrad-Adenauer-Allee und Stader Stra\u00dfe. \u27a1\ufe0f Die Haltestellen \u201eBuxtehude, L\u00fcneburger Schanze\u201c und \u201eBuxtehude, Schanzenstra\u00dfe (Nord)\u201c k\u00f6nnen in dieser Zeit in Richtung Bahnhof nicht bedient werden.Bitte nutz stattdessen die Haltestelle \u201eBuxtehude, An den Geestbergen\u201c.<\/p>\n","protected":false},"author":10,"featured_media":2753,"comment_status":"open","ping_status":"open","sticky":false,"template":"","format":"standard","meta":{"footnotes":""},"categories":[16,53],"tags":[],"class_list":["post-360","post","type-post","status-publish","format-standard","has-post-thumbnail","hentry","category-fahrplanabweichungen","category-stade"],"yoast_head":"<!-- This site is optimized with the Yoast SEO plugin v27.4 - https:\/\/yoast.com\/product\/yoast-seo-wordpress\/ -->\n<title>Linie 2104 | Bauarbeiten in Buxtehude: 18.07. \u2013 20.07.2025 - cebus<\/title>\n<meta name=\"robots\" content=\"index, follow, max-snippet:-1, max-image-preview:large, max-video-preview:-1\" \/>\n<link rel=\"canonical\" href=\"https:\/\/kvg-bus.de\/cebus\/2025\/07\/10\/linien-1824-2007-2021-2025-und-2721-bauarbeiten-in-stade-15-07-17-07-2025-3\/\" \/>\n<meta property=\"og:locale\" content=\"de_DE\" \/>\n<meta property=\"og:type\" content=\"article\" \/>\n<meta property=\"og:title\" content=\"Linie 2104 | Bauarbeiten in Buxtehude: 18.07. \u2013 20.07.2025 - cebus\" \/>\n<meta property=\"og:description\" content=\"Vom 18. Juli bis zum 20. Juli 2025 ist der Alte Postweg in Buxtehude wegen der Sanierung der Glasfaserstrecke Nano-Trench halbseitig gesperrt und als Einbahnstra\u00dfe in Richtung Ovelg\u00f6nne eingerichtet. Die Linie 2104 f\u00e4hrt in Richtung Bahnhof Buxtehude eine Umleitung \u00fcber die Felix-Wankel-Stra\u00dfe, Ostmoorweg, Harburger Stra\u00dfe, Konrad-Adenauer-Allee und Stader Stra\u00dfe. \u27a1\ufe0f Die Haltestellen \u201eBuxtehude, L\u00fcneburger Schanze\u201c und \u201eBuxtehude, Schanzenstra\u00dfe (Nord)\u201c k\u00f6nnen in dieser Zeit in Richtung Bahnhof nicht bedient werden.Bitte nutz stattdessen die Haltestelle \u201eBuxtehude, An den Geestbergen\u201c.\" \/>\n<meta property=\"og:url\" content=\"https:\/\/kvg-bus.de\/cebus\/2025\/07\/10\/linien-1824-2007-2021-2025-und-2721-bauarbeiten-in-stade-15-07-17-07-2025-3\/\" \/>\n<meta property=\"og:site_name\" content=\"cebus\" \/>\n<meta property=\"article:published_time\" content=\"2025-07-10T14:07:21+00:00\" \/>\n<meta property=\"article:modified_time\" content=\"2025-07-10T14:08:29+00:00\" \/>\n<meta name=\"author\" content=\"mzimmermann\" \/>\n<meta name=\"twitter:card\" content=\"summary_large_image\" \/>\n<meta name=\"twitter:label1\" content=\"Verfasst von\" \/>\n\t<meta name=\"twitter:data1\" content=\"mzimmermann\" \/>\n<script type=\"application\/ld+json\" class=\"yoast-schema-graph\">{\"@context\":\"https:\\\/\\\/schema.org\",\"@graph\":[{\"@type\":\"Article\",\"@id\":\"https:\\\/\\\/kvg-bus.de\\\/cebus\\\/2025\\\/07\\\/10\\\/linien-1824-2007-2021-2025-und-2721-bauarbeiten-in-stade-15-07-17-07-2025-3\\\/#article\",\"isPartOf\":{\"@id\":\"https:\\\/\\\/kvg-bus.de\\\/cebus\\\/2025\\\/07\\\/10\\\/linien-1824-2007-2021-2025-und-2721-bauarbeiten-in-stade-15-07-17-07-2025-3\\\/\"},\"author\":{\"name\":\"mzimmermann\",\"@id\":\"https:\\\/\\\/kvg-bus.de\\\/cebus\\\/#\\\/schema\\\/person\\\/5a5abfab092f868ec7cbe0f59e95749b\"},\"headline\":\"Linie 2104 | Bauarbeiten in Buxtehude: 18.07. \u2013 20.07.2025\",\"datePublished\":\"2025-07-10T14:07:21+00:00\",\"dateModified\":\"2025-07-10T14:08:29+00:00\",\"mainEntityOfPage\":{\"@id\":\"https:\\\/\\\/kvg-bus.de\\\/cebus\\\/2025\\\/07\\\/10\\\/linien-1824-2007-2021-2025-und-2721-bauarbeiten-in-stade-15-07-17-07-2025-3\\\/\"},\"wordCount\":86,\"commentCount\":0,\"image\":{\"@id\":\"https:\\\/\\\/kvg-bus.de\\\/cebus\\\/2025\\\/07\\\/10\\\/linien-1824-2007-2021-2025-und-2721-bauarbeiten-in-stade-15-07-17-07-2025-3\\\/#primaryimage\"},\"thumbnailUrl\":\"\",\"articleSection\":[\"Fahrplanabweichungen\",\"Stade\"],\"inLanguage\":\"de\",\"potentialAction\":[{\"@type\":\"CommentAction\",\"name\":\"Comment\",\"target\":[\"https:\\\/\\\/kvg-bus.de\\\/cebus\\\/2025\\\/07\\\/10\\\/linien-1824-2007-2021-2025-und-2721-bauarbeiten-in-stade-15-07-17-07-2025-3\\\/#respond\"]}]},{\"@type\":\"WebPage\",\"@id\":\"https:\\\/\\\/kvg-bus.de\\\/cebus\\\/2025\\\/07\\\/10\\\/linien-1824-2007-2021-2025-und-2721-bauarbeiten-in-stade-15-07-17-07-2025-3\\\/\",\"url\":\"https:\\\/\\\/kvg-bus.de\\\/cebus\\\/2025\\\/07\\\/10\\\/linien-1824-2007-2021-2025-und-2721-bauarbeiten-in-stade-15-07-17-07-2025-3\\\/\",\"name\":\"Linie 2104 | Bauarbeiten in Buxtehude: 18.07. \u2013 20.07.2025 - cebus\",\"isPartOf\":{\"@id\":\"https:\\\/\\\/kvg-bus.de\\\/cebus\\\/#website\"},\"primaryImageOfPage\":{\"@id\":\"https:\\\/\\\/kvg-bus.de\\\/cebus\\\/2025\\\/07\\\/10\\\/linien-1824-2007-2021-2025-und-2721-bauarbeiten-in-stade-15-07-17-07-2025-3\\\/#primaryimage\"},\"image\":{\"@id\":\"https:\\\/\\\/kvg-bus.de\\\/cebus\\\/2025\\\/07\\\/10\\\/linien-1824-2007-2021-2025-und-2721-bauarbeiten-in-stade-15-07-17-07-2025-3\\\/#primaryimage\"},\"thumbnailUrl\":\"\",\"datePublished\":\"2025-07-10T14:07:21+00:00\",\"dateModified\":\"2025-07-10T14:08:29+00:00\",\"author\":{\"@id\":\"https:\\\/\\\/kvg-bus.de\\\/cebus\\\/#\\\/schema\\\/person\\\/5a5abfab092f868ec7cbe0f59e95749b\"},\"breadcrumb\":{\"@id\":\"https:\\\/\\\/kvg-bus.de\\\/cebus\\\/2025\\\/07\\\/10\\\/linien-1824-2007-2021-2025-und-2721-bauarbeiten-in-stade-15-07-17-07-2025-3\\\/#breadcrumb\"},\"inLanguage\":\"de\",\"potentialAction\":[{\"@type\":\"ReadAction\",\"target\":[\"https:\\\/\\\/kvg-bus.de\\\/cebus\\\/2025\\\/07\\\/10\\\/linien-1824-2007-2021-2025-und-2721-bauarbeiten-in-stade-15-07-17-07-2025-3\\\/\"]}]},{\"@type\":\"ImageObject\",\"inLanguage\":\"de\",\"@id\":\"https:\\\/\\\/kvg-bus.de\\\/cebus\\\/2025\\\/07\\\/10\\\/linien-1824-2007-2021-2025-und-2721-bauarbeiten-in-stade-15-07-17-07-2025-3\\\/#primaryimage\",\"url\":\"\",\"contentUrl\":\"\"},{\"@type\":\"BreadcrumbList\",\"@id\":\"https:\\\/\\\/kvg-bus.de\\\/cebus\\\/2025\\\/07\\\/10\\\/linien-1824-2007-2021-2025-und-2721-bauarbeiten-in-stade-15-07-17-07-2025-3\\\/#breadcrumb\",\"itemListElement\":[{\"@type\":\"ListItem\",\"position\":1,\"name\":\"Startseite\",\"item\":\"https:\\\/\\\/kvg-bus.de\\\/cebus\\\/\"},{\"@type\":\"ListItem\",\"position\":2,\"name\":\"Linie 2104 | Bauarbeiten in Buxtehude: 18.07. \u2013 20.07.2025\"}]},{\"@type\":\"WebSite\",\"@id\":\"https:\\\/\\\/kvg-bus.de\\\/cebus\\\/#website\",\"url\":\"https:\\\/\\\/kvg-bus.de\\\/cebus\\\/\",\"name\":\"cebus\",\"description\":\"\",\"potentialAction\":[{\"@type\":\"SearchAction\",\"target\":{\"@type\":\"EntryPoint\",\"urlTemplate\":\"https:\\\/\\\/kvg-bus.de\\\/cebus\\\/?s={search_term_string}\"},\"query-input\":{\"@type\":\"PropertyValueSpecification\",\"valueRequired\":true,\"valueName\":\"search_term_string\"}}],\"inLanguage\":\"de\"},{\"@type\":\"Person\",\"@id\":\"https:\\\/\\\/kvg-bus.de\\\/cebus\\\/#\\\/schema\\\/person\\\/5a5abfab092f868ec7cbe0f59e95749b\",\"name\":\"mzimmermann\",\"image\":{\"@type\":\"ImageObject\",\"inLanguage\":\"de\",\"@id\":\"https:\\\/\\\/secure.gravatar.com\\\/avatar\\\/0f69d8b83e3b3e54f0b766684bb3fd6649f0081ecdbff759ed4b19e5df68d1e4?s=96&d=mm&r=g\",\"url\":\"https:\\\/\\\/secure.gravatar.com\\\/avatar\\\/0f69d8b83e3b3e54f0b766684bb3fd6649f0081ecdbff759ed4b19e5df68d1e4?s=96&d=mm&r=g\",\"contentUrl\":\"https:\\\/\\\/secure.gravatar.com\\\/avatar\\\/0f69d8b83e3b3e54f0b766684bb3fd6649f0081ecdbff759ed4b19e5df68d1e4?s=96&d=mm&r=g\",\"caption\":\"mzimmermann\"},\"url\":\"https:\\\/\\\/kvg-bus.de\\\/cebus\\\/author\\\/mzimmermann\\\/\"}]}<\/script>\n<!-- \/ Yoast SEO plugin. -->","yoast_head_json":{"title":"Linie 2104 | Bauarbeiten in Buxtehude: 18.07. \u2013 20.07.2025 - cebus","robots":{"index":"index","follow":"follow","max-snippet":"max-snippet:-1","max-image-preview":"max-image-preview:large","max-video-preview":"max-video-preview:-1"},"canonical":"https:\/\/kvg-bus.de\/cebus\/2025\/07\/10\/linien-1824-2007-2021-2025-und-2721-bauarbeiten-in-stade-15-07-17-07-2025-3\/","og_locale":"de_DE","og_type":"article","og_title":"Linie 2104 | Bauarbeiten in Buxtehude: 18.07. \u2013 20.07.2025 - cebus","og_description":"Vom 18. Juli bis zum 20. Juli 2025 ist der Alte Postweg in Buxtehude wegen der Sanierung der Glasfaserstrecke Nano-Trench halbseitig gesperrt und als Einbahnstra\u00dfe in Richtung Ovelg\u00f6nne eingerichtet. Die Linie 2104 f\u00e4hrt in Richtung Bahnhof Buxtehude eine Umleitung \u00fcber die Felix-Wankel-Stra\u00dfe, Ostmoorweg, Harburger Stra\u00dfe, Konrad-Adenauer-Allee und Stader Stra\u00dfe. \u27a1\ufe0f Die Haltestellen \u201eBuxtehude, L\u00fcneburger Schanze\u201c und \u201eBuxtehude, Schanzenstra\u00dfe (Nord)\u201c k\u00f6nnen in dieser Zeit in Richtung Bahnhof nicht bedient werden.Bitte nutz stattdessen die Haltestelle \u201eBuxtehude, An den Geestbergen\u201c.","og_url":"https:\/\/kvg-bus.de\/cebus\/2025\/07\/10\/linien-1824-2007-2021-2025-und-2721-bauarbeiten-in-stade-15-07-17-07-2025-3\/","og_site_name":"cebus","article_published_time":"2025-07-10T14:07:21+00:00","article_modified_time":"2025-07-10T14:08:29+00:00","author":"mzimmermann","twitter_card":"summary_large_image","twitter_misc":{"Verfasst von":"mzimmermann"},"schema":{"@context":"https:\/\/schema.org","@graph":[{"@type":"Article","@id":"https:\/\/kvg-bus.de\/cebus\/2025\/07\/10\/linien-1824-2007-2021-2025-und-2721-bauarbeiten-in-stade-15-07-17-07-2025-3\/#article","isPartOf":{"@id":"https:\/\/kvg-bus.de\/cebus\/2025\/07\/10\/linien-1824-2007-2021-2025-und-2721-bauarbeiten-in-stade-15-07-17-07-2025-3\/"},"author":{"name":"mzimmermann","@id":"https:\/\/kvg-bus.de\/cebus\/#\/schema\/person\/5a5abfab092f868ec7cbe0f59e95749b"},"headline":"Linie 2104 | Bauarbeiten in Buxtehude: 18.07. \u2013 20.07.2025","datePublished":"2025-07-10T14:07:21+00:00","dateModified":"2025-07-10T14:08:29+00:00","mainEntityOfPage":{"@id":"https:\/\/kvg-bus.de\/cebus\/2025\/07\/10\/linien-1824-2007-2021-2025-und-2721-bauarbeiten-in-stade-15-07-17-07-2025-3\/"},"wordCount":86,"commentCount":0,"image":{"@id":"https:\/\/kvg-bus.de\/cebus\/2025\/07\/10\/linien-1824-2007-2021-2025-und-2721-bauarbeiten-in-stade-15-07-17-07-2025-3\/#primaryimage"},"thumbnailUrl":"","articleSection":["Fahrplanabweichungen","Stade"],"inLanguage":"de","potentialAction":[{"@type":"CommentAction","name":"Comment","target":["https:\/\/kvg-bus.de\/cebus\/2025\/07\/10\/linien-1824-2007-2021-2025-und-2721-bauarbeiten-in-stade-15-07-17-07-2025-3\/#respond"]}]},{"@type":"WebPage","@id":"https:\/\/kvg-bus.de\/cebus\/2025\/07\/10\/linien-1824-2007-2021-2025-und-2721-bauarbeiten-in-stade-15-07-17-07-2025-3\/","url":"https:\/\/kvg-bus.de\/cebus\/2025\/07\/10\/linien-1824-2007-2021-2025-und-2721-bauarbeiten-in-stade-15-07-17-07-2025-3\/","name":"Linie 2104 | Bauarbeiten in Buxtehude: 18.07. \u2013 20.07.2025 - cebus","isPartOf":{"@id":"https:\/\/kvg-bus.de\/cebus\/#website"},"primaryImageOfPage":{"@id":"https:\/\/kvg-bus.de\/cebus\/2025\/07\/10\/linien-1824-2007-2021-2025-und-2721-bauarbeiten-in-stade-15-07-17-07-2025-3\/#primaryimage"},"image":{"@id":"https:\/\/kvg-bus.de\/cebus\/2025\/07\/10\/linien-1824-2007-2021-2025-und-2721-bauarbeiten-in-stade-15-07-17-07-2025-3\/#primaryimage"},"thumbnailUrl":"","datePublished":"2025-07-10T14:07:21+00:00","dateModified":"2025-07-10T14:08:29+00:00","author":{"@id":"https:\/\/kvg-bus.de\/cebus\/#\/schema\/person\/5a5abfab092f868ec7cbe0f59e95749b"},"breadcrumb":{"@id":"https:\/\/kvg-bus.de\/cebus\/2025\/07\/10\/linien-1824-2007-2021-2025-und-2721-bauarbeiten-in-stade-15-07-17-07-2025-3\/#breadcrumb"},"inLanguage":"de","potentialAction":[{"@type":"ReadAction","target":["https:\/\/kvg-bus.de\/cebus\/2025\/07\/10\/linien-1824-2007-2021-2025-und-2721-bauarbeiten-in-stade-15-07-17-07-2025-3\/"]}]},{"@type":"ImageObject","inLanguage":"de","@id":"https:\/\/kvg-bus.de\/cebus\/2025\/07\/10\/linien-1824-2007-2021-2025-und-2721-bauarbeiten-in-stade-15-07-17-07-2025-3\/#primaryimage","url":"","contentUrl":""},{"@type":"BreadcrumbList","@id":"https:\/\/kvg-bus.de\/cebus\/2025\/07\/10\/linien-1824-2007-2021-2025-und-2721-bauarbeiten-in-stade-15-07-17-07-2025-3\/#breadcrumb","itemListElement":[{"@type":"ListItem","position":1,"name":"Startseite","item":"https:\/\/kvg-bus.de\/cebus\/"},{"@type":"ListItem","position":2,"name":"Linie 2104 | Bauarbeiten in Buxtehude: 18.07. \u2013 20.07.2025"}]},{"@type":"WebSite","@id":"https:\/\/kvg-bus.de\/cebus\/#website","url":"https:\/\/kvg-bus.de\/cebus\/","name":"cebus","description":"","potentialAction":[{"@type":"SearchAction","target":{"@type":"EntryPoint","urlTemplate":"https:\/\/kvg-bus.de\/cebus\/?s={search_term_string}"},"query-input":{"@type":"PropertyValueSpecification","valueRequired":true,"valueName":"search_term_string"}}],"inLanguage":"de"},{"@type":"Person","@id":"https:\/\/kvg-bus.de\/cebus\/#\/schema\/person\/5a5abfab092f868ec7cbe0f59e95749b","name":"mzimmermann","image":{"@type":"ImageObject","inLanguage":"de","@id":"https:\/\/secure.gravatar.com\/avatar\/0f69d8b83e3b3e54f0b766684bb3fd6649f0081ecdbff759ed4b19e5df68d1e4?s=96&d=mm&r=g","url":"https:\/\/secure.gravatar.com\/avatar\/0f69d8b83e3b3e54f0b766684bb3fd6649f0081ecdbff759ed4b19e5df68d1e4?s=96&d=mm&r=g","contentUrl":"https:\/\/secure.gravatar.com\/avatar\/0f69d8b83e3b3e54f0b766684bb3fd6649f0081ecdbff759ed4b19e5df68d1e4?s=96&d=mm&r=g","caption":"mzimmermann"},"url":"https:\/\/kvg-bus.de\/cebus\/author\/mzimmermann\/"}]}},"_links":{"self":[{"href":"https:\/\/kvg-bus.de\/cebus\/wp-json\/wp\/v2\/posts\/360","targetHints":{"allow":["GET"]}}],"collection":[{"href":"https:\/\/kvg-bus.de\/cebus\/wp-json\/wp\/v2\/posts"}],"about":[{"href":"https:\/\/kvg-bus.de\/cebus\/wp-json\/wp\/v2\/types\/post"}],"author":[{"embeddable":true,"href":"https:\/\/kvg-bus.de\/cebus\/wp-json\/wp\/v2\/users\/10"}],"replies":[{"embeddable":true,"href":"https:\/\/kvg-bus.de\/cebus\/wp-json\/wp\/v2\/comments?post=360"}],"version-history":[{"count":0,"href":"https:\/\/kvg-bus.de\/cebus\/wp-json\/wp\/v2\/posts\/360\/revisions"}],"wp:featuredmedia":[{"embeddable":true,"href":"https:\/\/kvg-bus.de\/cebus\/wp-json\/"}],"wp:attachment":[{"href":"https:\/\/kvg-bus.de\/cebus\/wp-json\/wp\/v2\/media?parent=360"}],"wp:term":[{"taxonomy":"category","embeddable":true,"href":"https:\/\/kvg-bus.de\/cebus\/wp-json\/wp\/v2\/categories?post=360"},{"taxonomy":"post_tag","embeddable":true,"href":"https:\/\/kvg-bus.de\/cebus\/wp-json\/wp\/v2\/tags?post=360"}],"curies":[{"name":"wp","href":"https:\/\/api.w.org\/{rel}","templated":true}]}}