{"id":349,"date":"2025-07-02T09:29:03","date_gmt":"2025-07-02T07:29:03","guid":{"rendered":"https:\/\/kvg-bus.de\/cebus\/2025\/07\/02\/linien-5900-und-5903-bauarbeiten-in-adendorf-03-07-02-12-2025\/"},"modified":"2025-11-13T09:10:20","modified_gmt":"2025-11-13T08:10:20","slug":"linien-5900-und-5903-bauarbeiten-in-adendorf-03-07-02-12-2025","status":"publish","type":"post","link":"https:\/\/kvg-bus.de\/cebus\/2025\/07\/02\/linien-5900-und-5903-bauarbeiten-in-adendorf-03-07-02-12-2025\/","title":{"rendered":"Linien 5900 und 5903 | Bauarbeiten in Adendorf: 03.07. \u2013 02.12.2025"},"content":{"rendered":"<p data-start=\"130\" data-end=\"275\">Vom <strong data-start=\"134\" data-end=\"172\">03. Juli bis zum 02. Dezember 2025<\/strong> ist die <strong data-start=\"181\" data-end=\"220\">Artlenburger Landstra\u00dfe in Adendorf<\/strong> wegen <strong data-start=\"227\" data-end=\"265\">Bauarbeiten in vier Bauabschnitten<\/strong> gesperrt. Nach einer Winterpause wird dieser Bereich 2026 noch einmal gesperrt sein.<\/p>\n<p data-start=\"130\" data-end=\"275\">\u27a1\ufe0fZu dieser Bauma\u00dfnahme gibt es einen Baustellenfahrplan. Diesen findest du <a href=\"https:\/\/kvg-bus.de\/lueneburg\/fahrplaene\/\">hier<\/a>.<\/p>\n<p data-start=\"130\" data-end=\"275\">Ab dem <strong>10. November bis zum 14. November 2025<\/strong> ist auch die Einm\u00fcndung der Dorfstra\u00dfe gesperrt.<\/p>\n<p data-start=\"0\" data-end=\"220\">Die <strong data-start=\"4\" data-end=\"18\">Linie 5900<\/strong> f\u00e4hrt eine Umleitung \u00fcber <strong>B\u00fcltenweg, Weinbergsweg, R\u00f6thenweg und Bardowicker Weg<\/strong>.<\/p>\n<p data-start=\"222\" data-end=\"307\">Die <strong data-start=\"226\" data-end=\"240\">Linie 5903<\/strong> f\u00e4hrt eine Umleitung \u00fcber <strong data-start=\"267\" data-end=\"286\">Bardowicker Weg<\/strong> und <strong data-start=\"291\" data-end=\"304\">R\u00f6thenweg<\/strong>.<\/p>\n<p data-start=\"309\" data-end=\"541\" data-is-last-node=\"\" data-is-only-node=\"\">\u27a1\ufe0f Die Haltestellen \u201e<strong data-start=\"330\" data-end=\"354\">Adendorf, Dorfstra\u00dfe<\/strong>\u201c und in Richtung Brietlingen \u201e<strong data-start=\"361\" data-end=\"398\">L\u00fcneburg, Artlenburger Landstra\u00dfe<\/strong>\u201c k\u00f6nnen in dieser Zeit nicht bedient werden.<br data-start=\"443\" data-end=\"446\" \/>Bitte nutz stattdessen die Haltestellen \u201e<strong data-start=\"487\" data-end=\"510\">Adendorf, R\u00f6thenweg<\/strong>\u201c und die Ersatzhaltestelle im B\u00fcltenweg.<\/p>\n<p data-start=\"309\" data-end=\"541\" data-is-last-node=\"\" data-is-only-node=\"\">Au\u00dferhalb des Zeitraums 10. November bis 14. November 2025 gilt folgendes:<\/p>\n<p data-start=\"277\" data-end=\"460\">\u27a1\ufe0f <strong data-start=\"280\" data-end=\"343\">Im zweiten und dritten Bauabschnitt ab 26. August 2025<\/strong> ist die Artlenburger Landstra\u00dfe <strong data-start=\"376\" data-end=\"450\">zwischen n\u00f6rdlich der Kreuzung zur Dieselstra\u00dfe und der Dorfstra\u00dfe <\/strong>gesperrt.<\/p>\n<p data-start=\"462\" data-end=\"564\">Die <strong data-start=\"466\" data-end=\"490\">Linien 5900 und 5903<\/strong> fahren deshalb eine Umleitung \u00fcber <strong>Borgwardtstra\u00dfe\u00a0und R\u00f6thenweg<\/strong>.<\/p>\n<p data-start=\"566\" data-end=\"721\">\u27a1\ufe0f Die Haltestelle <strong data-start=\"585\" data-end=\"611\">\u201eAdendorf, Dorfstra\u00dfe\u201c<\/strong> kann in dieser Zeit nicht bedient werden.<br data-start=\"653\" data-end=\"656\" \/>Bitte nutz stattdessen die Haltestelle <strong data-start=\"695\" data-end=\"720\">\u201eAdendorf, R\u00f6thenweg\u201c<\/strong>.<\/p>\n","protected":false},"excerpt":{"rendered":"<p>Vom 03. Juli bis zum 02. Dezember 2025 ist die Artlenburger Landstra\u00dfe in Adendorf wegen Bauarbeiten in vier Bauabschnitten gesperrt. Nach einer Winterpause wird dieser Bereich 2026 noch einmal gesperrt sein. \u27a1\ufe0fZu dieser Bauma\u00dfnahme gibt es einen Baustellenfahrplan. Diesen findest du hier. Ab dem 10. November bis zum 14. November 2025 ist auch die Einm\u00fcndung der Dorfstra\u00dfe gesperrt. Die Linie 5900 f\u00e4hrt eine Umleitung \u00fcber B\u00fcltenweg, Weinbergsweg, R\u00f6thenweg und Bardowicker Weg. Die Linie 5903 f\u00e4hrt eine Umleitung \u00fcber Bardowicker Weg und R\u00f6thenweg. \u27a1\ufe0f Die Haltestellen \u201eAdendorf, Dorfstra\u00dfe\u201c und in Richtung Brietlingen \u201eL\u00fcneburg, Artlenburger Landstra\u00dfe\u201c k\u00f6nnen in dieser Zeit nicht bedient werden.Bitte nutz stattdessen die Haltestellen \u201eAdendorf, R\u00f6thenweg\u201c und die Ersatzhaltestelle im B\u00fcltenweg. Au\u00dferhalb des Zeitraums 10. November bis 14. November 2025 gilt folgendes: \u27a1\ufe0f Im zweiten und dritten Bauabschnitt ab 26. August 2025 ist die Artlenburger Landstra\u00dfe zwischen n\u00f6rdlich der Kreuzung zur Dieselstra\u00dfe und der Dorfstra\u00dfe gesperrt. Die Linien 5900 und 5903 fahren deshalb eine Umleitung \u00fcber Borgwardtstra\u00dfe\u00a0und R\u00f6thenweg. \u27a1\ufe0f Die Haltestelle \u201eAdendorf, Dorfstra\u00dfe\u201c kann in dieser Zeit nicht bedient werden.Bitte nutz stattdessen die Haltestelle \u201eAdendorf, R\u00f6thenweg\u201c.<\/p>\n","protected":false},"author":10,"featured_media":2753,"comment_status":"open","ping_status":"open","sticky":false,"template":"","format":"standard","meta":{"footnotes":""},"categories":[16,57],"tags":[],"class_list":["post-349","post","type-post","status-publish","format-standard","has-post-thumbnail","hentry","category-fahrplanabweichungen","category-lueneburg"],"yoast_head":"<!-- This site is optimized with the Yoast SEO plugin v27.4 - https:\/\/yoast.com\/product\/yoast-seo-wordpress\/ -->\n<title>Linien 5900 und 5903 | Bauarbeiten in Adendorf: 03.07. \u2013 02.12.2025 - cebus<\/title>\n<meta name=\"robots\" content=\"index, follow, max-snippet:-1, max-image-preview:large, max-video-preview:-1\" \/>\n<link rel=\"canonical\" href=\"https:\/\/kvg-bus.de\/cebus\/2025\/07\/02\/linien-5900-und-5903-bauarbeiten-in-adendorf-03-07-02-12-2025\/\" \/>\n<meta property=\"og:locale\" content=\"de_DE\" \/>\n<meta property=\"og:type\" content=\"article\" \/>\n<meta property=\"og:title\" content=\"Linien 5900 und 5903 | Bauarbeiten in Adendorf: 03.07. \u2013 02.12.2025 - cebus\" \/>\n<meta property=\"og:description\" content=\"Vom 03. Juli bis zum 02. Dezember 2025 ist die Artlenburger Landstra\u00dfe in Adendorf wegen Bauarbeiten in vier Bauabschnitten gesperrt. Nach einer Winterpause wird dieser Bereich 2026 noch einmal gesperrt sein. \u27a1\ufe0fZu dieser Bauma\u00dfnahme gibt es einen Baustellenfahrplan. Diesen findest du hier. Ab dem 10. November bis zum 14. November 2025 ist auch die Einm\u00fcndung der Dorfstra\u00dfe gesperrt. Die Linie 5900 f\u00e4hrt eine Umleitung \u00fcber B\u00fcltenweg, Weinbergsweg, R\u00f6thenweg und Bardowicker Weg. Die Linie 5903 f\u00e4hrt eine Umleitung \u00fcber Bardowicker Weg und R\u00f6thenweg. \u27a1\ufe0f Die Haltestellen \u201eAdendorf, Dorfstra\u00dfe\u201c und in Richtung Brietlingen \u201eL\u00fcneburg, Artlenburger Landstra\u00dfe\u201c k\u00f6nnen in dieser Zeit nicht bedient werden.Bitte nutz stattdessen die Haltestellen \u201eAdendorf, R\u00f6thenweg\u201c und die Ersatzhaltestelle im B\u00fcltenweg. Au\u00dferhalb des Zeitraums 10. November bis 14. November 2025 gilt folgendes: \u27a1\ufe0f Im zweiten und dritten Bauabschnitt ab 26. August 2025 ist die Artlenburger Landstra\u00dfe zwischen n\u00f6rdlich der Kreuzung zur Dieselstra\u00dfe und der Dorfstra\u00dfe gesperrt. Die Linien 5900 und 5903 fahren deshalb eine Umleitung \u00fcber Borgwardtstra\u00dfe\u00a0und R\u00f6thenweg. \u27a1\ufe0f Die Haltestelle \u201eAdendorf, Dorfstra\u00dfe\u201c kann in dieser Zeit nicht bedient werden.Bitte nutz stattdessen die Haltestelle \u201eAdendorf, R\u00f6thenweg\u201c.\" \/>\n<meta property=\"og:url\" content=\"https:\/\/kvg-bus.de\/cebus\/2025\/07\/02\/linien-5900-und-5903-bauarbeiten-in-adendorf-03-07-02-12-2025\/\" \/>\n<meta property=\"og:site_name\" content=\"cebus\" \/>\n<meta property=\"article:published_time\" content=\"2025-07-02T07:29:03+00:00\" \/>\n<meta property=\"article:modified_time\" content=\"2025-11-13T08:10:20+00:00\" \/>\n<meta name=\"author\" content=\"mzimmermann\" \/>\n<meta name=\"twitter:card\" content=\"summary_large_image\" \/>\n<meta name=\"twitter:label1\" content=\"Verfasst von\" \/>\n\t<meta name=\"twitter:data1\" content=\"mzimmermann\" \/>\n\t<meta name=\"twitter:label2\" content=\"Gesch\u00e4tzte Lesezeit\" \/>\n\t<meta name=\"twitter:data2\" content=\"1\u00a0Minute\" \/>\n<script type=\"application\/ld+json\" class=\"yoast-schema-graph\">{\"@context\":\"https:\\\/\\\/schema.org\",\"@graph\":[{\"@type\":\"Article\",\"@id\":\"https:\\\/\\\/kvg-bus.de\\\/cebus\\\/2025\\\/07\\\/02\\\/linien-5900-und-5903-bauarbeiten-in-adendorf-03-07-02-12-2025\\\/#article\",\"isPartOf\":{\"@id\":\"https:\\\/\\\/kvg-bus.de\\\/cebus\\\/2025\\\/07\\\/02\\\/linien-5900-und-5903-bauarbeiten-in-adendorf-03-07-02-12-2025\\\/\"},\"author\":{\"name\":\"mzimmermann\",\"@id\":\"https:\\\/\\\/kvg-bus.de\\\/cebus\\\/#\\\/schema\\\/person\\\/5a5abfab092f868ec7cbe0f59e95749b\"},\"headline\":\"Linien 5900 und 5903 | Bauarbeiten in Adendorf: 03.07. \u2013 02.12.2025\",\"datePublished\":\"2025-07-02T07:29:03+00:00\",\"dateModified\":\"2025-11-13T08:10:20+00:00\",\"mainEntityOfPage\":{\"@id\":\"https:\\\/\\\/kvg-bus.de\\\/cebus\\\/2025\\\/07\\\/02\\\/linien-5900-und-5903-bauarbeiten-in-adendorf-03-07-02-12-2025\\\/\"},\"wordCount\":190,\"commentCount\":0,\"image\":{\"@id\":\"https:\\\/\\\/kvg-bus.de\\\/cebus\\\/2025\\\/07\\\/02\\\/linien-5900-und-5903-bauarbeiten-in-adendorf-03-07-02-12-2025\\\/#primaryimage\"},\"thumbnailUrl\":\"\",\"articleSection\":[\"Fahrplanabweichungen\",\"L\u00fcneburg\"],\"inLanguage\":\"de\",\"potentialAction\":[{\"@type\":\"CommentAction\",\"name\":\"Comment\",\"target\":[\"https:\\\/\\\/kvg-bus.de\\\/cebus\\\/2025\\\/07\\\/02\\\/linien-5900-und-5903-bauarbeiten-in-adendorf-03-07-02-12-2025\\\/#respond\"]}]},{\"@type\":\"WebPage\",\"@id\":\"https:\\\/\\\/kvg-bus.de\\\/cebus\\\/2025\\\/07\\\/02\\\/linien-5900-und-5903-bauarbeiten-in-adendorf-03-07-02-12-2025\\\/\",\"url\":\"https:\\\/\\\/kvg-bus.de\\\/cebus\\\/2025\\\/07\\\/02\\\/linien-5900-und-5903-bauarbeiten-in-adendorf-03-07-02-12-2025\\\/\",\"name\":\"Linien 5900 und 5903 | Bauarbeiten in Adendorf: 03.07. \u2013 02.12.2025 - cebus\",\"isPartOf\":{\"@id\":\"https:\\\/\\\/kvg-bus.de\\\/cebus\\\/#website\"},\"primaryImageOfPage\":{\"@id\":\"https:\\\/\\\/kvg-bus.de\\\/cebus\\\/2025\\\/07\\\/02\\\/linien-5900-und-5903-bauarbeiten-in-adendorf-03-07-02-12-2025\\\/#primaryimage\"},\"image\":{\"@id\":\"https:\\\/\\\/kvg-bus.de\\\/cebus\\\/2025\\\/07\\\/02\\\/linien-5900-und-5903-bauarbeiten-in-adendorf-03-07-02-12-2025\\\/#primaryimage\"},\"thumbnailUrl\":\"\",\"datePublished\":\"2025-07-02T07:29:03+00:00\",\"dateModified\":\"2025-11-13T08:10:20+00:00\",\"author\":{\"@id\":\"https:\\\/\\\/kvg-bus.de\\\/cebus\\\/#\\\/schema\\\/person\\\/5a5abfab092f868ec7cbe0f59e95749b\"},\"breadcrumb\":{\"@id\":\"https:\\\/\\\/kvg-bus.de\\\/cebus\\\/2025\\\/07\\\/02\\\/linien-5900-und-5903-bauarbeiten-in-adendorf-03-07-02-12-2025\\\/#breadcrumb\"},\"inLanguage\":\"de\",\"potentialAction\":[{\"@type\":\"ReadAction\",\"target\":[\"https:\\\/\\\/kvg-bus.de\\\/cebus\\\/2025\\\/07\\\/02\\\/linien-5900-und-5903-bauarbeiten-in-adendorf-03-07-02-12-2025\\\/\"]}]},{\"@type\":\"ImageObject\",\"inLanguage\":\"de\",\"@id\":\"https:\\\/\\\/kvg-bus.de\\\/cebus\\\/2025\\\/07\\\/02\\\/linien-5900-und-5903-bauarbeiten-in-adendorf-03-07-02-12-2025\\\/#primaryimage\",\"url\":\"\",\"contentUrl\":\"\"},{\"@type\":\"BreadcrumbList\",\"@id\":\"https:\\\/\\\/kvg-bus.de\\\/cebus\\\/2025\\\/07\\\/02\\\/linien-5900-und-5903-bauarbeiten-in-adendorf-03-07-02-12-2025\\\/#breadcrumb\",\"itemListElement\":[{\"@type\":\"ListItem\",\"position\":1,\"name\":\"Startseite\",\"item\":\"https:\\\/\\\/kvg-bus.de\\\/cebus\\\/\"},{\"@type\":\"ListItem\",\"position\":2,\"name\":\"Linien 5900 und 5903 | Bauarbeiten in Adendorf: 03.07. \u2013 02.12.2025\"}]},{\"@type\":\"WebSite\",\"@id\":\"https:\\\/\\\/kvg-bus.de\\\/cebus\\\/#website\",\"url\":\"https:\\\/\\\/kvg-bus.de\\\/cebus\\\/\",\"name\":\"cebus\",\"description\":\"\",\"potentialAction\":[{\"@type\":\"SearchAction\",\"target\":{\"@type\":\"EntryPoint\",\"urlTemplate\":\"https:\\\/\\\/kvg-bus.de\\\/cebus\\\/?s={search_term_string}\"},\"query-input\":{\"@type\":\"PropertyValueSpecification\",\"valueRequired\":true,\"valueName\":\"search_term_string\"}}],\"inLanguage\":\"de\"},{\"@type\":\"Person\",\"@id\":\"https:\\\/\\\/kvg-bus.de\\\/cebus\\\/#\\\/schema\\\/person\\\/5a5abfab092f868ec7cbe0f59e95749b\",\"name\":\"mzimmermann\",\"image\":{\"@type\":\"ImageObject\",\"inLanguage\":\"de\",\"@id\":\"https:\\\/\\\/secure.gravatar.com\\\/avatar\\\/0f69d8b83e3b3e54f0b766684bb3fd6649f0081ecdbff759ed4b19e5df68d1e4?s=96&d=mm&r=g\",\"url\":\"https:\\\/\\\/secure.gravatar.com\\\/avatar\\\/0f69d8b83e3b3e54f0b766684bb3fd6649f0081ecdbff759ed4b19e5df68d1e4?s=96&d=mm&r=g\",\"contentUrl\":\"https:\\\/\\\/secure.gravatar.com\\\/avatar\\\/0f69d8b83e3b3e54f0b766684bb3fd6649f0081ecdbff759ed4b19e5df68d1e4?s=96&d=mm&r=g\",\"caption\":\"mzimmermann\"},\"url\":\"https:\\\/\\\/kvg-bus.de\\\/cebus\\\/author\\\/mzimmermann\\\/\"}]}<\/script>\n<!-- \/ Yoast SEO plugin. -->","yoast_head_json":{"title":"Linien 5900 und 5903 | Bauarbeiten in Adendorf: 03.07. \u2013 02.12.2025 - cebus","robots":{"index":"index","follow":"follow","max-snippet":"max-snippet:-1","max-image-preview":"max-image-preview:large","max-video-preview":"max-video-preview:-1"},"canonical":"https:\/\/kvg-bus.de\/cebus\/2025\/07\/02\/linien-5900-und-5903-bauarbeiten-in-adendorf-03-07-02-12-2025\/","og_locale":"de_DE","og_type":"article","og_title":"Linien 5900 und 5903 | Bauarbeiten in Adendorf: 03.07. \u2013 02.12.2025 - cebus","og_description":"Vom 03. Juli bis zum 02. Dezember 2025 ist die Artlenburger Landstra\u00dfe in Adendorf wegen Bauarbeiten in vier Bauabschnitten gesperrt. Nach einer Winterpause wird dieser Bereich 2026 noch einmal gesperrt sein. \u27a1\ufe0fZu dieser Bauma\u00dfnahme gibt es einen Baustellenfahrplan. Diesen findest du hier. Ab dem 10. November bis zum 14. November 2025 ist auch die Einm\u00fcndung der Dorfstra\u00dfe gesperrt. Die Linie 5900 f\u00e4hrt eine Umleitung \u00fcber B\u00fcltenweg, Weinbergsweg, R\u00f6thenweg und Bardowicker Weg. Die Linie 5903 f\u00e4hrt eine Umleitung \u00fcber Bardowicker Weg und R\u00f6thenweg. \u27a1\ufe0f Die Haltestellen \u201eAdendorf, Dorfstra\u00dfe\u201c und in Richtung Brietlingen \u201eL\u00fcneburg, Artlenburger Landstra\u00dfe\u201c k\u00f6nnen in dieser Zeit nicht bedient werden.Bitte nutz stattdessen die Haltestellen \u201eAdendorf, R\u00f6thenweg\u201c und die Ersatzhaltestelle im B\u00fcltenweg. Au\u00dferhalb des Zeitraums 10. November bis 14. November 2025 gilt folgendes: \u27a1\ufe0f Im zweiten und dritten Bauabschnitt ab 26. August 2025 ist die Artlenburger Landstra\u00dfe zwischen n\u00f6rdlich der Kreuzung zur Dieselstra\u00dfe und der Dorfstra\u00dfe gesperrt. Die Linien 5900 und 5903 fahren deshalb eine Umleitung \u00fcber Borgwardtstra\u00dfe\u00a0und R\u00f6thenweg. \u27a1\ufe0f Die Haltestelle \u201eAdendorf, Dorfstra\u00dfe\u201c kann in dieser Zeit nicht bedient werden.Bitte nutz stattdessen die Haltestelle \u201eAdendorf, R\u00f6thenweg\u201c.","og_url":"https:\/\/kvg-bus.de\/cebus\/2025\/07\/02\/linien-5900-und-5903-bauarbeiten-in-adendorf-03-07-02-12-2025\/","og_site_name":"cebus","article_published_time":"2025-07-02T07:29:03+00:00","article_modified_time":"2025-11-13T08:10:20+00:00","author":"mzimmermann","twitter_card":"summary_large_image","twitter_misc":{"Verfasst von":"mzimmermann","Gesch\u00e4tzte Lesezeit":"1\u00a0Minute"},"schema":{"@context":"https:\/\/schema.org","@graph":[{"@type":"Article","@id":"https:\/\/kvg-bus.de\/cebus\/2025\/07\/02\/linien-5900-und-5903-bauarbeiten-in-adendorf-03-07-02-12-2025\/#article","isPartOf":{"@id":"https:\/\/kvg-bus.de\/cebus\/2025\/07\/02\/linien-5900-und-5903-bauarbeiten-in-adendorf-03-07-02-12-2025\/"},"author":{"name":"mzimmermann","@id":"https:\/\/kvg-bus.de\/cebus\/#\/schema\/person\/5a5abfab092f868ec7cbe0f59e95749b"},"headline":"Linien 5900 und 5903 | Bauarbeiten in Adendorf: 03.07. \u2013 02.12.2025","datePublished":"2025-07-02T07:29:03+00:00","dateModified":"2025-11-13T08:10:20+00:00","mainEntityOfPage":{"@id":"https:\/\/kvg-bus.de\/cebus\/2025\/07\/02\/linien-5900-und-5903-bauarbeiten-in-adendorf-03-07-02-12-2025\/"},"wordCount":190,"commentCount":0,"image":{"@id":"https:\/\/kvg-bus.de\/cebus\/2025\/07\/02\/linien-5900-und-5903-bauarbeiten-in-adendorf-03-07-02-12-2025\/#primaryimage"},"thumbnailUrl":"","articleSection":["Fahrplanabweichungen","L\u00fcneburg"],"inLanguage":"de","potentialAction":[{"@type":"CommentAction","name":"Comment","target":["https:\/\/kvg-bus.de\/cebus\/2025\/07\/02\/linien-5900-und-5903-bauarbeiten-in-adendorf-03-07-02-12-2025\/#respond"]}]},{"@type":"WebPage","@id":"https:\/\/kvg-bus.de\/cebus\/2025\/07\/02\/linien-5900-und-5903-bauarbeiten-in-adendorf-03-07-02-12-2025\/","url":"https:\/\/kvg-bus.de\/cebus\/2025\/07\/02\/linien-5900-und-5903-bauarbeiten-in-adendorf-03-07-02-12-2025\/","name":"Linien 5900 und 5903 | Bauarbeiten in Adendorf: 03.07. \u2013 02.12.2025 - cebus","isPartOf":{"@id":"https:\/\/kvg-bus.de\/cebus\/#website"},"primaryImageOfPage":{"@id":"https:\/\/kvg-bus.de\/cebus\/2025\/07\/02\/linien-5900-und-5903-bauarbeiten-in-adendorf-03-07-02-12-2025\/#primaryimage"},"image":{"@id":"https:\/\/kvg-bus.de\/cebus\/2025\/07\/02\/linien-5900-und-5903-bauarbeiten-in-adendorf-03-07-02-12-2025\/#primaryimage"},"thumbnailUrl":"","datePublished":"2025-07-02T07:29:03+00:00","dateModified":"2025-11-13T08:10:20+00:00","author":{"@id":"https:\/\/kvg-bus.de\/cebus\/#\/schema\/person\/5a5abfab092f868ec7cbe0f59e95749b"},"breadcrumb":{"@id":"https:\/\/kvg-bus.de\/cebus\/2025\/07\/02\/linien-5900-und-5903-bauarbeiten-in-adendorf-03-07-02-12-2025\/#breadcrumb"},"inLanguage":"de","potentialAction":[{"@type":"ReadAction","target":["https:\/\/kvg-bus.de\/cebus\/2025\/07\/02\/linien-5900-und-5903-bauarbeiten-in-adendorf-03-07-02-12-2025\/"]}]},{"@type":"ImageObject","inLanguage":"de","@id":"https:\/\/kvg-bus.de\/cebus\/2025\/07\/02\/linien-5900-und-5903-bauarbeiten-in-adendorf-03-07-02-12-2025\/#primaryimage","url":"","contentUrl":""},{"@type":"BreadcrumbList","@id":"https:\/\/kvg-bus.de\/cebus\/2025\/07\/02\/linien-5900-und-5903-bauarbeiten-in-adendorf-03-07-02-12-2025\/#breadcrumb","itemListElement":[{"@type":"ListItem","position":1,"name":"Startseite","item":"https:\/\/kvg-bus.de\/cebus\/"},{"@type":"ListItem","position":2,"name":"Linien 5900 und 5903 | Bauarbeiten in Adendorf: 03.07. \u2013 02.12.2025"}]},{"@type":"WebSite","@id":"https:\/\/kvg-bus.de\/cebus\/#website","url":"https:\/\/kvg-bus.de\/cebus\/","name":"cebus","description":"","potentialAction":[{"@type":"SearchAction","target":{"@type":"EntryPoint","urlTemplate":"https:\/\/kvg-bus.de\/cebus\/?s={search_term_string}"},"query-input":{"@type":"PropertyValueSpecification","valueRequired":true,"valueName":"search_term_string"}}],"inLanguage":"de"},{"@type":"Person","@id":"https:\/\/kvg-bus.de\/cebus\/#\/schema\/person\/5a5abfab092f868ec7cbe0f59e95749b","name":"mzimmermann","image":{"@type":"ImageObject","inLanguage":"de","@id":"https:\/\/secure.gravatar.com\/avatar\/0f69d8b83e3b3e54f0b766684bb3fd6649f0081ecdbff759ed4b19e5df68d1e4?s=96&d=mm&r=g","url":"https:\/\/secure.gravatar.com\/avatar\/0f69d8b83e3b3e54f0b766684bb3fd6649f0081ecdbff759ed4b19e5df68d1e4?s=96&d=mm&r=g","contentUrl":"https:\/\/secure.gravatar.com\/avatar\/0f69d8b83e3b3e54f0b766684bb3fd6649f0081ecdbff759ed4b19e5df68d1e4?s=96&d=mm&r=g","caption":"mzimmermann"},"url":"https:\/\/kvg-bus.de\/cebus\/author\/mzimmermann\/"}]}},"_links":{"self":[{"href":"https:\/\/kvg-bus.de\/cebus\/wp-json\/wp\/v2\/posts\/349","targetHints":{"allow":["GET"]}}],"collection":[{"href":"https:\/\/kvg-bus.de\/cebus\/wp-json\/wp\/v2\/posts"}],"about":[{"href":"https:\/\/kvg-bus.de\/cebus\/wp-json\/wp\/v2\/types\/post"}],"author":[{"embeddable":true,"href":"https:\/\/kvg-bus.de\/cebus\/wp-json\/wp\/v2\/users\/10"}],"replies":[{"embeddable":true,"href":"https:\/\/kvg-bus.de\/cebus\/wp-json\/wp\/v2\/comments?post=349"}],"version-history":[{"count":0,"href":"https:\/\/kvg-bus.de\/cebus\/wp-json\/wp\/v2\/posts\/349\/revisions"}],"wp:featuredmedia":[{"embeddable":true,"href":"https:\/\/kvg-bus.de\/cebus\/wp-json\/"}],"wp:attachment":[{"href":"https:\/\/kvg-bus.de\/cebus\/wp-json\/wp\/v2\/media?parent=349"}],"wp:term":[{"taxonomy":"category","embeddable":true,"href":"https:\/\/kvg-bus.de\/cebus\/wp-json\/wp\/v2\/categories?post=349"},{"taxonomy":"post_tag","embeddable":true,"href":"https:\/\/kvg-bus.de\/cebus\/wp-json\/wp\/v2\/tags?post=349"}],"curies":[{"name":"wp","href":"https:\/\/api.w.org\/{rel}","templated":true}]}}