{"id":314,"date":"2025-06-25T13:07:37","date_gmt":"2025-06-25T11:07:37","guid":{"rendered":"http:\/\/peters"},"modified":"2025-06-25T13:07:37","modified_gmt":"2025-06-25T11:07:37","slug":"linien-880-960-sperrung-thoeren-am-graben-02-06-06-06-2025","status":"publish","type":"post","link":"https:\/\/kvg-bus.de\/cebus\/2025\/06\/25\/linien-880-960-sperrung-thoeren-am-graben-02-06-06-06-2025\/","title":{"rendered":"Linien 880 &#8211; 960 | Sperrung Th\u00f6ren, Am Graben: 02.06. &#8211; 06.06.2025"},"content":{"rendered":"<p>Aufgrund von Kanalbauarbeiten ist die Stra\u00dfe &#8222;Am Graben&#8220; in Th\u00f6ren von Montag, 2. bis Freitag, 6. Juni 2025 gesperrt. Die Umleitung der Linien 880 und 960 erfolgt \u00fcber Alt Th\u00f6ren. Diese Haltestellen k\u00f6nnen nicht bedient werden:<\/p>\n<ul>\n<li>Th\u00f6ren, Ortsmitte<\/li>\n<li>Th\u00f6ren, Am Graben<\/li>\n<\/ul>\n<p>Ersatzhaltestellen stehen beidseitig an der Th\u00f6rener Stra\u00dfe zur Verf\u00fcgung.<\/p>\n","protected":false},"excerpt":{"rendered":"<p>Aufgrund von Kanalbauarbeiten ist die Stra\u00dfe &#8222;Am Graben&#8220; in Th\u00f6ren von Montag, 2. bis Freitag, 6. Juni 2025 gesperrt. Die Umleitung der Linien 880 und 960 erfolgt \u00fcber Alt Th\u00f6ren. Diese Haltestellen k\u00f6nnen nicht bedient werden: Th\u00f6ren, Ortsmitte Th\u00f6ren, Am Graben Ersatzhaltestellen stehen beidseitig an der Th\u00f6rener Stra\u00dfe zur Verf\u00fcgung.<\/p>\n","protected":false},"author":1,"featured_media":3730,"comment_status":"open","ping_status":"open","sticky":false,"template":"","format":"standard","meta":{"footnotes":""},"categories":[16],"tags":[],"class_list":["post-314","post","type-post","status-publish","format-standard","has-post-thumbnail","hentry","category-fahrplanabweichungen"],"yoast_head":"<!-- This site is optimized with the Yoast SEO plugin v27.4 - https:\/\/yoast.com\/product\/yoast-seo-wordpress\/ -->\n<title>Linien 880 - 960 | Sperrung Th\u00f6ren, Am Graben: 02.06. - 06.06.2025 - cebus<\/title>\n<meta name=\"robots\" content=\"index, follow, max-snippet:-1, max-image-preview:large, max-video-preview:-1\" \/>\n<link rel=\"canonical\" href=\"https:\/\/kvg-bus.de\/cebus\/2025\/06\/25\/linien-880-960-sperrung-thoeren-am-graben-02-06-06-06-2025\/\" \/>\n<meta property=\"og:locale\" content=\"de_DE\" \/>\n<meta property=\"og:type\" content=\"article\" \/>\n<meta property=\"og:title\" content=\"Linien 880 - 960 | Sperrung Th\u00f6ren, Am Graben: 02.06. - 06.06.2025 - cebus\" \/>\n<meta property=\"og:description\" content=\"Aufgrund von Kanalbauarbeiten ist die Stra\u00dfe &#8222;Am Graben&#8220; in Th\u00f6ren von Montag, 2. bis Freitag, 6. Juni 2025 gesperrt. Die Umleitung der Linien 880 und 960 erfolgt \u00fcber Alt Th\u00f6ren. Diese Haltestellen k\u00f6nnen nicht bedient werden: Th\u00f6ren, Ortsmitte Th\u00f6ren, Am Graben Ersatzhaltestellen stehen beidseitig an der Th\u00f6rener Stra\u00dfe zur Verf\u00fcgung.\" \/>\n<meta property=\"og:url\" content=\"https:\/\/kvg-bus.de\/cebus\/2025\/06\/25\/linien-880-960-sperrung-thoeren-am-graben-02-06-06-06-2025\/\" \/>\n<meta property=\"og:site_name\" content=\"cebus\" \/>\n<meta property=\"article:published_time\" content=\"2025-06-25T11:07:37+00:00\" \/>\n<meta name=\"author\" content=\"devlabor\" \/>\n<meta name=\"twitter:card\" content=\"summary_large_image\" \/>\n<meta name=\"twitter:label1\" content=\"Verfasst von\" \/>\n\t<meta name=\"twitter:data1\" content=\"devlabor\" \/>\n\t<meta name=\"twitter:label2\" content=\"Gesch\u00e4tzte Lesezeit\" \/>\n\t<meta name=\"twitter:data2\" content=\"1\u00a0Minute\" \/>\n<script type=\"application\/ld+json\" class=\"yoast-schema-graph\">{\"@context\":\"https:\\\/\\\/schema.org\",\"@graph\":[{\"@type\":\"Article\",\"@id\":\"https:\\\/\\\/kvg-bus.de\\\/cebus\\\/2025\\\/06\\\/25\\\/linien-880-960-sperrung-thoeren-am-graben-02-06-06-06-2025\\\/#article\",\"isPartOf\":{\"@id\":\"https:\\\/\\\/kvg-bus.de\\\/cebus\\\/2025\\\/06\\\/25\\\/linien-880-960-sperrung-thoeren-am-graben-02-06-06-06-2025\\\/\"},\"author\":{\"name\":\"devlabor\",\"@id\":\"https:\\\/\\\/kvg-bus.de\\\/cebus\\\/#\\\/schema\\\/person\\\/baf8bbc7bb8324cd6cf66363cd9b4668\"},\"headline\":\"Linien 880 &#8211; 960 | Sperrung Th\u00f6ren, Am Graben: 02.06. &#8211; 06.06.2025\",\"datePublished\":\"2025-06-25T11:07:37+00:00\",\"mainEntityOfPage\":{\"@id\":\"https:\\\/\\\/kvg-bus.de\\\/cebus\\\/2025\\\/06\\\/25\\\/linien-880-960-sperrung-thoeren-am-graben-02-06-06-06-2025\\\/\"},\"wordCount\":62,\"commentCount\":0,\"image\":{\"@id\":\"https:\\\/\\\/kvg-bus.de\\\/cebus\\\/2025\\\/06\\\/25\\\/linien-880-960-sperrung-thoeren-am-graben-02-06-06-06-2025\\\/#primaryimage\"},\"thumbnailUrl\":\"\",\"articleSection\":[\"Fahrplanabweichungen\"],\"inLanguage\":\"de\",\"potentialAction\":[{\"@type\":\"CommentAction\",\"name\":\"Comment\",\"target\":[\"https:\\\/\\\/kvg-bus.de\\\/cebus\\\/2025\\\/06\\\/25\\\/linien-880-960-sperrung-thoeren-am-graben-02-06-06-06-2025\\\/#respond\"]}]},{\"@type\":\"WebPage\",\"@id\":\"https:\\\/\\\/kvg-bus.de\\\/cebus\\\/2025\\\/06\\\/25\\\/linien-880-960-sperrung-thoeren-am-graben-02-06-06-06-2025\\\/\",\"url\":\"https:\\\/\\\/kvg-bus.de\\\/cebus\\\/2025\\\/06\\\/25\\\/linien-880-960-sperrung-thoeren-am-graben-02-06-06-06-2025\\\/\",\"name\":\"Linien 880 - 960 | Sperrung Th\u00f6ren, Am Graben: 02.06. - 06.06.2025 - cebus\",\"isPartOf\":{\"@id\":\"https:\\\/\\\/kvg-bus.de\\\/cebus\\\/#website\"},\"primaryImageOfPage\":{\"@id\":\"https:\\\/\\\/kvg-bus.de\\\/cebus\\\/2025\\\/06\\\/25\\\/linien-880-960-sperrung-thoeren-am-graben-02-06-06-06-2025\\\/#primaryimage\"},\"image\":{\"@id\":\"https:\\\/\\\/kvg-bus.de\\\/cebus\\\/2025\\\/06\\\/25\\\/linien-880-960-sperrung-thoeren-am-graben-02-06-06-06-2025\\\/#primaryimage\"},\"thumbnailUrl\":\"\",\"datePublished\":\"2025-06-25T11:07:37+00:00\",\"author\":{\"@id\":\"https:\\\/\\\/kvg-bus.de\\\/cebus\\\/#\\\/schema\\\/person\\\/baf8bbc7bb8324cd6cf66363cd9b4668\"},\"breadcrumb\":{\"@id\":\"https:\\\/\\\/kvg-bus.de\\\/cebus\\\/2025\\\/06\\\/25\\\/linien-880-960-sperrung-thoeren-am-graben-02-06-06-06-2025\\\/#breadcrumb\"},\"inLanguage\":\"de\",\"potentialAction\":[{\"@type\":\"ReadAction\",\"target\":[\"https:\\\/\\\/kvg-bus.de\\\/cebus\\\/2025\\\/06\\\/25\\\/linien-880-960-sperrung-thoeren-am-graben-02-06-06-06-2025\\\/\"]}]},{\"@type\":\"ImageObject\",\"inLanguage\":\"de\",\"@id\":\"https:\\\/\\\/kvg-bus.de\\\/cebus\\\/2025\\\/06\\\/25\\\/linien-880-960-sperrung-thoeren-am-graben-02-06-06-06-2025\\\/#primaryimage\",\"url\":\"\",\"contentUrl\":\"\"},{\"@type\":\"BreadcrumbList\",\"@id\":\"https:\\\/\\\/kvg-bus.de\\\/cebus\\\/2025\\\/06\\\/25\\\/linien-880-960-sperrung-thoeren-am-graben-02-06-06-06-2025\\\/#breadcrumb\",\"itemListElement\":[{\"@type\":\"ListItem\",\"position\":1,\"name\":\"Startseite\",\"item\":\"https:\\\/\\\/kvg-bus.de\\\/cebus\\\/\"},{\"@type\":\"ListItem\",\"position\":2,\"name\":\"Linien 880 &#8211; 960 | Sperrung Th\u00f6ren, Am Graben: 02.06. &#8211; 06.06.2025\"}]},{\"@type\":\"WebSite\",\"@id\":\"https:\\\/\\\/kvg-bus.de\\\/cebus\\\/#website\",\"url\":\"https:\\\/\\\/kvg-bus.de\\\/cebus\\\/\",\"name\":\"cebus\",\"description\":\"\",\"potentialAction\":[{\"@type\":\"SearchAction\",\"target\":{\"@type\":\"EntryPoint\",\"urlTemplate\":\"https:\\\/\\\/kvg-bus.de\\\/cebus\\\/?s={search_term_string}\"},\"query-input\":{\"@type\":\"PropertyValueSpecification\",\"valueRequired\":true,\"valueName\":\"search_term_string\"}}],\"inLanguage\":\"de\"},{\"@type\":\"Person\",\"@id\":\"https:\\\/\\\/kvg-bus.de\\\/cebus\\\/#\\\/schema\\\/person\\\/baf8bbc7bb8324cd6cf66363cd9b4668\",\"name\":\"devlabor\",\"image\":{\"@type\":\"ImageObject\",\"inLanguage\":\"de\",\"@id\":\"https:\\\/\\\/secure.gravatar.com\\\/avatar\\\/2cf4e3554c1b432e7788eba5b2f338391d3ee726bfcc9c87b496ddf432e66806?s=96&d=mm&r=g\",\"url\":\"https:\\\/\\\/secure.gravatar.com\\\/avatar\\\/2cf4e3554c1b432e7788eba5b2f338391d3ee726bfcc9c87b496ddf432e66806?s=96&d=mm&r=g\",\"contentUrl\":\"https:\\\/\\\/secure.gravatar.com\\\/avatar\\\/2cf4e3554c1b432e7788eba5b2f338391d3ee726bfcc9c87b496ddf432e66806?s=96&d=mm&r=g\",\"caption\":\"devlabor\"},\"sameAs\":[\"https:\\\/\\\/cebus-celle.de\\\/wp-quick-install\\\/index.php\"],\"url\":\"https:\\\/\\\/kvg-bus.de\\\/cebus\\\/author\\\/devlabor\\\/\"}]}<\/script>\n<!-- \/ Yoast SEO plugin. -->","yoast_head_json":{"title":"Linien 880 - 960 | Sperrung Th\u00f6ren, Am Graben: 02.06. - 06.06.2025 - cebus","robots":{"index":"index","follow":"follow","max-snippet":"max-snippet:-1","max-image-preview":"max-image-preview:large","max-video-preview":"max-video-preview:-1"},"canonical":"https:\/\/kvg-bus.de\/cebus\/2025\/06\/25\/linien-880-960-sperrung-thoeren-am-graben-02-06-06-06-2025\/","og_locale":"de_DE","og_type":"article","og_title":"Linien 880 - 960 | Sperrung Th\u00f6ren, Am Graben: 02.06. - 06.06.2025 - cebus","og_description":"Aufgrund von Kanalbauarbeiten ist die Stra\u00dfe &#8222;Am Graben&#8220; in Th\u00f6ren von Montag, 2. bis Freitag, 6. Juni 2025 gesperrt. Die Umleitung der Linien 880 und 960 erfolgt \u00fcber Alt Th\u00f6ren. Diese Haltestellen k\u00f6nnen nicht bedient werden: Th\u00f6ren, Ortsmitte Th\u00f6ren, Am Graben Ersatzhaltestellen stehen beidseitig an der Th\u00f6rener Stra\u00dfe zur Verf\u00fcgung.","og_url":"https:\/\/kvg-bus.de\/cebus\/2025\/06\/25\/linien-880-960-sperrung-thoeren-am-graben-02-06-06-06-2025\/","og_site_name":"cebus","article_published_time":"2025-06-25T11:07:37+00:00","author":"devlabor","twitter_card":"summary_large_image","twitter_misc":{"Verfasst von":"devlabor","Gesch\u00e4tzte Lesezeit":"1\u00a0Minute"},"schema":{"@context":"https:\/\/schema.org","@graph":[{"@type":"Article","@id":"https:\/\/kvg-bus.de\/cebus\/2025\/06\/25\/linien-880-960-sperrung-thoeren-am-graben-02-06-06-06-2025\/#article","isPartOf":{"@id":"https:\/\/kvg-bus.de\/cebus\/2025\/06\/25\/linien-880-960-sperrung-thoeren-am-graben-02-06-06-06-2025\/"},"author":{"name":"devlabor","@id":"https:\/\/kvg-bus.de\/cebus\/#\/schema\/person\/baf8bbc7bb8324cd6cf66363cd9b4668"},"headline":"Linien 880 &#8211; 960 | Sperrung Th\u00f6ren, Am Graben: 02.06. &#8211; 06.06.2025","datePublished":"2025-06-25T11:07:37+00:00","mainEntityOfPage":{"@id":"https:\/\/kvg-bus.de\/cebus\/2025\/06\/25\/linien-880-960-sperrung-thoeren-am-graben-02-06-06-06-2025\/"},"wordCount":62,"commentCount":0,"image":{"@id":"https:\/\/kvg-bus.de\/cebus\/2025\/06\/25\/linien-880-960-sperrung-thoeren-am-graben-02-06-06-06-2025\/#primaryimage"},"thumbnailUrl":"","articleSection":["Fahrplanabweichungen"],"inLanguage":"de","potentialAction":[{"@type":"CommentAction","name":"Comment","target":["https:\/\/kvg-bus.de\/cebus\/2025\/06\/25\/linien-880-960-sperrung-thoeren-am-graben-02-06-06-06-2025\/#respond"]}]},{"@type":"WebPage","@id":"https:\/\/kvg-bus.de\/cebus\/2025\/06\/25\/linien-880-960-sperrung-thoeren-am-graben-02-06-06-06-2025\/","url":"https:\/\/kvg-bus.de\/cebus\/2025\/06\/25\/linien-880-960-sperrung-thoeren-am-graben-02-06-06-06-2025\/","name":"Linien 880 - 960 | Sperrung Th\u00f6ren, Am Graben: 02.06. - 06.06.2025 - cebus","isPartOf":{"@id":"https:\/\/kvg-bus.de\/cebus\/#website"},"primaryImageOfPage":{"@id":"https:\/\/kvg-bus.de\/cebus\/2025\/06\/25\/linien-880-960-sperrung-thoeren-am-graben-02-06-06-06-2025\/#primaryimage"},"image":{"@id":"https:\/\/kvg-bus.de\/cebus\/2025\/06\/25\/linien-880-960-sperrung-thoeren-am-graben-02-06-06-06-2025\/#primaryimage"},"thumbnailUrl":"","datePublished":"2025-06-25T11:07:37+00:00","author":{"@id":"https:\/\/kvg-bus.de\/cebus\/#\/schema\/person\/baf8bbc7bb8324cd6cf66363cd9b4668"},"breadcrumb":{"@id":"https:\/\/kvg-bus.de\/cebus\/2025\/06\/25\/linien-880-960-sperrung-thoeren-am-graben-02-06-06-06-2025\/#breadcrumb"},"inLanguage":"de","potentialAction":[{"@type":"ReadAction","target":["https:\/\/kvg-bus.de\/cebus\/2025\/06\/25\/linien-880-960-sperrung-thoeren-am-graben-02-06-06-06-2025\/"]}]},{"@type":"ImageObject","inLanguage":"de","@id":"https:\/\/kvg-bus.de\/cebus\/2025\/06\/25\/linien-880-960-sperrung-thoeren-am-graben-02-06-06-06-2025\/#primaryimage","url":"","contentUrl":""},{"@type":"BreadcrumbList","@id":"https:\/\/kvg-bus.de\/cebus\/2025\/06\/25\/linien-880-960-sperrung-thoeren-am-graben-02-06-06-06-2025\/#breadcrumb","itemListElement":[{"@type":"ListItem","position":1,"name":"Startseite","item":"https:\/\/kvg-bus.de\/cebus\/"},{"@type":"ListItem","position":2,"name":"Linien 880 &#8211; 960 | Sperrung Th\u00f6ren, Am Graben: 02.06. &#8211; 06.06.2025"}]},{"@type":"WebSite","@id":"https:\/\/kvg-bus.de\/cebus\/#website","url":"https:\/\/kvg-bus.de\/cebus\/","name":"cebus","description":"","potentialAction":[{"@type":"SearchAction","target":{"@type":"EntryPoint","urlTemplate":"https:\/\/kvg-bus.de\/cebus\/?s={search_term_string}"},"query-input":{"@type":"PropertyValueSpecification","valueRequired":true,"valueName":"search_term_string"}}],"inLanguage":"de"},{"@type":"Person","@id":"https:\/\/kvg-bus.de\/cebus\/#\/schema\/person\/baf8bbc7bb8324cd6cf66363cd9b4668","name":"devlabor","image":{"@type":"ImageObject","inLanguage":"de","@id":"https:\/\/secure.gravatar.com\/avatar\/2cf4e3554c1b432e7788eba5b2f338391d3ee726bfcc9c87b496ddf432e66806?s=96&d=mm&r=g","url":"https:\/\/secure.gravatar.com\/avatar\/2cf4e3554c1b432e7788eba5b2f338391d3ee726bfcc9c87b496ddf432e66806?s=96&d=mm&r=g","contentUrl":"https:\/\/secure.gravatar.com\/avatar\/2cf4e3554c1b432e7788eba5b2f338391d3ee726bfcc9c87b496ddf432e66806?s=96&d=mm&r=g","caption":"devlabor"},"sameAs":["https:\/\/cebus-celle.de\/wp-quick-install\/index.php"],"url":"https:\/\/kvg-bus.de\/cebus\/author\/devlabor\/"}]}},"_links":{"self":[{"href":"https:\/\/kvg-bus.de\/cebus\/wp-json\/wp\/v2\/posts\/314","targetHints":{"allow":["GET"]}}],"collection":[{"href":"https:\/\/kvg-bus.de\/cebus\/wp-json\/wp\/v2\/posts"}],"about":[{"href":"https:\/\/kvg-bus.de\/cebus\/wp-json\/wp\/v2\/types\/post"}],"author":[{"embeddable":true,"href":"https:\/\/kvg-bus.de\/cebus\/wp-json\/wp\/v2\/users\/1"}],"replies":[{"embeddable":true,"href":"https:\/\/kvg-bus.de\/cebus\/wp-json\/wp\/v2\/comments?post=314"}],"version-history":[{"count":0,"href":"https:\/\/kvg-bus.de\/cebus\/wp-json\/wp\/v2\/posts\/314\/revisions"}],"wp:featuredmedia":[{"embeddable":true,"href":"https:\/\/kvg-bus.de\/cebus\/wp-json\/"}],"wp:attachment":[{"href":"https:\/\/kvg-bus.de\/cebus\/wp-json\/wp\/v2\/media?parent=314"}],"wp:term":[{"taxonomy":"category","embeddable":true,"href":"https:\/\/kvg-bus.de\/cebus\/wp-json\/wp\/v2\/categories?post=314"},{"taxonomy":"post_tag","embeddable":true,"href":"https:\/\/kvg-bus.de\/cebus\/wp-json\/wp\/v2\/tags?post=314"}],"curies":[{"name":"wp","href":"https:\/\/api.w.org\/{rel}","templated":true}]}}