{"id":135,"date":"2025-06-25T13:03:37","date_gmt":"2025-06-25T11:03:37","guid":{"rendered":"https:\/\/kvg-bus.de\/cebus\/2025\/06\/25\/landkreis\/"},"modified":"2025-06-25T13:07:42","modified_gmt":"2025-06-25T11:07:42","slug":"landkreis","status":"publish","type":"post","link":"https:\/\/kvg-bus.de\/cebus\/2025\/06\/25\/landkreis\/","title":{"rendered":"Landkreis"},"content":{"rendered":"\t\t<div data-elementor-type=\"wp-post\" data-elementor-id=\"135\" class=\"elementor elementor-135\" data-elementor-post-type=\"post\">\n\t\t\t\t\t\t<section class=\"elementor-section elementor-top-section elementor-element elementor-element-14802376 elementor-section-boxed elementor-section-height-default elementor-section-height-default wpr-particle-no wpr-jarallax-no wpr-parallax-no wpr-sticky-section-no wpr-equal-height-no\" data-id=\"14802376\" data-element_type=\"section\" data-e-type=\"section\">\n\t\t\t\t\t\t<div class=\"elementor-container elementor-column-gap-default\">\n\t\t\t\t\t<div class=\"elementor-column elementor-col-100 elementor-top-column elementor-element elementor-element-2b78be76\" data-id=\"2b78be76\" data-element_type=\"column\" data-e-type=\"column\">\n\t\t\t<div class=\"elementor-widget-wrap elementor-element-populated\">\n\t\t\t\t\t\t<div class=\"elementor-element elementor-element-9ccea18 elementor-widget elementor-widget-text-editor\" data-id=\"9ccea18\" data-element_type=\"widget\" data-e-type=\"widget\" data-widget_type=\"text-editor.default\">\n\t\t\t\t<div class=\"elementor-widget-container\">\n\t\t\t\t\t\t\t\t\t<p>Im Landkreis Celle bist du mit den Tarifstufen A &#8211; K unterwegs. Dein Fahrpreis h\u00e4ngt von der Strecke ab, die du zur\u00fccklegen m\u00f6chtest. Du bekommst alle Tickets, au\u00dfer Abos, Sch\u00fclerjahreskarten und Monatskarten, direkt im Bus. Es ist jedoch am besten, wenn du 4er Karten und Zeitkarten direkt in einer unserer <a href=\"https:\/\/cebus-celle.de\/tickets-tarife\/vorverkaufsstellen\/\" rel=\"noopener\">Vorverkaufsstellen<\/a> kaufst. Abos und Sch\u00fclerjahreskarten bestellst du entweder online oder \u00fcber unsere <a href=\"https:\/\/cebus-celle.de\/kontakt\/\" rel=\"noopener\">Abo-Verwaltung<\/a>.<\/p><p><strong>Woher wei\u00dft du, wieviel du im Bus bezahlen musst?<\/strong><br \/>Nutze unseren Tarifrechner in der <a href=\"https:\/\/www.vnn.de\/fahrplaner?language=de_DE&amp;P=TP&amp;start=yes&amp;widget=1.0.0&amp;\" target=\"_blank\" rel=\"noopener\">Fahrplanauskunft<\/a>. Schau&#8216; einfach mal rein: Gib deine Wunschstrecke ein und sieh, wie viel Bargeld du mitnehmen musst.<\/p>\t\t\t\t\t\t\t\t<\/div>\n\t\t\t\t<\/div>\n\t\t\t\t<div class=\"elementor-element elementor-element-56ec0396 elementor-align-left elementor-widget elementor-widget-button\" data-id=\"56ec0396\" data-element_type=\"widget\" data-e-type=\"widget\" data-widget_type=\"button.default\">\n\t\t\t\t<div class=\"elementor-widget-container\">\n\t\t\t\t\t\t\t\t\t<div class=\"elementor-button-wrapper\">\n\t\t\t\t\t<a class=\"elementor-button elementor-button-link elementor-size-sm\" href=\"https:\/\/www.vnn.de\/fahrplaner?language=de_DE&#038;P=TP&#038;start=yes&#038;widget=1.0.0&#038;\" target=\"_blank\">\n\t\t\t\t\t\t<span class=\"elementor-button-content-wrapper\">\n\t\t\t\t\t\t\t\t\t<span class=\"elementor-button-text\">ZUM TARIFRECHNER<\/span>\n\t\t\t\t\t<\/span>\n\t\t\t\t\t<\/a>\n\t\t\t\t<\/div>\n\t\t\t\t\t\t\t\t<\/div>\n\t\t\t\t<\/div>\n\t\t\t\t<div class=\"elementor-element elementor-element-5537acf0 elementor-widget elementor-widget-spacer\" data-id=\"5537acf0\" data-element_type=\"widget\" data-e-type=\"widget\" data-widget_type=\"spacer.default\">\n\t\t\t\t<div class=\"elementor-widget-container\">\n\t\t\t\t\t\t\t<div class=\"elementor-spacer\">\n\t\t\t<div class=\"elementor-spacer-inner\"><\/div>\n\t\t<\/div>\n\t\t\t\t\t\t<\/div>\n\t\t\t\t<\/div>\n\t\t\t\t\t<\/div>\n\t\t<\/div>\n\t\t\t\t\t<\/div>\n\t\t<\/section>\n\t\t\t\t<section class=\"elementor-section elementor-top-section elementor-element elementor-element-62e5b85c elementor-section-boxed elementor-section-height-default elementor-section-height-default wpr-particle-no wpr-jarallax-no wpr-parallax-no wpr-sticky-section-no wpr-equal-height-no\" data-id=\"62e5b85c\" data-element_type=\"section\" data-e-type=\"section\">\n\t\t\t\t\t\t<div class=\"elementor-container elementor-column-gap-default\">\n\t\t\t\t\t<div class=\"elementor-column elementor-col-100 elementor-top-column elementor-element elementor-element-49653d3\" data-id=\"49653d3\" data-element_type=\"column\" data-e-type=\"column\">\n\t\t\t<div class=\"elementor-widget-wrap elementor-element-populated\">\n\t\t\t\t\t\t<div class=\"elementor-element elementor-element-10dfd0e2 elementor-widget elementor-widget-heading\" data-id=\"10dfd0e2\" data-element_type=\"widget\" data-e-type=\"widget\" data-widget_type=\"heading.default\">\n\t\t\t\t<div class=\"elementor-widget-container\">\n\t\t\t\t\t<h4 class=\"elementor-heading-title elementor-size-default\">Tickets f\u00fcr den Landkreis im \u00dcberblick:<\/h4>\t\t\t\t<\/div>\n\t\t\t\t<\/div>\n\t\t\t\t<div class=\"elementor-element elementor-element-4aaf5b0e elementor-widget elementor-widget-toggle\" data-id=\"4aaf5b0e\" data-element_type=\"widget\" data-e-type=\"widget\" data-widget_type=\"toggle.default\">\n\t\t\t\t<div class=\"elementor-widget-container\">\n\t\t\t\t\t\t\t<div class=\"elementor-toggle\">\n\t\t\t\t\t\t\t<div class=\"elementor-toggle-item\">\n\t\t\t\t\t<div id=\"elementor-tab-title-1251\" class=\"elementor-tab-title\" data-tab=\"1\" role=\"button\" aria-controls=\"elementor-tab-content-1251\" aria-expanded=\"false\">\n\t\t\t\t\t\t\t\t\t\t\t\t<span class=\"elementor-toggle-icon elementor-toggle-icon-left\" aria-hidden=\"true\">\n\t\t\t\t\t\t\t\t\t\t\t\t\t\t\t<span class=\"elementor-toggle-icon-closed\"><svg class=\"e-font-icon-svg e-fas-caret-right\" viewBox=\"0 0 192 512\" xmlns=\"http:\/\/www.w3.org\/2000\/svg\"><path d=\"M0 384.662V127.338c0-17.818 21.543-26.741 34.142-14.142l128.662 128.662c7.81 7.81 7.81 20.474 0 28.284L34.142 398.804C21.543 411.404 0 402.48 0 384.662z\"><\/path><\/svg><\/span>\n\t\t\t\t\t\t\t\t<span class=\"elementor-toggle-icon-opened\"><svg class=\"elementor-toggle-icon-opened e-font-icon-svg e-fas-caret-up\" viewBox=\"0 0 320 512\" xmlns=\"http:\/\/www.w3.org\/2000\/svg\"><path d=\"M288.662 352H31.338c-17.818 0-26.741-21.543-14.142-34.142l128.662-128.662c7.81-7.81 20.474-7.81 28.284 0l128.662 128.662c12.6 12.599 3.676 34.142-14.142 34.142z\"><\/path><\/svg><\/span>\n\t\t\t\t\t\t\t\t\t\t\t\t\t<\/span>\n\t\t\t\t\t\t\t\t\t\t\t\t<a class=\"elementor-toggle-title\" tabindex=\"0\">Einzel- und Tageskarten<\/a>\n\t\t\t\t\t<\/div>\n\n\t\t\t\t\t<div id=\"elementor-tab-content-1251\" class=\"elementor-tab-content elementor-clearfix\" data-tab=\"1\" role=\"region\" aria-labelledby=\"elementor-tab-title-1251\"><\/div>\n\t\t\t\t<\/div>\n\t\t\t\t\t\t\t<div class=\"elementor-toggle-item\">\n\t\t\t\t\t<div id=\"elementor-tab-title-1252\" class=\"elementor-tab-title\" data-tab=\"2\" role=\"button\" aria-controls=\"elementor-tab-content-1252\" aria-expanded=\"false\">\n\t\t\t\t\t\t\t\t\t\t\t\t<span class=\"elementor-toggle-icon elementor-toggle-icon-left\" aria-hidden=\"true\">\n\t\t\t\t\t\t\t\t\t\t\t\t\t\t\t<span class=\"elementor-toggle-icon-closed\"><svg class=\"e-font-icon-svg e-fas-caret-right\" viewBox=\"0 0 192 512\" xmlns=\"http:\/\/www.w3.org\/2000\/svg\"><path d=\"M0 384.662V127.338c0-17.818 21.543-26.741 34.142-14.142l128.662 128.662c7.81 7.81 7.81 20.474 0 28.284L34.142 398.804C21.543 411.404 0 402.48 0 384.662z\"><\/path><\/svg><\/span>\n\t\t\t\t\t\t\t\t<span class=\"elementor-toggle-icon-opened\"><svg class=\"elementor-toggle-icon-opened e-font-icon-svg e-fas-caret-up\" viewBox=\"0 0 320 512\" xmlns=\"http:\/\/www.w3.org\/2000\/svg\"><path d=\"M288.662 352H31.338c-17.818 0-26.741-21.543-14.142-34.142l128.662-128.662c7.81-7.81 20.474-7.81 28.284 0l128.662 128.662c12.6 12.599 3.676 34.142-14.142 34.142z\"><\/path><\/svg><\/span>\n\t\t\t\t\t\t\t\t\t\t\t\t\t<\/span>\n\t\t\t\t\t\t\t\t\t\t\t\t<a class=\"elementor-toggle-title\" tabindex=\"0\">Zeitkarten und Abos<\/a>\n\t\t\t\t\t<\/div>\n\n\t\t\t\t\t<div id=\"elementor-tab-content-1252\" class=\"elementor-tab-content elementor-clearfix\" data-tab=\"2\" role=\"region\" aria-labelledby=\"elementor-tab-title-1252\"><\/div>\n\t\t\t\t<\/div>\n\t\t\t\t\t\t\t\t<\/div>\n\t\t\t\t\t\t<\/div>\n\t\t\t\t<\/div>\n\t\t\t\t\t<\/div>\n\t\t<\/div>\n\t\t\t\t\t<\/div>\n\t\t<\/section>\n\t\t\t\t<\/div>\n\t\t","protected":false},"excerpt":{"rendered":"<p>Im Landkreis Celle bist du mit den Tarifstufen A &#8211; K unterwegs. Dein Fahrpreis h\u00e4ngt von der Strecke ab, die du zur\u00fccklegen m\u00f6chtest. Du bekommst alle Tickets, au\u00dfer Abos, Sch\u00fclerjahreskarten und Monatskarten, direkt im Bus. Es ist jedoch am besten, wenn du 4er Karten und Zeitkarten direkt in einer unserer Vorverkaufsstellen kaufst. Abos und Sch\u00fclerjahreskarten bestellst du entweder online oder \u00fcber unsere Abo-Verwaltung. Woher wei\u00dft du, wieviel du im Bus bezahlen musst?Nutze unseren Tarifrechner in der Fahrplanauskunft. Schau&#8216; einfach mal rein: Gib deine Wunschstrecke ein und sieh, wie viel Bargeld du mitnehmen musst. ZUM TARIFRECHNER Tickets f\u00fcr den Landkreis im \u00dcberblick: Einzel- und Tageskarten Zeitkarten und Abos<\/p>\n","protected":false},"author":1,"featured_media":0,"comment_status":"open","ping_status":"open","sticky":false,"template":"","format":"standard","meta":{"footnotes":""},"categories":[14],"tags":[],"class_list":["post-135","post","type-post","status-publish","format-standard","hentry","category-websiteinhalte"],"yoast_head":"<!-- This site is optimized with the Yoast SEO plugin v27.4 - https:\/\/yoast.com\/product\/yoast-seo-wordpress\/ -->\n<title>Landkreis - cebus<\/title>\n<meta name=\"robots\" content=\"index, follow, max-snippet:-1, max-image-preview:large, max-video-preview:-1\" \/>\n<link rel=\"canonical\" href=\"https:\/\/kvg-bus.de\/cebus\/2025\/06\/25\/landkreis\/\" \/>\n<meta property=\"og:locale\" content=\"de_DE\" \/>\n<meta property=\"og:type\" content=\"article\" \/>\n<meta property=\"og:title\" content=\"Landkreis - cebus\" \/>\n<meta property=\"og:description\" content=\"Im Landkreis Celle bist du mit den Tarifstufen A &#8211; K unterwegs. Dein Fahrpreis h\u00e4ngt von der Strecke ab, die du zur\u00fccklegen m\u00f6chtest. Du bekommst alle Tickets, au\u00dfer Abos, Sch\u00fclerjahreskarten und Monatskarten, direkt im Bus. Es ist jedoch am besten, wenn du 4er Karten und Zeitkarten direkt in einer unserer Vorverkaufsstellen kaufst. Abos und Sch\u00fclerjahreskarten bestellst du entweder online oder \u00fcber unsere Abo-Verwaltung. Woher wei\u00dft du, wieviel du im Bus bezahlen musst?Nutze unseren Tarifrechner in der Fahrplanauskunft. Schau&#8216; einfach mal rein: Gib deine Wunschstrecke ein und sieh, wie viel Bargeld du mitnehmen musst. ZUM TARIFRECHNER Tickets f\u00fcr den Landkreis im \u00dcberblick: Einzel- und Tageskarten Zeitkarten und Abos\" \/>\n<meta property=\"og:url\" content=\"https:\/\/kvg-bus.de\/cebus\/2025\/06\/25\/landkreis\/\" \/>\n<meta property=\"og:site_name\" content=\"cebus\" \/>\n<meta property=\"article:published_time\" content=\"2025-06-25T11:03:37+00:00\" \/>\n<meta property=\"article:modified_time\" content=\"2025-06-25T11:07:42+00:00\" \/>\n<meta name=\"author\" content=\"devlabor\" \/>\n<meta name=\"twitter:card\" content=\"summary_large_image\" \/>\n<meta name=\"twitter:label1\" content=\"Verfasst von\" \/>\n\t<meta name=\"twitter:data1\" content=\"devlabor\" \/>\n\t<meta name=\"twitter:label2\" content=\"Gesch\u00e4tzte Lesezeit\" \/>\n\t<meta name=\"twitter:data2\" content=\"1\u00a0Minute\" \/>\n<script type=\"application\/ld+json\" class=\"yoast-schema-graph\">{\"@context\":\"https:\\\/\\\/schema.org\",\"@graph\":[{\"@type\":\"Article\",\"@id\":\"https:\\\/\\\/kvg-bus.de\\\/cebus\\\/2025\\\/06\\\/25\\\/landkreis\\\/#article\",\"isPartOf\":{\"@id\":\"https:\\\/\\\/kvg-bus.de\\\/cebus\\\/2025\\\/06\\\/25\\\/landkreis\\\/\"},\"author\":{\"name\":\"devlabor\",\"@id\":\"https:\\\/\\\/kvg-bus.de\\\/cebus\\\/#\\\/schema\\\/person\\\/baf8bbc7bb8324cd6cf66363cd9b4668\"},\"headline\":\"Landkreis\",\"datePublished\":\"2025-06-25T11:03:37+00:00\",\"dateModified\":\"2025-06-25T11:07:42+00:00\",\"mainEntityOfPage\":{\"@id\":\"https:\\\/\\\/kvg-bus.de\\\/cebus\\\/2025\\\/06\\\/25\\\/landkreis\\\/\"},\"wordCount\":117,\"commentCount\":0,\"articleSection\":[\"Websiteinhalte\"],\"inLanguage\":\"de\",\"potentialAction\":[{\"@type\":\"CommentAction\",\"name\":\"Comment\",\"target\":[\"https:\\\/\\\/kvg-bus.de\\\/cebus\\\/2025\\\/06\\\/25\\\/landkreis\\\/#respond\"]}]},{\"@type\":\"WebPage\",\"@id\":\"https:\\\/\\\/kvg-bus.de\\\/cebus\\\/2025\\\/06\\\/25\\\/landkreis\\\/\",\"url\":\"https:\\\/\\\/kvg-bus.de\\\/cebus\\\/2025\\\/06\\\/25\\\/landkreis\\\/\",\"name\":\"Landkreis - cebus\",\"isPartOf\":{\"@id\":\"https:\\\/\\\/kvg-bus.de\\\/cebus\\\/#website\"},\"datePublished\":\"2025-06-25T11:03:37+00:00\",\"dateModified\":\"2025-06-25T11:07:42+00:00\",\"author\":{\"@id\":\"https:\\\/\\\/kvg-bus.de\\\/cebus\\\/#\\\/schema\\\/person\\\/baf8bbc7bb8324cd6cf66363cd9b4668\"},\"breadcrumb\":{\"@id\":\"https:\\\/\\\/kvg-bus.de\\\/cebus\\\/2025\\\/06\\\/25\\\/landkreis\\\/#breadcrumb\"},\"inLanguage\":\"de\",\"potentialAction\":[{\"@type\":\"ReadAction\",\"target\":[\"https:\\\/\\\/kvg-bus.de\\\/cebus\\\/2025\\\/06\\\/25\\\/landkreis\\\/\"]}]},{\"@type\":\"BreadcrumbList\",\"@id\":\"https:\\\/\\\/kvg-bus.de\\\/cebus\\\/2025\\\/06\\\/25\\\/landkreis\\\/#breadcrumb\",\"itemListElement\":[{\"@type\":\"ListItem\",\"position\":1,\"name\":\"Startseite\",\"item\":\"https:\\\/\\\/kvg-bus.de\\\/cebus\\\/\"},{\"@type\":\"ListItem\",\"position\":2,\"name\":\"Landkreis\"}]},{\"@type\":\"WebSite\",\"@id\":\"https:\\\/\\\/kvg-bus.de\\\/cebus\\\/#website\",\"url\":\"https:\\\/\\\/kvg-bus.de\\\/cebus\\\/\",\"name\":\"cebus\",\"description\":\"\",\"potentialAction\":[{\"@type\":\"SearchAction\",\"target\":{\"@type\":\"EntryPoint\",\"urlTemplate\":\"https:\\\/\\\/kvg-bus.de\\\/cebus\\\/?s={search_term_string}\"},\"query-input\":{\"@type\":\"PropertyValueSpecification\",\"valueRequired\":true,\"valueName\":\"search_term_string\"}}],\"inLanguage\":\"de\"},{\"@type\":\"Person\",\"@id\":\"https:\\\/\\\/kvg-bus.de\\\/cebus\\\/#\\\/schema\\\/person\\\/baf8bbc7bb8324cd6cf66363cd9b4668\",\"name\":\"devlabor\",\"image\":{\"@type\":\"ImageObject\",\"inLanguage\":\"de\",\"@id\":\"https:\\\/\\\/secure.gravatar.com\\\/avatar\\\/2cf4e3554c1b432e7788eba5b2f338391d3ee726bfcc9c87b496ddf432e66806?s=96&d=mm&r=g\",\"url\":\"https:\\\/\\\/secure.gravatar.com\\\/avatar\\\/2cf4e3554c1b432e7788eba5b2f338391d3ee726bfcc9c87b496ddf432e66806?s=96&d=mm&r=g\",\"contentUrl\":\"https:\\\/\\\/secure.gravatar.com\\\/avatar\\\/2cf4e3554c1b432e7788eba5b2f338391d3ee726bfcc9c87b496ddf432e66806?s=96&d=mm&r=g\",\"caption\":\"devlabor\"},\"sameAs\":[\"https:\\\/\\\/cebus-celle.de\\\/wp-quick-install\\\/index.php\"],\"url\":\"https:\\\/\\\/kvg-bus.de\\\/cebus\\\/author\\\/devlabor\\\/\"}]}<\/script>\n<!-- \/ Yoast SEO plugin. -->","yoast_head_json":{"title":"Landkreis - cebus","robots":{"index":"index","follow":"follow","max-snippet":"max-snippet:-1","max-image-preview":"max-image-preview:large","max-video-preview":"max-video-preview:-1"},"canonical":"https:\/\/kvg-bus.de\/cebus\/2025\/06\/25\/landkreis\/","og_locale":"de_DE","og_type":"article","og_title":"Landkreis - cebus","og_description":"Im Landkreis Celle bist du mit den Tarifstufen A &#8211; K unterwegs. Dein Fahrpreis h\u00e4ngt von der Strecke ab, die du zur\u00fccklegen m\u00f6chtest. Du bekommst alle Tickets, au\u00dfer Abos, Sch\u00fclerjahreskarten und Monatskarten, direkt im Bus. Es ist jedoch am besten, wenn du 4er Karten und Zeitkarten direkt in einer unserer Vorverkaufsstellen kaufst. Abos und Sch\u00fclerjahreskarten bestellst du entweder online oder \u00fcber unsere Abo-Verwaltung. Woher wei\u00dft du, wieviel du im Bus bezahlen musst?Nutze unseren Tarifrechner in der Fahrplanauskunft. Schau&#8216; einfach mal rein: Gib deine Wunschstrecke ein und sieh, wie viel Bargeld du mitnehmen musst. ZUM TARIFRECHNER Tickets f\u00fcr den Landkreis im \u00dcberblick: Einzel- und Tageskarten Zeitkarten und Abos","og_url":"https:\/\/kvg-bus.de\/cebus\/2025\/06\/25\/landkreis\/","og_site_name":"cebus","article_published_time":"2025-06-25T11:03:37+00:00","article_modified_time":"2025-06-25T11:07:42+00:00","author":"devlabor","twitter_card":"summary_large_image","twitter_misc":{"Verfasst von":"devlabor","Gesch\u00e4tzte Lesezeit":"1\u00a0Minute"},"schema":{"@context":"https:\/\/schema.org","@graph":[{"@type":"Article","@id":"https:\/\/kvg-bus.de\/cebus\/2025\/06\/25\/landkreis\/#article","isPartOf":{"@id":"https:\/\/kvg-bus.de\/cebus\/2025\/06\/25\/landkreis\/"},"author":{"name":"devlabor","@id":"https:\/\/kvg-bus.de\/cebus\/#\/schema\/person\/baf8bbc7bb8324cd6cf66363cd9b4668"},"headline":"Landkreis","datePublished":"2025-06-25T11:03:37+00:00","dateModified":"2025-06-25T11:07:42+00:00","mainEntityOfPage":{"@id":"https:\/\/kvg-bus.de\/cebus\/2025\/06\/25\/landkreis\/"},"wordCount":117,"commentCount":0,"articleSection":["Websiteinhalte"],"inLanguage":"de","potentialAction":[{"@type":"CommentAction","name":"Comment","target":["https:\/\/kvg-bus.de\/cebus\/2025\/06\/25\/landkreis\/#respond"]}]},{"@type":"WebPage","@id":"https:\/\/kvg-bus.de\/cebus\/2025\/06\/25\/landkreis\/","url":"https:\/\/kvg-bus.de\/cebus\/2025\/06\/25\/landkreis\/","name":"Landkreis - cebus","isPartOf":{"@id":"https:\/\/kvg-bus.de\/cebus\/#website"},"datePublished":"2025-06-25T11:03:37+00:00","dateModified":"2025-06-25T11:07:42+00:00","author":{"@id":"https:\/\/kvg-bus.de\/cebus\/#\/schema\/person\/baf8bbc7bb8324cd6cf66363cd9b4668"},"breadcrumb":{"@id":"https:\/\/kvg-bus.de\/cebus\/2025\/06\/25\/landkreis\/#breadcrumb"},"inLanguage":"de","potentialAction":[{"@type":"ReadAction","target":["https:\/\/kvg-bus.de\/cebus\/2025\/06\/25\/landkreis\/"]}]},{"@type":"BreadcrumbList","@id":"https:\/\/kvg-bus.de\/cebus\/2025\/06\/25\/landkreis\/#breadcrumb","itemListElement":[{"@type":"ListItem","position":1,"name":"Startseite","item":"https:\/\/kvg-bus.de\/cebus\/"},{"@type":"ListItem","position":2,"name":"Landkreis"}]},{"@type":"WebSite","@id":"https:\/\/kvg-bus.de\/cebus\/#website","url":"https:\/\/kvg-bus.de\/cebus\/","name":"cebus","description":"","potentialAction":[{"@type":"SearchAction","target":{"@type":"EntryPoint","urlTemplate":"https:\/\/kvg-bus.de\/cebus\/?s={search_term_string}"},"query-input":{"@type":"PropertyValueSpecification","valueRequired":true,"valueName":"search_term_string"}}],"inLanguage":"de"},{"@type":"Person","@id":"https:\/\/kvg-bus.de\/cebus\/#\/schema\/person\/baf8bbc7bb8324cd6cf66363cd9b4668","name":"devlabor","image":{"@type":"ImageObject","inLanguage":"de","@id":"https:\/\/secure.gravatar.com\/avatar\/2cf4e3554c1b432e7788eba5b2f338391d3ee726bfcc9c87b496ddf432e66806?s=96&d=mm&r=g","url":"https:\/\/secure.gravatar.com\/avatar\/2cf4e3554c1b432e7788eba5b2f338391d3ee726bfcc9c87b496ddf432e66806?s=96&d=mm&r=g","contentUrl":"https:\/\/secure.gravatar.com\/avatar\/2cf4e3554c1b432e7788eba5b2f338391d3ee726bfcc9c87b496ddf432e66806?s=96&d=mm&r=g","caption":"devlabor"},"sameAs":["https:\/\/cebus-celle.de\/wp-quick-install\/index.php"],"url":"https:\/\/kvg-bus.de\/cebus\/author\/devlabor\/"}]}},"_links":{"self":[{"href":"https:\/\/kvg-bus.de\/cebus\/wp-json\/wp\/v2\/posts\/135","targetHints":{"allow":["GET"]}}],"collection":[{"href":"https:\/\/kvg-bus.de\/cebus\/wp-json\/wp\/v2\/posts"}],"about":[{"href":"https:\/\/kvg-bus.de\/cebus\/wp-json\/wp\/v2\/types\/post"}],"author":[{"embeddable":true,"href":"https:\/\/kvg-bus.de\/cebus\/wp-json\/wp\/v2\/users\/1"}],"replies":[{"embeddable":true,"href":"https:\/\/kvg-bus.de\/cebus\/wp-json\/wp\/v2\/comments?post=135"}],"version-history":[{"count":0,"href":"https:\/\/kvg-bus.de\/cebus\/wp-json\/wp\/v2\/posts\/135\/revisions"}],"wp:attachment":[{"href":"https:\/\/kvg-bus.de\/cebus\/wp-json\/wp\/v2\/media?parent=135"}],"wp:term":[{"taxonomy":"category","embeddable":true,"href":"https:\/\/kvg-bus.de\/cebus\/wp-json\/wp\/v2\/categories?post=135"},{"taxonomy":"post_tag","embeddable":true,"href":"https:\/\/kvg-bus.de\/cebus\/wp-json\/wp\/v2\/tags?post=135"}],"curies":[{"name":"wp","href":"https:\/\/api.w.org\/{rel}","templated":true}]}}