{"id":134,"date":"2025-06-25T13:03:37","date_gmt":"2025-06-25T11:03:37","guid":{"rendered":"https:\/\/kvg-bus.de\/cebus\/2025\/06\/25\/linie-470-sperrung-in-spechtshorn-ab-08-02-24-bis-auf-weiteres\/"},"modified":"2025-06-25T13:07:42","modified_gmt":"2025-06-25T11:07:42","slug":"linie-470-sperrung-in-spechtshorn-ab-08-02-24-bis-auf-weiteres","status":"publish","type":"post","link":"https:\/\/kvg-bus.de\/cebus\/2025\/06\/25\/linie-470-sperrung-in-spechtshorn-ab-08-02-24-bis-auf-weiteres\/","title":{"rendered":"Linie 470 | Sperrung in Spechtshorn: Ab 08.02.24 bis auf Weiteres"},"content":{"rendered":"\t\t<div data-elementor-type=\"wp-post\" data-elementor-id=\"134\" class=\"elementor elementor-134\" data-elementor-post-type=\"post\">\n\t\t\t\t\t\t<section class=\"elementor-section elementor-top-section elementor-element elementor-element-4a8b9cf1 elementor-section-boxed elementor-section-height-default elementor-section-height-default wpr-particle-no wpr-jarallax-no wpr-parallax-no wpr-sticky-section-no wpr-equal-height-no\" data-id=\"4a8b9cf1\" data-element_type=\"section\" data-e-type=\"section\">\n\t\t\t\t\t\t<div class=\"elementor-container elementor-column-gap-default\">\n\t\t\t\t\t<div class=\"elementor-column elementor-col-100 elementor-top-column elementor-element elementor-element-4c2d7f59\" data-id=\"4c2d7f59\" data-element_type=\"column\" data-e-type=\"column\">\n\t\t\t<div class=\"elementor-widget-wrap elementor-element-populated\">\n\t\t\t\t\t\t<div class=\"elementor-element elementor-element-560f5b9f elementor-widget elementor-widget-text-editor\" data-id=\"560f5b9f\" data-element_type=\"widget\" data-e-type=\"widget\" data-widget_type=\"text-editor.default\">\n\t\t\t\t<div class=\"elementor-widget-container\">\n\t\t\t\t\t\t\t\t\t<p>Aufgrund von Stra\u00dfenbauarbeiten ist der Oesinger Weg seit dem 08.02.2024 bis voraussichtlich August 2024 gesperrt. Die Umleitung der Linie 470 erfolgt in beiden Fahrtrichtungen \u00fcber \u201eAm Schwimmbad\u201c \u2013 \u201eDea Stra\u00dfe\u201c und \u201eSpechtshorner Stra\u00dfe\u201c. Die Haltestellen \u201eSpechtshorn\u201c und \u201eHohne, Abweig Spechtshorn\u201c k\u00f6nnen nicht bedient werden. Alternativ stehen Ersatzhaltestellen in der Stra\u00dfe Am Schwimmbad und in der Spechtshorner Stra\u00dfe zur Verf\u00fcgung.<\/p>\t\t\t\t\t\t\t\t<\/div>\n\t\t\t\t<\/div>\n\t\t\t\t\t<\/div>\n\t\t<\/div>\n\t\t\t\t\t<\/div>\n\t\t<\/section>\n\t\t\t\t<\/div>\n\t\t","protected":false},"excerpt":{"rendered":"<p>Aufgrund von Stra\u00dfenbauarbeiten ist der Oesinger Weg seit dem 08.02.2024 bis voraussichtlich August 2024 gesperrt. Die Umleitung der Linie 470 erfolgt in beiden Fahrtrichtungen \u00fcber \u201eAm Schwimmbad\u201c \u2013 \u201eDea Stra\u00dfe\u201c und \u201eSpechtshorner Stra\u00dfe\u201c. Die Haltestellen \u201eSpechtshorn\u201c und \u201eHohne, Abweig Spechtshorn\u201c k\u00f6nnen nicht bedient werden. Alternativ stehen Ersatzhaltestellen in der Stra\u00dfe Am Schwimmbad und in der Spechtshorner Stra\u00dfe zur Verf\u00fcgung.<\/p>\n","protected":false},"author":1,"featured_media":0,"comment_status":"open","ping_status":"open","sticky":false,"template":"","format":"standard","meta":{"footnotes":""},"categories":[16],"tags":[],"class_list":["post-134","post","type-post","status-publish","format-standard","hentry","category-fahrplanabweichungen"],"yoast_head":"<!-- This site is optimized with the Yoast SEO plugin v27.4 - https:\/\/yoast.com\/product\/yoast-seo-wordpress\/ -->\n<title>Linie 470 | Sperrung in Spechtshorn: Ab 08.02.24 bis auf Weiteres - cebus<\/title>\n<meta name=\"robots\" content=\"index, follow, max-snippet:-1, max-image-preview:large, max-video-preview:-1\" \/>\n<link rel=\"canonical\" href=\"https:\/\/kvg-bus.de\/cebus\/2025\/06\/25\/linie-470-sperrung-in-spechtshorn-ab-08-02-24-bis-auf-weiteres\/\" \/>\n<meta property=\"og:locale\" content=\"de_DE\" \/>\n<meta property=\"og:type\" content=\"article\" \/>\n<meta property=\"og:title\" content=\"Linie 470 | Sperrung in Spechtshorn: Ab 08.02.24 bis auf Weiteres - cebus\" \/>\n<meta property=\"og:description\" content=\"Aufgrund von Stra\u00dfenbauarbeiten ist der Oesinger Weg seit dem 08.02.2024 bis voraussichtlich August 2024 gesperrt. Die Umleitung der Linie 470 erfolgt in beiden Fahrtrichtungen \u00fcber \u201eAm Schwimmbad\u201c \u2013 \u201eDea Stra\u00dfe\u201c und \u201eSpechtshorner Stra\u00dfe\u201c. Die Haltestellen \u201eSpechtshorn\u201c und \u201eHohne, Abweig Spechtshorn\u201c k\u00f6nnen nicht bedient werden. Alternativ stehen Ersatzhaltestellen in der Stra\u00dfe Am Schwimmbad und in der Spechtshorner Stra\u00dfe zur Verf\u00fcgung.\" \/>\n<meta property=\"og:url\" content=\"https:\/\/kvg-bus.de\/cebus\/2025\/06\/25\/linie-470-sperrung-in-spechtshorn-ab-08-02-24-bis-auf-weiteres\/\" \/>\n<meta property=\"og:site_name\" content=\"cebus\" \/>\n<meta property=\"article:published_time\" content=\"2025-06-25T11:03:37+00:00\" \/>\n<meta property=\"article:modified_time\" content=\"2025-06-25T11:07:42+00:00\" \/>\n<meta name=\"author\" content=\"devlabor\" \/>\n<meta name=\"twitter:card\" content=\"summary_large_image\" \/>\n<meta name=\"twitter:label1\" content=\"Verfasst von\" \/>\n\t<meta name=\"twitter:data1\" content=\"devlabor\" \/>\n<script type=\"application\/ld+json\" class=\"yoast-schema-graph\">{\"@context\":\"https:\\\/\\\/schema.org\",\"@graph\":[{\"@type\":\"Article\",\"@id\":\"https:\\\/\\\/kvg-bus.de\\\/cebus\\\/2025\\\/06\\\/25\\\/linie-470-sperrung-in-spechtshorn-ab-08-02-24-bis-auf-weiteres\\\/#article\",\"isPartOf\":{\"@id\":\"https:\\\/\\\/kvg-bus.de\\\/cebus\\\/2025\\\/06\\\/25\\\/linie-470-sperrung-in-spechtshorn-ab-08-02-24-bis-auf-weiteres\\\/\"},\"author\":{\"name\":\"devlabor\",\"@id\":\"https:\\\/\\\/kvg-bus.de\\\/cebus\\\/#\\\/schema\\\/person\\\/baf8bbc7bb8324cd6cf66363cd9b4668\"},\"headline\":\"Linie 470 | Sperrung in Spechtshorn: Ab 08.02.24 bis auf Weiteres\",\"datePublished\":\"2025-06-25T11:03:37+00:00\",\"dateModified\":\"2025-06-25T11:07:42+00:00\",\"mainEntityOfPage\":{\"@id\":\"https:\\\/\\\/kvg-bus.de\\\/cebus\\\/2025\\\/06\\\/25\\\/linie-470-sperrung-in-spechtshorn-ab-08-02-24-bis-auf-weiteres\\\/\"},\"wordCount\":70,\"commentCount\":0,\"articleSection\":[\"Fahrplanabweichungen\"],\"inLanguage\":\"de\",\"potentialAction\":[{\"@type\":\"CommentAction\",\"name\":\"Comment\",\"target\":[\"https:\\\/\\\/kvg-bus.de\\\/cebus\\\/2025\\\/06\\\/25\\\/linie-470-sperrung-in-spechtshorn-ab-08-02-24-bis-auf-weiteres\\\/#respond\"]}]},{\"@type\":\"WebPage\",\"@id\":\"https:\\\/\\\/kvg-bus.de\\\/cebus\\\/2025\\\/06\\\/25\\\/linie-470-sperrung-in-spechtshorn-ab-08-02-24-bis-auf-weiteres\\\/\",\"url\":\"https:\\\/\\\/kvg-bus.de\\\/cebus\\\/2025\\\/06\\\/25\\\/linie-470-sperrung-in-spechtshorn-ab-08-02-24-bis-auf-weiteres\\\/\",\"name\":\"Linie 470 | Sperrung in Spechtshorn: Ab 08.02.24 bis auf Weiteres - cebus\",\"isPartOf\":{\"@id\":\"https:\\\/\\\/kvg-bus.de\\\/cebus\\\/#website\"},\"datePublished\":\"2025-06-25T11:03:37+00:00\",\"dateModified\":\"2025-06-25T11:07:42+00:00\",\"author\":{\"@id\":\"https:\\\/\\\/kvg-bus.de\\\/cebus\\\/#\\\/schema\\\/person\\\/baf8bbc7bb8324cd6cf66363cd9b4668\"},\"breadcrumb\":{\"@id\":\"https:\\\/\\\/kvg-bus.de\\\/cebus\\\/2025\\\/06\\\/25\\\/linie-470-sperrung-in-spechtshorn-ab-08-02-24-bis-auf-weiteres\\\/#breadcrumb\"},\"inLanguage\":\"de\",\"potentialAction\":[{\"@type\":\"ReadAction\",\"target\":[\"https:\\\/\\\/kvg-bus.de\\\/cebus\\\/2025\\\/06\\\/25\\\/linie-470-sperrung-in-spechtshorn-ab-08-02-24-bis-auf-weiteres\\\/\"]}]},{\"@type\":\"BreadcrumbList\",\"@id\":\"https:\\\/\\\/kvg-bus.de\\\/cebus\\\/2025\\\/06\\\/25\\\/linie-470-sperrung-in-spechtshorn-ab-08-02-24-bis-auf-weiteres\\\/#breadcrumb\",\"itemListElement\":[{\"@type\":\"ListItem\",\"position\":1,\"name\":\"Startseite\",\"item\":\"https:\\\/\\\/kvg-bus.de\\\/cebus\\\/\"},{\"@type\":\"ListItem\",\"position\":2,\"name\":\"Linie 470 | Sperrung in Spechtshorn: Ab 08.02.24 bis auf Weiteres\"}]},{\"@type\":\"WebSite\",\"@id\":\"https:\\\/\\\/kvg-bus.de\\\/cebus\\\/#website\",\"url\":\"https:\\\/\\\/kvg-bus.de\\\/cebus\\\/\",\"name\":\"cebus\",\"description\":\"\",\"potentialAction\":[{\"@type\":\"SearchAction\",\"target\":{\"@type\":\"EntryPoint\",\"urlTemplate\":\"https:\\\/\\\/kvg-bus.de\\\/cebus\\\/?s={search_term_string}\"},\"query-input\":{\"@type\":\"PropertyValueSpecification\",\"valueRequired\":true,\"valueName\":\"search_term_string\"}}],\"inLanguage\":\"de\"},{\"@type\":\"Person\",\"@id\":\"https:\\\/\\\/kvg-bus.de\\\/cebus\\\/#\\\/schema\\\/person\\\/baf8bbc7bb8324cd6cf66363cd9b4668\",\"name\":\"devlabor\",\"image\":{\"@type\":\"ImageObject\",\"inLanguage\":\"de\",\"@id\":\"https:\\\/\\\/secure.gravatar.com\\\/avatar\\\/2cf4e3554c1b432e7788eba5b2f338391d3ee726bfcc9c87b496ddf432e66806?s=96&d=mm&r=g\",\"url\":\"https:\\\/\\\/secure.gravatar.com\\\/avatar\\\/2cf4e3554c1b432e7788eba5b2f338391d3ee726bfcc9c87b496ddf432e66806?s=96&d=mm&r=g\",\"contentUrl\":\"https:\\\/\\\/secure.gravatar.com\\\/avatar\\\/2cf4e3554c1b432e7788eba5b2f338391d3ee726bfcc9c87b496ddf432e66806?s=96&d=mm&r=g\",\"caption\":\"devlabor\"},\"sameAs\":[\"https:\\\/\\\/cebus-celle.de\\\/wp-quick-install\\\/index.php\"],\"url\":\"https:\\\/\\\/kvg-bus.de\\\/cebus\\\/author\\\/devlabor\\\/\"}]}<\/script>\n<!-- \/ Yoast SEO plugin. -->","yoast_head_json":{"title":"Linie 470 | Sperrung in Spechtshorn: Ab 08.02.24 bis auf Weiteres - cebus","robots":{"index":"index","follow":"follow","max-snippet":"max-snippet:-1","max-image-preview":"max-image-preview:large","max-video-preview":"max-video-preview:-1"},"canonical":"https:\/\/kvg-bus.de\/cebus\/2025\/06\/25\/linie-470-sperrung-in-spechtshorn-ab-08-02-24-bis-auf-weiteres\/","og_locale":"de_DE","og_type":"article","og_title":"Linie 470 | Sperrung in Spechtshorn: Ab 08.02.24 bis auf Weiteres - cebus","og_description":"Aufgrund von Stra\u00dfenbauarbeiten ist der Oesinger Weg seit dem 08.02.2024 bis voraussichtlich August 2024 gesperrt. Die Umleitung der Linie 470 erfolgt in beiden Fahrtrichtungen \u00fcber \u201eAm Schwimmbad\u201c \u2013 \u201eDea Stra\u00dfe\u201c und \u201eSpechtshorner Stra\u00dfe\u201c. Die Haltestellen \u201eSpechtshorn\u201c und \u201eHohne, Abweig Spechtshorn\u201c k\u00f6nnen nicht bedient werden. Alternativ stehen Ersatzhaltestellen in der Stra\u00dfe Am Schwimmbad und in der Spechtshorner Stra\u00dfe zur Verf\u00fcgung.","og_url":"https:\/\/kvg-bus.de\/cebus\/2025\/06\/25\/linie-470-sperrung-in-spechtshorn-ab-08-02-24-bis-auf-weiteres\/","og_site_name":"cebus","article_published_time":"2025-06-25T11:03:37+00:00","article_modified_time":"2025-06-25T11:07:42+00:00","author":"devlabor","twitter_card":"summary_large_image","twitter_misc":{"Verfasst von":"devlabor"},"schema":{"@context":"https:\/\/schema.org","@graph":[{"@type":"Article","@id":"https:\/\/kvg-bus.de\/cebus\/2025\/06\/25\/linie-470-sperrung-in-spechtshorn-ab-08-02-24-bis-auf-weiteres\/#article","isPartOf":{"@id":"https:\/\/kvg-bus.de\/cebus\/2025\/06\/25\/linie-470-sperrung-in-spechtshorn-ab-08-02-24-bis-auf-weiteres\/"},"author":{"name":"devlabor","@id":"https:\/\/kvg-bus.de\/cebus\/#\/schema\/person\/baf8bbc7bb8324cd6cf66363cd9b4668"},"headline":"Linie 470 | Sperrung in Spechtshorn: Ab 08.02.24 bis auf Weiteres","datePublished":"2025-06-25T11:03:37+00:00","dateModified":"2025-06-25T11:07:42+00:00","mainEntityOfPage":{"@id":"https:\/\/kvg-bus.de\/cebus\/2025\/06\/25\/linie-470-sperrung-in-spechtshorn-ab-08-02-24-bis-auf-weiteres\/"},"wordCount":70,"commentCount":0,"articleSection":["Fahrplanabweichungen"],"inLanguage":"de","potentialAction":[{"@type":"CommentAction","name":"Comment","target":["https:\/\/kvg-bus.de\/cebus\/2025\/06\/25\/linie-470-sperrung-in-spechtshorn-ab-08-02-24-bis-auf-weiteres\/#respond"]}]},{"@type":"WebPage","@id":"https:\/\/kvg-bus.de\/cebus\/2025\/06\/25\/linie-470-sperrung-in-spechtshorn-ab-08-02-24-bis-auf-weiteres\/","url":"https:\/\/kvg-bus.de\/cebus\/2025\/06\/25\/linie-470-sperrung-in-spechtshorn-ab-08-02-24-bis-auf-weiteres\/","name":"Linie 470 | Sperrung in Spechtshorn: Ab 08.02.24 bis auf Weiteres - cebus","isPartOf":{"@id":"https:\/\/kvg-bus.de\/cebus\/#website"},"datePublished":"2025-06-25T11:03:37+00:00","dateModified":"2025-06-25T11:07:42+00:00","author":{"@id":"https:\/\/kvg-bus.de\/cebus\/#\/schema\/person\/baf8bbc7bb8324cd6cf66363cd9b4668"},"breadcrumb":{"@id":"https:\/\/kvg-bus.de\/cebus\/2025\/06\/25\/linie-470-sperrung-in-spechtshorn-ab-08-02-24-bis-auf-weiteres\/#breadcrumb"},"inLanguage":"de","potentialAction":[{"@type":"ReadAction","target":["https:\/\/kvg-bus.de\/cebus\/2025\/06\/25\/linie-470-sperrung-in-spechtshorn-ab-08-02-24-bis-auf-weiteres\/"]}]},{"@type":"BreadcrumbList","@id":"https:\/\/kvg-bus.de\/cebus\/2025\/06\/25\/linie-470-sperrung-in-spechtshorn-ab-08-02-24-bis-auf-weiteres\/#breadcrumb","itemListElement":[{"@type":"ListItem","position":1,"name":"Startseite","item":"https:\/\/kvg-bus.de\/cebus\/"},{"@type":"ListItem","position":2,"name":"Linie 470 | Sperrung in Spechtshorn: Ab 08.02.24 bis auf Weiteres"}]},{"@type":"WebSite","@id":"https:\/\/kvg-bus.de\/cebus\/#website","url":"https:\/\/kvg-bus.de\/cebus\/","name":"cebus","description":"","potentialAction":[{"@type":"SearchAction","target":{"@type":"EntryPoint","urlTemplate":"https:\/\/kvg-bus.de\/cebus\/?s={search_term_string}"},"query-input":{"@type":"PropertyValueSpecification","valueRequired":true,"valueName":"search_term_string"}}],"inLanguage":"de"},{"@type":"Person","@id":"https:\/\/kvg-bus.de\/cebus\/#\/schema\/person\/baf8bbc7bb8324cd6cf66363cd9b4668","name":"devlabor","image":{"@type":"ImageObject","inLanguage":"de","@id":"https:\/\/secure.gravatar.com\/avatar\/2cf4e3554c1b432e7788eba5b2f338391d3ee726bfcc9c87b496ddf432e66806?s=96&d=mm&r=g","url":"https:\/\/secure.gravatar.com\/avatar\/2cf4e3554c1b432e7788eba5b2f338391d3ee726bfcc9c87b496ddf432e66806?s=96&d=mm&r=g","contentUrl":"https:\/\/secure.gravatar.com\/avatar\/2cf4e3554c1b432e7788eba5b2f338391d3ee726bfcc9c87b496ddf432e66806?s=96&d=mm&r=g","caption":"devlabor"},"sameAs":["https:\/\/cebus-celle.de\/wp-quick-install\/index.php"],"url":"https:\/\/kvg-bus.de\/cebus\/author\/devlabor\/"}]}},"_links":{"self":[{"href":"https:\/\/kvg-bus.de\/cebus\/wp-json\/wp\/v2\/posts\/134","targetHints":{"allow":["GET"]}}],"collection":[{"href":"https:\/\/kvg-bus.de\/cebus\/wp-json\/wp\/v2\/posts"}],"about":[{"href":"https:\/\/kvg-bus.de\/cebus\/wp-json\/wp\/v2\/types\/post"}],"author":[{"embeddable":true,"href":"https:\/\/kvg-bus.de\/cebus\/wp-json\/wp\/v2\/users\/1"}],"replies":[{"embeddable":true,"href":"https:\/\/kvg-bus.de\/cebus\/wp-json\/wp\/v2\/comments?post=134"}],"version-history":[{"count":0,"href":"https:\/\/kvg-bus.de\/cebus\/wp-json\/wp\/v2\/posts\/134\/revisions"}],"wp:attachment":[{"href":"https:\/\/kvg-bus.de\/cebus\/wp-json\/wp\/v2\/media?parent=134"}],"wp:term":[{"taxonomy":"category","embeddable":true,"href":"https:\/\/kvg-bus.de\/cebus\/wp-json\/wp\/v2\/categories?post=134"},{"taxonomy":"post_tag","embeddable":true,"href":"https:\/\/kvg-bus.de\/cebus\/wp-json\/wp\/v2\/tags?post=134"}],"curies":[{"name":"wp","href":"https:\/\/api.w.org\/{rel}","templated":true}]}}